{"id":22977,"date":"2012-07-18T17:53:51","date_gmt":"2012-07-18T20:53:51","guid":{"rendered":"http:\/\/www.inclusive.org.br\/?p=22977"},"modified":"2012-07-18T17:53:51","modified_gmt":"2012-07-18T20:53:51","slug":"guia-de-prevencao-da-violencia-letal-contra-adolescentes-e-jovens","status":"publish","type":"post","link":"https:\/\/inclusivenews.com.br\/?p=22977","title":{"rendered":"Guia de preven\u00e7\u00e3o da viol\u00eancia letal contra adolescentes e jovens"},"content":{"rendered":"<figure id=\"attachment_14490\" aria-describedby=\"caption-attachment-14490\" style=\"width: 300px\" class=\"wp-caption alignleft\"><a href=\"http:\/\/www.inclusivenews.com.br\/wp-content\/uploads\/2010\/03\/violencia_escolas.jpg\"><img loading=\"lazy\" decoding=\"async\" class=\"size-medium wp-image-14490 \" title=\"violencia_escolas\" src=\"http:\/\/inclusivenews.com.br\/wp-content\/uploads\/2010\/03\/violencia_escolas-300x225.jpg\" alt=\"Palavra viol\u00eancia escrita com giz num quadro \" width=\"300\" height=\"225\" \/><\/a><figcaption id=\"caption-attachment-14490\" class=\"wp-caption-text\"> <\/figcaption><\/figure>\n<p>O UNICEF, a Secretaria de Direitos Humanos da Presid\u00eancia da Rep\u00fablica e o Observat\u00f3rio de Favelas lan\u00e7aram na noite do \u00faltimo dia 12 o Guia Municipal de Preven\u00e7\u00e3o da Viol\u00eancia Letal contra Adolescentes e Jovens. O Guia \u00e9 parte do Programa de Redu\u00e7\u00e3o da Viol\u00eancia Letal contra Adolescentes e Jovens (PVRL) e tem o objetivo de proporcionar uma metodologia que oriente os gestores dos munic\u00edpios brasileiros na elabora\u00e7\u00e3o de pol\u00edticas p\u00fablicas voltadas para a redu\u00e7\u00e3o da viol\u00eancia letal contra adolescentes e jovens. Nele s\u00e3o apresentados os passos necess\u00e1rios para a elabora\u00e7\u00e3o de um diagn\u00f3stico local, a formula\u00e7\u00e3o de uma pol\u00edtica de preven\u00e7\u00e3o de forma participativa e o monitoramento e avalia\u00e7\u00e3o da pol\u00edtica implementada.<\/p>\n<p>As taxas de homic\u00eddio entre jovens e adolescentes no Brasil est\u00e3o entre as mais altas na Am\u00e9rica Latina. Para a coordenadora do Programa de Prote\u00e7\u00e3o do UNICEF no Brasil, Casimira Benge: &#8220;esta \u00e9 uma contribui\u00e7\u00e3o important\u00edssima para os munic\u00edpios enfrentarem esse desafio&#8221;. Ela destacou que as mortes entre essa popula\u00e7\u00e3o t\u00eam cor, sexo e territ\u00f3rio. Os dados oficiais demonstram que os adolescentes e jovens do sexo masculino e negros s\u00e3o as maiores vitimas de homic\u00eddio no Brasil. &#8220;Cada crian\u00e7a e cada adolescente t\u00eam o direito de crescer sem viol\u00eancia. \u00c9 dever do Estado, da sociedade e da fam\u00edlia garantir isso&#8221;, concluiu Casimira.<\/p>\n<p>O papel dos munic\u00edpios \u00e9 fundamental para as pol\u00edticas de redu\u00e7\u00e3o da letalidade, tendo em vista que os homic\u00eddios possuem causas e motiva\u00e7\u00f5es diversas e, portanto, necessitam de estrat\u00e9gias preventivas direcionadas \u00e0s especificidades locais.<\/p>\n<p>O Guia contextualiza o tema da viol\u00eancia letal contra adolescentes e jovens no Brasil e o papel desempenhado pelos munic\u00edpios na elabora\u00e7\u00e3o de pol\u00edticas p\u00fablicas preventivas. Sua leitura e utiliza\u00e7\u00e3o por parte dos gestores locais fortalecer\u00e1 a inclus\u00e3o dessa tem\u00e1tica na agenda municipal e as a\u00e7\u00f5es preventivas que poder\u00e3o ser desenvolvidas no \u00e2mbito local.<\/p>\n<p>O lan\u00e7amento foi realizado na Cidade dos Direitos, no Centro de Conven\u00e7\u00f5es Ulysses Guimar\u00e3es, em Bras\u00edlia, onde ocorre a 9\u00aa Confer\u00eancia Nacional dos Direitos da Crian\u00e7a e do Adolescente &#8211; e contou com a participa\u00e7\u00e3o de Casimira Benge, coordenadora do Programa de Prote\u00e7\u00e3o do UNICEF no Brasil; Raquel Willadino, do Observat\u00f3rio de Favelas; Ignacio Cano, coordenador do Laborat\u00f3rio de An\u00e1lise da Viol\u00eancia da Universidade do Estado do Rio de Janeiro (LAV-Uerj); e Carmen Oliveira, Secret\u00e1ria Nacional de Promo\u00e7\u00e3o dos Direitos da Crian\u00e7a e do Adolescente, da Secretaria de Direitos Humanos da Presid\u00eancia da Rep\u00fablica.<\/p>\n<p>Fa\u00e7a o download do Guia Municipal de Preven\u00e7\u00e3o da Viol\u00eancia Letal contra Adolescentes e Jovens na biblioteca do <a href=\"http:\/\/www.unicef.org\/brazil\/pt\/resources_23767.htm\">UNICEF<\/a><\/p>\n<p>Fonte: UNICEF<\/p>\n","protected":false},"excerpt":{"rendered":"<p>Nele s\u00e3o apresentados os passos necess\u00e1rios para a elabora\u00e7\u00e3o de um diagn\u00f3stico local, a formula\u00e7\u00e3o de uma pol\u00edtica de preven\u00e7\u00e3o de forma participativa e o monitoramento e avalia\u00e7\u00e3o da pol\u00edtica implementada.<\/p>\n","protected":false},"author":1,"featured_media":0,"comment_status":"open","ping_status":"open","sticky":false,"template":"","format":"standard","meta":{"site-container-style":"default","site-container-layout":"default","site-sidebar-layout":"default","disable-article-header":"default","disable-site-header":"default","disable-site-footer":"default","disable-content-area-spacing":"default","footnotes":""},"categories":[11,52,4,10],"tags":[94],"class_list":["post-22977","post","type-post","status-publish","format-standard","hentry","category-direitos-humanos","category-downloadables","category-noticias","category-publicacoes","tag-violencia"],"yoast_head":"<!-- This site is optimized with the Yoast SEO plugin v27.4 - https:\/\/yoast.com\/product\/yoast-seo-wordpress\/ -->\n<title>Guia de preven\u00e7\u00e3o da viol\u00eancia letal contra adolescentes e jovens -<\/title>\n<meta name=\"robots\" content=\"index, follow, max-snippet:-1, max-image-preview:large, max-video-preview:-1\" \/>\n<link rel=\"canonical\" href=\"https:\/\/inclusivenews.com.br\/?p=22977\" \/>\n<meta property=\"og:locale\" content=\"pt_PT\" \/>\n<meta property=\"og:type\" content=\"article\" \/>\n<meta property=\"og:title\" content=\"Guia de preven\u00e7\u00e3o da viol\u00eancia letal contra adolescentes e jovens -\" \/>\n<meta property=\"og:description\" content=\"Nele s\u00e3o apresentados os passos necess\u00e1rios para a elabora\u00e7\u00e3o de um diagn\u00f3stico local, a formula\u00e7\u00e3o de uma pol\u00edtica de preven\u00e7\u00e3o de forma participativa e o monitoramento e avalia\u00e7\u00e3o da pol\u00edtica implementada.\" \/>\n<meta property=\"og:url\" content=\"https:\/\/inclusivenews.com.br\/?p=22977\" \/>\n<meta property=\"article:publisher\" content=\"https:\/\/www.facebook.com\/agenciainclusive\/\" \/>\n<meta property=\"article:published_time\" content=\"2012-07-18T20:53:51+00:00\" \/>\n<meta property=\"og:image\" content=\"http:\/\/inclusivenews.com.br\/wp-content\/uploads\/2010\/03\/violencia_escolas-300x225.jpg\" \/>\n<meta name=\"author\" content=\"inclusivenews2024\" \/>\n<meta name=\"twitter:card\" content=\"summary_large_image\" \/>\n<meta name=\"twitter:label1\" content=\"Escrito por\" \/>\n\t<meta name=\"twitter:data1\" content=\"inclusivenews2024\" \/>\n\t<meta name=\"twitter:label2\" content=\"Tempo estimado de leitura\" \/>\n\t<meta name=\"twitter:data2\" content=\"2 minutos\" \/>\n<script type=\"application\/ld+json\" class=\"yoast-schema-graph\">{\"@context\":\"https:\\\/\\\/schema.org\",\"@graph\":[{\"@type\":\"Article\",\"@id\":\"https:\\\/\\\/inclusivenews.com.br\\\/?p=22977#article\",\"isPartOf\":{\"@id\":\"https:\\\/\\\/inclusivenews.com.br\\\/?p=22977\"},\"author\":{\"name\":\"inclusivenews2024\",\"@id\":\"https:\\\/\\\/inclusivenews.com.br\\\/#\\\/schema\\\/person\\\/ae4ec7087559b8692fb33b6fffd2273b\"},\"headline\":\"Guia de preven\u00e7\u00e3o da viol\u00eancia letal contra adolescentes e jovens\",\"datePublished\":\"2012-07-18T20:53:51+00:00\",\"mainEntityOfPage\":{\"@id\":\"https:\\\/\\\/inclusivenews.com.br\\\/?p=22977\"},\"wordCount\":507,\"commentCount\":0,\"publisher\":{\"@id\":\"https:\\\/\\\/inclusivenews.com.br\\\/#organization\"},\"image\":{\"@id\":\"https:\\\/\\\/inclusivenews.com.br\\\/?p=22977#primaryimage\"},\"thumbnailUrl\":\"http:\\\/\\\/inclusivenews.com.br\\\/wp-content\\\/uploads\\\/2010\\\/03\\\/violencia_escolas-300x225.jpg\",\"keywords\":[\"Viol\u00eancia\"],\"articleSection\":[\"DIREITOS HUMANOS\",\"Downloadables\",\"NOT\u00cdCIAS\",\"PUBLICA\u00c7\u00d5ES\"],\"inLanguage\":\"pt-PT\",\"potentialAction\":[{\"@type\":\"CommentAction\",\"name\":\"Comment\",\"target\":[\"https:\\\/\\\/inclusivenews.com.br\\\/?p=22977#respond\"]}]},{\"@type\":\"WebPage\",\"@id\":\"https:\\\/\\\/inclusivenews.com.br\\\/?p=22977\",\"url\":\"https:\\\/\\\/inclusivenews.com.br\\\/?p=22977\",\"name\":\"Guia de preven\u00e7\u00e3o da viol\u00eancia letal contra adolescentes e jovens -\",\"isPartOf\":{\"@id\":\"https:\\\/\\\/inclusivenews.com.br\\\/#website\"},\"primaryImageOfPage\":{\"@id\":\"https:\\\/\\\/inclusivenews.com.br\\\/?p=22977#primaryimage\"},\"image\":{\"@id\":\"https:\\\/\\\/inclusivenews.com.br\\\/?p=22977#primaryimage\"},\"thumbnailUrl\":\"http:\\\/\\\/inclusivenews.com.br\\\/wp-content\\\/uploads\\\/2010\\\/03\\\/violencia_escolas-300x225.jpg\",\"datePublished\":\"2012-07-18T20:53:51+00:00\",\"breadcrumb\":{\"@id\":\"https:\\\/\\\/inclusivenews.com.br\\\/?p=22977#breadcrumb\"},\"inLanguage\":\"pt-PT\",\"potentialAction\":[{\"@type\":\"ReadAction\",\"target\":[\"https:\\\/\\\/inclusivenews.com.br\\\/?p=22977\"]}]},{\"@type\":\"ImageObject\",\"inLanguage\":\"pt-PT\",\"@id\":\"https:\\\/\\\/inclusivenews.com.br\\\/?p=22977#primaryimage\",\"url\":\"\",\"contentUrl\":\"\"},{\"@type\":\"BreadcrumbList\",\"@id\":\"https:\\\/\\\/inclusivenews.com.br\\\/?p=22977#breadcrumb\",\"itemListElement\":[{\"@type\":\"ListItem\",\"position\":1,\"name\":\"In\u00edcio\",\"item\":\"https:\\\/\\\/inclusivenews.com.br\\\/\"},{\"@type\":\"ListItem\",\"position\":2,\"name\":\"Guia de preven\u00e7\u00e3o da viol\u00eancia letal contra adolescentes e jovens\"}]},{\"@type\":\"WebSite\",\"@id\":\"https:\\\/\\\/inclusivenews.com.br\\\/#website\",\"url\":\"https:\\\/\\\/inclusivenews.com.br\\\/\",\"name\":\"Inclusive News\",\"description\":\"Inclusive News\",\"publisher\":{\"@id\":\"https:\\\/\\\/inclusivenews.com.br\\\/#organization\"},\"potentialAction\":[{\"@type\":\"SearchAction\",\"target\":{\"@type\":\"EntryPoint\",\"urlTemplate\":\"https:\\\/\\\/inclusivenews.com.br\\\/?s={search_term_string}\"},\"query-input\":{\"@type\":\"PropertyValueSpecification\",\"valueRequired\":true,\"valueName\":\"search_term_string\"}}],\"inLanguage\":\"pt-PT\"},{\"@type\":\"Organization\",\"@id\":\"https:\\\/\\\/inclusivenews.com.br\\\/#organization\",\"name\":\"Inclusive - inclus\u00e3o e cidadania\",\"url\":\"https:\\\/\\\/inclusivenews.com.br\\\/\",\"logo\":{\"@type\":\"ImageObject\",\"inLanguage\":\"pt-PT\",\"@id\":\"https:\\\/\\\/inclusivenews.com.br\\\/#\\\/schema\\\/logo\\\/image\\\/\",\"url\":\"https:\\\/\\\/inclusivenews.com.br\\\/wp-content\\\/uploads\\\/2024\\\/03\\\/@grandesite.png\",\"contentUrl\":\"https:\\\/\\\/inclusivenews.com.br\\\/wp-content\\\/uploads\\\/2024\\\/03\\\/@grandesite.png\",\"width\":1080,\"height\":1080,\"caption\":\"Inclusive - inclus\u00e3o e cidadania\"},\"image\":{\"@id\":\"https:\\\/\\\/inclusivenews.com.br\\\/#\\\/schema\\\/logo\\\/image\\\/\"},\"sameAs\":[\"https:\\\/\\\/www.facebook.com\\\/agenciainclusive\\\/\",\"https:\\\/\\\/www.instagram.com\\\/newsinclusive\\\/\"]},{\"@type\":\"Person\",\"@id\":\"https:\\\/\\\/inclusivenews.com.br\\\/#\\\/schema\\\/person\\\/ae4ec7087559b8692fb33b6fffd2273b\",\"name\":\"inclusivenews2024\",\"image\":{\"@type\":\"ImageObject\",\"inLanguage\":\"pt-PT\",\"@id\":\"https:\\\/\\\/secure.gravatar.com\\\/avatar\\\/c5a7ef84c66fa914f55bc4f7ce26cfa275a3b9a1c5568b907bd184fb4dde7b40?s=96&d=mm&r=g\",\"url\":\"https:\\\/\\\/secure.gravatar.com\\\/avatar\\\/c5a7ef84c66fa914f55bc4f7ce26cfa275a3b9a1c5568b907bd184fb4dde7b40?s=96&d=mm&r=g\",\"contentUrl\":\"https:\\\/\\\/secure.gravatar.com\\\/avatar\\\/c5a7ef84c66fa914f55bc4f7ce26cfa275a3b9a1c5568b907bd184fb4dde7b40?s=96&d=mm&r=g\",\"caption\":\"inclusivenews2024\"},\"sameAs\":[\"https:\\\/\\\/inclusivenews.com.br\"],\"url\":\"https:\\\/\\\/inclusivenews.com.br\\\/?author=1\"}]}<\/script>\n<!-- \/ Yoast SEO plugin. -->","yoast_head_json":{"title":"Guia de preven\u00e7\u00e3o da viol\u00eancia letal contra adolescentes e jovens -","robots":{"index":"index","follow":"follow","max-snippet":"max-snippet:-1","max-image-preview":"max-image-preview:large","max-video-preview":"max-video-preview:-1"},"canonical":"https:\/\/inclusivenews.com.br\/?p=22977","og_locale":"pt_PT","og_type":"article","og_title":"Guia de preven\u00e7\u00e3o da viol\u00eancia letal contra adolescentes e jovens -","og_description":"Nele s\u00e3o apresentados os passos necess\u00e1rios para a elabora\u00e7\u00e3o de um diagn\u00f3stico local, a formula\u00e7\u00e3o de uma pol\u00edtica de preven\u00e7\u00e3o de forma participativa e o monitoramento e avalia\u00e7\u00e3o da pol\u00edtica implementada.","og_url":"https:\/\/inclusivenews.com.br\/?p=22977","article_publisher":"https:\/\/www.facebook.com\/agenciainclusive\/","article_published_time":"2012-07-18T20:53:51+00:00","og_image":[{"url":"http:\/\/inclusivenews.com.br\/wp-content\/uploads\/2010\/03\/violencia_escolas-300x225.jpg","type":"","width":"","height":""}],"author":"inclusivenews2024","twitter_card":"summary_large_image","twitter_misc":{"Escrito por":"inclusivenews2024","Tempo estimado de leitura":"2 minutos"},"schema":{"@context":"https:\/\/schema.org","@graph":[{"@type":"Article","@id":"https:\/\/inclusivenews.com.br\/?p=22977#article","isPartOf":{"@id":"https:\/\/inclusivenews.com.br\/?p=22977"},"author":{"name":"inclusivenews2024","@id":"https:\/\/inclusivenews.com.br\/#\/schema\/person\/ae4ec7087559b8692fb33b6fffd2273b"},"headline":"Guia de preven\u00e7\u00e3o da viol\u00eancia letal contra adolescentes e jovens","datePublished":"2012-07-18T20:53:51+00:00","mainEntityOfPage":{"@id":"https:\/\/inclusivenews.com.br\/?p=22977"},"wordCount":507,"commentCount":0,"publisher":{"@id":"https:\/\/inclusivenews.com.br\/#organization"},"image":{"@id":"https:\/\/inclusivenews.com.br\/?p=22977#primaryimage"},"thumbnailUrl":"http:\/\/inclusivenews.com.br\/wp-content\/uploads\/2010\/03\/violencia_escolas-300x225.jpg","keywords":["Viol\u00eancia"],"articleSection":["DIREITOS HUMANOS","Downloadables","NOT\u00cdCIAS","PUBLICA\u00c7\u00d5ES"],"inLanguage":"pt-PT","potentialAction":[{"@type":"CommentAction","name":"Comment","target":["https:\/\/inclusivenews.com.br\/?p=22977#respond"]}]},{"@type":"WebPage","@id":"https:\/\/inclusivenews.com.br\/?p=22977","url":"https:\/\/inclusivenews.com.br\/?p=22977","name":"Guia de preven\u00e7\u00e3o da viol\u00eancia letal contra adolescentes e jovens -","isPartOf":{"@id":"https:\/\/inclusivenews.com.br\/#website"},"primaryImageOfPage":{"@id":"https:\/\/inclusivenews.com.br\/?p=22977#primaryimage"},"image":{"@id":"https:\/\/inclusivenews.com.br\/?p=22977#primaryimage"},"thumbnailUrl":"http:\/\/inclusivenews.com.br\/wp-content\/uploads\/2010\/03\/violencia_escolas-300x225.jpg","datePublished":"2012-07-18T20:53:51+00:00","breadcrumb":{"@id":"https:\/\/inclusivenews.com.br\/?p=22977#breadcrumb"},"inLanguage":"pt-PT","potentialAction":[{"@type":"ReadAction","target":["https:\/\/inclusivenews.com.br\/?p=22977"]}]},{"@type":"ImageObject","inLanguage":"pt-PT","@id":"https:\/\/inclusivenews.com.br\/?p=22977#primaryimage","url":"","contentUrl":""},{"@type":"BreadcrumbList","@id":"https:\/\/inclusivenews.com.br\/?p=22977#breadcrumb","itemListElement":[{"@type":"ListItem","position":1,"name":"In\u00edcio","item":"https:\/\/inclusivenews.com.br\/"},{"@type":"ListItem","position":2,"name":"Guia de preven\u00e7\u00e3o da viol\u00eancia letal contra adolescentes e jovens"}]},{"@type":"WebSite","@id":"https:\/\/inclusivenews.com.br\/#website","url":"https:\/\/inclusivenews.com.br\/","name":"Inclusive News","description":"Inclusive News","publisher":{"@id":"https:\/\/inclusivenews.com.br\/#organization"},"potentialAction":[{"@type":"SearchAction","target":{"@type":"EntryPoint","urlTemplate":"https:\/\/inclusivenews.com.br\/?s={search_term_string}"},"query-input":{"@type":"PropertyValueSpecification","valueRequired":true,"valueName":"search_term_string"}}],"inLanguage":"pt-PT"},{"@type":"Organization","@id":"https:\/\/inclusivenews.com.br\/#organization","name":"Inclusive - inclus\u00e3o e cidadania","url":"https:\/\/inclusivenews.com.br\/","logo":{"@type":"ImageObject","inLanguage":"pt-PT","@id":"https:\/\/inclusivenews.com.br\/#\/schema\/logo\/image\/","url":"https:\/\/inclusivenews.com.br\/wp-content\/uploads\/2024\/03\/@grandesite.png","contentUrl":"https:\/\/inclusivenews.com.br\/wp-content\/uploads\/2024\/03\/@grandesite.png","width":1080,"height":1080,"caption":"Inclusive - inclus\u00e3o e cidadania"},"image":{"@id":"https:\/\/inclusivenews.com.br\/#\/schema\/logo\/image\/"},"sameAs":["https:\/\/www.facebook.com\/agenciainclusive\/","https:\/\/www.instagram.com\/newsinclusive\/"]},{"@type":"Person","@id":"https:\/\/inclusivenews.com.br\/#\/schema\/person\/ae4ec7087559b8692fb33b6fffd2273b","name":"inclusivenews2024","image":{"@type":"ImageObject","inLanguage":"pt-PT","@id":"https:\/\/secure.gravatar.com\/avatar\/c5a7ef84c66fa914f55bc4f7ce26cfa275a3b9a1c5568b907bd184fb4dde7b40?s=96&d=mm&r=g","url":"https:\/\/secure.gravatar.com\/avatar\/c5a7ef84c66fa914f55bc4f7ce26cfa275a3b9a1c5568b907bd184fb4dde7b40?s=96&d=mm&r=g","contentUrl":"https:\/\/secure.gravatar.com\/avatar\/c5a7ef84c66fa914f55bc4f7ce26cfa275a3b9a1c5568b907bd184fb4dde7b40?s=96&d=mm&r=g","caption":"inclusivenews2024"},"sameAs":["https:\/\/inclusivenews.com.br"],"url":"https:\/\/inclusivenews.com.br\/?author=1"}]}},"_links":{"self":[{"href":"https:\/\/inclusivenews.com.br\/index.php?rest_route=\/wp\/v2\/posts\/22977","targetHints":{"allow":["GET"]}}],"collection":[{"href":"https:\/\/inclusivenews.com.br\/index.php?rest_route=\/wp\/v2\/posts"}],"about":[{"href":"https:\/\/inclusivenews.com.br\/index.php?rest_route=\/wp\/v2\/types\/post"}],"author":[{"embeddable":true,"href":"https:\/\/inclusivenews.com.br\/index.php?rest_route=\/wp\/v2\/users\/1"}],"replies":[{"embeddable":true,"href":"https:\/\/inclusivenews.com.br\/index.php?rest_route=%2Fwp%2Fv2%2Fcomments&post=22977"}],"version-history":[{"count":0,"href":"https:\/\/inclusivenews.com.br\/index.php?rest_route=\/wp\/v2\/posts\/22977\/revisions"}],"wp:attachment":[{"href":"https:\/\/inclusivenews.com.br\/index.php?rest_route=%2Fwp%2Fv2%2Fmedia&parent=22977"}],"wp:term":[{"taxonomy":"category","embeddable":true,"href":"https:\/\/inclusivenews.com.br\/index.php?rest_route=%2Fwp%2Fv2%2Fcategories&post=22977"},{"taxonomy":"post_tag","embeddable":true,"href":"https:\/\/inclusivenews.com.br\/index.php?rest_route=%2Fwp%2Fv2%2Ftags&post=22977"}],"curies":[{"name":"wp","href":"https:\/\/api.w.org\/{rel}","templated":true}]}}