{"id":22979,"date":"2012-07-18T17:53:42","date_gmt":"2012-07-18T20:53:42","guid":{"rendered":"http:\/\/www.inclusive.org.br\/?p=22979"},"modified":"2012-07-18T17:53:42","modified_gmt":"2012-07-18T20:53:42","slug":"movimentos-protestam-contra-genocidio-na-periferia","status":"publish","type":"post","link":"https:\/\/inclusivenews.com.br\/?p=22979","title":{"rendered":"Movimentos protestam contra genoc\u00eddio na periferia"},"content":{"rendered":"<figure id=\"attachment_20056\" aria-describedby=\"caption-attachment-20056\" style=\"width: 272px\" class=\"wp-caption alignleft\"><a href=\"http:\/\/www.inclusivenews.com.br\/wp-content\/uploads\/no-violencia.jpg\"><img loading=\"lazy\" decoding=\"async\" class=\"size-medium wp-image-20056 \" title=\"Viol\u00eancia - Em fundo preto, impress\u00e3o de palma da m\u00e3o espalmada com tinta branca.\" src=\"http:\/\/inclusivenews.com.br\/wp-content\/uploads\/no-violencia-272x300.jpg\" alt=\"Viol\u00eancia - Em fundo preto, impress\u00e3o de palma da m\u00e3o espalmada com tinta branca.\" width=\"272\" height=\"300\" \/><\/a><figcaption id=\"caption-attachment-20056\" class=\"wp-caption-text\"> <\/figcaption><\/figure>\n<p><em>Por Jos\u00e9 Francisco Neto de S\u00e3o Paulo<br \/>\nna Radioag\u00eancia NP<\/em><\/p>\n<p>Com velas e crucifixos nas m\u00e3os, cerca de 200 pessoas ligadas a movimentos sociais protestaram nesta quarta-feira (11) contra o genoc\u00eddio da popula\u00e7\u00e3o negra e pobre de S\u00e3o Paulo, no v\u00e3o livre do Museu de Arte de S\u00e3o Paulo (MASP), na Avenida Paulista.<\/p>\n<p>O objetivo do ato foi denunciar as chacinas que se intensificaram no m\u00eas de junho na capital paulista que, segundo dados do Sistema de Informa\u00e7\u00f5es Criminais (Infocrim) da Secretaria de Seguran\u00e7a P\u00fablica, atingiram 127 assassinatos em apenas 11 dias.<\/p>\n<p>A maioria dessas mortes ocorreu na periferia de S\u00e3o Paulo, em que grupos de exterm\u00ednio n\u00e3o identificados, mas apontados pelos movimentos de serem ligados \u00e0 pol\u00edcia militar, promoveram chacinas que atingiram principalmente a popula\u00e7\u00e3o negra.<\/p>\n<p>Para Jos\u00e9 Henrique, militante do PSOL, o estere\u00f3tipo do &#8220;bandido&#8221; para a pol\u00edcia \u00e9 sempre o mesmo: negro e pobre. Segundo ele, com o pretexto de combater o crime organizado, o secret\u00e1rio de seguran\u00e7a p\u00fablica e o governador do estado d\u00e3o carta branca para a pol\u00edcia matar nas periferias.<\/p>\n<p>&#8220;Nessa guerra contra os supostos traficantes, a popula\u00e7\u00e3o pobre e negra fica mais vulner\u00e1vel aos ataques. Se o governo quer acabar com o tr\u00e1fico, ele tem que acabar onde o dinheiro do tr\u00e1fico \u00e9 lavado, ou seja, nas institui\u00e7\u00f5es financeiras&#8221;, conta.<\/p>\n<p>Segundo o coordenador nacional de rela\u00e7\u00f5es internacionais do Movimento Negro Unificado, Milton Barbosa, no Brasil h\u00e1 um projeto de genoc\u00eddio da popula\u00e7\u00e3o negra, que se expressa nas matan\u00e7as da juventude cometidas por policiais.<\/p>\n<p>&#8220;Eu recebi um e-mail que o Alckmin est\u00e1 vendendo 20 mil armas para outros estados, ent\u00e3o ele quer vender essa imagem que a seguran\u00e7a \u00e9 a ess\u00eancia do governo dele, s\u00f3 que baseado nessa repress\u00e3o, nessa matan\u00e7a. E seguran\u00e7a n\u00e3o \u00e9 isso. Tem que investir em educa\u00e7\u00e3o, sa\u00fade, moradia, empregos, mas para eles [seguran\u00e7a] \u00e9 repress\u00e3o,&#8221; argumenta.<\/p>\n<p>*Sem fardas, com fardas*<\/p>\n<p>Em rela\u00e7\u00e3o a 2002, a taxa de mortalidade de negros por homic\u00eddio no Brasil registrou aumento de 23,4%. A informa\u00e7\u00e3o faz parte do Mapa da Viol\u00eancia 2012: os novos padr\u00f5es da viol\u00eancia no Brasil realizado pelo Instituto Sangari e divulgado pelo Minist\u00e9rio da Justi\u00e7a. Entre 2001 e 2010, o n\u00famero de v\u00edtimas brancas, de 15 a 24 anos, caiu 27,5% (de 18.852 para 13.668), enquanto que de v\u00edtimas negras aumentou 23,4% (de 26.952 para 33.264). Ou seja, morrem 139% mais negros do que brancos na faixa dos 15 e 24 anos.<\/p>\n<p>Segundo o militante Givanildo Manoel da Silva (Giva), do Tribunal Popular, o governador Geraldo Alckmin autorizou os policiais militares a atuarem sem fardas, descumprindo, dessa forma, a fun\u00e7\u00e3o da PM. De acordo com Giva, o papel da pol\u00edcia sem farda \u00e9 o da pol\u00edcia civil e jur\u00eddica, portanto, s\u00e3o as que cumprem a fun\u00e7\u00e3o investigativa.<\/p>\n<p>&#8220;A popula\u00e7\u00e3o n\u00e3o sabe quem s\u00e3o essas pessoas que est\u00e3o armadas na periferia, ao mesmo tempo, n\u00f3s n\u00e3o sabemos quem est\u00e1 promovendo esses ataques em decorr\u00eancia dessa confus\u00e3o que est\u00e1 sendo criada&#8221;, critica.<\/p>\n<p>De acordo com os dados da assessoria de imprensa da pol\u00edcia militar concedidos ao *Brasil de Fato*, de janeiro a maio deste ano, 45 assassinatos foram promovidos pelo Comando de Policiamento de Choque, que engloba quatro batalh\u00f5es, inclusive a Rota (Ronda Ostensiva Tobias Aguiar), o que equivale a 104,5% a mais do que o mesmo per\u00edodo em 2010.<\/p>\n<p>Em rela\u00e7\u00e3o aos homic\u00eddios, o tenente-coronel e chefe da Rota, Salvador Modesto Madia, afirmou na semana passada ao jornal \/Folha de S. Paulo \/que &#8220;n\u00e3o se importa com n\u00fameros, mas sim, com a legalidade dessas mortes&#8221;.<\/p>\n<p>De acordo com o movimento social Rede Dois de Outubro, Madia \u00e9 respons\u00e1vel por 78 execu\u00e7\u00f5es no Massacre do Carandiru, no dia 2 de outubro de 1992, em que a pol\u00edcia militar realizou uma chacina na qual resultou na morte &#8220;oficial&#8221; de 111 detentos &#8212; al\u00e9m de outras execu\u00e7\u00f5es n\u00e3o contabilizadas.<\/p>\n<p>&#8220;Com todos os ind\u00edcios de execu\u00e7\u00e3o que permeiam esses casos, esse discurso do comandante da Rota \u00e9 claramente uma coniv\u00eancia (para dizer pouco) com os massacres praticados contra nossa popula\u00e7\u00e3o negra, jovem e pobre&#8221;, diz o movimento em nota.<\/p>\n<p>Para Giva, o governador ainda tem muito para explicar, n\u00e3o s\u00f3 dessas mortes, mas tamb\u00e9m as de maio de 2006. &#8220;O governador ainda n\u00e3o explicou o porqu\u00ea aconteceram aquelas mortes. N\u00e3o explicou, por exemplo, em que locais que os primeiros policiais que foram mortos estavam. A gente tem informa\u00e7\u00e3o que eles estavam fazendo seguran\u00e7a de empresas de \u00f4nibus de transporte. O governo tem que explicar isso.&#8221;<\/p>\n<p>Fonte: Radioag\u00eancia NP\/<a href=\"http:\/\/www.brasildefato.com.br\/node\/10083\">Brasil de Fato<\/a><\/p>\n","protected":false},"excerpt":{"rendered":"<p>O objetivo do ato foi denunciar as chacinas que se intensificaram no m\u00eas de junho na capital paulista que, segundo dados do Sistema de Informa\u00e7\u00f5es Criminais (Infocrim) da Secretaria de Seguran\u00e7a P\u00fablica, atingiram 127 assassinatos em apenas 11 dias.<\/p>\n","protected":false},"author":1,"featured_media":0,"comment_status":"open","ping_status":"open","sticky":false,"template":"","format":"standard","meta":{"site-container-style":"default","site-container-layout":"default","site-sidebar-layout":"default","disable-article-header":"default","disable-site-header":"default","disable-site-footer":"default","disable-content-area-spacing":"default","footnotes":""},"categories":[4],"tags":[],"class_list":["post-22979","post","type-post","status-publish","format-standard","hentry","category-noticias"],"yoast_head":"<!-- This site is optimized with the Yoast SEO plugin v27.4 - https:\/\/yoast.com\/product\/yoast-seo-wordpress\/ -->\n<title>Movimentos protestam contra genoc\u00eddio na periferia -<\/title>\n<meta name=\"robots\" content=\"index, follow, max-snippet:-1, max-image-preview:large, max-video-preview:-1\" \/>\n<link rel=\"canonical\" href=\"https:\/\/inclusivenews.com.br\/?p=22979\" \/>\n<meta property=\"og:locale\" content=\"pt_PT\" \/>\n<meta property=\"og:type\" content=\"article\" \/>\n<meta property=\"og:title\" content=\"Movimentos protestam contra genoc\u00eddio na periferia -\" \/>\n<meta property=\"og:description\" content=\"O objetivo do ato foi denunciar as chacinas que se intensificaram no m\u00eas de junho na capital paulista que, segundo dados do Sistema de Informa\u00e7\u00f5es Criminais (Infocrim) da Secretaria de Seguran\u00e7a P\u00fablica, atingiram 127 assassinatos em apenas 11 dias.\" \/>\n<meta property=\"og:url\" content=\"https:\/\/inclusivenews.com.br\/?p=22979\" \/>\n<meta property=\"article:publisher\" content=\"https:\/\/www.facebook.com\/agenciainclusive\/\" \/>\n<meta property=\"article:published_time\" content=\"2012-07-18T20:53:42+00:00\" \/>\n<meta property=\"og:image\" content=\"http:\/\/inclusivenews.com.br\/wp-content\/uploads\/no-violencia-272x300.jpg\" \/>\n<meta name=\"author\" content=\"inclusivenews2024\" \/>\n<meta name=\"twitter:card\" content=\"summary_large_image\" \/>\n<meta name=\"twitter:label1\" content=\"Escrito por\" \/>\n\t<meta name=\"twitter:data1\" content=\"inclusivenews2024\" \/>\n\t<meta name=\"twitter:label2\" content=\"Tempo estimado de leitura\" \/>\n\t<meta name=\"twitter:data2\" content=\"4 minutos\" \/>\n<script type=\"application\/ld+json\" class=\"yoast-schema-graph\">{\"@context\":\"https:\\\/\\\/schema.org\",\"@graph\":[{\"@type\":\"Article\",\"@id\":\"https:\\\/\\\/inclusivenews.com.br\\\/?p=22979#article\",\"isPartOf\":{\"@id\":\"https:\\\/\\\/inclusivenews.com.br\\\/?p=22979\"},\"author\":{\"name\":\"inclusivenews2024\",\"@id\":\"https:\\\/\\\/inclusivenews.com.br\\\/#\\\/schema\\\/person\\\/ae4ec7087559b8692fb33b6fffd2273b\"},\"headline\":\"Movimentos protestam contra genoc\u00eddio na periferia\",\"datePublished\":\"2012-07-18T20:53:42+00:00\",\"mainEntityOfPage\":{\"@id\":\"https:\\\/\\\/inclusivenews.com.br\\\/?p=22979\"},\"wordCount\":816,\"commentCount\":0,\"publisher\":{\"@id\":\"https:\\\/\\\/inclusivenews.com.br\\\/#organization\"},\"image\":{\"@id\":\"https:\\\/\\\/inclusivenews.com.br\\\/?p=22979#primaryimage\"},\"thumbnailUrl\":\"http:\\\/\\\/inclusivenews.com.br\\\/wp-content\\\/uploads\\\/no-violencia-272x300.jpg\",\"articleSection\":[\"NOT\u00cdCIAS\"],\"inLanguage\":\"pt-PT\",\"potentialAction\":[{\"@type\":\"CommentAction\",\"name\":\"Comment\",\"target\":[\"https:\\\/\\\/inclusivenews.com.br\\\/?p=22979#respond\"]}]},{\"@type\":\"WebPage\",\"@id\":\"https:\\\/\\\/inclusivenews.com.br\\\/?p=22979\",\"url\":\"https:\\\/\\\/inclusivenews.com.br\\\/?p=22979\",\"name\":\"Movimentos protestam contra genoc\u00eddio na periferia -\",\"isPartOf\":{\"@id\":\"https:\\\/\\\/inclusivenews.com.br\\\/#website\"},\"primaryImageOfPage\":{\"@id\":\"https:\\\/\\\/inclusivenews.com.br\\\/?p=22979#primaryimage\"},\"image\":{\"@id\":\"https:\\\/\\\/inclusivenews.com.br\\\/?p=22979#primaryimage\"},\"thumbnailUrl\":\"http:\\\/\\\/inclusivenews.com.br\\\/wp-content\\\/uploads\\\/no-violencia-272x300.jpg\",\"datePublished\":\"2012-07-18T20:53:42+00:00\",\"breadcrumb\":{\"@id\":\"https:\\\/\\\/inclusivenews.com.br\\\/?p=22979#breadcrumb\"},\"inLanguage\":\"pt-PT\",\"potentialAction\":[{\"@type\":\"ReadAction\",\"target\":[\"https:\\\/\\\/inclusivenews.com.br\\\/?p=22979\"]}]},{\"@type\":\"ImageObject\",\"inLanguage\":\"pt-PT\",\"@id\":\"https:\\\/\\\/inclusivenews.com.br\\\/?p=22979#primaryimage\",\"url\":\"\",\"contentUrl\":\"\"},{\"@type\":\"BreadcrumbList\",\"@id\":\"https:\\\/\\\/inclusivenews.com.br\\\/?p=22979#breadcrumb\",\"itemListElement\":[{\"@type\":\"ListItem\",\"position\":1,\"name\":\"In\u00edcio\",\"item\":\"https:\\\/\\\/inclusivenews.com.br\\\/\"},{\"@type\":\"ListItem\",\"position\":2,\"name\":\"Movimentos protestam contra genoc\u00eddio na periferia\"}]},{\"@type\":\"WebSite\",\"@id\":\"https:\\\/\\\/inclusivenews.com.br\\\/#website\",\"url\":\"https:\\\/\\\/inclusivenews.com.br\\\/\",\"name\":\"Inclusive News\",\"description\":\"Inclusive News\",\"publisher\":{\"@id\":\"https:\\\/\\\/inclusivenews.com.br\\\/#organization\"},\"potentialAction\":[{\"@type\":\"SearchAction\",\"target\":{\"@type\":\"EntryPoint\",\"urlTemplate\":\"https:\\\/\\\/inclusivenews.com.br\\\/?s={search_term_string}\"},\"query-input\":{\"@type\":\"PropertyValueSpecification\",\"valueRequired\":true,\"valueName\":\"search_term_string\"}}],\"inLanguage\":\"pt-PT\"},{\"@type\":\"Organization\",\"@id\":\"https:\\\/\\\/inclusivenews.com.br\\\/#organization\",\"name\":\"Inclusive - inclus\u00e3o e cidadania\",\"url\":\"https:\\\/\\\/inclusivenews.com.br\\\/\",\"logo\":{\"@type\":\"ImageObject\",\"inLanguage\":\"pt-PT\",\"@id\":\"https:\\\/\\\/inclusivenews.com.br\\\/#\\\/schema\\\/logo\\\/image\\\/\",\"url\":\"https:\\\/\\\/inclusivenews.com.br\\\/wp-content\\\/uploads\\\/2024\\\/03\\\/@grandesite.png\",\"contentUrl\":\"https:\\\/\\\/inclusivenews.com.br\\\/wp-content\\\/uploads\\\/2024\\\/03\\\/@grandesite.png\",\"width\":1080,\"height\":1080,\"caption\":\"Inclusive - inclus\u00e3o e cidadania\"},\"image\":{\"@id\":\"https:\\\/\\\/inclusivenews.com.br\\\/#\\\/schema\\\/logo\\\/image\\\/\"},\"sameAs\":[\"https:\\\/\\\/www.facebook.com\\\/agenciainclusive\\\/\",\"https:\\\/\\\/www.instagram.com\\\/newsinclusive\\\/\"]},{\"@type\":\"Person\",\"@id\":\"https:\\\/\\\/inclusivenews.com.br\\\/#\\\/schema\\\/person\\\/ae4ec7087559b8692fb33b6fffd2273b\",\"name\":\"inclusivenews2024\",\"image\":{\"@type\":\"ImageObject\",\"inLanguage\":\"pt-PT\",\"@id\":\"https:\\\/\\\/secure.gravatar.com\\\/avatar\\\/c5a7ef84c66fa914f55bc4f7ce26cfa275a3b9a1c5568b907bd184fb4dde7b40?s=96&d=mm&r=g\",\"url\":\"https:\\\/\\\/secure.gravatar.com\\\/avatar\\\/c5a7ef84c66fa914f55bc4f7ce26cfa275a3b9a1c5568b907bd184fb4dde7b40?s=96&d=mm&r=g\",\"contentUrl\":\"https:\\\/\\\/secure.gravatar.com\\\/avatar\\\/c5a7ef84c66fa914f55bc4f7ce26cfa275a3b9a1c5568b907bd184fb4dde7b40?s=96&d=mm&r=g\",\"caption\":\"inclusivenews2024\"},\"sameAs\":[\"https:\\\/\\\/inclusivenews.com.br\"],\"url\":\"https:\\\/\\\/inclusivenews.com.br\\\/?author=1\"}]}<\/script>\n<!-- \/ Yoast SEO plugin. -->","yoast_head_json":{"title":"Movimentos protestam contra genoc\u00eddio na periferia -","robots":{"index":"index","follow":"follow","max-snippet":"max-snippet:-1","max-image-preview":"max-image-preview:large","max-video-preview":"max-video-preview:-1"},"canonical":"https:\/\/inclusivenews.com.br\/?p=22979","og_locale":"pt_PT","og_type":"article","og_title":"Movimentos protestam contra genoc\u00eddio na periferia -","og_description":"O objetivo do ato foi denunciar as chacinas que se intensificaram no m\u00eas de junho na capital paulista que, segundo dados do Sistema de Informa\u00e7\u00f5es Criminais (Infocrim) da Secretaria de Seguran\u00e7a P\u00fablica, atingiram 127 assassinatos em apenas 11 dias.","og_url":"https:\/\/inclusivenews.com.br\/?p=22979","article_publisher":"https:\/\/www.facebook.com\/agenciainclusive\/","article_published_time":"2012-07-18T20:53:42+00:00","og_image":[{"url":"http:\/\/inclusivenews.com.br\/wp-content\/uploads\/no-violencia-272x300.jpg","type":"","width":"","height":""}],"author":"inclusivenews2024","twitter_card":"summary_large_image","twitter_misc":{"Escrito por":"inclusivenews2024","Tempo estimado de leitura":"4 minutos"},"schema":{"@context":"https:\/\/schema.org","@graph":[{"@type":"Article","@id":"https:\/\/inclusivenews.com.br\/?p=22979#article","isPartOf":{"@id":"https:\/\/inclusivenews.com.br\/?p=22979"},"author":{"name":"inclusivenews2024","@id":"https:\/\/inclusivenews.com.br\/#\/schema\/person\/ae4ec7087559b8692fb33b6fffd2273b"},"headline":"Movimentos protestam contra genoc\u00eddio na periferia","datePublished":"2012-07-18T20:53:42+00:00","mainEntityOfPage":{"@id":"https:\/\/inclusivenews.com.br\/?p=22979"},"wordCount":816,"commentCount":0,"publisher":{"@id":"https:\/\/inclusivenews.com.br\/#organization"},"image":{"@id":"https:\/\/inclusivenews.com.br\/?p=22979#primaryimage"},"thumbnailUrl":"http:\/\/inclusivenews.com.br\/wp-content\/uploads\/no-violencia-272x300.jpg","articleSection":["NOT\u00cdCIAS"],"inLanguage":"pt-PT","potentialAction":[{"@type":"CommentAction","name":"Comment","target":["https:\/\/inclusivenews.com.br\/?p=22979#respond"]}]},{"@type":"WebPage","@id":"https:\/\/inclusivenews.com.br\/?p=22979","url":"https:\/\/inclusivenews.com.br\/?p=22979","name":"Movimentos protestam contra genoc\u00eddio na periferia -","isPartOf":{"@id":"https:\/\/inclusivenews.com.br\/#website"},"primaryImageOfPage":{"@id":"https:\/\/inclusivenews.com.br\/?p=22979#primaryimage"},"image":{"@id":"https:\/\/inclusivenews.com.br\/?p=22979#primaryimage"},"thumbnailUrl":"http:\/\/inclusivenews.com.br\/wp-content\/uploads\/no-violencia-272x300.jpg","datePublished":"2012-07-18T20:53:42+00:00","breadcrumb":{"@id":"https:\/\/inclusivenews.com.br\/?p=22979#breadcrumb"},"inLanguage":"pt-PT","potentialAction":[{"@type":"ReadAction","target":["https:\/\/inclusivenews.com.br\/?p=22979"]}]},{"@type":"ImageObject","inLanguage":"pt-PT","@id":"https:\/\/inclusivenews.com.br\/?p=22979#primaryimage","url":"","contentUrl":""},{"@type":"BreadcrumbList","@id":"https:\/\/inclusivenews.com.br\/?p=22979#breadcrumb","itemListElement":[{"@type":"ListItem","position":1,"name":"In\u00edcio","item":"https:\/\/inclusivenews.com.br\/"},{"@type":"ListItem","position":2,"name":"Movimentos protestam contra genoc\u00eddio na periferia"}]},{"@type":"WebSite","@id":"https:\/\/inclusivenews.com.br\/#website","url":"https:\/\/inclusivenews.com.br\/","name":"Inclusive News","description":"Inclusive News","publisher":{"@id":"https:\/\/inclusivenews.com.br\/#organization"},"potentialAction":[{"@type":"SearchAction","target":{"@type":"EntryPoint","urlTemplate":"https:\/\/inclusivenews.com.br\/?s={search_term_string}"},"query-input":{"@type":"PropertyValueSpecification","valueRequired":true,"valueName":"search_term_string"}}],"inLanguage":"pt-PT"},{"@type":"Organization","@id":"https:\/\/inclusivenews.com.br\/#organization","name":"Inclusive - inclus\u00e3o e cidadania","url":"https:\/\/inclusivenews.com.br\/","logo":{"@type":"ImageObject","inLanguage":"pt-PT","@id":"https:\/\/inclusivenews.com.br\/#\/schema\/logo\/image\/","url":"https:\/\/inclusivenews.com.br\/wp-content\/uploads\/2024\/03\/@grandesite.png","contentUrl":"https:\/\/inclusivenews.com.br\/wp-content\/uploads\/2024\/03\/@grandesite.png","width":1080,"height":1080,"caption":"Inclusive - inclus\u00e3o e cidadania"},"image":{"@id":"https:\/\/inclusivenews.com.br\/#\/schema\/logo\/image\/"},"sameAs":["https:\/\/www.facebook.com\/agenciainclusive\/","https:\/\/www.instagram.com\/newsinclusive\/"]},{"@type":"Person","@id":"https:\/\/inclusivenews.com.br\/#\/schema\/person\/ae4ec7087559b8692fb33b6fffd2273b","name":"inclusivenews2024","image":{"@type":"ImageObject","inLanguage":"pt-PT","@id":"https:\/\/secure.gravatar.com\/avatar\/c5a7ef84c66fa914f55bc4f7ce26cfa275a3b9a1c5568b907bd184fb4dde7b40?s=96&d=mm&r=g","url":"https:\/\/secure.gravatar.com\/avatar\/c5a7ef84c66fa914f55bc4f7ce26cfa275a3b9a1c5568b907bd184fb4dde7b40?s=96&d=mm&r=g","contentUrl":"https:\/\/secure.gravatar.com\/avatar\/c5a7ef84c66fa914f55bc4f7ce26cfa275a3b9a1c5568b907bd184fb4dde7b40?s=96&d=mm&r=g","caption":"inclusivenews2024"},"sameAs":["https:\/\/inclusivenews.com.br"],"url":"https:\/\/inclusivenews.com.br\/?author=1"}]}},"_links":{"self":[{"href":"https:\/\/inclusivenews.com.br\/index.php?rest_route=\/wp\/v2\/posts\/22979","targetHints":{"allow":["GET"]}}],"collection":[{"href":"https:\/\/inclusivenews.com.br\/index.php?rest_route=\/wp\/v2\/posts"}],"about":[{"href":"https:\/\/inclusivenews.com.br\/index.php?rest_route=\/wp\/v2\/types\/post"}],"author":[{"embeddable":true,"href":"https:\/\/inclusivenews.com.br\/index.php?rest_route=\/wp\/v2\/users\/1"}],"replies":[{"embeddable":true,"href":"https:\/\/inclusivenews.com.br\/index.php?rest_route=%2Fwp%2Fv2%2Fcomments&post=22979"}],"version-history":[{"count":0,"href":"https:\/\/inclusivenews.com.br\/index.php?rest_route=\/wp\/v2\/posts\/22979\/revisions"}],"wp:attachment":[{"href":"https:\/\/inclusivenews.com.br\/index.php?rest_route=%2Fwp%2Fv2%2Fmedia&parent=22979"}],"wp:term":[{"taxonomy":"category","embeddable":true,"href":"https:\/\/inclusivenews.com.br\/index.php?rest_route=%2Fwp%2Fv2%2Fcategories&post=22979"},{"taxonomy":"post_tag","embeddable":true,"href":"https:\/\/inclusivenews.com.br\/index.php?rest_route=%2Fwp%2Fv2%2Ftags&post=22979"}],"curies":[{"name":"wp","href":"https:\/\/api.w.org\/{rel}","templated":true}]}}