{"id":22981,"date":"2012-07-18T17:51:21","date_gmt":"2012-07-18T20:51:21","guid":{"rendered":"http:\/\/www.inclusive.org.br\/?p=22981"},"modified":"2012-07-18T17:51:21","modified_gmt":"2012-07-18T20:51:21","slug":"viaje-ate-o-caraiva-viva","status":"publish","type":"post","link":"https:\/\/inclusivenews.com.br\/?p=22981","title":{"rendered":"Viaje at\u00e9 o Cara\u00edva Viva"},"content":{"rendered":"<figure style=\"width: 300px\" class=\"wp-caption alignnone\"><img loading=\"lazy\" decoding=\"async\" title=\"Crian\u00e7as\" src=\"http:\/\/www.avidaeumaviagem.com.br\/blog\/wp-content\/uploads\/2012\/06\/Duca-e-Cacadores-de-bons-exemplos1-300x225.jpg\" alt=\"\" width=\"300\" height=\"225\" \/><figcaption class=\"wp-caption-text\">Foto: Iara Xavier\/Ca\u00e7adores de Bons Exemplos<\/figcaption><\/figure>\n<p><strong><em>A\u00e7\u00e3o:<\/em><\/strong> Espa\u00e7o Cultural Casa Amarela.<br \/>\n<strong><em>Objetivo: <\/em><\/strong>Proporcionar ferramentas que contribuam para o enriquecimento do universo cultural e facilitem uma futura inser\u00e7\u00e3o profissional<br \/>\n<strong><em>Cidade:<\/em><\/strong> Cara\u00edva BA<br \/>\n<strong><em>Como ajudar:<\/em><\/strong> www.caraivaviva.org<br \/>\n<strong><em>Saiba mais em<\/em><\/strong> <a href=\"http:\/\/www.avidaeumaviagem.com.br\/blog\/caraiva-viva\/\">http:\/\/www.avidaeumaviagem.com.br\/blog\/caraiva-viva\/<\/a><\/p>\n<p>Que del\u00edcia foi conhecer Dani e sua capacidade de transforma\u00e7\u00e3o social.<\/p>\n<p>Vamos falar um pouco, sobre um dos projetos deste franc\u00eas que, apaixonado pelo Brasil, se mobiliza e p\u00f5e a m\u00e3o na massa para fazer a diferen\u00e7a em Cara\u00edva.<br \/>\nCARAIVAVIVA est\u00e1 sediada em Cara\u00edva, a o vilarejo mais antiga do Brasil (1537) no sul do Estado da Bahia.<\/p>\n<p>Foi fundada em 2009 por Daniel Bangalter, M\u00f4nica Viana e Abdalio Paes Landim Bastos para realizar e apoiar projetos que visem a melhoria da qualidade de vida em Cara\u00edva nos dom\u00ednios da cultura, educa\u00e7\u00e3o, sa\u00fade, preserva\u00e7\u00e3o do meio ambiente e sustentabilidade.<\/p>\n<p>Desde a sua funda\u00e7\u00e3o, Cara\u00edva, por seu isolamento geogr\u00e1fico, teve de encontrar maneiras de atender suas necessidades b\u00e1sicas sem contar com subven\u00e7\u00f5es do exterior. Esta situa\u00e7\u00e3o gerou um lugar milagrosamente preservado mas tamb\u00e9m carente dos servi\u00e7os essenciais.<\/p>\n<p>Se a vila de pescadores agora recebe no ver\u00e3o um turismo de amantes da natureza intocada, sens\u00edveis ao charme buc\u00f3lico das ruas de areia, da beira do Rio Cara\u00edva e do maravilhoso c\u00e9u estrelado preservado pela aus\u00eancia de ilumina\u00e7\u00e3o p\u00fablica, a esta\u00e7\u00e3o tur\u00edstica \u00e9 curta demais para sustentar o vilarejo o resto do ano.<\/p>\n<p>Para melhorar a qualidade de vida em Cara\u00edva nos dom\u00ednios da cultura, educa\u00e7\u00e3o, sa\u00fade, preserva\u00e7\u00e3o ambiental e sustentabilide e proporcionar melhores oportunidades para os jovens do vilarejo sua contribui\u00e7\u00e3o \u00e9 necess\u00e1ria.<br \/>\nO Centro Cultural Casa Amarela oferece oficinas para 78 crian\u00e7as e adolescentes de Cara\u00edva: Marcenaria, Artes, Ingl\u00eas, Dan\u00e7a, Capoeira, Hist\u00f3rias, Bordado e Costura. Outras classes devem come\u00e7ar em breve, incluindo uma inicia\u00e7\u00e3o b\u00e1sica em Computadores e Internet, Planta\u00e7\u00e3o de produtos hort\u00edcolas e plantas ornamentais e Repara\u00e7\u00e3o de barcos de madeira.<\/p>\n<p>O objetivo \u00e9 proporcionar aos participantes ferramentas que contribuam para o enriquecimento do universo cultural e facilitem uma futura inser\u00e7\u00e3o profissional.<\/p>\n<p>Os t\u00f3picos trabalhados s\u00e3o:<br \/>\nEduca\u00e7\u00e3o: Curso de ingl\u00eas, Aula de computador e internet, Aula de fitoterapia.<br \/>\nSa\u00fade: Preven\u00e7\u00e3o odontol\u00f3gica<br \/>\nPreserva\u00e7\u00e3o: Reciclagem do lixo<br \/>\nSustentabilidade: Ateli\u00ea Mulheres de Caraiva, Rossa: sab\u00f5es caseiros<br \/>\nCultura: Aulas de dan\u00e7a afro, Espa\u00e7o Cultural Casa Amarela, Cinema Cara\u00edva, Oficinas de ver\u00e3o<br \/>\nIncentivar uma crian\u00e7a hoje \u00e9 tornar melhor o dia de amanh\u00e3!<\/p>\n<p>Ano 2012<br \/>\n13 aulas est\u00e3o abertas para 64 crian\u00e7as e adolescentes de Cara\u00edva.<\/p>\n<p>Marcenaria \u2013 Prof. Dilson Borges Sisnande (3 turmas)<br \/>\nArtes \u2013 Prof. Maria do Carmo Maciel Soares \u201cDuca\u201d (2 turmas)<br \/>\nIngl\u00eas \u2013 Prof. Paula Lemos de Almeida (3 turmas)<br \/>\nCapoeira \u2013 Prof. Silmar Porto Sisnande<br \/>\nDan\u00e7a \u2013 Prof. Nathale Sampaio<br \/>\nBordado \u2013 Prof. Maria Joana Arruda Ara\u00fajo<br \/>\nOficina Hist\u00f3rias \u2013 Prof. Luciene Scalzo<br \/>\nCostura \u2013 Prof. Corina Mendes<\/p>\n<p>Outras classes devem come\u00e7ar em breve:<br \/>\nComputadores e Internet<br \/>\nPlanta\u00e7\u00e3o de produtos hort\u00edcolas e plantas ornamentais<br \/>\nRepara\u00e7\u00e3o de barcos de madeira.<\/p>\n<p>Ano 2011<\/p>\n<p>9 turmas abertas para crian\u00e7as e adolescentes de Cara\u00edva;<\/p>\n<p>Oficina de Marcenaria, professor Dilson Borges Sisnande.<br \/>\nAlunos infantil: Alison, Camila, Deliane, Henrique, Iana, Cayke, Daniela, Pedro Henrique, Toni, Ramile, Maria, Serena, Milene, Janice, Guilherme, Hemille, Brena e Isabela.<br \/>\nadolescentes: Enoque, Wilke, Jo\u00e3o, Douglas, Eliab, Miguel, Jamilton, Eliel, Henrique, Matheus, Marglef e Pedro.<\/p>\n<p>Oficina de Ingl\u00eas, professora Daniela Giannini.<br \/>\nAlunos: Alison, Camila, Deliane, Henrique, Iana, Cayke, Pedro Henrique, Toni, Ramile, Maria, Serena, Milene, Janice, Guilherme, Hemille, Brena, Isabela, Yasmim, Ronan, Inauyry, Jo\u00e3o Pedro e Pietra.<\/p>\n<p>Oficina de Capoeira, professor Silmar Sisnande.<br \/>\nAlunos: Alison, Cayke, Toni, Isabela, Inauyry, Iana, Guilherme, Henrique, Pedro Henrique, Caique, Eduardo, Cleyton, Ronan, Brena, Jo\u00e3o Pedro e Pietra.<\/p>\n<p>Oficina de Dan\u00e7a, professora Nathale Sampaio.<br \/>\nAlunos infantil: Alison, Toni, Isabela, Iana, Guilherme, Henrique, Pedro Henrique, Ronan, Brena, Jo\u00e3o Pedro, Janice, Maria, Serena, Milene, Kariny, Kamilly, Ruth A., Joala, Ruth B., Rillary, Elis e Inai\u00e1.<br \/>\nadolescentes: B\u00e1rbara, Aline, Clara, Jaine, Jamile e Milene.<\/p>\n<p>Oficina de Artes, professora Duca.<br \/>\nAlunos: Alison, Camila, Deliane, Henrique, Iana, Cayke, Daniela, Pedro Henrique, Toni, Ramile, Maria, Serena, Milene, Janice, Guilherme, Hemille, Brena, Isabela, Inauyry, Pietra e Yasmim.<\/p>\n<p>Oficina de Bordado, professora Maria Joana Arruda Ara\u00fajo.<br \/>\nAlunas: B\u00e1rbara, K\u00e9scia, La\u00eds, Luana, Raiane, Joice, Jamile, Jaine, Iara, Rizia, Idila, Eleonara e Lorena.<\/p>\n<p>Oficina de Corte e Costura, professora Corina Mendes.<br \/>\nAlunas: Nani, Iara, Aline, Adna e Luana.<\/p>\n<p>Oficina de Teatro, professor Erbert Mainardi.<br \/>\nAlunos: Raiane, Cleyton, Luana, B\u00e1rbara, Samira, K\u00e9scia e La\u00eds.<\/p>\n<p>Oficina de reciclagem, professora Nathale Sampaio.<br \/>\nAlunos: Rodrigo, Wilke, Daniel, Henrique, Enoque e Adenilson.<\/p>\n<p>PROJETO DE ARTE E EDUCA\u00c7\u00c3O<\/p>\n<p>1- Titulo<br \/>\nArtes e Of\u00edcios no Espa\u00e7o Cultural Casa Amarela.<\/p>\n<p>2- Per\u00edodo de execu\u00e7\u00e3o<br \/>\nAnual.<\/p>\n<p>3- Descri\u00e7\u00e3o<br \/>\nUm Espa\u00e7o Cultural hospedado na sede da Associa\u00e7\u00e3o Cara\u00edvaViva (ACV), na Rua dos Navegantes, s\/n, aberto de segunda a sexta-feira, com oficinas gratuitas de artes e educa\u00e7\u00e3o destinadas a crian\u00e7as e adolescentes de Cara\u00edva, o mais antigo vilarejo do Brasil.<\/p>\n<p>4- Apresenta\u00e7\u00e3o<br \/>\nO projeto Espa\u00e7o Cultural Casa Amarela foi idealizado para enriquecer o conhecimento e auxiliar no desenvolvimento de crian\u00e7as e adolescentes, entre 7 e 16 anos da comunidade de Cara\u00edva. A inten\u00e7\u00e3o \u00e9 de ampliar suas possibilidades atrav\u00e9s das oficinas art\u00edsticas e facilitar uma futura inser\u00e7\u00e3o profissional pelo aprendizado de um of\u00edcio.<br \/>\nO projeto tem como objetivo preencher algumas lacunas da car\u00eancia local e realizar um trabalho espec\u00edfico nas suas tr\u00eas principais propostas:<br \/>\n\u2022 Valorizar o universo cultural, (oficina de Artes, Dan\u00e7a, Ingl\u00eas, Teatro, Capoeira\u2026);<br \/>\n\u2022 Inclus\u00e3o digital, (Inicia\u00e7\u00e3o a inform\u00e1tica, Acesso a Internet, Ferramentas de pesquisa, Programas especiais de \u00c1udio Visual);<br \/>\n\u2022 Inicia\u00e7\u00e3o em diversos of\u00edcios, (oficina de Carpintaria, Costura, Bordados, Massagem, Cabeleireiro, Eletricista\u2026).<br \/>\nA id\u00e9ia \u00e9 dar continuidade ao projeto piloto que foi realizado em Cara\u00edva no ver\u00e3o de 2011 (Jan\/Fev) pela ACV e teve resultados positivos de aceita\u00e7\u00e3o e desempenho.<\/p>\n<p>5- Justificativa<br \/>\nCara\u00edva, localizada no extremo sul da Bahia, \u00e9 o mais antigo vilarejo do Brasil (1537). Por ser de dif\u00edcil acesso e com uma situa\u00e7\u00e3o geopol\u00edtica especial, os moradores sofrem com a car\u00eancia de investimentos nas \u00e1reas da sa\u00fade, educa\u00e7\u00e3o e cultura. Em decorr\u00eancia da aus\u00eancia de uma escola de segundo grau, as crian\u00e7as ficam sem ocupa\u00e7\u00e3o e lidam com dificuldades em dar continua\u00e7\u00e3o \u00e0 forma\u00e7\u00e3o escolar, assim o campo de possibilidades profissionais e as expectativas futuras ficam restritos. Sabemos que ociosos e sem perspectivas, os adolescentes se tornam suscet\u00edveis a perigos sociais como as drogas e a criminaliza\u00e7\u00e3o.<\/p>\n<p>Desse modo, se faz necess\u00e1rio iniciativas que busquem amenizar os efeitos prejudiciais decorrentes de tais situa\u00e7\u00f5es e proporcionem melhores oportunidades para essas crian\u00e7as e adolescentes.<br \/>\nAcreditamos que constituir uma base profissional que possa gerar renda, oferecer capacita\u00e7\u00e3o para a futura entrada no mercado de trabalho, dar continuidade a of\u00edcios tradicionais que passam de gera\u00e7\u00e3o a gera\u00e7\u00e3o e estimular a criatividade, s\u00e3o ferramentas para formarmos melhores cidad\u00e3os, que estejam valorizados nas suas potencialidades individuais, culturais e locais e assim, otimistas em rela\u00e7\u00e3o ao futuro.<br \/>\nIncentivar uma crian\u00e7a hoje \u00e9 tornar melhor o dia de amanh\u00e3.<\/p>\n<p>6- Avalia\u00e7\u00e3o<br \/>\nA avalia\u00e7\u00e3o se far\u00e1 constantemente durante o andamento do projeto, deixando em aberto mudan\u00e7as nas propostas, se assim for necess\u00e1rio.<br \/>\nPor\u00e9m, ao final do projeto ser\u00e1 elaborado um relat\u00f3rio com todas as atividades descritas, frequ\u00eancia dos alunos, desempenho dos objetivos propostos, presta\u00e7\u00e3o de contas e registro fotogr\u00e1fico, que ser\u00e1 apresentado aos colaboradores e a quem mais possa interessar a consulta.<\/p>\n<p>7- Contra partida<br \/>\nPara a execu\u00e7\u00e3o do projeto a Associa\u00e7\u00e3o Cara\u00edva Viva disponibiliza o espa\u00e7o f\u00edsico na sua sede para servir como o Espa\u00e7o Cultural Casa Amarela, se responsabiliza totalmente pelas contas de \u00e1gua e luz, disponibilizam seus escrit\u00f3rios para uso da coordena\u00e7\u00e3o do projeto, telefone, impressora e coloca a disposi\u00e7\u00e3o seu auxiliar administrativo para as contabilidades do projeto.<\/p>\n<p>8- Cronograma de execu\u00e7\u00e3o \/ 2011<br \/>\n25 de Abril de 2011 Inscri\u00e7\u00f5es, 10 (dez) vagas por turma.<br \/>\n17 de Maio de 2011 In\u00edcio do Espa\u00e7o Cultural Casa Amarela.<br \/>\nPrimeiro per\u00edodo \/ Maio a Julho de 2011<br \/>\nOficina de Carpintaria;<br \/>\nCurso de Dan\u00e7a;<br \/>\nCurso de Artes;<br \/>\nCurso de Capoeira.<br \/>\nJulho de 2011 Recesso para os workshops de inverno<br \/>\nSegundo per\u00edodo \/ Agosto a Novembro de 2011<br \/>\nCurso de Artes;<br \/>\nCurso de Dan\u00e7a;<br \/>\nCurso de Capoeira;<br \/>\nCurso de Computa\u00e7\u00e3o e Internet;<br \/>\nCurso de Ingl\u00eas;<br \/>\nOficina de Carpintaria.<br \/>\nNovembro de 2011 Prepara\u00e7\u00e3o da Apresenta\u00e7\u00e3o e Exposi\u00e7\u00e3o.<br \/>\nDezembro de 2011 Fechamento e presta\u00e7\u00e3o de contas.<\/p>\n<p>Saibam mais e como ajudar em:<br \/>\nRua dos Navegantes s\/n, Centro, Cara\u00edva, Bahia. Tel: 73 3668-5108<br \/>\nwww.caraivaviva.org<\/p>\n","protected":false},"excerpt":{"rendered":"<p>Os Ca\u00e7adores de Bons Exemplos foram at\u00e9 Cara\u00edva, para mostrar o trabalho da Cara\u00edva Viva.<\/p>\n","protected":false},"author":1,"featured_media":0,"comment_status":"open","ping_status":"open","sticky":false,"template":"","format":"standard","meta":{"site-container-style":"default","site-container-layout":"default","site-sidebar-layout":"default","disable-article-header":"default","disable-site-header":"default","disable-site-footer":"default","disable-content-area-spacing":"default","footnotes":""},"categories":[4],"tags":[],"class_list":["post-22981","post","type-post","status-publish","format-standard","hentry","category-noticias"],"yoast_head":"<!-- This site is optimized with the Yoast SEO plugin v27.4 - https:\/\/yoast.com\/product\/yoast-seo-wordpress\/ -->\n<title>Viaje at\u00e9 o Cara\u00edva Viva -<\/title>\n<meta name=\"robots\" content=\"index, follow, max-snippet:-1, max-image-preview:large, max-video-preview:-1\" \/>\n<link rel=\"canonical\" href=\"https:\/\/inclusivenews.com.br\/?p=22981\" \/>\n<meta property=\"og:locale\" content=\"pt_PT\" \/>\n<meta property=\"og:type\" content=\"article\" \/>\n<meta property=\"og:title\" content=\"Viaje at\u00e9 o Cara\u00edva Viva -\" \/>\n<meta property=\"og:description\" content=\"Os Ca\u00e7adores de Bons Exemplos foram at\u00e9 Cara\u00edva, para mostrar o trabalho da Cara\u00edva Viva.\" \/>\n<meta property=\"og:url\" content=\"https:\/\/inclusivenews.com.br\/?p=22981\" \/>\n<meta property=\"article:publisher\" content=\"https:\/\/www.facebook.com\/agenciainclusive\/\" \/>\n<meta property=\"article:published_time\" content=\"2012-07-18T20:51:21+00:00\" \/>\n<meta property=\"og:image\" content=\"http:\/\/www.avidaeumaviagem.com.br\/blog\/wp-content\/uploads\/2012\/06\/Duca-e-Cacadores-de-bons-exemplos1-300x225.jpg\" \/>\n<meta name=\"author\" content=\"inclusivenews2024\" \/>\n<meta name=\"twitter:card\" content=\"summary_large_image\" \/>\n<meta name=\"twitter:label1\" content=\"Escrito por\" \/>\n\t<meta name=\"twitter:data1\" content=\"inclusivenews2024\" \/>\n\t<meta name=\"twitter:label2\" content=\"Tempo estimado de leitura\" \/>\n\t<meta name=\"twitter:data2\" content=\"8 minutos\" \/>\n<script type=\"application\/ld+json\" class=\"yoast-schema-graph\">{\"@context\":\"https:\\\/\\\/schema.org\",\"@graph\":[{\"@type\":\"Article\",\"@id\":\"https:\\\/\\\/inclusivenews.com.br\\\/?p=22981#article\",\"isPartOf\":{\"@id\":\"https:\\\/\\\/inclusivenews.com.br\\\/?p=22981\"},\"author\":{\"name\":\"inclusivenews2024\",\"@id\":\"https:\\\/\\\/inclusivenews.com.br\\\/#\\\/schema\\\/person\\\/ae4ec7087559b8692fb33b6fffd2273b\"},\"headline\":\"Viaje at\u00e9 o Cara\u00edva Viva\",\"datePublished\":\"2012-07-18T20:51:21+00:00\",\"mainEntityOfPage\":{\"@id\":\"https:\\\/\\\/inclusivenews.com.br\\\/?p=22981\"},\"wordCount\":1535,\"commentCount\":0,\"publisher\":{\"@id\":\"https:\\\/\\\/inclusivenews.com.br\\\/#organization\"},\"image\":{\"@id\":\"https:\\\/\\\/inclusivenews.com.br\\\/?p=22981#primaryimage\"},\"thumbnailUrl\":\"http:\\\/\\\/www.avidaeumaviagem.com.br\\\/blog\\\/wp-content\\\/uploads\\\/2012\\\/06\\\/Duca-e-Cacadores-de-bons-exemplos1-300x225.jpg\",\"articleSection\":[\"NOT\u00cdCIAS\"],\"inLanguage\":\"pt-PT\",\"potentialAction\":[{\"@type\":\"CommentAction\",\"name\":\"Comment\",\"target\":[\"https:\\\/\\\/inclusivenews.com.br\\\/?p=22981#respond\"]}]},{\"@type\":\"WebPage\",\"@id\":\"https:\\\/\\\/inclusivenews.com.br\\\/?p=22981\",\"url\":\"https:\\\/\\\/inclusivenews.com.br\\\/?p=22981\",\"name\":\"Viaje at\u00e9 o Cara\u00edva Viva -\",\"isPartOf\":{\"@id\":\"https:\\\/\\\/inclusivenews.com.br\\\/#website\"},\"primaryImageOfPage\":{\"@id\":\"https:\\\/\\\/inclusivenews.com.br\\\/?p=22981#primaryimage\"},\"image\":{\"@id\":\"https:\\\/\\\/inclusivenews.com.br\\\/?p=22981#primaryimage\"},\"thumbnailUrl\":\"http:\\\/\\\/www.avidaeumaviagem.com.br\\\/blog\\\/wp-content\\\/uploads\\\/2012\\\/06\\\/Duca-e-Cacadores-de-bons-exemplos1-300x225.jpg\",\"datePublished\":\"2012-07-18T20:51:21+00:00\",\"breadcrumb\":{\"@id\":\"https:\\\/\\\/inclusivenews.com.br\\\/?p=22981#breadcrumb\"},\"inLanguage\":\"pt-PT\",\"potentialAction\":[{\"@type\":\"ReadAction\",\"target\":[\"https:\\\/\\\/inclusivenews.com.br\\\/?p=22981\"]}]},{\"@type\":\"ImageObject\",\"inLanguage\":\"pt-PT\",\"@id\":\"https:\\\/\\\/inclusivenews.com.br\\\/?p=22981#primaryimage\",\"url\":\"http:\\\/\\\/www.avidaeumaviagem.com.br\\\/blog\\\/wp-content\\\/uploads\\\/2012\\\/06\\\/Duca-e-Cacadores-de-bons-exemplos1-300x225.jpg\",\"contentUrl\":\"http:\\\/\\\/www.avidaeumaviagem.com.br\\\/blog\\\/wp-content\\\/uploads\\\/2012\\\/06\\\/Duca-e-Cacadores-de-bons-exemplos1-300x225.jpg\"},{\"@type\":\"BreadcrumbList\",\"@id\":\"https:\\\/\\\/inclusivenews.com.br\\\/?p=22981#breadcrumb\",\"itemListElement\":[{\"@type\":\"ListItem\",\"position\":1,\"name\":\"In\u00edcio\",\"item\":\"https:\\\/\\\/inclusivenews.com.br\\\/\"},{\"@type\":\"ListItem\",\"position\":2,\"name\":\"Viaje at\u00e9 o Cara\u00edva Viva\"}]},{\"@type\":\"WebSite\",\"@id\":\"https:\\\/\\\/inclusivenews.com.br\\\/#website\",\"url\":\"https:\\\/\\\/inclusivenews.com.br\\\/\",\"name\":\"Inclusive News\",\"description\":\"Inclusive News\",\"publisher\":{\"@id\":\"https:\\\/\\\/inclusivenews.com.br\\\/#organization\"},\"potentialAction\":[{\"@type\":\"SearchAction\",\"target\":{\"@type\":\"EntryPoint\",\"urlTemplate\":\"https:\\\/\\\/inclusivenews.com.br\\\/?s={search_term_string}\"},\"query-input\":{\"@type\":\"PropertyValueSpecification\",\"valueRequired\":true,\"valueName\":\"search_term_string\"}}],\"inLanguage\":\"pt-PT\"},{\"@type\":\"Organization\",\"@id\":\"https:\\\/\\\/inclusivenews.com.br\\\/#organization\",\"name\":\"Inclusive - inclus\u00e3o e cidadania\",\"url\":\"https:\\\/\\\/inclusivenews.com.br\\\/\",\"logo\":{\"@type\":\"ImageObject\",\"inLanguage\":\"pt-PT\",\"@id\":\"https:\\\/\\\/inclusivenews.com.br\\\/#\\\/schema\\\/logo\\\/image\\\/\",\"url\":\"https:\\\/\\\/inclusivenews.com.br\\\/wp-content\\\/uploads\\\/2024\\\/03\\\/@grandesite.png\",\"contentUrl\":\"https:\\\/\\\/inclusivenews.com.br\\\/wp-content\\\/uploads\\\/2024\\\/03\\\/@grandesite.png\",\"width\":1080,\"height\":1080,\"caption\":\"Inclusive - inclus\u00e3o e cidadania\"},\"image\":{\"@id\":\"https:\\\/\\\/inclusivenews.com.br\\\/#\\\/schema\\\/logo\\\/image\\\/\"},\"sameAs\":[\"https:\\\/\\\/www.facebook.com\\\/agenciainclusive\\\/\",\"https:\\\/\\\/www.instagram.com\\\/newsinclusive\\\/\"]},{\"@type\":\"Person\",\"@id\":\"https:\\\/\\\/inclusivenews.com.br\\\/#\\\/schema\\\/person\\\/ae4ec7087559b8692fb33b6fffd2273b\",\"name\":\"inclusivenews2024\",\"image\":{\"@type\":\"ImageObject\",\"inLanguage\":\"pt-PT\",\"@id\":\"https:\\\/\\\/secure.gravatar.com\\\/avatar\\\/c5a7ef84c66fa914f55bc4f7ce26cfa275a3b9a1c5568b907bd184fb4dde7b40?s=96&d=mm&r=g\",\"url\":\"https:\\\/\\\/secure.gravatar.com\\\/avatar\\\/c5a7ef84c66fa914f55bc4f7ce26cfa275a3b9a1c5568b907bd184fb4dde7b40?s=96&d=mm&r=g\",\"contentUrl\":\"https:\\\/\\\/secure.gravatar.com\\\/avatar\\\/c5a7ef84c66fa914f55bc4f7ce26cfa275a3b9a1c5568b907bd184fb4dde7b40?s=96&d=mm&r=g\",\"caption\":\"inclusivenews2024\"},\"sameAs\":[\"https:\\\/\\\/inclusivenews.com.br\"],\"url\":\"https:\\\/\\\/inclusivenews.com.br\\\/?author=1\"}]}<\/script>\n<!-- \/ Yoast SEO plugin. -->","yoast_head_json":{"title":"Viaje at\u00e9 o Cara\u00edva Viva -","robots":{"index":"index","follow":"follow","max-snippet":"max-snippet:-1","max-image-preview":"max-image-preview:large","max-video-preview":"max-video-preview:-1"},"canonical":"https:\/\/inclusivenews.com.br\/?p=22981","og_locale":"pt_PT","og_type":"article","og_title":"Viaje at\u00e9 o Cara\u00edva Viva -","og_description":"Os Ca\u00e7adores de Bons Exemplos foram at\u00e9 Cara\u00edva, para mostrar o trabalho da Cara\u00edva Viva.","og_url":"https:\/\/inclusivenews.com.br\/?p=22981","article_publisher":"https:\/\/www.facebook.com\/agenciainclusive\/","article_published_time":"2012-07-18T20:51:21+00:00","og_image":[{"url":"http:\/\/www.avidaeumaviagem.com.br\/blog\/wp-content\/uploads\/2012\/06\/Duca-e-Cacadores-de-bons-exemplos1-300x225.jpg","type":"","width":"","height":""}],"author":"inclusivenews2024","twitter_card":"summary_large_image","twitter_misc":{"Escrito por":"inclusivenews2024","Tempo estimado de leitura":"8 minutos"},"schema":{"@context":"https:\/\/schema.org","@graph":[{"@type":"Article","@id":"https:\/\/inclusivenews.com.br\/?p=22981#article","isPartOf":{"@id":"https:\/\/inclusivenews.com.br\/?p=22981"},"author":{"name":"inclusivenews2024","@id":"https:\/\/inclusivenews.com.br\/#\/schema\/person\/ae4ec7087559b8692fb33b6fffd2273b"},"headline":"Viaje at\u00e9 o Cara\u00edva Viva","datePublished":"2012-07-18T20:51:21+00:00","mainEntityOfPage":{"@id":"https:\/\/inclusivenews.com.br\/?p=22981"},"wordCount":1535,"commentCount":0,"publisher":{"@id":"https:\/\/inclusivenews.com.br\/#organization"},"image":{"@id":"https:\/\/inclusivenews.com.br\/?p=22981#primaryimage"},"thumbnailUrl":"http:\/\/www.avidaeumaviagem.com.br\/blog\/wp-content\/uploads\/2012\/06\/Duca-e-Cacadores-de-bons-exemplos1-300x225.jpg","articleSection":["NOT\u00cdCIAS"],"inLanguage":"pt-PT","potentialAction":[{"@type":"CommentAction","name":"Comment","target":["https:\/\/inclusivenews.com.br\/?p=22981#respond"]}]},{"@type":"WebPage","@id":"https:\/\/inclusivenews.com.br\/?p=22981","url":"https:\/\/inclusivenews.com.br\/?p=22981","name":"Viaje at\u00e9 o Cara\u00edva Viva -","isPartOf":{"@id":"https:\/\/inclusivenews.com.br\/#website"},"primaryImageOfPage":{"@id":"https:\/\/inclusivenews.com.br\/?p=22981#primaryimage"},"image":{"@id":"https:\/\/inclusivenews.com.br\/?p=22981#primaryimage"},"thumbnailUrl":"http:\/\/www.avidaeumaviagem.com.br\/blog\/wp-content\/uploads\/2012\/06\/Duca-e-Cacadores-de-bons-exemplos1-300x225.jpg","datePublished":"2012-07-18T20:51:21+00:00","breadcrumb":{"@id":"https:\/\/inclusivenews.com.br\/?p=22981#breadcrumb"},"inLanguage":"pt-PT","potentialAction":[{"@type":"ReadAction","target":["https:\/\/inclusivenews.com.br\/?p=22981"]}]},{"@type":"ImageObject","inLanguage":"pt-PT","@id":"https:\/\/inclusivenews.com.br\/?p=22981#primaryimage","url":"http:\/\/www.avidaeumaviagem.com.br\/blog\/wp-content\/uploads\/2012\/06\/Duca-e-Cacadores-de-bons-exemplos1-300x225.jpg","contentUrl":"http:\/\/www.avidaeumaviagem.com.br\/blog\/wp-content\/uploads\/2012\/06\/Duca-e-Cacadores-de-bons-exemplos1-300x225.jpg"},{"@type":"BreadcrumbList","@id":"https:\/\/inclusivenews.com.br\/?p=22981#breadcrumb","itemListElement":[{"@type":"ListItem","position":1,"name":"In\u00edcio","item":"https:\/\/inclusivenews.com.br\/"},{"@type":"ListItem","position":2,"name":"Viaje at\u00e9 o Cara\u00edva Viva"}]},{"@type":"WebSite","@id":"https:\/\/inclusivenews.com.br\/#website","url":"https:\/\/inclusivenews.com.br\/","name":"Inclusive News","description":"Inclusive News","publisher":{"@id":"https:\/\/inclusivenews.com.br\/#organization"},"potentialAction":[{"@type":"SearchAction","target":{"@type":"EntryPoint","urlTemplate":"https:\/\/inclusivenews.com.br\/?s={search_term_string}"},"query-input":{"@type":"PropertyValueSpecification","valueRequired":true,"valueName":"search_term_string"}}],"inLanguage":"pt-PT"},{"@type":"Organization","@id":"https:\/\/inclusivenews.com.br\/#organization","name":"Inclusive - inclus\u00e3o e cidadania","url":"https:\/\/inclusivenews.com.br\/","logo":{"@type":"ImageObject","inLanguage":"pt-PT","@id":"https:\/\/inclusivenews.com.br\/#\/schema\/logo\/image\/","url":"https:\/\/inclusivenews.com.br\/wp-content\/uploads\/2024\/03\/@grandesite.png","contentUrl":"https:\/\/inclusivenews.com.br\/wp-content\/uploads\/2024\/03\/@grandesite.png","width":1080,"height":1080,"caption":"Inclusive - inclus\u00e3o e cidadania"},"image":{"@id":"https:\/\/inclusivenews.com.br\/#\/schema\/logo\/image\/"},"sameAs":["https:\/\/www.facebook.com\/agenciainclusive\/","https:\/\/www.instagram.com\/newsinclusive\/"]},{"@type":"Person","@id":"https:\/\/inclusivenews.com.br\/#\/schema\/person\/ae4ec7087559b8692fb33b6fffd2273b","name":"inclusivenews2024","image":{"@type":"ImageObject","inLanguage":"pt-PT","@id":"https:\/\/secure.gravatar.com\/avatar\/c5a7ef84c66fa914f55bc4f7ce26cfa275a3b9a1c5568b907bd184fb4dde7b40?s=96&d=mm&r=g","url":"https:\/\/secure.gravatar.com\/avatar\/c5a7ef84c66fa914f55bc4f7ce26cfa275a3b9a1c5568b907bd184fb4dde7b40?s=96&d=mm&r=g","contentUrl":"https:\/\/secure.gravatar.com\/avatar\/c5a7ef84c66fa914f55bc4f7ce26cfa275a3b9a1c5568b907bd184fb4dde7b40?s=96&d=mm&r=g","caption":"inclusivenews2024"},"sameAs":["https:\/\/inclusivenews.com.br"],"url":"https:\/\/inclusivenews.com.br\/?author=1"}]}},"_links":{"self":[{"href":"https:\/\/inclusivenews.com.br\/index.php?rest_route=\/wp\/v2\/posts\/22981","targetHints":{"allow":["GET"]}}],"collection":[{"href":"https:\/\/inclusivenews.com.br\/index.php?rest_route=\/wp\/v2\/posts"}],"about":[{"href":"https:\/\/inclusivenews.com.br\/index.php?rest_route=\/wp\/v2\/types\/post"}],"author":[{"embeddable":true,"href":"https:\/\/inclusivenews.com.br\/index.php?rest_route=\/wp\/v2\/users\/1"}],"replies":[{"embeddable":true,"href":"https:\/\/inclusivenews.com.br\/index.php?rest_route=%2Fwp%2Fv2%2Fcomments&post=22981"}],"version-history":[{"count":0,"href":"https:\/\/inclusivenews.com.br\/index.php?rest_route=\/wp\/v2\/posts\/22981\/revisions"}],"wp:attachment":[{"href":"https:\/\/inclusivenews.com.br\/index.php?rest_route=%2Fwp%2Fv2%2Fmedia&parent=22981"}],"wp:term":[{"taxonomy":"category","embeddable":true,"href":"https:\/\/inclusivenews.com.br\/index.php?rest_route=%2Fwp%2Fv2%2Fcategories&post=22981"},{"taxonomy":"post_tag","embeddable":true,"href":"https:\/\/inclusivenews.com.br\/index.php?rest_route=%2Fwp%2Fv2%2Ftags&post=22981"}],"curies":[{"name":"wp","href":"https:\/\/api.w.org\/{rel}","templated":true}]}}