{"id":22983,"date":"2012-07-18T17:54:57","date_gmt":"2012-07-18T20:54:57","guid":{"rendered":"http:\/\/www.inclusive.org.br\/?p=22983"},"modified":"2012-07-18T17:54:57","modified_gmt":"2012-07-18T20:54:57","slug":"vi-congresso-brasileiro-sobre-sindrome-de-down-agora-e-a-nossa-vez-nada-sobre-nos-sem-nos","status":"publish","type":"post","link":"https:\/\/inclusivenews.com.br\/?p=22983","title":{"rendered":"VI Congresso Brasileiro sobre S\u00edndrome de Down &#8211; Agora \u00e9 a nossa vez, nada sobre n\u00f3s sem n\u00f3s"},"content":{"rendered":"<p><a href=\"http:\/\/www.cbsdown2012.com.br\/images\/topo_site2.png\"><\/a><a href=\"http:\/\/www.inclusivenews.com.br\/wp-content\/uploads\/congresso_sd.jpg\"><img loading=\"lazy\" decoding=\"async\" class=\"size-full wp-image-22986 alignnone\" title=\"VI Congresso Brasileiro sobre S\u00edndrome de Down - o s\u00edmbolo da FBASD - um olho puxado t\u00edpico da SD - sobre duas imagens humanas\" src=\"http:\/\/inclusivenews.com.br\/wp-content\/uploads\/congresso_sd.jpg\" alt=\"VI Congresso Brasileiro sobre S\u00edndrome de Down - o s\u00edmbolo da FBASD - um olho puxado t\u00edpico da SD - sobre duas imagens humanas\" width=\"447\" height=\"190\" \/><\/a><\/p>\n<p>Foi idealizado pela parceria da Federa\u00e7\u00e3o Brasileira das Associa\u00e7\u00f5es de S\u00edndrome de Down e Associa\u00e7\u00e3o de Pais e Amigos de Pessoas com S\u00edndrome de Down-PE, sob a \u00e9gide da CONVEN\u00c7\u00c3O SOBRE OS DIREITOS DAS PESSOAS COM DEFICI\u00caNCIA da qual o Brasil foi signat\u00e1rio &#8212; dentre 153 pa\u00edses &#8212; e que veio a ser ratificada com &#8220;status&#8221; de Emenda Constitucional pelo Decreto Legislativo n\u00ba 186 de 09 de julho de 2008 e promulgada pelo Decreto n\u00ba 6.949 de 25 de agosto de 2009.<\/p>\n<p>Trata-se de um documento inovador, de import\u00e2ncia maior para o MOVIMENTO das pessoas com defici\u00eancia em todo o planeta. Seus comandos foram iluminados pelos direitos humanos, inaugurando-se, assim, uma nova era, na qual as defici\u00eancias deixam de ser focadas prioritariamente como problemas da \u00e1rea de sa\u00fade para se tornar uma quest\u00e3o social, reconhecendo-se a import\u00e2ncia da autonomia e independ\u00eancia individual dessas pessoas, refletida na liberdade de fazer as pr\u00f3prias escolhas!<\/p>\n<p>\u00c9 um salto de qualidade, pois propicia a discuss\u00e3o do tema proposto respaldado nos avan\u00e7os tecnol\u00f3gicos e cient\u00edficos. Tem-se, ent\u00e3o, um novo momento no capitulo da hist\u00f3ria do MOVIMENTO no qual a pessoa \u00e9 valorizada por seus potenciais, sendo-lhe oportunizado o verdadeiro crescimento cidad\u00e3o, respeitando-lhes os desejos e decis\u00f5es e, ent\u00e3o a dignidade inerente a qualquer ser humano. N\u00e3o se centra mais o problema exclusivamente na pessoa com defici\u00eancia, mas na sociedade como um todo e no entorno dessas pessoas!<\/p>\n<p>Preparamos uma programa\u00e7\u00e3o que vai contemplar uma grande diversidade de temas para debate, reunindo os m\u00faltiplos aspectos que instrumentalizam as pessoas com s\u00edndrome de Down, seus familiares e profissionais a exercitarem a pr\u00e1tica inclusiva como forma de conquistar a desejada cidadania para esse grupo de brasileiros e brasileiras, em respeito aos princ\u00edpios constitucionais da igualdade, da solidariedade, da dignidade e da n\u00e3o discrimina\u00e7\u00e3o, visando \u00e0 busca de um futuro saud\u00e1vel.<\/p>\n<p>&#8220;AGORA \u00c9 A NOSSA VEZ: NADA SOBRE N\u00d3S SEM N\u00d3S&#8221;, foi o tema escolhido, com base na necessidade agora determinada por lei, das pessoas com defici\u00eancia intelectual exercerem o PROTAGONISMO de tudo o que diz respeito \u00e0s suas vidas.<\/p>\n<p>Inscreva-se e participe! <a href=\"http:\/\/www.cbsdown2012.com.br\/\">http:\/\/www.cbsdown2012.com.br\/<\/a><\/p>\n","protected":false},"excerpt":{"rendered":"<p>&#8220;Agora \u00e9 a nossa vez: nada sobre n\u00f3s sem n\u00f3s&#8221;, foi o tema escolhido, com base na necessidade agora determinada por lei, das pessoas com defici\u00eancia intelectual exercerem o PROTAGONISMO de tudo o que diz respeito \u00e0s suas vidas.<\/p>\n","protected":false},"author":1,"featured_media":0,"comment_status":"open","ping_status":"open","sticky":false,"template":"","format":"standard","meta":{"site-container-style":"default","site-container-layout":"default","site-sidebar-layout":"default","disable-article-header":"default","disable-site-header":"default","disable-site-footer":"default","disable-content-area-spacing":"default","footnotes":""},"categories":[38,48,4],"tags":[112],"class_list":["post-22983","post","type-post","status-publish","format-standard","hentry","category-deficiencia","category-inclusao","category-noticias","tag-sindrome-de-down"],"yoast_head":"<!-- This site is optimized with the Yoast SEO plugin v27.4 - https:\/\/yoast.com\/product\/yoast-seo-wordpress\/ -->\n<title>VI Congresso Brasileiro sobre S\u00edndrome de Down - Agora \u00e9 a nossa vez, nada sobre n\u00f3s sem n\u00f3s -<\/title>\n<meta name=\"robots\" content=\"index, follow, max-snippet:-1, max-image-preview:large, max-video-preview:-1\" \/>\n<link rel=\"canonical\" href=\"https:\/\/inclusivenews.com.br\/?p=22983\" \/>\n<meta property=\"og:locale\" content=\"pt_PT\" \/>\n<meta property=\"og:type\" content=\"article\" \/>\n<meta property=\"og:title\" content=\"VI Congresso Brasileiro sobre S\u00edndrome de Down - Agora \u00e9 a nossa vez, nada sobre n\u00f3s sem n\u00f3s -\" \/>\n<meta property=\"og:description\" content=\"&quot;Agora \u00e9 a nossa vez: nada sobre n\u00f3s sem n\u00f3s&quot;, foi o tema escolhido, com base na necessidade agora determinada por lei, das pessoas com defici\u00eancia intelectual exercerem o PROTAGONISMO de tudo o que diz respeito \u00e0s suas vidas.\" \/>\n<meta property=\"og:url\" content=\"https:\/\/inclusivenews.com.br\/?p=22983\" \/>\n<meta property=\"article:publisher\" content=\"https:\/\/www.facebook.com\/agenciainclusive\/\" \/>\n<meta property=\"article:published_time\" content=\"2012-07-18T20:54:57+00:00\" \/>\n<meta property=\"og:image\" content=\"http:\/\/inclusivenews.com.br\/wp-content\/uploads\/congresso_sd.jpg\" \/>\n<meta name=\"author\" content=\"inclusivenews2024\" \/>\n<meta name=\"twitter:card\" content=\"summary_large_image\" \/>\n<meta name=\"twitter:label1\" content=\"Escrito por\" \/>\n\t<meta name=\"twitter:data1\" content=\"inclusivenews2024\" \/>\n\t<meta name=\"twitter:label2\" content=\"Tempo estimado de leitura\" \/>\n\t<meta name=\"twitter:data2\" content=\"2 minutos\" \/>\n<script type=\"application\/ld+json\" class=\"yoast-schema-graph\">{\"@context\":\"https:\\\/\\\/schema.org\",\"@graph\":[{\"@type\":\"Article\",\"@id\":\"https:\\\/\\\/inclusivenews.com.br\\\/?p=22983#article\",\"isPartOf\":{\"@id\":\"https:\\\/\\\/inclusivenews.com.br\\\/?p=22983\"},\"author\":{\"name\":\"inclusivenews2024\",\"@id\":\"https:\\\/\\\/inclusivenews.com.br\\\/#\\\/schema\\\/person\\\/ae4ec7087559b8692fb33b6fffd2273b\"},\"headline\":\"VI Congresso Brasileiro sobre S\u00edndrome de Down &#8211; Agora \u00e9 a nossa vez, nada sobre n\u00f3s sem n\u00f3s\",\"datePublished\":\"2012-07-18T20:54:57+00:00\",\"mainEntityOfPage\":{\"@id\":\"https:\\\/\\\/inclusivenews.com.br\\\/?p=22983\"},\"wordCount\":397,\"commentCount\":0,\"publisher\":{\"@id\":\"https:\\\/\\\/inclusivenews.com.br\\\/#organization\"},\"image\":{\"@id\":\"https:\\\/\\\/inclusivenews.com.br\\\/?p=22983#primaryimage\"},\"thumbnailUrl\":\"http:\\\/\\\/inclusivenews.com.br\\\/wp-content\\\/uploads\\\/congresso_sd.jpg\",\"keywords\":[\"S\u00edndrome de Down\"],\"articleSection\":[\"Defici\u00eancia\",\"INCLUS\u00c3O SOCIAL\",\"NOT\u00cdCIAS\"],\"inLanguage\":\"pt-PT\",\"potentialAction\":[{\"@type\":\"CommentAction\",\"name\":\"Comment\",\"target\":[\"https:\\\/\\\/inclusivenews.com.br\\\/?p=22983#respond\"]}]},{\"@type\":\"WebPage\",\"@id\":\"https:\\\/\\\/inclusivenews.com.br\\\/?p=22983\",\"url\":\"https:\\\/\\\/inclusivenews.com.br\\\/?p=22983\",\"name\":\"VI Congresso Brasileiro sobre S\u00edndrome de Down - Agora \u00e9 a nossa vez, nada sobre n\u00f3s sem n\u00f3s -\",\"isPartOf\":{\"@id\":\"https:\\\/\\\/inclusivenews.com.br\\\/#website\"},\"primaryImageOfPage\":{\"@id\":\"https:\\\/\\\/inclusivenews.com.br\\\/?p=22983#primaryimage\"},\"image\":{\"@id\":\"https:\\\/\\\/inclusivenews.com.br\\\/?p=22983#primaryimage\"},\"thumbnailUrl\":\"http:\\\/\\\/inclusivenews.com.br\\\/wp-content\\\/uploads\\\/congresso_sd.jpg\",\"datePublished\":\"2012-07-18T20:54:57+00:00\",\"breadcrumb\":{\"@id\":\"https:\\\/\\\/inclusivenews.com.br\\\/?p=22983#breadcrumb\"},\"inLanguage\":\"pt-PT\",\"potentialAction\":[{\"@type\":\"ReadAction\",\"target\":[\"https:\\\/\\\/inclusivenews.com.br\\\/?p=22983\"]}]},{\"@type\":\"ImageObject\",\"inLanguage\":\"pt-PT\",\"@id\":\"https:\\\/\\\/inclusivenews.com.br\\\/?p=22983#primaryimage\",\"url\":\"\",\"contentUrl\":\"\"},{\"@type\":\"BreadcrumbList\",\"@id\":\"https:\\\/\\\/inclusivenews.com.br\\\/?p=22983#breadcrumb\",\"itemListElement\":[{\"@type\":\"ListItem\",\"position\":1,\"name\":\"In\u00edcio\",\"item\":\"https:\\\/\\\/inclusivenews.com.br\\\/\"},{\"@type\":\"ListItem\",\"position\":2,\"name\":\"VI Congresso Brasileiro sobre S\u00edndrome de Down &#8211; Agora \u00e9 a nossa vez, nada sobre n\u00f3s sem n\u00f3s\"}]},{\"@type\":\"WebSite\",\"@id\":\"https:\\\/\\\/inclusivenews.com.br\\\/#website\",\"url\":\"https:\\\/\\\/inclusivenews.com.br\\\/\",\"name\":\"Inclusive News\",\"description\":\"Inclusive News\",\"publisher\":{\"@id\":\"https:\\\/\\\/inclusivenews.com.br\\\/#organization\"},\"potentialAction\":[{\"@type\":\"SearchAction\",\"target\":{\"@type\":\"EntryPoint\",\"urlTemplate\":\"https:\\\/\\\/inclusivenews.com.br\\\/?s={search_term_string}\"},\"query-input\":{\"@type\":\"PropertyValueSpecification\",\"valueRequired\":true,\"valueName\":\"search_term_string\"}}],\"inLanguage\":\"pt-PT\"},{\"@type\":\"Organization\",\"@id\":\"https:\\\/\\\/inclusivenews.com.br\\\/#organization\",\"name\":\"Inclusive - inclus\u00e3o e cidadania\",\"url\":\"https:\\\/\\\/inclusivenews.com.br\\\/\",\"logo\":{\"@type\":\"ImageObject\",\"inLanguage\":\"pt-PT\",\"@id\":\"https:\\\/\\\/inclusivenews.com.br\\\/#\\\/schema\\\/logo\\\/image\\\/\",\"url\":\"https:\\\/\\\/inclusivenews.com.br\\\/wp-content\\\/uploads\\\/2024\\\/03\\\/@grandesite.png\",\"contentUrl\":\"https:\\\/\\\/inclusivenews.com.br\\\/wp-content\\\/uploads\\\/2024\\\/03\\\/@grandesite.png\",\"width\":1080,\"height\":1080,\"caption\":\"Inclusive - inclus\u00e3o e cidadania\"},\"image\":{\"@id\":\"https:\\\/\\\/inclusivenews.com.br\\\/#\\\/schema\\\/logo\\\/image\\\/\"},\"sameAs\":[\"https:\\\/\\\/www.facebook.com\\\/agenciainclusive\\\/\",\"https:\\\/\\\/www.instagram.com\\\/newsinclusive\\\/\"]},{\"@type\":\"Person\",\"@id\":\"https:\\\/\\\/inclusivenews.com.br\\\/#\\\/schema\\\/person\\\/ae4ec7087559b8692fb33b6fffd2273b\",\"name\":\"inclusivenews2024\",\"image\":{\"@type\":\"ImageObject\",\"inLanguage\":\"pt-PT\",\"@id\":\"https:\\\/\\\/secure.gravatar.com\\\/avatar\\\/c5a7ef84c66fa914f55bc4f7ce26cfa275a3b9a1c5568b907bd184fb4dde7b40?s=96&d=mm&r=g\",\"url\":\"https:\\\/\\\/secure.gravatar.com\\\/avatar\\\/c5a7ef84c66fa914f55bc4f7ce26cfa275a3b9a1c5568b907bd184fb4dde7b40?s=96&d=mm&r=g\",\"contentUrl\":\"https:\\\/\\\/secure.gravatar.com\\\/avatar\\\/c5a7ef84c66fa914f55bc4f7ce26cfa275a3b9a1c5568b907bd184fb4dde7b40?s=96&d=mm&r=g\",\"caption\":\"inclusivenews2024\"},\"sameAs\":[\"https:\\\/\\\/inclusivenews.com.br\"],\"url\":\"https:\\\/\\\/inclusivenews.com.br\\\/?author=1\"}]}<\/script>\n<!-- \/ Yoast SEO plugin. -->","yoast_head_json":{"title":"VI Congresso Brasileiro sobre S\u00edndrome de Down - Agora \u00e9 a nossa vez, nada sobre n\u00f3s sem n\u00f3s -","robots":{"index":"index","follow":"follow","max-snippet":"max-snippet:-1","max-image-preview":"max-image-preview:large","max-video-preview":"max-video-preview:-1"},"canonical":"https:\/\/inclusivenews.com.br\/?p=22983","og_locale":"pt_PT","og_type":"article","og_title":"VI Congresso Brasileiro sobre S\u00edndrome de Down - Agora \u00e9 a nossa vez, nada sobre n\u00f3s sem n\u00f3s -","og_description":"\"Agora \u00e9 a nossa vez: nada sobre n\u00f3s sem n\u00f3s\", foi o tema escolhido, com base na necessidade agora determinada por lei, das pessoas com defici\u00eancia intelectual exercerem o PROTAGONISMO de tudo o que diz respeito \u00e0s suas vidas.","og_url":"https:\/\/inclusivenews.com.br\/?p=22983","article_publisher":"https:\/\/www.facebook.com\/agenciainclusive\/","article_published_time":"2012-07-18T20:54:57+00:00","og_image":[{"url":"http:\/\/inclusivenews.com.br\/wp-content\/uploads\/congresso_sd.jpg","type":"","width":"","height":""}],"author":"inclusivenews2024","twitter_card":"summary_large_image","twitter_misc":{"Escrito por":"inclusivenews2024","Tempo estimado de leitura":"2 minutos"},"schema":{"@context":"https:\/\/schema.org","@graph":[{"@type":"Article","@id":"https:\/\/inclusivenews.com.br\/?p=22983#article","isPartOf":{"@id":"https:\/\/inclusivenews.com.br\/?p=22983"},"author":{"name":"inclusivenews2024","@id":"https:\/\/inclusivenews.com.br\/#\/schema\/person\/ae4ec7087559b8692fb33b6fffd2273b"},"headline":"VI Congresso Brasileiro sobre S\u00edndrome de Down &#8211; Agora \u00e9 a nossa vez, nada sobre n\u00f3s sem n\u00f3s","datePublished":"2012-07-18T20:54:57+00:00","mainEntityOfPage":{"@id":"https:\/\/inclusivenews.com.br\/?p=22983"},"wordCount":397,"commentCount":0,"publisher":{"@id":"https:\/\/inclusivenews.com.br\/#organization"},"image":{"@id":"https:\/\/inclusivenews.com.br\/?p=22983#primaryimage"},"thumbnailUrl":"http:\/\/inclusivenews.com.br\/wp-content\/uploads\/congresso_sd.jpg","keywords":["S\u00edndrome de Down"],"articleSection":["Defici\u00eancia","INCLUS\u00c3O SOCIAL","NOT\u00cdCIAS"],"inLanguage":"pt-PT","potentialAction":[{"@type":"CommentAction","name":"Comment","target":["https:\/\/inclusivenews.com.br\/?p=22983#respond"]}]},{"@type":"WebPage","@id":"https:\/\/inclusivenews.com.br\/?p=22983","url":"https:\/\/inclusivenews.com.br\/?p=22983","name":"VI Congresso Brasileiro sobre S\u00edndrome de Down - Agora \u00e9 a nossa vez, nada sobre n\u00f3s sem n\u00f3s -","isPartOf":{"@id":"https:\/\/inclusivenews.com.br\/#website"},"primaryImageOfPage":{"@id":"https:\/\/inclusivenews.com.br\/?p=22983#primaryimage"},"image":{"@id":"https:\/\/inclusivenews.com.br\/?p=22983#primaryimage"},"thumbnailUrl":"http:\/\/inclusivenews.com.br\/wp-content\/uploads\/congresso_sd.jpg","datePublished":"2012-07-18T20:54:57+00:00","breadcrumb":{"@id":"https:\/\/inclusivenews.com.br\/?p=22983#breadcrumb"},"inLanguage":"pt-PT","potentialAction":[{"@type":"ReadAction","target":["https:\/\/inclusivenews.com.br\/?p=22983"]}]},{"@type":"ImageObject","inLanguage":"pt-PT","@id":"https:\/\/inclusivenews.com.br\/?p=22983#primaryimage","url":"","contentUrl":""},{"@type":"BreadcrumbList","@id":"https:\/\/inclusivenews.com.br\/?p=22983#breadcrumb","itemListElement":[{"@type":"ListItem","position":1,"name":"In\u00edcio","item":"https:\/\/inclusivenews.com.br\/"},{"@type":"ListItem","position":2,"name":"VI Congresso Brasileiro sobre S\u00edndrome de Down &#8211; Agora \u00e9 a nossa vez, nada sobre n\u00f3s sem n\u00f3s"}]},{"@type":"WebSite","@id":"https:\/\/inclusivenews.com.br\/#website","url":"https:\/\/inclusivenews.com.br\/","name":"Inclusive News","description":"Inclusive News","publisher":{"@id":"https:\/\/inclusivenews.com.br\/#organization"},"potentialAction":[{"@type":"SearchAction","target":{"@type":"EntryPoint","urlTemplate":"https:\/\/inclusivenews.com.br\/?s={search_term_string}"},"query-input":{"@type":"PropertyValueSpecification","valueRequired":true,"valueName":"search_term_string"}}],"inLanguage":"pt-PT"},{"@type":"Organization","@id":"https:\/\/inclusivenews.com.br\/#organization","name":"Inclusive - inclus\u00e3o e cidadania","url":"https:\/\/inclusivenews.com.br\/","logo":{"@type":"ImageObject","inLanguage":"pt-PT","@id":"https:\/\/inclusivenews.com.br\/#\/schema\/logo\/image\/","url":"https:\/\/inclusivenews.com.br\/wp-content\/uploads\/2024\/03\/@grandesite.png","contentUrl":"https:\/\/inclusivenews.com.br\/wp-content\/uploads\/2024\/03\/@grandesite.png","width":1080,"height":1080,"caption":"Inclusive - inclus\u00e3o e cidadania"},"image":{"@id":"https:\/\/inclusivenews.com.br\/#\/schema\/logo\/image\/"},"sameAs":["https:\/\/www.facebook.com\/agenciainclusive\/","https:\/\/www.instagram.com\/newsinclusive\/"]},{"@type":"Person","@id":"https:\/\/inclusivenews.com.br\/#\/schema\/person\/ae4ec7087559b8692fb33b6fffd2273b","name":"inclusivenews2024","image":{"@type":"ImageObject","inLanguage":"pt-PT","@id":"https:\/\/secure.gravatar.com\/avatar\/c5a7ef84c66fa914f55bc4f7ce26cfa275a3b9a1c5568b907bd184fb4dde7b40?s=96&d=mm&r=g","url":"https:\/\/secure.gravatar.com\/avatar\/c5a7ef84c66fa914f55bc4f7ce26cfa275a3b9a1c5568b907bd184fb4dde7b40?s=96&d=mm&r=g","contentUrl":"https:\/\/secure.gravatar.com\/avatar\/c5a7ef84c66fa914f55bc4f7ce26cfa275a3b9a1c5568b907bd184fb4dde7b40?s=96&d=mm&r=g","caption":"inclusivenews2024"},"sameAs":["https:\/\/inclusivenews.com.br"],"url":"https:\/\/inclusivenews.com.br\/?author=1"}]}},"_links":{"self":[{"href":"https:\/\/inclusivenews.com.br\/index.php?rest_route=\/wp\/v2\/posts\/22983","targetHints":{"allow":["GET"]}}],"collection":[{"href":"https:\/\/inclusivenews.com.br\/index.php?rest_route=\/wp\/v2\/posts"}],"about":[{"href":"https:\/\/inclusivenews.com.br\/index.php?rest_route=\/wp\/v2\/types\/post"}],"author":[{"embeddable":true,"href":"https:\/\/inclusivenews.com.br\/index.php?rest_route=\/wp\/v2\/users\/1"}],"replies":[{"embeddable":true,"href":"https:\/\/inclusivenews.com.br\/index.php?rest_route=%2Fwp%2Fv2%2Fcomments&post=22983"}],"version-history":[{"count":0,"href":"https:\/\/inclusivenews.com.br\/index.php?rest_route=\/wp\/v2\/posts\/22983\/revisions"}],"wp:attachment":[{"href":"https:\/\/inclusivenews.com.br\/index.php?rest_route=%2Fwp%2Fv2%2Fmedia&parent=22983"}],"wp:term":[{"taxonomy":"category","embeddable":true,"href":"https:\/\/inclusivenews.com.br\/index.php?rest_route=%2Fwp%2Fv2%2Fcategories&post=22983"},{"taxonomy":"post_tag","embeddable":true,"href":"https:\/\/inclusivenews.com.br\/index.php?rest_route=%2Fwp%2Fv2%2Ftags&post=22983"}],"curies":[{"name":"wp","href":"https:\/\/api.w.org\/{rel}","templated":true}]}}