{"id":23012,"date":"2012-07-25T17:58:41","date_gmt":"2012-07-25T20:58:41","guid":{"rendered":"http:\/\/www.inclusive.org.br\/?p=23012"},"modified":"2012-07-25T17:58:41","modified_gmt":"2012-07-25T20:58:41","slug":"mapa-da-violencia-aponta-aumento-de-homicidios-contra-criancas-e-adolescentes-no-pais","status":"publish","type":"post","link":"https:\/\/inclusivenews.com.br\/?p=23012","title":{"rendered":"Mapa da Viol\u00eancia aponta aumento de homic\u00eddios contra crian\u00e7as e adolescentes no  pa\u00eds"},"content":{"rendered":"<figure id=\"attachment_20056\" aria-describedby=\"caption-attachment-20056\" style=\"width: 218px\" class=\"wp-caption alignleft\"><a href=\"http:\/\/www.inclusivenews.com.br\/wp-content\/uploads\/no-violencia.jpg\"><img loading=\"lazy\" decoding=\"async\" class=\"size-medium wp-image-20056 \" title=\"Viol\u00eancia - Em fundo preto, impress\u00e3o de palma da m\u00e3o espalmada com tinta branca.\" src=\"http:\/\/inclusivenews.com.br\/wp-content\/uploads\/no-violencia-272x300.jpg\" alt=\"Viol\u00eancia - Em fundo preto, impress\u00e3o de palma da m\u00e3o espalmada com tinta branca.\" width=\"218\" height=\"240\" \/><\/a><figcaption id=\"caption-attachment-20056\" class=\"wp-caption-text\"> <\/figcaption><\/figure>\n<p><em>Por Karol Assump\u00e7\u00e3o<br \/>\nda Adital<\/em><\/p>\n<p>A taxa de homic\u00eddios entre crian\u00e7as e adolescentes no Brasil entre 1980 e 2010 cresceu 346%. Isso \u00e9 o que aponta o novo <a href=\"http:\/\/www.mapadaviolencia.org.br\/\">Mapa da viol\u00eancia 2012 \u2013 Crian\u00e7as e adolescentes do Brasil<\/a>, divulgado no \u00faltimo dia 18. O elevado \u00edndice de assassinatos de meninas e meninos colocou o pa\u00eds em 4\u00b0 lugar em uma lista de pa\u00edses com maiores taxas de homic\u00eddio entre crian\u00e7as e adolescentes.<\/p>\n<p>De acordo com a pesquisa, durante as tr\u00eas d\u00e9cadas analisadas, mais de 175 mil meninos e meninas de zero a 19 anos de idade perderam suas vidas para a viol\u00eancia. Somente em 2010, 8.686 crian\u00e7as foram assassinadas no pa\u00eds.<\/p>\n<p>O estudo alerta para o fato de que, nesses 30 anos, enquanto as taxas de mortalidade de crian\u00e7as e adolescentes por causas naturais diminu\u00edram, os \u00edndices de morte por fatores externos aumentaram. Destaque para homic\u00eddios, acidentes de transporte e outros acidentes. Segundo o relat\u00f3rio, em 2010, essas tr\u00eas causas representaram mais de 90% do total de mortes de crian\u00e7as e adolescentes por causas externas, ficando o assassinato em primeiro lugar (43,3% das mortes), seguido por acidentes de transporte (19,7%) e outros acidentes (19,7%).<\/p>\n<p>O que mais chama a aten\u00e7\u00e3o \u00e9 o crescimento do n\u00famero de assassinatos. Em 2010, 8.686 meninos e meninas foram mortos\/as no pa\u00eds, representando uma taxa de 13,8 homic\u00eddios para cada 100 mil crian\u00e7as e adolescentes. Dez anos antes, a taxa era de 11,9 para cada 100 mil.<\/p>\n<p>&#8220;Dentre os 99 pa\u00edses com dados recentes nas bases estat\u00edsticas da Organiza\u00e7\u00e3o Mundial da Sa\u00fade, o Brasil, com sua taxa de 13,0 homic\u00eddios para cada 100 mil crian\u00e7as e adolescentes, ocupa a 4\u00aa posi\u00e7\u00e3o internacional, s\u00f3 superada por El Salvador, Venezuela e Trinidad e Tobago\u201d, destaca.<\/p>\n<p>O documento ainda mostra a diferen\u00e7a das taxas por unidades da federa\u00e7\u00e3o e munic\u00edpios. De acordo com a publica\u00e7\u00e3o, enquanto estados como Piau\u00ed e S\u00e3o Paulo apresentam \u00edndices de homic\u00eddios de 3,6 e 5,4 para cada 100 mil, respectivamente; em Alagoas e Esp\u00edrito Santo, essas taxas sobem para 34,8 e 33,8.<\/p>\n<p>Mobiliza\u00e7\u00f5es<\/p>\n<p>Preocupadas com o elevado n\u00famero de homic\u00eddios no Esp\u00edrito Santo, organiza\u00e7\u00f5es sociais e juvenis promovem a Campanha Estadual Contra a Viol\u00eancia e o Exterm\u00ednio de Jovens. A ideia \u00e9 chamar a aten\u00e7\u00e3o da sociedade e dos representantes de governo para as altas taxas de viol\u00eancia contra a juventude do estado.<\/p>\n<p>Integrantes da Campanha convocaram, para esta quinta-feira (19), um ato p\u00fablico no Centro da capital capixaba para alertar a popula\u00e7\u00e3o para a realidade enfrentada por jovens no estado. A programa\u00e7\u00e3o contemplou apresenta\u00e7\u00f5es culturais, lan\u00e7amento de cartilha sobre a Campanha e lan\u00e7amento do Pacto em Defesa da Vida da Juventude, documento que ser\u00e1 apresentado aos\/\u00e0s candidatos\/as das elei\u00e7\u00f5es municipais deste ano.<\/p>\n<p>Viol\u00eancia policial<\/p>\n<p>A viol\u00eancia contra a juventude tamb\u00e9m foi tema de debate na noite de ontem (18), em S\u00e3o Paulo (SP). O encontro, promovido pelo F\u00f3rum Hip Hop municipal de S\u00e3o Paulo, destacou a viol\u00eancia policial contra a juventude negra no estado.<\/p>\n<p>A atividade reuniu movimentos sociais, organiza\u00e7\u00f5es de defesa dos direitos humanos, Pastoral Carcer\u00e1ria, Defensoria P\u00fablica, entre outras entidades para discutir o problema da viol\u00eancia policial no estado e buscar estrat\u00e9gias para denunciar a situa\u00e7\u00e3o. No encontro, os\/as participantes acordaram em criar uma comiss\u00e3o para realizar uma audi\u00eancia p\u00fablica sobre o caso e promover uma campanha contra a viol\u00eancia promovida por agentes do Estado.<\/p>\n<p>Com informa\u00e7\u00f5es de ag\u00eancias.<\/p>\n<p>Fonte: Adital<\/p>\n","protected":false},"excerpt":{"rendered":"<p>O elevado \u00edndice de assassinatos de meninas e meninos colocou o pa\u00eds em 4\u00b0 lugar em uma lista de pa\u00edses com maiores taxas de homic\u00eddio entre crian\u00e7as e adolescentes.  Da Adital.<\/p>\n","protected":false},"author":1,"featured_media":0,"comment_status":"open","ping_status":"open","sticky":false,"template":"","format":"standard","meta":{"site-container-style":"default","site-container-layout":"default","site-sidebar-layout":"default","disable-article-header":"default","disable-site-header":"default","disable-site-footer":"default","disable-content-area-spacing":"default","footnotes":""},"categories":[11,4],"tags":[94],"class_list":["post-23012","post","type-post","status-publish","format-standard","hentry","category-direitos-humanos","category-noticias","tag-violencia"],"yoast_head":"<!-- This site is optimized with the Yoast SEO plugin v27.4 - https:\/\/yoast.com\/product\/yoast-seo-wordpress\/ -->\n<title>Mapa da Viol\u00eancia aponta aumento de homic\u00eddios contra crian\u00e7as e adolescentes no pa\u00eds -<\/title>\n<meta name=\"robots\" content=\"index, follow, max-snippet:-1, max-image-preview:large, max-video-preview:-1\" \/>\n<link rel=\"canonical\" href=\"https:\/\/inclusivenews.com.br\/?p=23012\" \/>\n<meta property=\"og:locale\" content=\"pt_PT\" \/>\n<meta property=\"og:type\" content=\"article\" \/>\n<meta property=\"og:title\" content=\"Mapa da Viol\u00eancia aponta aumento de homic\u00eddios contra crian\u00e7as e adolescentes no pa\u00eds -\" \/>\n<meta property=\"og:description\" content=\"O elevado \u00edndice de assassinatos de meninas e meninos colocou o pa\u00eds em 4\u00b0 lugar em uma lista de pa\u00edses com maiores taxas de homic\u00eddio entre crian\u00e7as e adolescentes. Da Adital.\" \/>\n<meta property=\"og:url\" content=\"https:\/\/inclusivenews.com.br\/?p=23012\" \/>\n<meta property=\"article:publisher\" content=\"https:\/\/www.facebook.com\/agenciainclusive\/\" \/>\n<meta property=\"article:published_time\" content=\"2012-07-25T20:58:41+00:00\" \/>\n<meta property=\"og:image\" content=\"http:\/\/inclusivenews.com.br\/wp-content\/uploads\/no-violencia-272x300.jpg\" \/>\n<meta name=\"author\" content=\"inclusivenews2024\" \/>\n<meta name=\"twitter:card\" content=\"summary_large_image\" \/>\n<meta name=\"twitter:label1\" content=\"Escrito por\" \/>\n\t<meta name=\"twitter:data1\" content=\"inclusivenews2024\" \/>\n\t<meta name=\"twitter:label2\" content=\"Tempo estimado de leitura\" \/>\n\t<meta name=\"twitter:data2\" content=\"3 minutos\" \/>\n<script type=\"application\/ld+json\" class=\"yoast-schema-graph\">{\"@context\":\"https:\\\/\\\/schema.org\",\"@graph\":[{\"@type\":\"Article\",\"@id\":\"https:\\\/\\\/inclusivenews.com.br\\\/?p=23012#article\",\"isPartOf\":{\"@id\":\"https:\\\/\\\/inclusivenews.com.br\\\/?p=23012\"},\"author\":{\"name\":\"inclusivenews2024\",\"@id\":\"https:\\\/\\\/inclusivenews.com.br\\\/#\\\/schema\\\/person\\\/ae4ec7087559b8692fb33b6fffd2273b\"},\"headline\":\"Mapa da Viol\u00eancia aponta aumento de homic\u00eddios contra crian\u00e7as e adolescentes no pa\u00eds\",\"datePublished\":\"2012-07-25T20:58:41+00:00\",\"mainEntityOfPage\":{\"@id\":\"https:\\\/\\\/inclusivenews.com.br\\\/?p=23012\"},\"wordCount\":627,\"commentCount\":1,\"publisher\":{\"@id\":\"https:\\\/\\\/inclusivenews.com.br\\\/#organization\"},\"image\":{\"@id\":\"https:\\\/\\\/inclusivenews.com.br\\\/?p=23012#primaryimage\"},\"thumbnailUrl\":\"http:\\\/\\\/inclusivenews.com.br\\\/wp-content\\\/uploads\\\/no-violencia-272x300.jpg\",\"keywords\":[\"Viol\u00eancia\"],\"articleSection\":[\"DIREITOS HUMANOS\",\"NOT\u00cdCIAS\"],\"inLanguage\":\"pt-PT\",\"potentialAction\":[{\"@type\":\"CommentAction\",\"name\":\"Comment\",\"target\":[\"https:\\\/\\\/inclusivenews.com.br\\\/?p=23012#respond\"]}]},{\"@type\":\"WebPage\",\"@id\":\"https:\\\/\\\/inclusivenews.com.br\\\/?p=23012\",\"url\":\"https:\\\/\\\/inclusivenews.com.br\\\/?p=23012\",\"name\":\"Mapa da Viol\u00eancia aponta aumento de homic\u00eddios contra crian\u00e7as e adolescentes no pa\u00eds -\",\"isPartOf\":{\"@id\":\"https:\\\/\\\/inclusivenews.com.br\\\/#website\"},\"primaryImageOfPage\":{\"@id\":\"https:\\\/\\\/inclusivenews.com.br\\\/?p=23012#primaryimage\"},\"image\":{\"@id\":\"https:\\\/\\\/inclusivenews.com.br\\\/?p=23012#primaryimage\"},\"thumbnailUrl\":\"http:\\\/\\\/inclusivenews.com.br\\\/wp-content\\\/uploads\\\/no-violencia-272x300.jpg\",\"datePublished\":\"2012-07-25T20:58:41+00:00\",\"breadcrumb\":{\"@id\":\"https:\\\/\\\/inclusivenews.com.br\\\/?p=23012#breadcrumb\"},\"inLanguage\":\"pt-PT\",\"potentialAction\":[{\"@type\":\"ReadAction\",\"target\":[\"https:\\\/\\\/inclusivenews.com.br\\\/?p=23012\"]}]},{\"@type\":\"ImageObject\",\"inLanguage\":\"pt-PT\",\"@id\":\"https:\\\/\\\/inclusivenews.com.br\\\/?p=23012#primaryimage\",\"url\":\"\",\"contentUrl\":\"\"},{\"@type\":\"BreadcrumbList\",\"@id\":\"https:\\\/\\\/inclusivenews.com.br\\\/?p=23012#breadcrumb\",\"itemListElement\":[{\"@type\":\"ListItem\",\"position\":1,\"name\":\"In\u00edcio\",\"item\":\"https:\\\/\\\/inclusivenews.com.br\\\/\"},{\"@type\":\"ListItem\",\"position\":2,\"name\":\"Mapa da Viol\u00eancia aponta aumento de homic\u00eddios contra crian\u00e7as e adolescentes no pa\u00eds\"}]},{\"@type\":\"WebSite\",\"@id\":\"https:\\\/\\\/inclusivenews.com.br\\\/#website\",\"url\":\"https:\\\/\\\/inclusivenews.com.br\\\/\",\"name\":\"Inclusive News\",\"description\":\"Inclusive News\",\"publisher\":{\"@id\":\"https:\\\/\\\/inclusivenews.com.br\\\/#organization\"},\"potentialAction\":[{\"@type\":\"SearchAction\",\"target\":{\"@type\":\"EntryPoint\",\"urlTemplate\":\"https:\\\/\\\/inclusivenews.com.br\\\/?s={search_term_string}\"},\"query-input\":{\"@type\":\"PropertyValueSpecification\",\"valueRequired\":true,\"valueName\":\"search_term_string\"}}],\"inLanguage\":\"pt-PT\"},{\"@type\":\"Organization\",\"@id\":\"https:\\\/\\\/inclusivenews.com.br\\\/#organization\",\"name\":\"Inclusive - inclus\u00e3o e cidadania\",\"url\":\"https:\\\/\\\/inclusivenews.com.br\\\/\",\"logo\":{\"@type\":\"ImageObject\",\"inLanguage\":\"pt-PT\",\"@id\":\"https:\\\/\\\/inclusivenews.com.br\\\/#\\\/schema\\\/logo\\\/image\\\/\",\"url\":\"https:\\\/\\\/inclusivenews.com.br\\\/wp-content\\\/uploads\\\/2024\\\/03\\\/@grandesite.png\",\"contentUrl\":\"https:\\\/\\\/inclusivenews.com.br\\\/wp-content\\\/uploads\\\/2024\\\/03\\\/@grandesite.png\",\"width\":1080,\"height\":1080,\"caption\":\"Inclusive - inclus\u00e3o e cidadania\"},\"image\":{\"@id\":\"https:\\\/\\\/inclusivenews.com.br\\\/#\\\/schema\\\/logo\\\/image\\\/\"},\"sameAs\":[\"https:\\\/\\\/www.facebook.com\\\/agenciainclusive\\\/\",\"https:\\\/\\\/www.instagram.com\\\/newsinclusive\\\/\"]},{\"@type\":\"Person\",\"@id\":\"https:\\\/\\\/inclusivenews.com.br\\\/#\\\/schema\\\/person\\\/ae4ec7087559b8692fb33b6fffd2273b\",\"name\":\"inclusivenews2024\",\"image\":{\"@type\":\"ImageObject\",\"inLanguage\":\"pt-PT\",\"@id\":\"https:\\\/\\\/secure.gravatar.com\\\/avatar\\\/c5a7ef84c66fa914f55bc4f7ce26cfa275a3b9a1c5568b907bd184fb4dde7b40?s=96&d=mm&r=g\",\"url\":\"https:\\\/\\\/secure.gravatar.com\\\/avatar\\\/c5a7ef84c66fa914f55bc4f7ce26cfa275a3b9a1c5568b907bd184fb4dde7b40?s=96&d=mm&r=g\",\"contentUrl\":\"https:\\\/\\\/secure.gravatar.com\\\/avatar\\\/c5a7ef84c66fa914f55bc4f7ce26cfa275a3b9a1c5568b907bd184fb4dde7b40?s=96&d=mm&r=g\",\"caption\":\"inclusivenews2024\"},\"sameAs\":[\"https:\\\/\\\/inclusivenews.com.br\"],\"url\":\"https:\\\/\\\/inclusivenews.com.br\\\/?author=1\"}]}<\/script>\n<!-- \/ Yoast SEO plugin. -->","yoast_head_json":{"title":"Mapa da Viol\u00eancia aponta aumento de homic\u00eddios contra crian\u00e7as e adolescentes no pa\u00eds -","robots":{"index":"index","follow":"follow","max-snippet":"max-snippet:-1","max-image-preview":"max-image-preview:large","max-video-preview":"max-video-preview:-1"},"canonical":"https:\/\/inclusivenews.com.br\/?p=23012","og_locale":"pt_PT","og_type":"article","og_title":"Mapa da Viol\u00eancia aponta aumento de homic\u00eddios contra crian\u00e7as e adolescentes no pa\u00eds -","og_description":"O elevado \u00edndice de assassinatos de meninas e meninos colocou o pa\u00eds em 4\u00b0 lugar em uma lista de pa\u00edses com maiores taxas de homic\u00eddio entre crian\u00e7as e adolescentes. Da Adital.","og_url":"https:\/\/inclusivenews.com.br\/?p=23012","article_publisher":"https:\/\/www.facebook.com\/agenciainclusive\/","article_published_time":"2012-07-25T20:58:41+00:00","og_image":[{"url":"http:\/\/inclusivenews.com.br\/wp-content\/uploads\/no-violencia-272x300.jpg","type":"","width":"","height":""}],"author":"inclusivenews2024","twitter_card":"summary_large_image","twitter_misc":{"Escrito por":"inclusivenews2024","Tempo estimado de leitura":"3 minutos"},"schema":{"@context":"https:\/\/schema.org","@graph":[{"@type":"Article","@id":"https:\/\/inclusivenews.com.br\/?p=23012#article","isPartOf":{"@id":"https:\/\/inclusivenews.com.br\/?p=23012"},"author":{"name":"inclusivenews2024","@id":"https:\/\/inclusivenews.com.br\/#\/schema\/person\/ae4ec7087559b8692fb33b6fffd2273b"},"headline":"Mapa da Viol\u00eancia aponta aumento de homic\u00eddios contra crian\u00e7as e adolescentes no pa\u00eds","datePublished":"2012-07-25T20:58:41+00:00","mainEntityOfPage":{"@id":"https:\/\/inclusivenews.com.br\/?p=23012"},"wordCount":627,"commentCount":1,"publisher":{"@id":"https:\/\/inclusivenews.com.br\/#organization"},"image":{"@id":"https:\/\/inclusivenews.com.br\/?p=23012#primaryimage"},"thumbnailUrl":"http:\/\/inclusivenews.com.br\/wp-content\/uploads\/no-violencia-272x300.jpg","keywords":["Viol\u00eancia"],"articleSection":["DIREITOS HUMANOS","NOT\u00cdCIAS"],"inLanguage":"pt-PT","potentialAction":[{"@type":"CommentAction","name":"Comment","target":["https:\/\/inclusivenews.com.br\/?p=23012#respond"]}]},{"@type":"WebPage","@id":"https:\/\/inclusivenews.com.br\/?p=23012","url":"https:\/\/inclusivenews.com.br\/?p=23012","name":"Mapa da Viol\u00eancia aponta aumento de homic\u00eddios contra crian\u00e7as e adolescentes no pa\u00eds -","isPartOf":{"@id":"https:\/\/inclusivenews.com.br\/#website"},"primaryImageOfPage":{"@id":"https:\/\/inclusivenews.com.br\/?p=23012#primaryimage"},"image":{"@id":"https:\/\/inclusivenews.com.br\/?p=23012#primaryimage"},"thumbnailUrl":"http:\/\/inclusivenews.com.br\/wp-content\/uploads\/no-violencia-272x300.jpg","datePublished":"2012-07-25T20:58:41+00:00","breadcrumb":{"@id":"https:\/\/inclusivenews.com.br\/?p=23012#breadcrumb"},"inLanguage":"pt-PT","potentialAction":[{"@type":"ReadAction","target":["https:\/\/inclusivenews.com.br\/?p=23012"]}]},{"@type":"ImageObject","inLanguage":"pt-PT","@id":"https:\/\/inclusivenews.com.br\/?p=23012#primaryimage","url":"","contentUrl":""},{"@type":"BreadcrumbList","@id":"https:\/\/inclusivenews.com.br\/?p=23012#breadcrumb","itemListElement":[{"@type":"ListItem","position":1,"name":"In\u00edcio","item":"https:\/\/inclusivenews.com.br\/"},{"@type":"ListItem","position":2,"name":"Mapa da Viol\u00eancia aponta aumento de homic\u00eddios contra crian\u00e7as e adolescentes no pa\u00eds"}]},{"@type":"WebSite","@id":"https:\/\/inclusivenews.com.br\/#website","url":"https:\/\/inclusivenews.com.br\/","name":"Inclusive News","description":"Inclusive News","publisher":{"@id":"https:\/\/inclusivenews.com.br\/#organization"},"potentialAction":[{"@type":"SearchAction","target":{"@type":"EntryPoint","urlTemplate":"https:\/\/inclusivenews.com.br\/?s={search_term_string}"},"query-input":{"@type":"PropertyValueSpecification","valueRequired":true,"valueName":"search_term_string"}}],"inLanguage":"pt-PT"},{"@type":"Organization","@id":"https:\/\/inclusivenews.com.br\/#organization","name":"Inclusive - inclus\u00e3o e cidadania","url":"https:\/\/inclusivenews.com.br\/","logo":{"@type":"ImageObject","inLanguage":"pt-PT","@id":"https:\/\/inclusivenews.com.br\/#\/schema\/logo\/image\/","url":"https:\/\/inclusivenews.com.br\/wp-content\/uploads\/2024\/03\/@grandesite.png","contentUrl":"https:\/\/inclusivenews.com.br\/wp-content\/uploads\/2024\/03\/@grandesite.png","width":1080,"height":1080,"caption":"Inclusive - inclus\u00e3o e cidadania"},"image":{"@id":"https:\/\/inclusivenews.com.br\/#\/schema\/logo\/image\/"},"sameAs":["https:\/\/www.facebook.com\/agenciainclusive\/","https:\/\/www.instagram.com\/newsinclusive\/"]},{"@type":"Person","@id":"https:\/\/inclusivenews.com.br\/#\/schema\/person\/ae4ec7087559b8692fb33b6fffd2273b","name":"inclusivenews2024","image":{"@type":"ImageObject","inLanguage":"pt-PT","@id":"https:\/\/secure.gravatar.com\/avatar\/c5a7ef84c66fa914f55bc4f7ce26cfa275a3b9a1c5568b907bd184fb4dde7b40?s=96&d=mm&r=g","url":"https:\/\/secure.gravatar.com\/avatar\/c5a7ef84c66fa914f55bc4f7ce26cfa275a3b9a1c5568b907bd184fb4dde7b40?s=96&d=mm&r=g","contentUrl":"https:\/\/secure.gravatar.com\/avatar\/c5a7ef84c66fa914f55bc4f7ce26cfa275a3b9a1c5568b907bd184fb4dde7b40?s=96&d=mm&r=g","caption":"inclusivenews2024"},"sameAs":["https:\/\/inclusivenews.com.br"],"url":"https:\/\/inclusivenews.com.br\/?author=1"}]}},"_links":{"self":[{"href":"https:\/\/inclusivenews.com.br\/index.php?rest_route=\/wp\/v2\/posts\/23012","targetHints":{"allow":["GET"]}}],"collection":[{"href":"https:\/\/inclusivenews.com.br\/index.php?rest_route=\/wp\/v2\/posts"}],"about":[{"href":"https:\/\/inclusivenews.com.br\/index.php?rest_route=\/wp\/v2\/types\/post"}],"author":[{"embeddable":true,"href":"https:\/\/inclusivenews.com.br\/index.php?rest_route=\/wp\/v2\/users\/1"}],"replies":[{"embeddable":true,"href":"https:\/\/inclusivenews.com.br\/index.php?rest_route=%2Fwp%2Fv2%2Fcomments&post=23012"}],"version-history":[{"count":0,"href":"https:\/\/inclusivenews.com.br\/index.php?rest_route=\/wp\/v2\/posts\/23012\/revisions"}],"wp:attachment":[{"href":"https:\/\/inclusivenews.com.br\/index.php?rest_route=%2Fwp%2Fv2%2Fmedia&parent=23012"}],"wp:term":[{"taxonomy":"category","embeddable":true,"href":"https:\/\/inclusivenews.com.br\/index.php?rest_route=%2Fwp%2Fv2%2Fcategories&post=23012"},{"taxonomy":"post_tag","embeddable":true,"href":"https:\/\/inclusivenews.com.br\/index.php?rest_route=%2Fwp%2Fv2%2Ftags&post=23012"}],"curies":[{"name":"wp","href":"https:\/\/api.w.org\/{rel}","templated":true}]}}