{"id":23014,"date":"2012-07-22T23:26:12","date_gmt":"2012-07-23T02:26:12","guid":{"rendered":"http:\/\/www.inclusive.org.br\/?p=23014"},"modified":"2012-07-22T23:26:12","modified_gmt":"2012-07-23T02:26:12","slug":"boletim-movimento-down-4%c2%aa-edicao","status":"publish","type":"post","link":"https:\/\/inclusivenews.com.br\/?p=23014","title":{"rendered":"Boletim Movimento Down \u2013 4\u00aa edi\u00e7\u00e3o"},"content":{"rendered":"<div><a href=\"http:\/\/www.inclusivenews.com.br\/wp-content\/uploads\/movdown.png\"><img loading=\"lazy\" decoding=\"async\" class=\"alignleft size-full wp-image-23015\" title=\"movdown\" src=\"http:\/\/inclusivenews.com.br\/wp-content\/uploads\/movdown.png\" alt=\"Logotipo do Movimento Down, letras em cinza e espiral em uva acima do nome.\" width=\"170\" height=\"158\" \/><\/a>Conquistar o primeiro emprego \u00e9, para muitos jovens, um marco importante na passagem rumo \u00e0 vida adulta. Com a ado\u00e7\u00e3o de pol\u00edticas inclusivas, \u00e9 cada vez maior o n\u00famero de brasileiros com s\u00edndrome de Down que t\u00eam a oportunidade de viver esse momento marcante e conseguem ocupar um lugar no mercado de trabalho.<\/div>\n<div>Em seu quarto m\u00eas de exist\u00eancia, o Movimento Down destaca exemplos bem-sucedidos de profissionais que conquistaram autoestima e independ\u00eancia atrav\u00e9s do emprego, como \u00e9 o caso de\u00a0<a rel=\"nofollow noopener\" href=\"http:\/\/www.movimentodown.org.br\/conteudo\/inclus%C3%A3o-no-mercado-de-trabalho-traz-autoestima-para-pessoas-com-defici%C3%AAncia\" target=\"_blank\">Sandra Landsberg<\/a>, que faz parte do quadro de atendentes de uma rede de drogarias no Rio de Janeiro, e\u00a0<a rel=\"nofollow noopener\" href=\"http:\/\/www.movimentodown.org.br\/conteudo\/noelia-tem-s%C3%ADndrome-de-down-e-%C3%A9-professora-do-jardim-de-inf%C3%A2ncia-na-argentina\" target=\"_blank\">Noelia Garella<\/a>, professora de educa\u00e7\u00e3o infantil na Argentina.<\/div>\n<div>A inclus\u00e3o no mercado de trabalho tamb\u00e9m \u00e9 um dos temas abordados por dois importantes eventos que acontecer\u00e3o no m\u00eas de agosto: o 3\u00ba F\u00f3rum Internacional S\u00edndrome de Down e o 11\u00ba Congresso Mundial sobre S\u00edndrome de Down (WDSC 2012).<\/div>\n<div>O Movimento Down estar\u00e1 presente em ambos \u2013 ali\u00e1s, no Congresso Internacional, que ser\u00e1 realizado na \u00c1frica do Sul, nosso Coordenador de Conte\u00fado Acess\u00edvel, Breno Viola, participar\u00e1 de uma discuss\u00e3o sobre os direitos das pessoas com s\u00edndrome de Down e a import\u00e2ncia da autodefesa.<\/div>\n<div>No pr\u00f3ximo m\u00eas, o\u00a0<a rel=\"nofollow noopener\" href=\"http:\/\/www.movimentodown.org.br\/\" target=\"_blank\">nosso portal<\/a> trar\u00e1 a cobertura das principais discuss\u00f5es que acontecer\u00e3o nos dois eventos. Al\u00e9m disso, estamos preparando mais reportagens sobre boas pr\u00e1ticas de empresas que empregam pessoas com defici\u00eancia. Contamos com voc\u00ea para espalhar essa mensagem por a\u00ed: \u00e9 poss\u00edvel construir uma sociedade mais inclusiva em todos os espa\u00e7os, inclusive no ambiente de trabalho.<\/div>\n<div>\n<div>Uma novidade tem agitado a nossa p\u00e1gina no Facebook. Ap\u00f3s recebermos muitas fotos lindas de pessoas com s\u00edndrome de Down em nosso mural, decidimos fazer uma homenagem.\u00a0Agora, escolhemos sempre uma foto postada pelos f\u00e3s do Movimento Down para ser a nossa imagem do perfil. Al\u00e9m disso, publicamos tamb\u00e9m um pouquinho da hist\u00f3ria de quem aparece nas fotos: j\u00e1 teve recifense vestida para a festa junina, brasiliense de sorriso aberto e at\u00e9 uma linda mocinha fantasiada!\u00a0Quer participar tamb\u00e9m? \u00c9 s\u00f3\u00a0<a rel=\"nofollow noopener\" href=\"https:\/\/www.facebook.com\/MovimentoDown\" target=\"_blank\">curtir a nossa p\u00e1gina<\/a>e enviar uma foto atrav\u00e9s do mural ou de uma mensagem.<\/div>\n<div>\n<div>A promo\u00e7\u00e3o \u201cO Livro de Julieta\u201d foi um sucesso! Recebemos diversos relatos emocionantes e a nossa comiss\u00e3o julgadora, formada por quatro m\u00e3es com filhos com s\u00edndrome de Down, teve dificuldades para escolher os 16 vencedores. S\u00e3o eles:\u00a0Bernadeth Cupello, Cintia Bedin, Erika Katayama, Fernando Reiff, Francimara Torres, Ivanise Vitale, Juliana Guimar\u00e3es, Kismara Saldanha, Lilian Lellis Lopes, Lisabeth Arruda, Lizandra da Costa, Marcel Pesah, M\u00e1rcia Fl\u00f3es, Marilene dos Santos Lu\u00eds Rosane Pimenta, Vov\u00f3 Cata.\u00a0Os depoimentos est\u00e3o no nosso site, confira\u00a0<a rel=\"nofollow noopener\" href=\"http:\/\/www.movimentodown.org.br\/conteudo\/confira-lista-de-vencedores-do-concurso-cultural-o-livro-de-julieta\" target=\"_blank\">neste link<\/a>.<\/div>\n<div>Pesquisadores da Escola de Medicina da Universidade de Colorado descobriram uma droga que aumenta a fun\u00e7\u00e3o de mem\u00f3ria em pacientes com s\u00edndrome de Down, um marco importante no tratamento desta ocorr\u00eancia gen\u00e9tica que poderia melhorar sua qualidade de vida.\u00a0<a rel=\"nofollow noopener\" href=\"http:\/\/www.movimentodown.org.br\/conteudo\/droga-melhora-mem%C3%B3ria-em-pessoas-com-s%C3%ADndrome-de-down\" target=\"_blank\">Saiba mais<\/a><\/div>\n<div>A exposi\u00e7\u00e3o Miradas del Alma, com 51 trabalhos de artistas da Escola Mexicana de Arte Down, est\u00e1 em cartaz at\u00e9 dia 26 de agosto no Centro Cultural S\u00e3o Paulo (CCSP), em S\u00e3o Paulo. A mostra, que re\u00fane pinturas, gravuras e litogravuras, j\u00e1 percorreu 38 cidades ao redor do mundo.<a rel=\"nofollow noopener\" href=\"http:\/\/www.movimentodown.org.br\/conteudo\/exposi%C3%A7%C3%A3o-de-artistas-mexicanos-com-s%C3%ADndrome-de-down-chega-s%C3%A3o-paulo\" target=\"_blank\">Saiba mais<\/a><\/div>\n<div>Um software pioneiro no Brasil pode ajudar na alfabetiza\u00e7\u00e3o de milhares de adultos com defici\u00eancia intelectual e inclus\u00e3o deste p\u00fablico nas redes sociais na internet. Batizado de Projeto Participar, o programa foi desenvolvido por Tiago Galv\u00e3o e Renato Domingues, da UnB.\u00a0<a rel=\"nofollow noopener\" href=\"http:\/\/www.movimentodown.org.br\/conteudo\/alunos-da-unb-lan%C3%A7am-software-gratuito-para-alfabetiza%C3%A7%C3%A3o-de-pessoas-com-defici%C3%AAncia\" target=\"_blank\">Saiba mais<\/a><\/div>\n<div>Fonte:\u00a0<a href=\"http:\/\/www.movimentodown.org.br\">http:\/\/www.movimentodown.org.br<\/a><\/div>\n<\/div>\n<\/div>\n","protected":false},"excerpt":{"rendered":"<p>Conquistar o primeiro emprego \u00e9, para muitos jovens, um marco importante na passagem rumo \u00e0 vida adulta. Com a ado\u00e7\u00e3o de pol\u00edticas inclusivas, \u00e9 cada vez maior o n\u00famero de brasileiros com s\u00edndrome de Down que t\u00eam a oportunidade de viver esse momento marcante e conseguem ocupar um lugar no mercado de trabalho. Em seu [&hellip;]<\/p>\n","protected":false},"author":1,"featured_media":0,"comment_status":"open","ping_status":"open","sticky":false,"template":"","format":"standard","meta":{"site-container-style":"default","site-container-layout":"default","site-sidebar-layout":"default","disable-article-header":"default","disable-site-header":"default","disable-site-footer":"default","disable-content-area-spacing":"default","footnotes":""},"categories":[38,48,4],"tags":[],"class_list":["post-23014","post","type-post","status-publish","format-standard","hentry","category-deficiencia","category-inclusao","category-noticias"],"yoast_head":"<!-- This site is optimized with the Yoast SEO plugin v27.4 - https:\/\/yoast.com\/product\/yoast-seo-wordpress\/ -->\n<title>Boletim Movimento Down \u2013 4\u00aa edi\u00e7\u00e3o -<\/title>\n<meta name=\"robots\" content=\"index, follow, max-snippet:-1, max-image-preview:large, max-video-preview:-1\" \/>\n<link rel=\"canonical\" href=\"https:\/\/inclusivenews.com.br\/?p=23014\" \/>\n<meta property=\"og:locale\" content=\"pt_PT\" \/>\n<meta property=\"og:type\" content=\"article\" \/>\n<meta property=\"og:title\" content=\"Boletim Movimento Down \u2013 4\u00aa edi\u00e7\u00e3o -\" \/>\n<meta property=\"og:description\" content=\"Conquistar o primeiro emprego \u00e9, para muitos jovens, um marco importante na passagem rumo \u00e0 vida adulta. Com a ado\u00e7\u00e3o de pol\u00edticas inclusivas, \u00e9 cada vez maior o n\u00famero de brasileiros com s\u00edndrome de Down que t\u00eam a oportunidade de viver esse momento marcante e conseguem ocupar um lugar no mercado de trabalho. Em seu [&hellip;]\" \/>\n<meta property=\"og:url\" content=\"https:\/\/inclusivenews.com.br\/?p=23014\" \/>\n<meta property=\"article:publisher\" content=\"https:\/\/www.facebook.com\/agenciainclusive\/\" \/>\n<meta property=\"article:published_time\" content=\"2012-07-23T02:26:12+00:00\" \/>\n<meta property=\"og:image\" content=\"http:\/\/inclusivenews.com.br\/wp-content\/uploads\/movdown.png\" \/>\n<meta name=\"author\" content=\"inclusivenews2024\" \/>\n<meta name=\"twitter:card\" content=\"summary_large_image\" \/>\n<meta name=\"twitter:label1\" content=\"Escrito por\" \/>\n\t<meta name=\"twitter:data1\" content=\"inclusivenews2024\" \/>\n\t<meta name=\"twitter:label2\" content=\"Tempo estimado de leitura\" \/>\n\t<meta name=\"twitter:data2\" content=\"3 minutos\" \/>\n<script type=\"application\/ld+json\" class=\"yoast-schema-graph\">{\"@context\":\"https:\\\/\\\/schema.org\",\"@graph\":[{\"@type\":\"Article\",\"@id\":\"https:\\\/\\\/inclusivenews.com.br\\\/?p=23014#article\",\"isPartOf\":{\"@id\":\"https:\\\/\\\/inclusivenews.com.br\\\/?p=23014\"},\"author\":{\"name\":\"inclusivenews2024\",\"@id\":\"https:\\\/\\\/inclusivenews.com.br\\\/#\\\/schema\\\/person\\\/ae4ec7087559b8692fb33b6fffd2273b\"},\"headline\":\"Boletim Movimento Down \u2013 4\u00aa edi\u00e7\u00e3o\",\"datePublished\":\"2012-07-23T02:26:12+00:00\",\"mainEntityOfPage\":{\"@id\":\"https:\\\/\\\/inclusivenews.com.br\\\/?p=23014\"},\"wordCount\":623,\"commentCount\":0,\"publisher\":{\"@id\":\"https:\\\/\\\/inclusivenews.com.br\\\/#organization\"},\"image\":{\"@id\":\"https:\\\/\\\/inclusivenews.com.br\\\/?p=23014#primaryimage\"},\"thumbnailUrl\":\"http:\\\/\\\/inclusivenews.com.br\\\/wp-content\\\/uploads\\\/movdown.png\",\"articleSection\":[\"Defici\u00eancia\",\"INCLUS\u00c3O SOCIAL\",\"NOT\u00cdCIAS\"],\"inLanguage\":\"pt-PT\",\"potentialAction\":[{\"@type\":\"CommentAction\",\"name\":\"Comment\",\"target\":[\"https:\\\/\\\/inclusivenews.com.br\\\/?p=23014#respond\"]}]},{\"@type\":\"WebPage\",\"@id\":\"https:\\\/\\\/inclusivenews.com.br\\\/?p=23014\",\"url\":\"https:\\\/\\\/inclusivenews.com.br\\\/?p=23014\",\"name\":\"Boletim Movimento Down \u2013 4\u00aa edi\u00e7\u00e3o -\",\"isPartOf\":{\"@id\":\"https:\\\/\\\/inclusivenews.com.br\\\/#website\"},\"primaryImageOfPage\":{\"@id\":\"https:\\\/\\\/inclusivenews.com.br\\\/?p=23014#primaryimage\"},\"image\":{\"@id\":\"https:\\\/\\\/inclusivenews.com.br\\\/?p=23014#primaryimage\"},\"thumbnailUrl\":\"http:\\\/\\\/inclusivenews.com.br\\\/wp-content\\\/uploads\\\/movdown.png\",\"datePublished\":\"2012-07-23T02:26:12+00:00\",\"breadcrumb\":{\"@id\":\"https:\\\/\\\/inclusivenews.com.br\\\/?p=23014#breadcrumb\"},\"inLanguage\":\"pt-PT\",\"potentialAction\":[{\"@type\":\"ReadAction\",\"target\":[\"https:\\\/\\\/inclusivenews.com.br\\\/?p=23014\"]}]},{\"@type\":\"ImageObject\",\"inLanguage\":\"pt-PT\",\"@id\":\"https:\\\/\\\/inclusivenews.com.br\\\/?p=23014#primaryimage\",\"url\":\"\",\"contentUrl\":\"\"},{\"@type\":\"BreadcrumbList\",\"@id\":\"https:\\\/\\\/inclusivenews.com.br\\\/?p=23014#breadcrumb\",\"itemListElement\":[{\"@type\":\"ListItem\",\"position\":1,\"name\":\"In\u00edcio\",\"item\":\"https:\\\/\\\/inclusivenews.com.br\\\/\"},{\"@type\":\"ListItem\",\"position\":2,\"name\":\"Boletim Movimento Down \u2013 4\u00aa edi\u00e7\u00e3o\"}]},{\"@type\":\"WebSite\",\"@id\":\"https:\\\/\\\/inclusivenews.com.br\\\/#website\",\"url\":\"https:\\\/\\\/inclusivenews.com.br\\\/\",\"name\":\"Inclusive News\",\"description\":\"Inclusive News\",\"publisher\":{\"@id\":\"https:\\\/\\\/inclusivenews.com.br\\\/#organization\"},\"potentialAction\":[{\"@type\":\"SearchAction\",\"target\":{\"@type\":\"EntryPoint\",\"urlTemplate\":\"https:\\\/\\\/inclusivenews.com.br\\\/?s={search_term_string}\"},\"query-input\":{\"@type\":\"PropertyValueSpecification\",\"valueRequired\":true,\"valueName\":\"search_term_string\"}}],\"inLanguage\":\"pt-PT\"},{\"@type\":\"Organization\",\"@id\":\"https:\\\/\\\/inclusivenews.com.br\\\/#organization\",\"name\":\"Inclusive - inclus\u00e3o e cidadania\",\"url\":\"https:\\\/\\\/inclusivenews.com.br\\\/\",\"logo\":{\"@type\":\"ImageObject\",\"inLanguage\":\"pt-PT\",\"@id\":\"https:\\\/\\\/inclusivenews.com.br\\\/#\\\/schema\\\/logo\\\/image\\\/\",\"url\":\"https:\\\/\\\/inclusivenews.com.br\\\/wp-content\\\/uploads\\\/2024\\\/03\\\/@grandesite.png\",\"contentUrl\":\"https:\\\/\\\/inclusivenews.com.br\\\/wp-content\\\/uploads\\\/2024\\\/03\\\/@grandesite.png\",\"width\":1080,\"height\":1080,\"caption\":\"Inclusive - inclus\u00e3o e cidadania\"},\"image\":{\"@id\":\"https:\\\/\\\/inclusivenews.com.br\\\/#\\\/schema\\\/logo\\\/image\\\/\"},\"sameAs\":[\"https:\\\/\\\/www.facebook.com\\\/agenciainclusive\\\/\",\"https:\\\/\\\/www.instagram.com\\\/newsinclusive\\\/\"]},{\"@type\":\"Person\",\"@id\":\"https:\\\/\\\/inclusivenews.com.br\\\/#\\\/schema\\\/person\\\/ae4ec7087559b8692fb33b6fffd2273b\",\"name\":\"inclusivenews2024\",\"image\":{\"@type\":\"ImageObject\",\"inLanguage\":\"pt-PT\",\"@id\":\"https:\\\/\\\/secure.gravatar.com\\\/avatar\\\/c5a7ef84c66fa914f55bc4f7ce26cfa275a3b9a1c5568b907bd184fb4dde7b40?s=96&d=mm&r=g\",\"url\":\"https:\\\/\\\/secure.gravatar.com\\\/avatar\\\/c5a7ef84c66fa914f55bc4f7ce26cfa275a3b9a1c5568b907bd184fb4dde7b40?s=96&d=mm&r=g\",\"contentUrl\":\"https:\\\/\\\/secure.gravatar.com\\\/avatar\\\/c5a7ef84c66fa914f55bc4f7ce26cfa275a3b9a1c5568b907bd184fb4dde7b40?s=96&d=mm&r=g\",\"caption\":\"inclusivenews2024\"},\"sameAs\":[\"https:\\\/\\\/inclusivenews.com.br\"],\"url\":\"https:\\\/\\\/inclusivenews.com.br\\\/?author=1\"}]}<\/script>\n<!-- \/ Yoast SEO plugin. -->","yoast_head_json":{"title":"Boletim Movimento Down \u2013 4\u00aa edi\u00e7\u00e3o -","robots":{"index":"index","follow":"follow","max-snippet":"max-snippet:-1","max-image-preview":"max-image-preview:large","max-video-preview":"max-video-preview:-1"},"canonical":"https:\/\/inclusivenews.com.br\/?p=23014","og_locale":"pt_PT","og_type":"article","og_title":"Boletim Movimento Down \u2013 4\u00aa edi\u00e7\u00e3o -","og_description":"Conquistar o primeiro emprego \u00e9, para muitos jovens, um marco importante na passagem rumo \u00e0 vida adulta. Com a ado\u00e7\u00e3o de pol\u00edticas inclusivas, \u00e9 cada vez maior o n\u00famero de brasileiros com s\u00edndrome de Down que t\u00eam a oportunidade de viver esse momento marcante e conseguem ocupar um lugar no mercado de trabalho. Em seu [&hellip;]","og_url":"https:\/\/inclusivenews.com.br\/?p=23014","article_publisher":"https:\/\/www.facebook.com\/agenciainclusive\/","article_published_time":"2012-07-23T02:26:12+00:00","og_image":[{"url":"http:\/\/inclusivenews.com.br\/wp-content\/uploads\/movdown.png","type":"","width":"","height":""}],"author":"inclusivenews2024","twitter_card":"summary_large_image","twitter_misc":{"Escrito por":"inclusivenews2024","Tempo estimado de leitura":"3 minutos"},"schema":{"@context":"https:\/\/schema.org","@graph":[{"@type":"Article","@id":"https:\/\/inclusivenews.com.br\/?p=23014#article","isPartOf":{"@id":"https:\/\/inclusivenews.com.br\/?p=23014"},"author":{"name":"inclusivenews2024","@id":"https:\/\/inclusivenews.com.br\/#\/schema\/person\/ae4ec7087559b8692fb33b6fffd2273b"},"headline":"Boletim Movimento Down \u2013 4\u00aa edi\u00e7\u00e3o","datePublished":"2012-07-23T02:26:12+00:00","mainEntityOfPage":{"@id":"https:\/\/inclusivenews.com.br\/?p=23014"},"wordCount":623,"commentCount":0,"publisher":{"@id":"https:\/\/inclusivenews.com.br\/#organization"},"image":{"@id":"https:\/\/inclusivenews.com.br\/?p=23014#primaryimage"},"thumbnailUrl":"http:\/\/inclusivenews.com.br\/wp-content\/uploads\/movdown.png","articleSection":["Defici\u00eancia","INCLUS\u00c3O SOCIAL","NOT\u00cdCIAS"],"inLanguage":"pt-PT","potentialAction":[{"@type":"CommentAction","name":"Comment","target":["https:\/\/inclusivenews.com.br\/?p=23014#respond"]}]},{"@type":"WebPage","@id":"https:\/\/inclusivenews.com.br\/?p=23014","url":"https:\/\/inclusivenews.com.br\/?p=23014","name":"Boletim Movimento Down \u2013 4\u00aa edi\u00e7\u00e3o -","isPartOf":{"@id":"https:\/\/inclusivenews.com.br\/#website"},"primaryImageOfPage":{"@id":"https:\/\/inclusivenews.com.br\/?p=23014#primaryimage"},"image":{"@id":"https:\/\/inclusivenews.com.br\/?p=23014#primaryimage"},"thumbnailUrl":"http:\/\/inclusivenews.com.br\/wp-content\/uploads\/movdown.png","datePublished":"2012-07-23T02:26:12+00:00","breadcrumb":{"@id":"https:\/\/inclusivenews.com.br\/?p=23014#breadcrumb"},"inLanguage":"pt-PT","potentialAction":[{"@type":"ReadAction","target":["https:\/\/inclusivenews.com.br\/?p=23014"]}]},{"@type":"ImageObject","inLanguage":"pt-PT","@id":"https:\/\/inclusivenews.com.br\/?p=23014#primaryimage","url":"","contentUrl":""},{"@type":"BreadcrumbList","@id":"https:\/\/inclusivenews.com.br\/?p=23014#breadcrumb","itemListElement":[{"@type":"ListItem","position":1,"name":"In\u00edcio","item":"https:\/\/inclusivenews.com.br\/"},{"@type":"ListItem","position":2,"name":"Boletim Movimento Down \u2013 4\u00aa edi\u00e7\u00e3o"}]},{"@type":"WebSite","@id":"https:\/\/inclusivenews.com.br\/#website","url":"https:\/\/inclusivenews.com.br\/","name":"Inclusive News","description":"Inclusive News","publisher":{"@id":"https:\/\/inclusivenews.com.br\/#organization"},"potentialAction":[{"@type":"SearchAction","target":{"@type":"EntryPoint","urlTemplate":"https:\/\/inclusivenews.com.br\/?s={search_term_string}"},"query-input":{"@type":"PropertyValueSpecification","valueRequired":true,"valueName":"search_term_string"}}],"inLanguage":"pt-PT"},{"@type":"Organization","@id":"https:\/\/inclusivenews.com.br\/#organization","name":"Inclusive - inclus\u00e3o e cidadania","url":"https:\/\/inclusivenews.com.br\/","logo":{"@type":"ImageObject","inLanguage":"pt-PT","@id":"https:\/\/inclusivenews.com.br\/#\/schema\/logo\/image\/","url":"https:\/\/inclusivenews.com.br\/wp-content\/uploads\/2024\/03\/@grandesite.png","contentUrl":"https:\/\/inclusivenews.com.br\/wp-content\/uploads\/2024\/03\/@grandesite.png","width":1080,"height":1080,"caption":"Inclusive - inclus\u00e3o e cidadania"},"image":{"@id":"https:\/\/inclusivenews.com.br\/#\/schema\/logo\/image\/"},"sameAs":["https:\/\/www.facebook.com\/agenciainclusive\/","https:\/\/www.instagram.com\/newsinclusive\/"]},{"@type":"Person","@id":"https:\/\/inclusivenews.com.br\/#\/schema\/person\/ae4ec7087559b8692fb33b6fffd2273b","name":"inclusivenews2024","image":{"@type":"ImageObject","inLanguage":"pt-PT","@id":"https:\/\/secure.gravatar.com\/avatar\/c5a7ef84c66fa914f55bc4f7ce26cfa275a3b9a1c5568b907bd184fb4dde7b40?s=96&d=mm&r=g","url":"https:\/\/secure.gravatar.com\/avatar\/c5a7ef84c66fa914f55bc4f7ce26cfa275a3b9a1c5568b907bd184fb4dde7b40?s=96&d=mm&r=g","contentUrl":"https:\/\/secure.gravatar.com\/avatar\/c5a7ef84c66fa914f55bc4f7ce26cfa275a3b9a1c5568b907bd184fb4dde7b40?s=96&d=mm&r=g","caption":"inclusivenews2024"},"sameAs":["https:\/\/inclusivenews.com.br"],"url":"https:\/\/inclusivenews.com.br\/?author=1"}]}},"_links":{"self":[{"href":"https:\/\/inclusivenews.com.br\/index.php?rest_route=\/wp\/v2\/posts\/23014","targetHints":{"allow":["GET"]}}],"collection":[{"href":"https:\/\/inclusivenews.com.br\/index.php?rest_route=\/wp\/v2\/posts"}],"about":[{"href":"https:\/\/inclusivenews.com.br\/index.php?rest_route=\/wp\/v2\/types\/post"}],"author":[{"embeddable":true,"href":"https:\/\/inclusivenews.com.br\/index.php?rest_route=\/wp\/v2\/users\/1"}],"replies":[{"embeddable":true,"href":"https:\/\/inclusivenews.com.br\/index.php?rest_route=%2Fwp%2Fv2%2Fcomments&post=23014"}],"version-history":[{"count":0,"href":"https:\/\/inclusivenews.com.br\/index.php?rest_route=\/wp\/v2\/posts\/23014\/revisions"}],"wp:attachment":[{"href":"https:\/\/inclusivenews.com.br\/index.php?rest_route=%2Fwp%2Fv2%2Fmedia&parent=23014"}],"wp:term":[{"taxonomy":"category","embeddable":true,"href":"https:\/\/inclusivenews.com.br\/index.php?rest_route=%2Fwp%2Fv2%2Fcategories&post=23014"},{"taxonomy":"post_tag","embeddable":true,"href":"https:\/\/inclusivenews.com.br\/index.php?rest_route=%2Fwp%2Fv2%2Ftags&post=23014"}],"curies":[{"name":"wp","href":"https:\/\/api.w.org\/{rel}","templated":true}]}}