{"id":23055,"date":"2012-08-08T16:31:16","date_gmt":"2012-08-08T19:31:16","guid":{"rendered":"http:\/\/www.inclusive.org.br\/?p=23055"},"modified":"2012-08-08T16:31:16","modified_gmt":"2012-08-08T19:31:16","slug":"pessoas-com-deficiencia-sao-mais-vulneraveis-ao-virus-hiv-diz-diretora-da-unicef","status":"publish","type":"post","link":"https:\/\/inclusivenews.com.br\/?p=23055","title":{"rendered":"Pessoas com defici\u00eancia s\u00e3o mais vulner\u00e1veis ao v\u00edrus HIV, diz diretora da Unicef"},"content":{"rendered":"<p><a href=\"http:\/\/www.inclusivenews.com.br\/wp-content\/uploads\/2010\/01\/aids.jpg\"><img loading=\"lazy\" decoding=\"async\" class=\"alignleft size-full wp-image-13644\" title=\"Fita vermelha, s\u00edmbolo da AIDS\" src=\"http:\/\/inclusivenews.com.br\/wp-content\/uploads\/2010\/01\/aids.jpg\" alt=\"Fita vermelha, s\u00edmbolo da AIDS\" width=\"118\" height=\"113\" \/><\/a><\/p>\n<p>Rosangela Berman-Bieler, diretora da se\u00e7\u00e3o de defici\u00eancias da UNICEF em Nova Iorque e que trabalha com os escrit\u00f3rios da organiza\u00e7\u00e3o disse ao site de not\u00edcias Voz da Am\u00e9rica que, no que diz respeito \u00e0 pandemia da aids, os deficientes s\u00e3o \u201csuper-exclu\u00eddos\u201d.<\/p>\n<p>Segundo a diretora, isso acontece porque h\u00e1 a ideia que as pessoas com defici\u00eancias n\u00e3o t\u00eam rela\u00e7\u00f5es sexuais e que por isso n\u00e3o s\u00e3o pessoas vulner\u00e1veis. Na verdade, disse ela, &#8220;os deficientes correm tanto risco como qualquer outra pessoa, mas h\u00e1 um risco desproporcional em casos de abusos sexual. Mulheres e meninas com defici\u00eancias mentais s\u00e3o frequentemente abusadas&#8221;.<\/p>\n<p>Meninas surdas s\u00e3o tamb\u00e9m um grande alvo de abusos sexuais. H\u00e1 tamb\u00e9m menos acesso \u00e0 informa\u00e7\u00e3o no caso de pessoas surdas, grupo em que a preval\u00eancia do v\u00edrus HIV \u00e9 bem mais alta. Rosangela Berman-Bieler falou ao site durante a 19\u00aa Confer\u00eancia Internacional de Aids, que acotneceu em Washington na semana passada.<\/p>\n<p>Reda\u00e7\u00e3o da Ag\u00eancia de Not\u00edcias da Aids<\/p>\n<p>A Ag\u00eancia de Not\u00edcias da Aids fez a cobertura da Confer\u00eancia Internacional de Aids em Washington em parceria com o portal UOL, Rede Cultura, R\u00e1dio Estad\u00e3o\/ESPN, Voz da Am\u00e9rica e Rede de Comunica\u00e7\u00e3o Obor\u00e9.<\/p>\n<p>Esta cobertura teve apoio da Anglo American, Interfarma (Associa\u00e7\u00e3o da Ind\u00fastria Farmac\u00eautica de Pesquisa do Brasil), laborat\u00f3rio MSD e Secretaria de Estado da Sa\u00fade de S\u00e3o Paulo. Durante o evento, foi tamb\u00e9m produzido um document\u00e1rio sobre o trabalho das ONGs internacionais com apoio da mineradora Anglo American e do SENAC (Servi\u00e7o Nacional de Aprendizagem Comercial).<\/p>\n<p>Fonte: Ag\u00eancia de Not\u00edcias da AIDS<\/p>\n","protected":false},"excerpt":{"rendered":"<p>Rosangela Berman-Bieler, diretora da se\u00e7\u00e3o de defici\u00eancias da UNICEF em Nova Iorque e que trabalha com os escrit\u00f3rios da organiza\u00e7\u00e3o disse ao site de not\u00edcias Voz da Am\u00e9rica que, no que diz respeito \u00e0 pandemia da aids, os deficientes s\u00e3o \u201csuper-exclu\u00eddos\u201d.<\/p>\n","protected":false},"author":1,"featured_media":0,"comment_status":"open","ping_status":"open","sticky":false,"template":"","format":"standard","meta":{"site-container-style":"default","site-container-layout":"default","site-sidebar-layout":"default","disable-article-header":"default","disable-site-header":"default","disable-site-footer":"default","disable-content-area-spacing":"default","footnotes":""},"categories":[38,48,37],"tags":[105],"class_list":["post-23055","post","type-post","status-publish","format-standard","hentry","category-deficiencia","category-inclusao","category-saude","tag-aids"],"yoast_head":"<!-- This site is optimized with the Yoast SEO plugin v27.5 - https:\/\/yoast.com\/product\/yoast-seo-wordpress\/ -->\n<title>Pessoas com defici\u00eancia s\u00e3o mais vulner\u00e1veis ao v\u00edrus HIV, diz diretora da Unicef -<\/title>\n<meta name=\"robots\" content=\"index, follow, max-snippet:-1, max-image-preview:large, max-video-preview:-1\" \/>\n<link rel=\"canonical\" href=\"https:\/\/inclusivenews.com.br\/?p=23055\" \/>\n<meta property=\"og:locale\" content=\"pt_PT\" \/>\n<meta property=\"og:type\" content=\"article\" \/>\n<meta property=\"og:title\" content=\"Pessoas com defici\u00eancia s\u00e3o mais vulner\u00e1veis ao v\u00edrus HIV, diz diretora da Unicef -\" \/>\n<meta property=\"og:description\" content=\"Rosangela Berman-Bieler, diretora da se\u00e7\u00e3o de defici\u00eancias da UNICEF em Nova Iorque e que trabalha com os escrit\u00f3rios da organiza\u00e7\u00e3o disse ao site de not\u00edcias Voz da Am\u00e9rica que, no que diz respeito \u00e0 pandemia da aids, os deficientes s\u00e3o \u201csuper-exclu\u00eddos\u201d.\" \/>\n<meta property=\"og:url\" content=\"https:\/\/inclusivenews.com.br\/?p=23055\" \/>\n<meta property=\"article:publisher\" content=\"https:\/\/www.facebook.com\/agenciainclusive\/\" \/>\n<meta property=\"article:published_time\" content=\"2012-08-08T19:31:16+00:00\" \/>\n<meta property=\"og:image\" content=\"http:\/\/inclusivenews.com.br\/wp-content\/uploads\/2010\/01\/aids.jpg\" \/>\n<meta name=\"author\" content=\"inclusivenews2024\" \/>\n<meta name=\"twitter:card\" content=\"summary_large_image\" \/>\n<meta name=\"twitter:label1\" content=\"Escrito por\" \/>\n\t<meta name=\"twitter:data1\" content=\"inclusivenews2024\" \/>\n\t<meta name=\"twitter:label2\" content=\"Tempo estimado de leitura\" \/>\n\t<meta name=\"twitter:data2\" content=\"1 minuto\" \/>\n<script type=\"application\/ld+json\" class=\"yoast-schema-graph\">{\"@context\":\"https:\\\/\\\/schema.org\",\"@graph\":[{\"@type\":\"Article\",\"@id\":\"https:\\\/\\\/inclusivenews.com.br\\\/?p=23055#article\",\"isPartOf\":{\"@id\":\"https:\\\/\\\/inclusivenews.com.br\\\/?p=23055\"},\"author\":{\"name\":\"inclusivenews2024\",\"@id\":\"https:\\\/\\\/inclusivenews.com.br\\\/#\\\/schema\\\/person\\\/ae4ec7087559b8692fb33b6fffd2273b\"},\"headline\":\"Pessoas com defici\u00eancia s\u00e3o mais vulner\u00e1veis ao v\u00edrus HIV, diz diretora da Unicef\",\"datePublished\":\"2012-08-08T19:31:16+00:00\",\"mainEntityOfPage\":{\"@id\":\"https:\\\/\\\/inclusivenews.com.br\\\/?p=23055\"},\"wordCount\":312,\"commentCount\":0,\"publisher\":{\"@id\":\"https:\\\/\\\/inclusivenews.com.br\\\/#organization\"},\"image\":{\"@id\":\"https:\\\/\\\/inclusivenews.com.br\\\/?p=23055#primaryimage\"},\"thumbnailUrl\":\"http:\\\/\\\/inclusivenews.com.br\\\/wp-content\\\/uploads\\\/2010\\\/01\\\/aids.jpg\",\"keywords\":[\"AIDS\"],\"articleSection\":[\"Defici\u00eancia\",\"INCLUS\u00c3O SOCIAL\",\"Sa\u00fade\"],\"inLanguage\":\"pt-PT\",\"potentialAction\":[{\"@type\":\"CommentAction\",\"name\":\"Comment\",\"target\":[\"https:\\\/\\\/inclusivenews.com.br\\\/?p=23055#respond\"]}]},{\"@type\":\"WebPage\",\"@id\":\"https:\\\/\\\/inclusivenews.com.br\\\/?p=23055\",\"url\":\"https:\\\/\\\/inclusivenews.com.br\\\/?p=23055\",\"name\":\"Pessoas com defici\u00eancia s\u00e3o mais vulner\u00e1veis ao v\u00edrus HIV, diz diretora da Unicef -\",\"isPartOf\":{\"@id\":\"https:\\\/\\\/inclusivenews.com.br\\\/#website\"},\"primaryImageOfPage\":{\"@id\":\"https:\\\/\\\/inclusivenews.com.br\\\/?p=23055#primaryimage\"},\"image\":{\"@id\":\"https:\\\/\\\/inclusivenews.com.br\\\/?p=23055#primaryimage\"},\"thumbnailUrl\":\"http:\\\/\\\/inclusivenews.com.br\\\/wp-content\\\/uploads\\\/2010\\\/01\\\/aids.jpg\",\"datePublished\":\"2012-08-08T19:31:16+00:00\",\"breadcrumb\":{\"@id\":\"https:\\\/\\\/inclusivenews.com.br\\\/?p=23055#breadcrumb\"},\"inLanguage\":\"pt-PT\",\"potentialAction\":[{\"@type\":\"ReadAction\",\"target\":[\"https:\\\/\\\/inclusivenews.com.br\\\/?p=23055\"]}]},{\"@type\":\"ImageObject\",\"inLanguage\":\"pt-PT\",\"@id\":\"https:\\\/\\\/inclusivenews.com.br\\\/?p=23055#primaryimage\",\"url\":\"\",\"contentUrl\":\"\"},{\"@type\":\"BreadcrumbList\",\"@id\":\"https:\\\/\\\/inclusivenews.com.br\\\/?p=23055#breadcrumb\",\"itemListElement\":[{\"@type\":\"ListItem\",\"position\":1,\"name\":\"In\u00edcio\",\"item\":\"https:\\\/\\\/inclusivenews.com.br\\\/\"},{\"@type\":\"ListItem\",\"position\":2,\"name\":\"Pessoas com defici\u00eancia s\u00e3o mais vulner\u00e1veis ao v\u00edrus HIV, diz diretora da Unicef\"}]},{\"@type\":\"WebSite\",\"@id\":\"https:\\\/\\\/inclusivenews.com.br\\\/#website\",\"url\":\"https:\\\/\\\/inclusivenews.com.br\\\/\",\"name\":\"Inclusive News\",\"description\":\"Inclusive News\",\"publisher\":{\"@id\":\"https:\\\/\\\/inclusivenews.com.br\\\/#organization\"},\"potentialAction\":[{\"@type\":\"SearchAction\",\"target\":{\"@type\":\"EntryPoint\",\"urlTemplate\":\"https:\\\/\\\/inclusivenews.com.br\\\/?s={search_term_string}\"},\"query-input\":{\"@type\":\"PropertyValueSpecification\",\"valueRequired\":true,\"valueName\":\"search_term_string\"}}],\"inLanguage\":\"pt-PT\"},{\"@type\":\"Organization\",\"@id\":\"https:\\\/\\\/inclusivenews.com.br\\\/#organization\",\"name\":\"Inclusive - inclus\u00e3o e cidadania\",\"url\":\"https:\\\/\\\/inclusivenews.com.br\\\/\",\"logo\":{\"@type\":\"ImageObject\",\"inLanguage\":\"pt-PT\",\"@id\":\"https:\\\/\\\/inclusivenews.com.br\\\/#\\\/schema\\\/logo\\\/image\\\/\",\"url\":\"https:\\\/\\\/inclusivenews.com.br\\\/wp-content\\\/uploads\\\/2024\\\/03\\\/@grandesite.png\",\"contentUrl\":\"https:\\\/\\\/inclusivenews.com.br\\\/wp-content\\\/uploads\\\/2024\\\/03\\\/@grandesite.png\",\"width\":1080,\"height\":1080,\"caption\":\"Inclusive - inclus\u00e3o e cidadania\"},\"image\":{\"@id\":\"https:\\\/\\\/inclusivenews.com.br\\\/#\\\/schema\\\/logo\\\/image\\\/\"},\"sameAs\":[\"https:\\\/\\\/www.facebook.com\\\/agenciainclusive\\\/\",\"https:\\\/\\\/www.instagram.com\\\/newsinclusive\\\/\"]},{\"@type\":\"Person\",\"@id\":\"https:\\\/\\\/inclusivenews.com.br\\\/#\\\/schema\\\/person\\\/ae4ec7087559b8692fb33b6fffd2273b\",\"name\":\"inclusivenews2024\",\"image\":{\"@type\":\"ImageObject\",\"inLanguage\":\"pt-PT\",\"@id\":\"https:\\\/\\\/secure.gravatar.com\\\/avatar\\\/c5a7ef84c66fa914f55bc4f7ce26cfa275a3b9a1c5568b907bd184fb4dde7b40?s=96&d=mm&r=g\",\"url\":\"https:\\\/\\\/secure.gravatar.com\\\/avatar\\\/c5a7ef84c66fa914f55bc4f7ce26cfa275a3b9a1c5568b907bd184fb4dde7b40?s=96&d=mm&r=g\",\"contentUrl\":\"https:\\\/\\\/secure.gravatar.com\\\/avatar\\\/c5a7ef84c66fa914f55bc4f7ce26cfa275a3b9a1c5568b907bd184fb4dde7b40?s=96&d=mm&r=g\",\"caption\":\"inclusivenews2024\"},\"sameAs\":[\"https:\\\/\\\/inclusivenews.com.br\"],\"url\":\"https:\\\/\\\/inclusivenews.com.br\\\/?author=1\"}]}<\/script>\n<!-- \/ Yoast SEO plugin. -->","yoast_head_json":{"title":"Pessoas com defici\u00eancia s\u00e3o mais vulner\u00e1veis ao v\u00edrus HIV, diz diretora da Unicef -","robots":{"index":"index","follow":"follow","max-snippet":"max-snippet:-1","max-image-preview":"max-image-preview:large","max-video-preview":"max-video-preview:-1"},"canonical":"https:\/\/inclusivenews.com.br\/?p=23055","og_locale":"pt_PT","og_type":"article","og_title":"Pessoas com defici\u00eancia s\u00e3o mais vulner\u00e1veis ao v\u00edrus HIV, diz diretora da Unicef -","og_description":"Rosangela Berman-Bieler, diretora da se\u00e7\u00e3o de defici\u00eancias da UNICEF em Nova Iorque e que trabalha com os escrit\u00f3rios da organiza\u00e7\u00e3o disse ao site de not\u00edcias Voz da Am\u00e9rica que, no que diz respeito \u00e0 pandemia da aids, os deficientes s\u00e3o \u201csuper-exclu\u00eddos\u201d.","og_url":"https:\/\/inclusivenews.com.br\/?p=23055","article_publisher":"https:\/\/www.facebook.com\/agenciainclusive\/","article_published_time":"2012-08-08T19:31:16+00:00","og_image":[{"url":"http:\/\/inclusivenews.com.br\/wp-content\/uploads\/2010\/01\/aids.jpg","type":"","width":"","height":""}],"author":"inclusivenews2024","twitter_card":"summary_large_image","twitter_misc":{"Escrito por":"inclusivenews2024","Tempo estimado de leitura":"1 minuto"},"schema":{"@context":"https:\/\/schema.org","@graph":[{"@type":"Article","@id":"https:\/\/inclusivenews.com.br\/?p=23055#article","isPartOf":{"@id":"https:\/\/inclusivenews.com.br\/?p=23055"},"author":{"name":"inclusivenews2024","@id":"https:\/\/inclusivenews.com.br\/#\/schema\/person\/ae4ec7087559b8692fb33b6fffd2273b"},"headline":"Pessoas com defici\u00eancia s\u00e3o mais vulner\u00e1veis ao v\u00edrus HIV, diz diretora da Unicef","datePublished":"2012-08-08T19:31:16+00:00","mainEntityOfPage":{"@id":"https:\/\/inclusivenews.com.br\/?p=23055"},"wordCount":312,"commentCount":0,"publisher":{"@id":"https:\/\/inclusivenews.com.br\/#organization"},"image":{"@id":"https:\/\/inclusivenews.com.br\/?p=23055#primaryimage"},"thumbnailUrl":"http:\/\/inclusivenews.com.br\/wp-content\/uploads\/2010\/01\/aids.jpg","keywords":["AIDS"],"articleSection":["Defici\u00eancia","INCLUS\u00c3O SOCIAL","Sa\u00fade"],"inLanguage":"pt-PT","potentialAction":[{"@type":"CommentAction","name":"Comment","target":["https:\/\/inclusivenews.com.br\/?p=23055#respond"]}]},{"@type":"WebPage","@id":"https:\/\/inclusivenews.com.br\/?p=23055","url":"https:\/\/inclusivenews.com.br\/?p=23055","name":"Pessoas com defici\u00eancia s\u00e3o mais vulner\u00e1veis ao v\u00edrus HIV, diz diretora da Unicef -","isPartOf":{"@id":"https:\/\/inclusivenews.com.br\/#website"},"primaryImageOfPage":{"@id":"https:\/\/inclusivenews.com.br\/?p=23055#primaryimage"},"image":{"@id":"https:\/\/inclusivenews.com.br\/?p=23055#primaryimage"},"thumbnailUrl":"http:\/\/inclusivenews.com.br\/wp-content\/uploads\/2010\/01\/aids.jpg","datePublished":"2012-08-08T19:31:16+00:00","breadcrumb":{"@id":"https:\/\/inclusivenews.com.br\/?p=23055#breadcrumb"},"inLanguage":"pt-PT","potentialAction":[{"@type":"ReadAction","target":["https:\/\/inclusivenews.com.br\/?p=23055"]}]},{"@type":"ImageObject","inLanguage":"pt-PT","@id":"https:\/\/inclusivenews.com.br\/?p=23055#primaryimage","url":"","contentUrl":""},{"@type":"BreadcrumbList","@id":"https:\/\/inclusivenews.com.br\/?p=23055#breadcrumb","itemListElement":[{"@type":"ListItem","position":1,"name":"In\u00edcio","item":"https:\/\/inclusivenews.com.br\/"},{"@type":"ListItem","position":2,"name":"Pessoas com defici\u00eancia s\u00e3o mais vulner\u00e1veis ao v\u00edrus HIV, diz diretora da Unicef"}]},{"@type":"WebSite","@id":"https:\/\/inclusivenews.com.br\/#website","url":"https:\/\/inclusivenews.com.br\/","name":"Inclusive News","description":"Inclusive News","publisher":{"@id":"https:\/\/inclusivenews.com.br\/#organization"},"potentialAction":[{"@type":"SearchAction","target":{"@type":"EntryPoint","urlTemplate":"https:\/\/inclusivenews.com.br\/?s={search_term_string}"},"query-input":{"@type":"PropertyValueSpecification","valueRequired":true,"valueName":"search_term_string"}}],"inLanguage":"pt-PT"},{"@type":"Organization","@id":"https:\/\/inclusivenews.com.br\/#organization","name":"Inclusive - inclus\u00e3o e cidadania","url":"https:\/\/inclusivenews.com.br\/","logo":{"@type":"ImageObject","inLanguage":"pt-PT","@id":"https:\/\/inclusivenews.com.br\/#\/schema\/logo\/image\/","url":"https:\/\/inclusivenews.com.br\/wp-content\/uploads\/2024\/03\/@grandesite.png","contentUrl":"https:\/\/inclusivenews.com.br\/wp-content\/uploads\/2024\/03\/@grandesite.png","width":1080,"height":1080,"caption":"Inclusive - inclus\u00e3o e cidadania"},"image":{"@id":"https:\/\/inclusivenews.com.br\/#\/schema\/logo\/image\/"},"sameAs":["https:\/\/www.facebook.com\/agenciainclusive\/","https:\/\/www.instagram.com\/newsinclusive\/"]},{"@type":"Person","@id":"https:\/\/inclusivenews.com.br\/#\/schema\/person\/ae4ec7087559b8692fb33b6fffd2273b","name":"inclusivenews2024","image":{"@type":"ImageObject","inLanguage":"pt-PT","@id":"https:\/\/secure.gravatar.com\/avatar\/c5a7ef84c66fa914f55bc4f7ce26cfa275a3b9a1c5568b907bd184fb4dde7b40?s=96&d=mm&r=g","url":"https:\/\/secure.gravatar.com\/avatar\/c5a7ef84c66fa914f55bc4f7ce26cfa275a3b9a1c5568b907bd184fb4dde7b40?s=96&d=mm&r=g","contentUrl":"https:\/\/secure.gravatar.com\/avatar\/c5a7ef84c66fa914f55bc4f7ce26cfa275a3b9a1c5568b907bd184fb4dde7b40?s=96&d=mm&r=g","caption":"inclusivenews2024"},"sameAs":["https:\/\/inclusivenews.com.br"],"url":"https:\/\/inclusivenews.com.br\/?author=1"}]}},"_links":{"self":[{"href":"https:\/\/inclusivenews.com.br\/index.php?rest_route=\/wp\/v2\/posts\/23055","targetHints":{"allow":["GET"]}}],"collection":[{"href":"https:\/\/inclusivenews.com.br\/index.php?rest_route=\/wp\/v2\/posts"}],"about":[{"href":"https:\/\/inclusivenews.com.br\/index.php?rest_route=\/wp\/v2\/types\/post"}],"author":[{"embeddable":true,"href":"https:\/\/inclusivenews.com.br\/index.php?rest_route=\/wp\/v2\/users\/1"}],"replies":[{"embeddable":true,"href":"https:\/\/inclusivenews.com.br\/index.php?rest_route=%2Fwp%2Fv2%2Fcomments&post=23055"}],"version-history":[{"count":0,"href":"https:\/\/inclusivenews.com.br\/index.php?rest_route=\/wp\/v2\/posts\/23055\/revisions"}],"wp:attachment":[{"href":"https:\/\/inclusivenews.com.br\/index.php?rest_route=%2Fwp%2Fv2%2Fmedia&parent=23055"}],"wp:term":[{"taxonomy":"category","embeddable":true,"href":"https:\/\/inclusivenews.com.br\/index.php?rest_route=%2Fwp%2Fv2%2Fcategories&post=23055"},{"taxonomy":"post_tag","embeddable":true,"href":"https:\/\/inclusivenews.com.br\/index.php?rest_route=%2Fwp%2Fv2%2Ftags&post=23055"}],"curies":[{"name":"wp","href":"https:\/\/api.w.org\/{rel}","templated":true}]}}