{"id":23056,"date":"2012-08-04T10:35:50","date_gmt":"2012-08-04T13:35:50","guid":{"rendered":"http:\/\/www.inclusive.org.br\/?p=23056"},"modified":"2012-08-04T10:35:50","modified_gmt":"2012-08-04T13:35:50","slug":"unibrasil-realiza-palestra-a-pessoa-com-deficiencia-na-midia","status":"publish","type":"post","link":"https:\/\/inclusivenews.com.br\/?p=23056","title":{"rendered":"UniBrasil realiza palestra \u201cA pessoa com defici\u00eancia na m\u00eddia\u201d"},"content":{"rendered":"<p><a href=\"http:\/\/www.inclusivenews.com.br\/wp-content\/uploads\/2010\/10\/teve.jpg\"><img loading=\"lazy\" decoding=\"async\" class=\"alignleft size-medium wp-image-17834\" title=\"Imagem de uma TV fora de sintonia\" src=\"http:\/\/inclusivenews.com.br\/wp-content\/uploads\/2010\/10\/teve-300x262.jpg\" alt=\"Imagem de uma TV fora de sintonia\" width=\"300\" height=\"262\" \/><\/a><\/p>\n<p>A defici\u00eancia \u00e9 uma quest\u00e3o que ainda necessita de muita discuss\u00e3o e informa\u00e7\u00e3o no Brasil. Mais de 45 milh\u00f5es de brasileiros, que t\u00eam algum tipo de defici\u00eancia, enfrentam diariamente o desafio de lidar com quest\u00f5es sociais e culturais, al\u00e9m de f\u00edsicas.<\/p>\n<p>O papel social do deficiente no pa\u00eds est\u00e1 tomando uma nova forma, j\u00e1 que mesmo que as barreiras ainda existam, a for\u00e7a de vontade e a determina\u00e7\u00e3o de alguns faz a diferen\u00e7a e serve como combust\u00edvel para motivar cada vez mais pessoas. Atrelado a isso, o deficiente que conquista seu lugar na m\u00eddia, consegue atingir mais e mais pessoas de maneira positiva, al\u00e9m de ajudar a desenvolver uma nova consci\u00eancia na comunidade na qual est\u00e1 inserido.<\/p>\n<p>Pensando nisso, a UniBrasil recebe duas convidadas especiais que se destacam em suas \u00e1reas, sem deixar que a defici\u00eancia f\u00edsica se torne empecilho para as realiza\u00e7\u00f5es pessoais e o sucesso profissional: a jornalista Fl\u00e1via Cintra e a especialista em Educa\u00e7\u00e3o Especial e Inclus\u00e3o, Mirella Prosdocimo. Elas ir\u00e3o comandar mais uma edi\u00e7\u00e3o do Academia UniBrasil, que desta vez acumula as honras de uma aula inaugural, no dia 6 de agosto, \u00e0s 19h, no Audit\u00f3rio Cordeiro Cl\u00e8ve.<\/p>\n<p>Sucessos e conquistas<br \/>\nA jornalista Fl\u00e1via Cintra tem uma agenda atribulada, \u00e9 rep\u00f3rter do \u201cFant\u00e1stico\u201d, da Rede Globo, cuida da casa e tem dois filhos g\u00eameos, Mariana e Mateus. Foi tamb\u00e9m consultora do autor Manoel Carlos, na novela \u201cViver a Vida\u201d, em que orientou a hist\u00f3ria da personagem Luciana, uma cadeirante.<\/p>\n<p>Fl\u00e1via \u00e9 tetrapl\u00e9gica; foi ferida gravemente em um acidente de carro em 1991, quando tinha 18 anos e perdeu os movimentos do pesco\u00e7o para baixo. Ap\u00f3s meses de fisioterapia, recuperou o dom\u00ednio dos bra\u00e7os e hoje, apesar das limita\u00e7\u00f5es de locomo\u00e7\u00e3o, tem uma vida ativa. \u201cLido com todos os desafios de uma m\u00e3e moderna, ser cadeirante \u00e9 apenas mais um\u201d, diz Fl\u00e1via.<\/p>\n<p>Mirella, ap\u00f3s sofrer um acidente de carro que a deixou tetrapl\u00e9gica h\u00e1 20 anos, concluiu o Ensino M\u00e9dio, graduou-se em Letras, fez especializa\u00e7\u00e3o em Educa\u00e7\u00e3o Especial e Inclus\u00e3o e est\u00e1 concluindo P\u00f3s-Gradua\u00e7\u00e3o em Gest\u00e3o Social e Sustentabilidade. \u00c9 a criadora da Adaptare Consultoria, empresa que atua na \u00e1rea de inclus\u00e3o  e adapta\u00e7\u00e3o de ambientes corporativos, bem como treinamento para a recep\u00e7\u00e3o adequada de pessoas com defici\u00eancia no mercado de trabalho. Mirella tamb\u00e9m \u00e9 respons\u00e1vel pela campanha \u201cEsta Vaga n\u00e3o \u00e9 sua nem por um minuto\u201d, que busca levar uma maior conscientiza\u00e7\u00e3o \u00e0 sociedade sobre os direitos das pessoas com defici\u00eancia.<\/p>\n<p>Fl\u00e1via Cintra e Mirella Prosdocimo falar\u00e3o sobre suas experi\u00eancias, dificuldades, conquistas, a quest\u00e3o da inclus\u00e3o e a percep\u00e7\u00e3o da m\u00eddia sobre este tema delicado. Ap\u00f3s as palestras acontecer\u00e1 o lan\u00e7amento do livro \u201cMaria de Rodas\u201d, do qual Fl\u00e1via Cintra \u00e9 uma das autoras, al\u00e9m da exibi\u00e7\u00e3o do v\u00eddeo da campanha \u201cEsta vaga n\u00e3o \u00e9 sua nem por um minuto\u201d.<\/p>\n<p>Servi\u00e7o<br \/>\nPalestra: \u201cA pessoa com defici\u00eancia na m\u00eddia\u201d<br \/>\nData: 06\/08\/2012<br \/>\nHor\u00e1rio: 19h<br \/>\nLocal: Audit\u00f3rio Cordeiro Cl\u00e8ve \u2013 UniBrasil: Rua Konrad Adenauer, 442 \/ Tarum\u00e3<br \/>\nMais informa\u00e7\u00f5es: (41) 3361-4242<\/p>\n<p>Sobre a UniBrasil<br \/>\nA UniBrasil \u00e9 uma institui\u00e7\u00e3o de ensino superior que oferece, atualmente, 19 cursos de gradua\u00e7\u00e3o, al\u00e9m de cursos de p\u00f3s-gradua\u00e7\u00e3o. S\u00e3o cinco escolas atuantes: Escola Sa\u00fade, Comunica\u00e7\u00e3o, Educa\u00e7\u00e3o e Humanidades, Neg\u00f3cios e a Escola de Direito e Rela\u00e7\u00f5es Internacionais. Tem 10 anos de hist\u00f3ria no Paran\u00e1 e seu projeto busca a excel\u00eancia no ensino, o respeito ao ser humano e as rela\u00e7\u00f5es com o mundo e o ambiente.<br \/>\nwww.unibrasil.com.br<\/p>\n","protected":false},"excerpt":{"rendered":"<p>A defici\u00eancia \u00e9 uma quest\u00e3o que ainda necessita de muita discuss\u00e3o e informa\u00e7\u00e3o no Brasil. Mais de 45 milh\u00f5es de brasileiros, que t\u00eam algum tipo de defici\u00eancia, enfrentam diariamente o desafio de lidar com quest\u00f5es sociais e culturais, al\u00e9m de f\u00edsicas. O papel social do deficiente no pa\u00eds est\u00e1 tomando uma nova forma, j\u00e1 que [&hellip;]<\/p>\n","protected":false},"author":1,"featured_media":0,"comment_status":"open","ping_status":"open","sticky":false,"template":"","format":"standard","meta":{"site-container-style":"default","site-container-layout":"default","site-sidebar-layout":"default","disable-article-header":"default","disable-site-header":"default","disable-site-footer":"default","disable-content-area-spacing":"default","footnotes":""},"categories":[12],"tags":[],"class_list":["post-23056","post","type-post","status-publish","format-standard","hentry","category-cursos-e-eventos"],"yoast_head":"<!-- This site is optimized with the Yoast SEO plugin v27.5 - https:\/\/yoast.com\/product\/yoast-seo-wordpress\/ -->\n<title>UniBrasil realiza palestra \u201cA pessoa com defici\u00eancia na m\u00eddia\u201d -<\/title>\n<meta name=\"robots\" content=\"index, follow, max-snippet:-1, max-image-preview:large, max-video-preview:-1\" \/>\n<link rel=\"canonical\" href=\"https:\/\/inclusivenews.com.br\/?p=23056\" \/>\n<meta property=\"og:locale\" content=\"pt_PT\" \/>\n<meta property=\"og:type\" content=\"article\" \/>\n<meta property=\"og:title\" content=\"UniBrasil realiza palestra \u201cA pessoa com defici\u00eancia na m\u00eddia\u201d -\" \/>\n<meta property=\"og:description\" content=\"A defici\u00eancia \u00e9 uma quest\u00e3o que ainda necessita de muita discuss\u00e3o e informa\u00e7\u00e3o no Brasil. Mais de 45 milh\u00f5es de brasileiros, que t\u00eam algum tipo de defici\u00eancia, enfrentam diariamente o desafio de lidar com quest\u00f5es sociais e culturais, al\u00e9m de f\u00edsicas. O papel social do deficiente no pa\u00eds est\u00e1 tomando uma nova forma, j\u00e1 que [&hellip;]\" \/>\n<meta property=\"og:url\" content=\"https:\/\/inclusivenews.com.br\/?p=23056\" \/>\n<meta property=\"article:publisher\" content=\"https:\/\/www.facebook.com\/agenciainclusive\/\" \/>\n<meta property=\"article:published_time\" content=\"2012-08-04T13:35:50+00:00\" \/>\n<meta property=\"og:image\" content=\"http:\/\/inclusivenews.com.br\/wp-content\/uploads\/2010\/10\/teve-300x262.jpg\" \/>\n<meta name=\"author\" content=\"inclusivenews2024\" \/>\n<meta name=\"twitter:card\" content=\"summary_large_image\" \/>\n<meta name=\"twitter:label1\" content=\"Escrito por\" \/>\n\t<meta name=\"twitter:data1\" content=\"inclusivenews2024\" \/>\n\t<meta name=\"twitter:label2\" content=\"Tempo estimado de leitura\" \/>\n\t<meta name=\"twitter:data2\" content=\"3 minutos\" \/>\n<script type=\"application\/ld+json\" class=\"yoast-schema-graph\">{\"@context\":\"https:\\\/\\\/schema.org\",\"@graph\":[{\"@type\":\"Article\",\"@id\":\"https:\\\/\\\/inclusivenews.com.br\\\/?p=23056#article\",\"isPartOf\":{\"@id\":\"https:\\\/\\\/inclusivenews.com.br\\\/?p=23056\"},\"author\":{\"name\":\"inclusivenews2024\",\"@id\":\"https:\\\/\\\/inclusivenews.com.br\\\/#\\\/schema\\\/person\\\/ae4ec7087559b8692fb33b6fffd2273b\"},\"headline\":\"UniBrasil realiza palestra \u201cA pessoa com defici\u00eancia na m\u00eddia\u201d\",\"datePublished\":\"2012-08-04T13:35:50+00:00\",\"mainEntityOfPage\":{\"@id\":\"https:\\\/\\\/inclusivenews.com.br\\\/?p=23056\"},\"wordCount\":652,\"commentCount\":0,\"publisher\":{\"@id\":\"https:\\\/\\\/inclusivenews.com.br\\\/#organization\"},\"image\":{\"@id\":\"https:\\\/\\\/inclusivenews.com.br\\\/?p=23056#primaryimage\"},\"thumbnailUrl\":\"http:\\\/\\\/inclusivenews.com.br\\\/wp-content\\\/uploads\\\/2010\\\/10\\\/teve-300x262.jpg\",\"articleSection\":[\"Cursos e eventos\"],\"inLanguage\":\"pt-PT\",\"potentialAction\":[{\"@type\":\"CommentAction\",\"name\":\"Comment\",\"target\":[\"https:\\\/\\\/inclusivenews.com.br\\\/?p=23056#respond\"]}]},{\"@type\":\"WebPage\",\"@id\":\"https:\\\/\\\/inclusivenews.com.br\\\/?p=23056\",\"url\":\"https:\\\/\\\/inclusivenews.com.br\\\/?p=23056\",\"name\":\"UniBrasil realiza palestra \u201cA pessoa com defici\u00eancia na m\u00eddia\u201d -\",\"isPartOf\":{\"@id\":\"https:\\\/\\\/inclusivenews.com.br\\\/#website\"},\"primaryImageOfPage\":{\"@id\":\"https:\\\/\\\/inclusivenews.com.br\\\/?p=23056#primaryimage\"},\"image\":{\"@id\":\"https:\\\/\\\/inclusivenews.com.br\\\/?p=23056#primaryimage\"},\"thumbnailUrl\":\"http:\\\/\\\/inclusivenews.com.br\\\/wp-content\\\/uploads\\\/2010\\\/10\\\/teve-300x262.jpg\",\"datePublished\":\"2012-08-04T13:35:50+00:00\",\"breadcrumb\":{\"@id\":\"https:\\\/\\\/inclusivenews.com.br\\\/?p=23056#breadcrumb\"},\"inLanguage\":\"pt-PT\",\"potentialAction\":[{\"@type\":\"ReadAction\",\"target\":[\"https:\\\/\\\/inclusivenews.com.br\\\/?p=23056\"]}]},{\"@type\":\"ImageObject\",\"inLanguage\":\"pt-PT\",\"@id\":\"https:\\\/\\\/inclusivenews.com.br\\\/?p=23056#primaryimage\",\"url\":\"\",\"contentUrl\":\"\"},{\"@type\":\"BreadcrumbList\",\"@id\":\"https:\\\/\\\/inclusivenews.com.br\\\/?p=23056#breadcrumb\",\"itemListElement\":[{\"@type\":\"ListItem\",\"position\":1,\"name\":\"In\u00edcio\",\"item\":\"https:\\\/\\\/inclusivenews.com.br\\\/\"},{\"@type\":\"ListItem\",\"position\":2,\"name\":\"UniBrasil realiza palestra \u201cA pessoa com defici\u00eancia na m\u00eddia\u201d\"}]},{\"@type\":\"WebSite\",\"@id\":\"https:\\\/\\\/inclusivenews.com.br\\\/#website\",\"url\":\"https:\\\/\\\/inclusivenews.com.br\\\/\",\"name\":\"Inclusive News\",\"description\":\"Inclusive News\",\"publisher\":{\"@id\":\"https:\\\/\\\/inclusivenews.com.br\\\/#organization\"},\"potentialAction\":[{\"@type\":\"SearchAction\",\"target\":{\"@type\":\"EntryPoint\",\"urlTemplate\":\"https:\\\/\\\/inclusivenews.com.br\\\/?s={search_term_string}\"},\"query-input\":{\"@type\":\"PropertyValueSpecification\",\"valueRequired\":true,\"valueName\":\"search_term_string\"}}],\"inLanguage\":\"pt-PT\"},{\"@type\":\"Organization\",\"@id\":\"https:\\\/\\\/inclusivenews.com.br\\\/#organization\",\"name\":\"Inclusive - inclus\u00e3o e cidadania\",\"url\":\"https:\\\/\\\/inclusivenews.com.br\\\/\",\"logo\":{\"@type\":\"ImageObject\",\"inLanguage\":\"pt-PT\",\"@id\":\"https:\\\/\\\/inclusivenews.com.br\\\/#\\\/schema\\\/logo\\\/image\\\/\",\"url\":\"https:\\\/\\\/inclusivenews.com.br\\\/wp-content\\\/uploads\\\/2024\\\/03\\\/@grandesite.png\",\"contentUrl\":\"https:\\\/\\\/inclusivenews.com.br\\\/wp-content\\\/uploads\\\/2024\\\/03\\\/@grandesite.png\",\"width\":1080,\"height\":1080,\"caption\":\"Inclusive - inclus\u00e3o e cidadania\"},\"image\":{\"@id\":\"https:\\\/\\\/inclusivenews.com.br\\\/#\\\/schema\\\/logo\\\/image\\\/\"},\"sameAs\":[\"https:\\\/\\\/www.facebook.com\\\/agenciainclusive\\\/\",\"https:\\\/\\\/www.instagram.com\\\/newsinclusive\\\/\"]},{\"@type\":\"Person\",\"@id\":\"https:\\\/\\\/inclusivenews.com.br\\\/#\\\/schema\\\/person\\\/ae4ec7087559b8692fb33b6fffd2273b\",\"name\":\"inclusivenews2024\",\"image\":{\"@type\":\"ImageObject\",\"inLanguage\":\"pt-PT\",\"@id\":\"https:\\\/\\\/secure.gravatar.com\\\/avatar\\\/c5a7ef84c66fa914f55bc4f7ce26cfa275a3b9a1c5568b907bd184fb4dde7b40?s=96&d=mm&r=g\",\"url\":\"https:\\\/\\\/secure.gravatar.com\\\/avatar\\\/c5a7ef84c66fa914f55bc4f7ce26cfa275a3b9a1c5568b907bd184fb4dde7b40?s=96&d=mm&r=g\",\"contentUrl\":\"https:\\\/\\\/secure.gravatar.com\\\/avatar\\\/c5a7ef84c66fa914f55bc4f7ce26cfa275a3b9a1c5568b907bd184fb4dde7b40?s=96&d=mm&r=g\",\"caption\":\"inclusivenews2024\"},\"sameAs\":[\"https:\\\/\\\/inclusivenews.com.br\"],\"url\":\"https:\\\/\\\/inclusivenews.com.br\\\/?author=1\"}]}<\/script>\n<!-- \/ Yoast SEO plugin. -->","yoast_head_json":{"title":"UniBrasil realiza palestra \u201cA pessoa com defici\u00eancia na m\u00eddia\u201d -","robots":{"index":"index","follow":"follow","max-snippet":"max-snippet:-1","max-image-preview":"max-image-preview:large","max-video-preview":"max-video-preview:-1"},"canonical":"https:\/\/inclusivenews.com.br\/?p=23056","og_locale":"pt_PT","og_type":"article","og_title":"UniBrasil realiza palestra \u201cA pessoa com defici\u00eancia na m\u00eddia\u201d -","og_description":"A defici\u00eancia \u00e9 uma quest\u00e3o que ainda necessita de muita discuss\u00e3o e informa\u00e7\u00e3o no Brasil. Mais de 45 milh\u00f5es de brasileiros, que t\u00eam algum tipo de defici\u00eancia, enfrentam diariamente o desafio de lidar com quest\u00f5es sociais e culturais, al\u00e9m de f\u00edsicas. O papel social do deficiente no pa\u00eds est\u00e1 tomando uma nova forma, j\u00e1 que [&hellip;]","og_url":"https:\/\/inclusivenews.com.br\/?p=23056","article_publisher":"https:\/\/www.facebook.com\/agenciainclusive\/","article_published_time":"2012-08-04T13:35:50+00:00","og_image":[{"url":"http:\/\/inclusivenews.com.br\/wp-content\/uploads\/2010\/10\/teve-300x262.jpg","type":"","width":"","height":""}],"author":"inclusivenews2024","twitter_card":"summary_large_image","twitter_misc":{"Escrito por":"inclusivenews2024","Tempo estimado de leitura":"3 minutos"},"schema":{"@context":"https:\/\/schema.org","@graph":[{"@type":"Article","@id":"https:\/\/inclusivenews.com.br\/?p=23056#article","isPartOf":{"@id":"https:\/\/inclusivenews.com.br\/?p=23056"},"author":{"name":"inclusivenews2024","@id":"https:\/\/inclusivenews.com.br\/#\/schema\/person\/ae4ec7087559b8692fb33b6fffd2273b"},"headline":"UniBrasil realiza palestra \u201cA pessoa com defici\u00eancia na m\u00eddia\u201d","datePublished":"2012-08-04T13:35:50+00:00","mainEntityOfPage":{"@id":"https:\/\/inclusivenews.com.br\/?p=23056"},"wordCount":652,"commentCount":0,"publisher":{"@id":"https:\/\/inclusivenews.com.br\/#organization"},"image":{"@id":"https:\/\/inclusivenews.com.br\/?p=23056#primaryimage"},"thumbnailUrl":"http:\/\/inclusivenews.com.br\/wp-content\/uploads\/2010\/10\/teve-300x262.jpg","articleSection":["Cursos e eventos"],"inLanguage":"pt-PT","potentialAction":[{"@type":"CommentAction","name":"Comment","target":["https:\/\/inclusivenews.com.br\/?p=23056#respond"]}]},{"@type":"WebPage","@id":"https:\/\/inclusivenews.com.br\/?p=23056","url":"https:\/\/inclusivenews.com.br\/?p=23056","name":"UniBrasil realiza palestra \u201cA pessoa com defici\u00eancia na m\u00eddia\u201d -","isPartOf":{"@id":"https:\/\/inclusivenews.com.br\/#website"},"primaryImageOfPage":{"@id":"https:\/\/inclusivenews.com.br\/?p=23056#primaryimage"},"image":{"@id":"https:\/\/inclusivenews.com.br\/?p=23056#primaryimage"},"thumbnailUrl":"http:\/\/inclusivenews.com.br\/wp-content\/uploads\/2010\/10\/teve-300x262.jpg","datePublished":"2012-08-04T13:35:50+00:00","breadcrumb":{"@id":"https:\/\/inclusivenews.com.br\/?p=23056#breadcrumb"},"inLanguage":"pt-PT","potentialAction":[{"@type":"ReadAction","target":["https:\/\/inclusivenews.com.br\/?p=23056"]}]},{"@type":"ImageObject","inLanguage":"pt-PT","@id":"https:\/\/inclusivenews.com.br\/?p=23056#primaryimage","url":"","contentUrl":""},{"@type":"BreadcrumbList","@id":"https:\/\/inclusivenews.com.br\/?p=23056#breadcrumb","itemListElement":[{"@type":"ListItem","position":1,"name":"In\u00edcio","item":"https:\/\/inclusivenews.com.br\/"},{"@type":"ListItem","position":2,"name":"UniBrasil realiza palestra \u201cA pessoa com defici\u00eancia na m\u00eddia\u201d"}]},{"@type":"WebSite","@id":"https:\/\/inclusivenews.com.br\/#website","url":"https:\/\/inclusivenews.com.br\/","name":"Inclusive News","description":"Inclusive News","publisher":{"@id":"https:\/\/inclusivenews.com.br\/#organization"},"potentialAction":[{"@type":"SearchAction","target":{"@type":"EntryPoint","urlTemplate":"https:\/\/inclusivenews.com.br\/?s={search_term_string}"},"query-input":{"@type":"PropertyValueSpecification","valueRequired":true,"valueName":"search_term_string"}}],"inLanguage":"pt-PT"},{"@type":"Organization","@id":"https:\/\/inclusivenews.com.br\/#organization","name":"Inclusive - inclus\u00e3o e cidadania","url":"https:\/\/inclusivenews.com.br\/","logo":{"@type":"ImageObject","inLanguage":"pt-PT","@id":"https:\/\/inclusivenews.com.br\/#\/schema\/logo\/image\/","url":"https:\/\/inclusivenews.com.br\/wp-content\/uploads\/2024\/03\/@grandesite.png","contentUrl":"https:\/\/inclusivenews.com.br\/wp-content\/uploads\/2024\/03\/@grandesite.png","width":1080,"height":1080,"caption":"Inclusive - inclus\u00e3o e cidadania"},"image":{"@id":"https:\/\/inclusivenews.com.br\/#\/schema\/logo\/image\/"},"sameAs":["https:\/\/www.facebook.com\/agenciainclusive\/","https:\/\/www.instagram.com\/newsinclusive\/"]},{"@type":"Person","@id":"https:\/\/inclusivenews.com.br\/#\/schema\/person\/ae4ec7087559b8692fb33b6fffd2273b","name":"inclusivenews2024","image":{"@type":"ImageObject","inLanguage":"pt-PT","@id":"https:\/\/secure.gravatar.com\/avatar\/c5a7ef84c66fa914f55bc4f7ce26cfa275a3b9a1c5568b907bd184fb4dde7b40?s=96&d=mm&r=g","url":"https:\/\/secure.gravatar.com\/avatar\/c5a7ef84c66fa914f55bc4f7ce26cfa275a3b9a1c5568b907bd184fb4dde7b40?s=96&d=mm&r=g","contentUrl":"https:\/\/secure.gravatar.com\/avatar\/c5a7ef84c66fa914f55bc4f7ce26cfa275a3b9a1c5568b907bd184fb4dde7b40?s=96&d=mm&r=g","caption":"inclusivenews2024"},"sameAs":["https:\/\/inclusivenews.com.br"],"url":"https:\/\/inclusivenews.com.br\/?author=1"}]}},"_links":{"self":[{"href":"https:\/\/inclusivenews.com.br\/index.php?rest_route=\/wp\/v2\/posts\/23056","targetHints":{"allow":["GET"]}}],"collection":[{"href":"https:\/\/inclusivenews.com.br\/index.php?rest_route=\/wp\/v2\/posts"}],"about":[{"href":"https:\/\/inclusivenews.com.br\/index.php?rest_route=\/wp\/v2\/types\/post"}],"author":[{"embeddable":true,"href":"https:\/\/inclusivenews.com.br\/index.php?rest_route=\/wp\/v2\/users\/1"}],"replies":[{"embeddable":true,"href":"https:\/\/inclusivenews.com.br\/index.php?rest_route=%2Fwp%2Fv2%2Fcomments&post=23056"}],"version-history":[{"count":0,"href":"https:\/\/inclusivenews.com.br\/index.php?rest_route=\/wp\/v2\/posts\/23056\/revisions"}],"wp:attachment":[{"href":"https:\/\/inclusivenews.com.br\/index.php?rest_route=%2Fwp%2Fv2%2Fmedia&parent=23056"}],"wp:term":[{"taxonomy":"category","embeddable":true,"href":"https:\/\/inclusivenews.com.br\/index.php?rest_route=%2Fwp%2Fv2%2Fcategories&post=23056"},{"taxonomy":"post_tag","embeddable":true,"href":"https:\/\/inclusivenews.com.br\/index.php?rest_route=%2Fwp%2Fv2%2Ftags&post=23056"}],"curies":[{"name":"wp","href":"https:\/\/api.w.org\/{rel}","templated":true}]}}