{"id":23060,"date":"2012-08-08T16:31:01","date_gmt":"2012-08-08T19:31:01","guid":{"rendered":"http:\/\/www.inclusive.org.br\/?p=23060"},"modified":"2012-08-08T16:31:01","modified_gmt":"2012-08-08T19:31:01","slug":"o-perfil-da-homofobia","status":"publish","type":"post","link":"https:\/\/inclusivenews.com.br\/?p=23060","title":{"rendered":"O perfil da homofobia"},"content":{"rendered":"<figure id=\"attachment_12758\" aria-describedby=\"caption-attachment-12758\" style=\"width: 161px\" class=\"wp-caption alignleft\"><a href=\"http:\/\/www.inclusivenews.com.br\/wp-content\/uploads\/2009\/11\/bandeira.jpg\"><img loading=\"lazy\" decoding=\"async\" class=\"size-full wp-image-12758\" title=\"Bandeira s\u00edmbolo do movimento GLBT contra a homofobia. A cor vermelha imita um sangramento.\" src=\"http:\/\/inclusivenews.com.br\/wp-content\/uploads\/2009\/11\/bandeira.jpg\" alt=\"Bandeira s\u00edmbolo do movimento GLBT contra a homofobia. A cor vermelha imita um sangramento.\" width=\"161\" height=\"122\" \/><\/a><figcaption id=\"caption-attachment-12758\" class=\"wp-caption-text\"> <\/figcaption><\/figure>\n<p><em>Governo brasileiro mapeia, pela primeira vez, dados sobre viol\u00eancia homof\u00f3bica, expondo a extens\u00e3o e as caracter\u00edsticas do problema. Enraizado em diversas institui\u00e7\u00f5es, o fen\u00f4meno espelha um pa\u00eds cuja masculinidade \u00e9 tra\u00e7o constituinte de sua sociedade.<\/em><\/p>\n<p>O poder p\u00fablico federal brasileiro registrou, em 2011, 6.809 den\u00fancias de viola\u00e7\u00f5es de direitos humanos de car\u00e1ter homof\u00f3bico (preconceito por orienta\u00e7\u00e3o sexual e identidade de g\u00eanero presumida). Em relat\u00f3rio pioneiro, que sistematiza pela primeira vez dados oficiais, a Secretaria de Direitos Humanos (SDH) da Presid\u00eancia da Rep\u00fablica mapeou a extens\u00e3o e as caracter\u00edsticas deste fen\u00f4meno: as v\u00edtimas e os agressores preferenciais, os espa\u00e7os onde a discrimina\u00e7\u00e3o prepondera e a articula\u00e7\u00e3o a outros marcadores sociais, tais como a faixa et\u00e1ria e a cor da pele, s\u00e3o elementos que aparecem no &#8220;Relat\u00f3rio sobre Viol\u00eancia Homof\u00f3bica no Brasil: o ano de 2011&#8221;.<\/p>\n<p>De acordo com os dados &#8211; coletados atrav\u00e9s do Disque 100 <a href=\"http:\/\/www.disque100.gov.br\/\">http:\/\/www.disque100.gov.br\/<\/a> (SDH), pela Central de Atendimento \u00e0 Mulher, pelo Disque Sa\u00fade (Minist\u00e9rio da Sa\u00fade) e por emails e correspond\u00eancias enviadas ao Conselho Nacional de Combate \u00e0 Discrimina\u00e7\u00e3o LGBT -, 67,5% das v\u00edtimas eram homens e 85,5%, homossexuais. Eles tamb\u00e9m s\u00e3o maioria na condi\u00e7\u00e3o de suspeitos (52,5%), categoria cujos heterossexuais predominam (43,9%). As mulheres representam 26,4% das v\u00edtimas e 34,5% das agressoras. Do total das v\u00edtimas, 69% eram jovens (de 15 a 29 anos). &#8220;Os dados evidenciam como os pap\u00e9is de g\u00eanero se refletem nos indicadores de viol\u00eancia. No Brasil, a constru\u00e7\u00e3o da masculinidade \u00e9 um processo marcado pela viol\u00eancia. Ser homem implica na ado\u00e7\u00e3o de condutas geralmente violentas, dominadas pela l\u00f3gica da virilidade e do machismo que \u00e9 assimilada desde cedo. A exig\u00eancia social pede que os homens sejam heterossexuais. Quando violadas ou subvertidas, tais condutas e normas heteronormativas s\u00e3o motivo para todo tipo de viol\u00eancia. O relat\u00f3rio reflete, nesse sentido, pr\u00e1ticas sociais muito arraigadas em um pa\u00eds onde a masculinidade \u00e9 um elemento que comp\u00f5e a sociedade&#8221;, afirma Marco Aur\u00e9lio Prado, psic\u00f3logo e professor da Universidade Federal de Minas Gerais, que desenvolve pesquisas do campo das rela\u00e7\u00f5es de g\u00eanero e da cidadania LGBT.<\/p>\n<p>O relat\u00f3rio tamb\u00e9m mostrou que 62% das v\u00edtimas conheciam seus agressores, sendo 38,2% familiares e 35,8% vizinhos. &#8220;O tipo mais comum de viol\u00eancia homof\u00f3bica se d\u00e1 em c\u00edrculos de intimidade. \u00c9 uma din\u00e2mica que n\u00e3o pode ser vista em separado \u00e0 quest\u00e3o da viol\u00eancia institucional. A l\u00f3gica da viol\u00eancia partindo de pessoas pr\u00f3ximas est\u00e1 inscrita em um contexto no qual muitas vezes institui\u00e7\u00f5es de trabalho, de estudo, de sa\u00fade, entre tantas outras, tamb\u00e9m constituem espa\u00e7os de manifesta\u00e7\u00e3o homof\u00f3bica&#8221;, observa Marco Aur\u00e9lio.<\/p>\n<p>Para o pesquisador da UFMG, a viol\u00eancia homof\u00f3bica \u00e9 um fen\u00f4meno enraizado e complexo, cujo combate n\u00e3o \u00e9 simples. De acordo com o relat\u00f3rio da SDH, os locais de discrimina\u00e7\u00e3o s\u00e3o encabe\u00e7ados pelo ambiente dom\u00e9stico (42%) e pela rua (30,8%), seguidos pelo local de trabalho (4,6%), pelas institui\u00e7\u00f5es governamentais (5,5%) e outros ambientes (17,1%), tais como bares, rios, lagoas, banheiros p\u00fablicos, postos, albergues, mot\u00e9is, institui\u00e7\u00f5es religiosas etc. &#8220;A natureza do fen\u00f4meno \u00e9 multifacetada, n\u00e3o apenas em rela\u00e7\u00e3o aos espa\u00e7os de eclos\u00e3o mas tamb\u00e9m \u00e0s modalidades. H\u00e1 graus de viol\u00eancia, como a humilha\u00e7\u00e3o, a neglig\u00eancia na assist\u00eancia \u00e0 sa\u00fade, \u00e0 alimenta\u00e7\u00e3o. A homofobia n\u00e3o \u00e9 apenas a agress\u00e3o, o ataque f\u00edsico. Envolve outras manifesta\u00e7\u00f5es&#8221;, observa Marco Aur\u00e9lio.<\/p>\n<p>A complexidade do fen\u00f4meno exige, de acordo o pesquisador da UFMG, a participa\u00e7\u00e3o efetiva do Estado. &#8220;O Estado brasileiro mexeu-se nos \u00faltimos anos, embora tenha sido um movimento de passos curtos. Houve as Confer\u00eancias Nacionais LGBT e a cria\u00e7\u00e3o do Conselho Nacional LGBT. Iniciativas que colocaram a tem\u00e1tica dos direitos da popula\u00e7\u00e3o LGBT na agenda p\u00fablica. Canais de di\u00e1logo foram criados, o que \u00e9 muito saud\u00e1vel&#8221;, afirma Marco Aur\u00e9lio Prado, que lamenta, no entanto, o panorama atual.<\/p>\n<p>*Direitos sexuais em retrocesso*<\/p>\n<p>No horizonte dos direitos sexuais da popula\u00e7\u00e3o LGBT, o recuo, em 2011, do governo federal na distribui\u00e7\u00e3o do kit anti-homofobia em escolas \u00e9 um exemplo das dificuldades existentes. &#8220;O relat\u00f3rio da SDH mostra como a homofobia \u00e9 um fen\u00f4meno que permeia as institui\u00e7\u00f5es, sobretudo a fam\u00edlia. Nesse aspecto, no qual os preconceitos v\u00e3o se manifestando e sendo aprendidos no ambiente familiar, \u00e9 que a escola \u00e9 de vital import\u00e2ncia. O enfrentamento do preconceito passa pelo di\u00e1logo entre os espa\u00e7os por onde os jovens circulam e se socializam. A escola deveria ser um ambiente acolhedor e promotor da igualdade, do respeito n\u00e3o apenas das quest\u00f5es da popula\u00e7\u00e3o LGBT, como tamb\u00e9m de outros estigmas e preconceitos existentes. Infelizmente, sobretudo no atual governo, a tem\u00e1tica dos direitos sexuais tem recuado&#8221;, lamenta Marco Aur\u00e9lio.<\/p>\n<p>O destaque para os dados na m\u00eddia, acredita o professor da UFMG, espelha o panorama das discuss\u00f5es sobre sexualidade. &#8220;A repercuss\u00e3o foi t\u00edmida, diante de um problema que se apresenta como grave, pela quantidade de casos reportados. Lamentavelmente, parece um tema proibido&#8221;, avalia Marco Aur\u00e9lio.<\/p>\n<p>De acordo com o pesquisador, h\u00e1 uma mar\u00e9 conservadora que comp\u00f5e o cen\u00e1rio de retrocesso. &#8220;A arena da pol\u00edtica institucional est\u00e1 sendo fortemente influencia por setores religiosos. Temos que entender as organiza\u00e7\u00f5es religiosas como entidades que integram o jogo pol\u00edtico, para n\u00e3o cairmos na ingenuidade de achar que a previs\u00e3o constitucional de laicidade basta como bandeira de luta. Tamb\u00e9m na sociedade civil, temos visto o fortalecimento de setores conservadores contr\u00e1rios aos direitos sexuais, como no caso da tentativa de se sustar a resolu\u00e7\u00e3o do Conselho Federal de Psicologia que pro\u00edbe propostas de tratamento \u00e0 homossexualidad <a href=\"http:\/\/www.clam.org.br\/destaque\/conteudo.asp?cod=9677\">http:\/\/www.clam.org.br\/destaque\/conteudo.asp?cod=9677<\/a>e. Na pr\u00f3pria classe de psic\u00f3logos, h\u00e1 muitos profissionais que questionam a resolu\u00e7\u00e3o. Vivemos um momento perigoso, pois os relatos de homofobia t\u00eam sido tornados p\u00fablicos sem que haja estrat\u00e9gias de conscientiza\u00e7\u00e3o e de enfrentamento. A discuss\u00e3o p\u00fablica tem retra\u00eddo. \u00c9 necess\u00e1rio pensar alternativas de conscientiza\u00e7\u00e3o e combate nessas circunst\u00e2ncias.&#8221;, observa Marco Aur\u00e9lio.<\/p>\n<p>O relat\u00f3rio, enfatiza o pesquisador, \u00e9 muito bem-vindo. &#8220;\u00c9 a voz do Estado sobre um fen\u00f4meno problem\u00e1tico na sociedade brasileira. Os pesquisadores e os ativistas devem reconhecer a import\u00e2ncia de um dado oficial&#8221;, afirma Marco Aur\u00e9lio, que faz uma ressalva. &#8220;A compila\u00e7\u00e3o dos dados \u00e9 por meio de canais que n\u00e3o d\u00e3o conta da realidade. Os n\u00fameros mostrados certamente s\u00e3o inferiores ao que de fato ocorre no pa\u00eds. No entanto, \u00e9 um sinal relevante de que o Estado brasileiro est\u00e1, de alguma forma, atento ao problema&#8221;, afirma . O relat\u00f3rio da SDH tamb\u00e9m ressalva que a aus\u00eancia de uma rubrica de orienta\u00e7\u00e3o sexual e identidade de g\u00eanero nos boletins de ocorr\u00eancia policial dos Estados (mecanismo existente apenas no Rio de Janeiro) e a n\u00e3o obrigatoriedade de se reportar \u00e0 Uni\u00e3o os dados de seguran\u00e7a estaduais e municipais abrem espa\u00e7o para a subnotifica\u00e7\u00e3o.<\/p>\n<p>O relat\u00f3rio, cuja elabora\u00e7\u00e3o contou com a participa\u00e7\u00e3o de pesquisadores e ativistas, conclui que a homofobia \u00e9 um problema estrutural no pa\u00eds, &#8220;operando de forma a desumanizar as express\u00f5es de sexualidade divergentes da heterossexual, atingindo a popula\u00e7\u00e3o de l\u00e9sbicas, gays, bissexuais, travestis e transexuais em todos os n\u00edveis e podendo ser encontrada nos mais diversos espa\u00e7os&#8221;. Afirma ainda que o fen\u00f4meno \u00e9 mais sentido por jovens e negros\/pardos, que devem ser prioridade das pol\u00edticas de combate \u00e0 viol\u00eancia homof\u00f3bica. &#8220;A extens\u00e3o e a gravidade do problema pedem que as formas de interven\u00e7\u00e3o do Estado sejam mais efetivas. N\u00e3o apenas com campanhas ser\u00e1 poss\u00edvel lutar contra a homofobia. \u00c9 preciso pol\u00edticas na \u00e1rea da sa\u00fade, da educa\u00e7\u00e3o, da assist\u00eancia social, da seguran\u00e7a p\u00fablica. Pol\u00edticas que abarquem os diversos \u00e2mbitos que constituem uma sociedade cuja homofobia \u00e9 um problema multifacetado&#8221;, conclui Marco Aur\u00e9lio Prado.<\/p>\n<p>Clique aqui para ler a \u00edntegra do relat\u00f3rio. <a href=\"http:\/\/www.sedh.gov.br\/clientes\/sedh\/sedh\/brasilsem\/relatorio-sobre-violencia-homofobica-no-brasil-o-ano-de-2011\">http:\/\/www.sedh.gov.br\/clientes\/sedh\/sedh\/brasilsem\/relatorio-sobre-violencia-homofobica-no-brasil-o-ano-de-2011<\/a><\/p>\n","protected":false},"excerpt":{"rendered":"<p>Governo brasileiro mapeia, pela primeira vez, dados sobre viol\u00eancia homof\u00f3bica, expondo a extens\u00e3o e as caracter\u00edsticas do problema. Enraizado em diversas institui\u00e7\u00f5es, o fen\u00f4meno espelha um pa\u00eds cuja masculinidade \u00e9 tra\u00e7o constituinte de sua sociedade. Informa\u00e7\u00e3o vem do CLAM.<\/p>\n","protected":false},"author":1,"featured_media":0,"comment_status":"open","ping_status":"open","sticky":false,"template":"","format":"standard","meta":{"site-container-style":"default","site-container-layout":"default","site-sidebar-layout":"default","disable-article-header":"default","disable-site-header":"default","disable-site-footer":"default","disable-content-area-spacing":"default","footnotes":""},"categories":[11,4],"tags":[95],"class_list":["post-23060","post","type-post","status-publish","format-standard","hentry","category-direitos-humanos","category-noticias","tag-homofobia"],"yoast_head":"<!-- This site is optimized with the Yoast SEO plugin v27.5 - https:\/\/yoast.com\/product\/yoast-seo-wordpress\/ -->\n<title>O perfil da homofobia -<\/title>\n<meta name=\"robots\" content=\"index, follow, max-snippet:-1, max-image-preview:large, max-video-preview:-1\" \/>\n<link rel=\"canonical\" href=\"https:\/\/inclusivenews.com.br\/?p=23060\" \/>\n<meta property=\"og:locale\" content=\"pt_PT\" \/>\n<meta property=\"og:type\" content=\"article\" \/>\n<meta property=\"og:title\" content=\"O perfil da homofobia -\" \/>\n<meta property=\"og:description\" content=\"Governo brasileiro mapeia, pela primeira vez, dados sobre viol\u00eancia homof\u00f3bica, expondo a extens\u00e3o e as caracter\u00edsticas do problema. Enraizado em diversas institui\u00e7\u00f5es, o fen\u00f4meno espelha um pa\u00eds cuja masculinidade \u00e9 tra\u00e7o constituinte de sua sociedade. Informa\u00e7\u00e3o vem do CLAM.\" \/>\n<meta property=\"og:url\" content=\"https:\/\/inclusivenews.com.br\/?p=23060\" \/>\n<meta property=\"article:publisher\" content=\"https:\/\/www.facebook.com\/agenciainclusive\/\" \/>\n<meta property=\"article:published_time\" content=\"2012-08-08T19:31:01+00:00\" \/>\n<meta property=\"og:image\" content=\"http:\/\/inclusivenews.com.br\/wp-content\/uploads\/2009\/11\/bandeira.jpg\" \/>\n<meta name=\"author\" content=\"inclusivenews2024\" \/>\n<meta name=\"twitter:card\" content=\"summary_large_image\" \/>\n<meta name=\"twitter:label1\" content=\"Escrito por\" \/>\n\t<meta name=\"twitter:data1\" content=\"inclusivenews2024\" \/>\n\t<meta name=\"twitter:label2\" content=\"Tempo estimado de leitura\" \/>\n\t<meta name=\"twitter:data2\" content=\"7 minutos\" \/>\n<script type=\"application\/ld+json\" class=\"yoast-schema-graph\">{\"@context\":\"https:\\\/\\\/schema.org\",\"@graph\":[{\"@type\":\"Article\",\"@id\":\"https:\\\/\\\/inclusivenews.com.br\\\/?p=23060#article\",\"isPartOf\":{\"@id\":\"https:\\\/\\\/inclusivenews.com.br\\\/?p=23060\"},\"author\":{\"name\":\"inclusivenews2024\",\"@id\":\"https:\\\/\\\/inclusivenews.com.br\\\/#\\\/schema\\\/person\\\/ae4ec7087559b8692fb33b6fffd2273b\"},\"headline\":\"O perfil da homofobia\",\"datePublished\":\"2012-08-08T19:31:01+00:00\",\"mainEntityOfPage\":{\"@id\":\"https:\\\/\\\/inclusivenews.com.br\\\/?p=23060\"},\"wordCount\":1428,\"commentCount\":1,\"publisher\":{\"@id\":\"https:\\\/\\\/inclusivenews.com.br\\\/#organization\"},\"image\":{\"@id\":\"https:\\\/\\\/inclusivenews.com.br\\\/?p=23060#primaryimage\"},\"thumbnailUrl\":\"http:\\\/\\\/inclusivenews.com.br\\\/wp-content\\\/uploads\\\/2009\\\/11\\\/bandeira.jpg\",\"keywords\":[\"homofobia\"],\"articleSection\":[\"DIREITOS HUMANOS\",\"NOT\u00cdCIAS\"],\"inLanguage\":\"pt-PT\",\"potentialAction\":[{\"@type\":\"CommentAction\",\"name\":\"Comment\",\"target\":[\"https:\\\/\\\/inclusivenews.com.br\\\/?p=23060#respond\"]}]},{\"@type\":\"WebPage\",\"@id\":\"https:\\\/\\\/inclusivenews.com.br\\\/?p=23060\",\"url\":\"https:\\\/\\\/inclusivenews.com.br\\\/?p=23060\",\"name\":\"O perfil da homofobia -\",\"isPartOf\":{\"@id\":\"https:\\\/\\\/inclusivenews.com.br\\\/#website\"},\"primaryImageOfPage\":{\"@id\":\"https:\\\/\\\/inclusivenews.com.br\\\/?p=23060#primaryimage\"},\"image\":{\"@id\":\"https:\\\/\\\/inclusivenews.com.br\\\/?p=23060#primaryimage\"},\"thumbnailUrl\":\"http:\\\/\\\/inclusivenews.com.br\\\/wp-content\\\/uploads\\\/2009\\\/11\\\/bandeira.jpg\",\"datePublished\":\"2012-08-08T19:31:01+00:00\",\"breadcrumb\":{\"@id\":\"https:\\\/\\\/inclusivenews.com.br\\\/?p=23060#breadcrumb\"},\"inLanguage\":\"pt-PT\",\"potentialAction\":[{\"@type\":\"ReadAction\",\"target\":[\"https:\\\/\\\/inclusivenews.com.br\\\/?p=23060\"]}]},{\"@type\":\"ImageObject\",\"inLanguage\":\"pt-PT\",\"@id\":\"https:\\\/\\\/inclusivenews.com.br\\\/?p=23060#primaryimage\",\"url\":\"https:\\\/\\\/inclusivenews.com.br\\\/wp-content\\\/uploads\\\/2009\\\/11\\\/bandeira.jpg\",\"contentUrl\":\"https:\\\/\\\/inclusivenews.com.br\\\/wp-content\\\/uploads\\\/2009\\\/11\\\/bandeira.jpg\",\"width\":161,\"height\":122,\"caption\":\"Bandeira s\u00edmbolo do movimento GLBT contra a homofobia. A cor vermelha imita um sangramento.\"},{\"@type\":\"BreadcrumbList\",\"@id\":\"https:\\\/\\\/inclusivenews.com.br\\\/?p=23060#breadcrumb\",\"itemListElement\":[{\"@type\":\"ListItem\",\"position\":1,\"name\":\"In\u00edcio\",\"item\":\"https:\\\/\\\/inclusivenews.com.br\\\/\"},{\"@type\":\"ListItem\",\"position\":2,\"name\":\"O perfil da homofobia\"}]},{\"@type\":\"WebSite\",\"@id\":\"https:\\\/\\\/inclusivenews.com.br\\\/#website\",\"url\":\"https:\\\/\\\/inclusivenews.com.br\\\/\",\"name\":\"Inclusive News\",\"description\":\"Inclusive News\",\"publisher\":{\"@id\":\"https:\\\/\\\/inclusivenews.com.br\\\/#organization\"},\"potentialAction\":[{\"@type\":\"SearchAction\",\"target\":{\"@type\":\"EntryPoint\",\"urlTemplate\":\"https:\\\/\\\/inclusivenews.com.br\\\/?s={search_term_string}\"},\"query-input\":{\"@type\":\"PropertyValueSpecification\",\"valueRequired\":true,\"valueName\":\"search_term_string\"}}],\"inLanguage\":\"pt-PT\"},{\"@type\":\"Organization\",\"@id\":\"https:\\\/\\\/inclusivenews.com.br\\\/#organization\",\"name\":\"Inclusive - inclus\u00e3o e cidadania\",\"url\":\"https:\\\/\\\/inclusivenews.com.br\\\/\",\"logo\":{\"@type\":\"ImageObject\",\"inLanguage\":\"pt-PT\",\"@id\":\"https:\\\/\\\/inclusivenews.com.br\\\/#\\\/schema\\\/logo\\\/image\\\/\",\"url\":\"https:\\\/\\\/inclusivenews.com.br\\\/wp-content\\\/uploads\\\/2024\\\/03\\\/@grandesite.png\",\"contentUrl\":\"https:\\\/\\\/inclusivenews.com.br\\\/wp-content\\\/uploads\\\/2024\\\/03\\\/@grandesite.png\",\"width\":1080,\"height\":1080,\"caption\":\"Inclusive - inclus\u00e3o e cidadania\"},\"image\":{\"@id\":\"https:\\\/\\\/inclusivenews.com.br\\\/#\\\/schema\\\/logo\\\/image\\\/\"},\"sameAs\":[\"https:\\\/\\\/www.facebook.com\\\/agenciainclusive\\\/\",\"https:\\\/\\\/www.instagram.com\\\/newsinclusive\\\/\"]},{\"@type\":\"Person\",\"@id\":\"https:\\\/\\\/inclusivenews.com.br\\\/#\\\/schema\\\/person\\\/ae4ec7087559b8692fb33b6fffd2273b\",\"name\":\"inclusivenews2024\",\"image\":{\"@type\":\"ImageObject\",\"inLanguage\":\"pt-PT\",\"@id\":\"https:\\\/\\\/secure.gravatar.com\\\/avatar\\\/c5a7ef84c66fa914f55bc4f7ce26cfa275a3b9a1c5568b907bd184fb4dde7b40?s=96&d=mm&r=g\",\"url\":\"https:\\\/\\\/secure.gravatar.com\\\/avatar\\\/c5a7ef84c66fa914f55bc4f7ce26cfa275a3b9a1c5568b907bd184fb4dde7b40?s=96&d=mm&r=g\",\"contentUrl\":\"https:\\\/\\\/secure.gravatar.com\\\/avatar\\\/c5a7ef84c66fa914f55bc4f7ce26cfa275a3b9a1c5568b907bd184fb4dde7b40?s=96&d=mm&r=g\",\"caption\":\"inclusivenews2024\"},\"sameAs\":[\"https:\\\/\\\/inclusivenews.com.br\"],\"url\":\"https:\\\/\\\/inclusivenews.com.br\\\/?author=1\"}]}<\/script>\n<!-- \/ Yoast SEO plugin. -->","yoast_head_json":{"title":"O perfil da homofobia -","robots":{"index":"index","follow":"follow","max-snippet":"max-snippet:-1","max-image-preview":"max-image-preview:large","max-video-preview":"max-video-preview:-1"},"canonical":"https:\/\/inclusivenews.com.br\/?p=23060","og_locale":"pt_PT","og_type":"article","og_title":"O perfil da homofobia -","og_description":"Governo brasileiro mapeia, pela primeira vez, dados sobre viol\u00eancia homof\u00f3bica, expondo a extens\u00e3o e as caracter\u00edsticas do problema. Enraizado em diversas institui\u00e7\u00f5es, o fen\u00f4meno espelha um pa\u00eds cuja masculinidade \u00e9 tra\u00e7o constituinte de sua sociedade. Informa\u00e7\u00e3o vem do CLAM.","og_url":"https:\/\/inclusivenews.com.br\/?p=23060","article_publisher":"https:\/\/www.facebook.com\/agenciainclusive\/","article_published_time":"2012-08-08T19:31:01+00:00","og_image":[{"url":"http:\/\/inclusivenews.com.br\/wp-content\/uploads\/2009\/11\/bandeira.jpg","type":"","width":"","height":""}],"author":"inclusivenews2024","twitter_card":"summary_large_image","twitter_misc":{"Escrito por":"inclusivenews2024","Tempo estimado de leitura":"7 minutos"},"schema":{"@context":"https:\/\/schema.org","@graph":[{"@type":"Article","@id":"https:\/\/inclusivenews.com.br\/?p=23060#article","isPartOf":{"@id":"https:\/\/inclusivenews.com.br\/?p=23060"},"author":{"name":"inclusivenews2024","@id":"https:\/\/inclusivenews.com.br\/#\/schema\/person\/ae4ec7087559b8692fb33b6fffd2273b"},"headline":"O perfil da homofobia","datePublished":"2012-08-08T19:31:01+00:00","mainEntityOfPage":{"@id":"https:\/\/inclusivenews.com.br\/?p=23060"},"wordCount":1428,"commentCount":1,"publisher":{"@id":"https:\/\/inclusivenews.com.br\/#organization"},"image":{"@id":"https:\/\/inclusivenews.com.br\/?p=23060#primaryimage"},"thumbnailUrl":"http:\/\/inclusivenews.com.br\/wp-content\/uploads\/2009\/11\/bandeira.jpg","keywords":["homofobia"],"articleSection":["DIREITOS HUMANOS","NOT\u00cdCIAS"],"inLanguage":"pt-PT","potentialAction":[{"@type":"CommentAction","name":"Comment","target":["https:\/\/inclusivenews.com.br\/?p=23060#respond"]}]},{"@type":"WebPage","@id":"https:\/\/inclusivenews.com.br\/?p=23060","url":"https:\/\/inclusivenews.com.br\/?p=23060","name":"O perfil da homofobia -","isPartOf":{"@id":"https:\/\/inclusivenews.com.br\/#website"},"primaryImageOfPage":{"@id":"https:\/\/inclusivenews.com.br\/?p=23060#primaryimage"},"image":{"@id":"https:\/\/inclusivenews.com.br\/?p=23060#primaryimage"},"thumbnailUrl":"http:\/\/inclusivenews.com.br\/wp-content\/uploads\/2009\/11\/bandeira.jpg","datePublished":"2012-08-08T19:31:01+00:00","breadcrumb":{"@id":"https:\/\/inclusivenews.com.br\/?p=23060#breadcrumb"},"inLanguage":"pt-PT","potentialAction":[{"@type":"ReadAction","target":["https:\/\/inclusivenews.com.br\/?p=23060"]}]},{"@type":"ImageObject","inLanguage":"pt-PT","@id":"https:\/\/inclusivenews.com.br\/?p=23060#primaryimage","url":"https:\/\/inclusivenews.com.br\/wp-content\/uploads\/2009\/11\/bandeira.jpg","contentUrl":"https:\/\/inclusivenews.com.br\/wp-content\/uploads\/2009\/11\/bandeira.jpg","width":161,"height":122,"caption":"Bandeira s\u00edmbolo do movimento GLBT contra a homofobia. A cor vermelha imita um sangramento."},{"@type":"BreadcrumbList","@id":"https:\/\/inclusivenews.com.br\/?p=23060#breadcrumb","itemListElement":[{"@type":"ListItem","position":1,"name":"In\u00edcio","item":"https:\/\/inclusivenews.com.br\/"},{"@type":"ListItem","position":2,"name":"O perfil da homofobia"}]},{"@type":"WebSite","@id":"https:\/\/inclusivenews.com.br\/#website","url":"https:\/\/inclusivenews.com.br\/","name":"Inclusive News","description":"Inclusive News","publisher":{"@id":"https:\/\/inclusivenews.com.br\/#organization"},"potentialAction":[{"@type":"SearchAction","target":{"@type":"EntryPoint","urlTemplate":"https:\/\/inclusivenews.com.br\/?s={search_term_string}"},"query-input":{"@type":"PropertyValueSpecification","valueRequired":true,"valueName":"search_term_string"}}],"inLanguage":"pt-PT"},{"@type":"Organization","@id":"https:\/\/inclusivenews.com.br\/#organization","name":"Inclusive - inclus\u00e3o e cidadania","url":"https:\/\/inclusivenews.com.br\/","logo":{"@type":"ImageObject","inLanguage":"pt-PT","@id":"https:\/\/inclusivenews.com.br\/#\/schema\/logo\/image\/","url":"https:\/\/inclusivenews.com.br\/wp-content\/uploads\/2024\/03\/@grandesite.png","contentUrl":"https:\/\/inclusivenews.com.br\/wp-content\/uploads\/2024\/03\/@grandesite.png","width":1080,"height":1080,"caption":"Inclusive - inclus\u00e3o e cidadania"},"image":{"@id":"https:\/\/inclusivenews.com.br\/#\/schema\/logo\/image\/"},"sameAs":["https:\/\/www.facebook.com\/agenciainclusive\/","https:\/\/www.instagram.com\/newsinclusive\/"]},{"@type":"Person","@id":"https:\/\/inclusivenews.com.br\/#\/schema\/person\/ae4ec7087559b8692fb33b6fffd2273b","name":"inclusivenews2024","image":{"@type":"ImageObject","inLanguage":"pt-PT","@id":"https:\/\/secure.gravatar.com\/avatar\/c5a7ef84c66fa914f55bc4f7ce26cfa275a3b9a1c5568b907bd184fb4dde7b40?s=96&d=mm&r=g","url":"https:\/\/secure.gravatar.com\/avatar\/c5a7ef84c66fa914f55bc4f7ce26cfa275a3b9a1c5568b907bd184fb4dde7b40?s=96&d=mm&r=g","contentUrl":"https:\/\/secure.gravatar.com\/avatar\/c5a7ef84c66fa914f55bc4f7ce26cfa275a3b9a1c5568b907bd184fb4dde7b40?s=96&d=mm&r=g","caption":"inclusivenews2024"},"sameAs":["https:\/\/inclusivenews.com.br"],"url":"https:\/\/inclusivenews.com.br\/?author=1"}]}},"_links":{"self":[{"href":"https:\/\/inclusivenews.com.br\/index.php?rest_route=\/wp\/v2\/posts\/23060","targetHints":{"allow":["GET"]}}],"collection":[{"href":"https:\/\/inclusivenews.com.br\/index.php?rest_route=\/wp\/v2\/posts"}],"about":[{"href":"https:\/\/inclusivenews.com.br\/index.php?rest_route=\/wp\/v2\/types\/post"}],"author":[{"embeddable":true,"href":"https:\/\/inclusivenews.com.br\/index.php?rest_route=\/wp\/v2\/users\/1"}],"replies":[{"embeddable":true,"href":"https:\/\/inclusivenews.com.br\/index.php?rest_route=%2Fwp%2Fv2%2Fcomments&post=23060"}],"version-history":[{"count":0,"href":"https:\/\/inclusivenews.com.br\/index.php?rest_route=\/wp\/v2\/posts\/23060\/revisions"}],"wp:attachment":[{"href":"https:\/\/inclusivenews.com.br\/index.php?rest_route=%2Fwp%2Fv2%2Fmedia&parent=23060"}],"wp:term":[{"taxonomy":"category","embeddable":true,"href":"https:\/\/inclusivenews.com.br\/index.php?rest_route=%2Fwp%2Fv2%2Fcategories&post=23060"},{"taxonomy":"post_tag","embeddable":true,"href":"https:\/\/inclusivenews.com.br\/index.php?rest_route=%2Fwp%2Fv2%2Ftags&post=23060"}],"curies":[{"name":"wp","href":"https:\/\/api.w.org\/{rel}","templated":true}]}}