{"id":23064,"date":"2012-08-08T16:36:27","date_gmt":"2012-08-08T19:36:27","guid":{"rendered":"http:\/\/www.inclusive.org.br\/?p=23064"},"modified":"2012-08-08T16:36:27","modified_gmt":"2012-08-08T19:36:27","slug":"jornais-repetem-discurso-pejorativo-sobre-professores","status":"publish","type":"post","link":"https:\/\/inclusivenews.com.br\/?p=23064","title":{"rendered":"Jornais repetem discurso pejorativo sobre professores"},"content":{"rendered":"<figure style=\"width: 230px\" class=\"wp-caption alignnone\"><img loading=\"lazy\" decoding=\"async\" src=\"http:\/\/www.usp.br\/agen\/wp-content\/uploads\/aaa.jpg\" alt=\"Lousa e giz.\" width=\"230\" height=\"130\" \/><figcaption class=\"wp-caption-text\">Imagem: USP Imagens<\/figcaption><\/figure>\n<p><em>Por Jo\u00e3o Ortega<br \/>\nda Ag\u00eancia USP de Not\u00edcias<\/em><\/p>\n<p>Valores reproduzidos constantemente na imprensa sobre professores, principalmente da rede p\u00fablica de ensino, denigrem a imagem desses profissionais. Ao criticar a educa\u00e7\u00e3o do Brasil, os ve\u00edculos de comunica\u00e7\u00e3o n\u00e3o levam a discuss\u00e3o para as raz\u00f5es do ensino ter se tornado t\u00e3o prec\u00e1rio. Ao inv\u00e9s disso, criticam a atua\u00e7\u00e3o dos respons\u00e1veis pelo ensino, apontando para sua substitui\u00e7\u00e3o por profissionais melhores, e n\u00e3o pela melhor forma\u00e7\u00e3o dos que j\u00e1 est\u00e3o l\u00e1. Esse fen\u00f4meno foi percebido por pesquisa da Faculdade de Educa\u00e7\u00e3o (FE) da USP em revis\u00e3o de diversas not\u00edcias sobre o assunto.<\/p>\n<p>A jornalista Katia Zanvettor Ferreira, autora do estudo \/Quando o professor \u00e9 not\u00edcia? Imagens de professor e imagens do jornalismo\/, analisou not\u00edcias de diversos jornais impressos do estado de S\u00e3o Paulo entre 2007 e 2011 e percebeu que estes ve\u00edculos**tendem a dar f\u00f3rmulas para resolver o problema da educa\u00e7\u00e3o. Dessa forma, tratam a quest\u00e3o de maneira simpl\u00f3ria e evitam reflex\u00e3o e confronto de opini\u00f5es. &#8220;\u00c9 a sa\u00edda reacion\u00e1ria da pr\u00f3pria imprensa que direciona o debate da sociedade&#8221;, explica. &#8220;Minimiza o jogo democr\u00e1tico&#8221;.<\/p>\n<p>Katia ressalta que paira sobre os textos dos grandes jornais uma identifica\u00e7\u00e3o imagin\u00e1ria na tem\u00e1tica do professor, ou seja, quem escreve toma o que em seu imagin\u00e1rio \u00e9 uma verdade como sendo uma &#8220;verdade absoluta&#8221;. Assim, a tend\u00eancia \u00e9 que os textos procurem confirmar aquilo que os escritores acreditam e consideram verdade, sem abertura para posi\u00e7\u00f5es divergentes. Aparecem nas mat\u00e9rias, dessa forma, uma repeti\u00e7\u00e3o dos mesmos discursos.<\/p>\n<p>*T\u00e9cnicas* Existem algumas formas de fazer jornalismo que se repetiram nos textos analisados no estudo, e contribuem para a vis\u00e3o prejudicial do professor. A utiliza\u00e7\u00e3o do especialista sobre educa\u00e7\u00e3o como fonte absoluta \u00e9 uma delas. A pr\u00e1tica de um jornalismo investigativo, com entrevistas em profundidade, levantamento de dados e pesquisas buscando discutir as quest\u00f5es tratadas no texto s\u00e3o pr\u00e1ticas cada vez mais raras na grande imprensa. Os jornalistas fazem perguntas superficiais apenas para confirmar aquilo que pressup\u00f5em e buscam conseguir falas de entendidos do assunto que justifiquem o seu pr\u00f3prio discurso.<\/p>\n<p>Ainda em rela\u00e7\u00e3o a entrevistas, nos textos utilizados pela pesquisa, n\u00e3o foi encontrado um princ\u00edpio b\u00e1sico do jornalismo: buscar todos os lados da not\u00edcia. Os ve\u00edculos de comunica\u00e7\u00e3o s\u00f3 apresentam o lado que concorda com a vis\u00e3o prejudicial do professor, sem falar com este ou com outro especialista que o v\u00ea de uma forma diferente.<\/p>\n<p>Bandeiras hist\u00f3ricas de movimentos sociais s\u00e3o utilizadas para comprovar a tese do ve\u00edculo. Por exemplo, \u00e9 quase um consenso entre o povo brasileiro que os sal\u00e1rios de professores devem ser aumentados. Entretanto, os jornalistas colocam esse argumento em seus textos de forma excludente: os professores que trabalham hoje nas institui\u00e7\u00f5es p\u00fablicas seriam mal preparados e, portanto, deveriam ser substitu\u00eddos. Os substitutos, por serem mais competentes, deveriam ser melhor remunerados. Assim, no discurso jornal\u00edstico o movimento \u00e9 de exclus\u00e3o daqueles que est\u00e3o no cargo agora, o que cria o refor\u00e7o de um estere\u00f3tipo do professor ruim.<\/p>\n<p>O preconceito, segundo Katia, tamb\u00e9m faz parte das mat\u00e9rias jornal\u00edsticas que deturpam a imagem do professor. Ele, entretanto, disfar\u00e7a-se num racioc\u00ednio que aparenta ser l\u00f3gico. &#8220;Dizem que os professores v\u00eam de classes populares e, portanto, s\u00e3o despreparados&#8221;. N\u00e3o s\u00e3o apontados os problemas da prepara\u00e7\u00e3o, apenas relacionam a incompet\u00eancia com a origem social.<\/p>\n<p>*Pesquisa* A ideia para o estudo formou-se enquanto a jornalista analisava programas de utiliza\u00e7\u00f5es de jornais no ensino em escolas. Durante esse trabalho, ela revisou diversos jornais, e acabou lendo muitas not\u00edcias relacionadas \u00e0 educa\u00e7\u00e3o. Ent\u00e3o, percebeu nelas a presen\u00e7a dessa vis\u00e3o prejudicial sobre os professores. N\u00e3o havia grande preocupa\u00e7\u00e3o com a cobertura da educa\u00e7\u00e3o e pouco interesse em assuntos particularmente importantes sobre situa\u00e7\u00e3o dos profissionais do ensino, como greves. A pesquisa \u00e9 a tese de doutorado da autora, na linha de pesquisa Linguagem e Educa\u00e7\u00e3o da FE, e foi orientada pelo professor Aleksandar Jovanovic.<\/p>\n<p>Fonte: Ag\u00eancia USP de Not\u00edcias<\/p>\n","protected":false},"excerpt":{"rendered":"<p>Valores reproduzidos constantemente na imprensa sobre professores, principalmente da rede p\u00fablica de ensino, denigrem a imagem desses profissionais. Informa\u00e7\u00e3o \u00e9 da Ag\u00eancia USP de Not\u00edcias.<\/p>\n","protected":false},"author":1,"featured_media":0,"comment_status":"open","ping_status":"open","sticky":false,"template":"","format":"standard","meta":{"site-container-style":"default","site-container-layout":"default","site-sidebar-layout":"default","disable-article-header":"default","disable-site-header":"default","disable-site-footer":"default","disable-content-area-spacing":"default","footnotes":""},"categories":[6,4],"tags":[],"class_list":["post-23064","post","type-post","status-publish","format-standard","hentry","category-educacao","category-noticias"],"yoast_head":"<!-- This site is optimized with the Yoast SEO plugin v27.5 - https:\/\/yoast.com\/product\/yoast-seo-wordpress\/ -->\n<title>Jornais repetem discurso pejorativo sobre professores -<\/title>\n<meta name=\"robots\" content=\"index, follow, max-snippet:-1, max-image-preview:large, max-video-preview:-1\" \/>\n<link rel=\"canonical\" href=\"https:\/\/inclusivenews.com.br\/?p=23064\" \/>\n<meta property=\"og:locale\" content=\"pt_PT\" \/>\n<meta property=\"og:type\" content=\"article\" \/>\n<meta property=\"og:title\" content=\"Jornais repetem discurso pejorativo sobre professores -\" \/>\n<meta property=\"og:description\" content=\"Valores reproduzidos constantemente na imprensa sobre professores, principalmente da rede p\u00fablica de ensino, denigrem a imagem desses profissionais. Informa\u00e7\u00e3o \u00e9 da Ag\u00eancia USP de Not\u00edcias.\" \/>\n<meta property=\"og:url\" content=\"https:\/\/inclusivenews.com.br\/?p=23064\" \/>\n<meta property=\"article:publisher\" content=\"https:\/\/www.facebook.com\/agenciainclusive\/\" \/>\n<meta property=\"article:published_time\" content=\"2012-08-08T19:36:27+00:00\" \/>\n<meta property=\"og:image\" content=\"http:\/\/www.usp.br\/agen\/wp-content\/uploads\/aaa.jpg\" \/>\n<meta name=\"author\" content=\"inclusivenews2024\" \/>\n<meta name=\"twitter:card\" content=\"summary_large_image\" \/>\n<meta name=\"twitter:label1\" content=\"Escrito por\" \/>\n\t<meta name=\"twitter:data1\" content=\"inclusivenews2024\" \/>\n\t<meta name=\"twitter:label2\" content=\"Tempo estimado de leitura\" \/>\n\t<meta name=\"twitter:data2\" content=\"4 minutos\" \/>\n<script type=\"application\/ld+json\" class=\"yoast-schema-graph\">{\"@context\":\"https:\\\/\\\/schema.org\",\"@graph\":[{\"@type\":\"Article\",\"@id\":\"https:\\\/\\\/inclusivenews.com.br\\\/?p=23064#article\",\"isPartOf\":{\"@id\":\"https:\\\/\\\/inclusivenews.com.br\\\/?p=23064\"},\"author\":{\"name\":\"inclusivenews2024\",\"@id\":\"https:\\\/\\\/inclusivenews.com.br\\\/#\\\/schema\\\/person\\\/ae4ec7087559b8692fb33b6fffd2273b\"},\"headline\":\"Jornais repetem discurso pejorativo sobre professores\",\"datePublished\":\"2012-08-08T19:36:27+00:00\",\"mainEntityOfPage\":{\"@id\":\"https:\\\/\\\/inclusivenews.com.br\\\/?p=23064\"},\"wordCount\":746,\"commentCount\":0,\"publisher\":{\"@id\":\"https:\\\/\\\/inclusivenews.com.br\\\/#organization\"},\"image\":{\"@id\":\"https:\\\/\\\/inclusivenews.com.br\\\/?p=23064#primaryimage\"},\"thumbnailUrl\":\"http:\\\/\\\/www.usp.br\\\/agen\\\/wp-content\\\/uploads\\\/aaa.jpg\",\"articleSection\":[\"EDUCA\u00c7\u00c3O\",\"NOT\u00cdCIAS\"],\"inLanguage\":\"pt-PT\",\"potentialAction\":[{\"@type\":\"CommentAction\",\"name\":\"Comment\",\"target\":[\"https:\\\/\\\/inclusivenews.com.br\\\/?p=23064#respond\"]}]},{\"@type\":\"WebPage\",\"@id\":\"https:\\\/\\\/inclusivenews.com.br\\\/?p=23064\",\"url\":\"https:\\\/\\\/inclusivenews.com.br\\\/?p=23064\",\"name\":\"Jornais repetem discurso pejorativo sobre professores -\",\"isPartOf\":{\"@id\":\"https:\\\/\\\/inclusivenews.com.br\\\/#website\"},\"primaryImageOfPage\":{\"@id\":\"https:\\\/\\\/inclusivenews.com.br\\\/?p=23064#primaryimage\"},\"image\":{\"@id\":\"https:\\\/\\\/inclusivenews.com.br\\\/?p=23064#primaryimage\"},\"thumbnailUrl\":\"http:\\\/\\\/www.usp.br\\\/agen\\\/wp-content\\\/uploads\\\/aaa.jpg\",\"datePublished\":\"2012-08-08T19:36:27+00:00\",\"breadcrumb\":{\"@id\":\"https:\\\/\\\/inclusivenews.com.br\\\/?p=23064#breadcrumb\"},\"inLanguage\":\"pt-PT\",\"potentialAction\":[{\"@type\":\"ReadAction\",\"target\":[\"https:\\\/\\\/inclusivenews.com.br\\\/?p=23064\"]}]},{\"@type\":\"ImageObject\",\"inLanguage\":\"pt-PT\",\"@id\":\"https:\\\/\\\/inclusivenews.com.br\\\/?p=23064#primaryimage\",\"url\":\"http:\\\/\\\/www.usp.br\\\/agen\\\/wp-content\\\/uploads\\\/aaa.jpg\",\"contentUrl\":\"http:\\\/\\\/www.usp.br\\\/agen\\\/wp-content\\\/uploads\\\/aaa.jpg\"},{\"@type\":\"BreadcrumbList\",\"@id\":\"https:\\\/\\\/inclusivenews.com.br\\\/?p=23064#breadcrumb\",\"itemListElement\":[{\"@type\":\"ListItem\",\"position\":1,\"name\":\"In\u00edcio\",\"item\":\"https:\\\/\\\/inclusivenews.com.br\\\/\"},{\"@type\":\"ListItem\",\"position\":2,\"name\":\"Jornais repetem discurso pejorativo sobre professores\"}]},{\"@type\":\"WebSite\",\"@id\":\"https:\\\/\\\/inclusivenews.com.br\\\/#website\",\"url\":\"https:\\\/\\\/inclusivenews.com.br\\\/\",\"name\":\"Inclusive News\",\"description\":\"Inclusive News\",\"publisher\":{\"@id\":\"https:\\\/\\\/inclusivenews.com.br\\\/#organization\"},\"potentialAction\":[{\"@type\":\"SearchAction\",\"target\":{\"@type\":\"EntryPoint\",\"urlTemplate\":\"https:\\\/\\\/inclusivenews.com.br\\\/?s={search_term_string}\"},\"query-input\":{\"@type\":\"PropertyValueSpecification\",\"valueRequired\":true,\"valueName\":\"search_term_string\"}}],\"inLanguage\":\"pt-PT\"},{\"@type\":\"Organization\",\"@id\":\"https:\\\/\\\/inclusivenews.com.br\\\/#organization\",\"name\":\"Inclusive - inclus\u00e3o e cidadania\",\"url\":\"https:\\\/\\\/inclusivenews.com.br\\\/\",\"logo\":{\"@type\":\"ImageObject\",\"inLanguage\":\"pt-PT\",\"@id\":\"https:\\\/\\\/inclusivenews.com.br\\\/#\\\/schema\\\/logo\\\/image\\\/\",\"url\":\"https:\\\/\\\/inclusivenews.com.br\\\/wp-content\\\/uploads\\\/2024\\\/03\\\/@grandesite.png\",\"contentUrl\":\"https:\\\/\\\/inclusivenews.com.br\\\/wp-content\\\/uploads\\\/2024\\\/03\\\/@grandesite.png\",\"width\":1080,\"height\":1080,\"caption\":\"Inclusive - inclus\u00e3o e cidadania\"},\"image\":{\"@id\":\"https:\\\/\\\/inclusivenews.com.br\\\/#\\\/schema\\\/logo\\\/image\\\/\"},\"sameAs\":[\"https:\\\/\\\/www.facebook.com\\\/agenciainclusive\\\/\",\"https:\\\/\\\/www.instagram.com\\\/newsinclusive\\\/\"]},{\"@type\":\"Person\",\"@id\":\"https:\\\/\\\/inclusivenews.com.br\\\/#\\\/schema\\\/person\\\/ae4ec7087559b8692fb33b6fffd2273b\",\"name\":\"inclusivenews2024\",\"image\":{\"@type\":\"ImageObject\",\"inLanguage\":\"pt-PT\",\"@id\":\"https:\\\/\\\/secure.gravatar.com\\\/avatar\\\/c5a7ef84c66fa914f55bc4f7ce26cfa275a3b9a1c5568b907bd184fb4dde7b40?s=96&d=mm&r=g\",\"url\":\"https:\\\/\\\/secure.gravatar.com\\\/avatar\\\/c5a7ef84c66fa914f55bc4f7ce26cfa275a3b9a1c5568b907bd184fb4dde7b40?s=96&d=mm&r=g\",\"contentUrl\":\"https:\\\/\\\/secure.gravatar.com\\\/avatar\\\/c5a7ef84c66fa914f55bc4f7ce26cfa275a3b9a1c5568b907bd184fb4dde7b40?s=96&d=mm&r=g\",\"caption\":\"inclusivenews2024\"},\"sameAs\":[\"https:\\\/\\\/inclusivenews.com.br\"],\"url\":\"https:\\\/\\\/inclusivenews.com.br\\\/?author=1\"}]}<\/script>\n<!-- \/ Yoast SEO plugin. -->","yoast_head_json":{"title":"Jornais repetem discurso pejorativo sobre professores -","robots":{"index":"index","follow":"follow","max-snippet":"max-snippet:-1","max-image-preview":"max-image-preview:large","max-video-preview":"max-video-preview:-1"},"canonical":"https:\/\/inclusivenews.com.br\/?p=23064","og_locale":"pt_PT","og_type":"article","og_title":"Jornais repetem discurso pejorativo sobre professores -","og_description":"Valores reproduzidos constantemente na imprensa sobre professores, principalmente da rede p\u00fablica de ensino, denigrem a imagem desses profissionais. Informa\u00e7\u00e3o \u00e9 da Ag\u00eancia USP de Not\u00edcias.","og_url":"https:\/\/inclusivenews.com.br\/?p=23064","article_publisher":"https:\/\/www.facebook.com\/agenciainclusive\/","article_published_time":"2012-08-08T19:36:27+00:00","og_image":[{"url":"http:\/\/www.usp.br\/agen\/wp-content\/uploads\/aaa.jpg","type":"","width":"","height":""}],"author":"inclusivenews2024","twitter_card":"summary_large_image","twitter_misc":{"Escrito por":"inclusivenews2024","Tempo estimado de leitura":"4 minutos"},"schema":{"@context":"https:\/\/schema.org","@graph":[{"@type":"Article","@id":"https:\/\/inclusivenews.com.br\/?p=23064#article","isPartOf":{"@id":"https:\/\/inclusivenews.com.br\/?p=23064"},"author":{"name":"inclusivenews2024","@id":"https:\/\/inclusivenews.com.br\/#\/schema\/person\/ae4ec7087559b8692fb33b6fffd2273b"},"headline":"Jornais repetem discurso pejorativo sobre professores","datePublished":"2012-08-08T19:36:27+00:00","mainEntityOfPage":{"@id":"https:\/\/inclusivenews.com.br\/?p=23064"},"wordCount":746,"commentCount":0,"publisher":{"@id":"https:\/\/inclusivenews.com.br\/#organization"},"image":{"@id":"https:\/\/inclusivenews.com.br\/?p=23064#primaryimage"},"thumbnailUrl":"http:\/\/www.usp.br\/agen\/wp-content\/uploads\/aaa.jpg","articleSection":["EDUCA\u00c7\u00c3O","NOT\u00cdCIAS"],"inLanguage":"pt-PT","potentialAction":[{"@type":"CommentAction","name":"Comment","target":["https:\/\/inclusivenews.com.br\/?p=23064#respond"]}]},{"@type":"WebPage","@id":"https:\/\/inclusivenews.com.br\/?p=23064","url":"https:\/\/inclusivenews.com.br\/?p=23064","name":"Jornais repetem discurso pejorativo sobre professores -","isPartOf":{"@id":"https:\/\/inclusivenews.com.br\/#website"},"primaryImageOfPage":{"@id":"https:\/\/inclusivenews.com.br\/?p=23064#primaryimage"},"image":{"@id":"https:\/\/inclusivenews.com.br\/?p=23064#primaryimage"},"thumbnailUrl":"http:\/\/www.usp.br\/agen\/wp-content\/uploads\/aaa.jpg","datePublished":"2012-08-08T19:36:27+00:00","breadcrumb":{"@id":"https:\/\/inclusivenews.com.br\/?p=23064#breadcrumb"},"inLanguage":"pt-PT","potentialAction":[{"@type":"ReadAction","target":["https:\/\/inclusivenews.com.br\/?p=23064"]}]},{"@type":"ImageObject","inLanguage":"pt-PT","@id":"https:\/\/inclusivenews.com.br\/?p=23064#primaryimage","url":"http:\/\/www.usp.br\/agen\/wp-content\/uploads\/aaa.jpg","contentUrl":"http:\/\/www.usp.br\/agen\/wp-content\/uploads\/aaa.jpg"},{"@type":"BreadcrumbList","@id":"https:\/\/inclusivenews.com.br\/?p=23064#breadcrumb","itemListElement":[{"@type":"ListItem","position":1,"name":"In\u00edcio","item":"https:\/\/inclusivenews.com.br\/"},{"@type":"ListItem","position":2,"name":"Jornais repetem discurso pejorativo sobre professores"}]},{"@type":"WebSite","@id":"https:\/\/inclusivenews.com.br\/#website","url":"https:\/\/inclusivenews.com.br\/","name":"Inclusive News","description":"Inclusive News","publisher":{"@id":"https:\/\/inclusivenews.com.br\/#organization"},"potentialAction":[{"@type":"SearchAction","target":{"@type":"EntryPoint","urlTemplate":"https:\/\/inclusivenews.com.br\/?s={search_term_string}"},"query-input":{"@type":"PropertyValueSpecification","valueRequired":true,"valueName":"search_term_string"}}],"inLanguage":"pt-PT"},{"@type":"Organization","@id":"https:\/\/inclusivenews.com.br\/#organization","name":"Inclusive - inclus\u00e3o e cidadania","url":"https:\/\/inclusivenews.com.br\/","logo":{"@type":"ImageObject","inLanguage":"pt-PT","@id":"https:\/\/inclusivenews.com.br\/#\/schema\/logo\/image\/","url":"https:\/\/inclusivenews.com.br\/wp-content\/uploads\/2024\/03\/@grandesite.png","contentUrl":"https:\/\/inclusivenews.com.br\/wp-content\/uploads\/2024\/03\/@grandesite.png","width":1080,"height":1080,"caption":"Inclusive - inclus\u00e3o e cidadania"},"image":{"@id":"https:\/\/inclusivenews.com.br\/#\/schema\/logo\/image\/"},"sameAs":["https:\/\/www.facebook.com\/agenciainclusive\/","https:\/\/www.instagram.com\/newsinclusive\/"]},{"@type":"Person","@id":"https:\/\/inclusivenews.com.br\/#\/schema\/person\/ae4ec7087559b8692fb33b6fffd2273b","name":"inclusivenews2024","image":{"@type":"ImageObject","inLanguage":"pt-PT","@id":"https:\/\/secure.gravatar.com\/avatar\/c5a7ef84c66fa914f55bc4f7ce26cfa275a3b9a1c5568b907bd184fb4dde7b40?s=96&d=mm&r=g","url":"https:\/\/secure.gravatar.com\/avatar\/c5a7ef84c66fa914f55bc4f7ce26cfa275a3b9a1c5568b907bd184fb4dde7b40?s=96&d=mm&r=g","contentUrl":"https:\/\/secure.gravatar.com\/avatar\/c5a7ef84c66fa914f55bc4f7ce26cfa275a3b9a1c5568b907bd184fb4dde7b40?s=96&d=mm&r=g","caption":"inclusivenews2024"},"sameAs":["https:\/\/inclusivenews.com.br"],"url":"https:\/\/inclusivenews.com.br\/?author=1"}]}},"_links":{"self":[{"href":"https:\/\/inclusivenews.com.br\/index.php?rest_route=\/wp\/v2\/posts\/23064","targetHints":{"allow":["GET"]}}],"collection":[{"href":"https:\/\/inclusivenews.com.br\/index.php?rest_route=\/wp\/v2\/posts"}],"about":[{"href":"https:\/\/inclusivenews.com.br\/index.php?rest_route=\/wp\/v2\/types\/post"}],"author":[{"embeddable":true,"href":"https:\/\/inclusivenews.com.br\/index.php?rest_route=\/wp\/v2\/users\/1"}],"replies":[{"embeddable":true,"href":"https:\/\/inclusivenews.com.br\/index.php?rest_route=%2Fwp%2Fv2%2Fcomments&post=23064"}],"version-history":[{"count":0,"href":"https:\/\/inclusivenews.com.br\/index.php?rest_route=\/wp\/v2\/posts\/23064\/revisions"}],"wp:attachment":[{"href":"https:\/\/inclusivenews.com.br\/index.php?rest_route=%2Fwp%2Fv2%2Fmedia&parent=23064"}],"wp:term":[{"taxonomy":"category","embeddable":true,"href":"https:\/\/inclusivenews.com.br\/index.php?rest_route=%2Fwp%2Fv2%2Fcategories&post=23064"},{"taxonomy":"post_tag","embeddable":true,"href":"https:\/\/inclusivenews.com.br\/index.php?rest_route=%2Fwp%2Fv2%2Ftags&post=23064"}],"curies":[{"name":"wp","href":"https:\/\/api.w.org\/{rel}","templated":true}]}}