{"id":23068,"date":"2012-08-08T16:39:01","date_gmt":"2012-08-08T19:39:01","guid":{"rendered":"http:\/\/www.inclusive.org.br\/?p=23068"},"modified":"2012-08-08T16:39:01","modified_gmt":"2012-08-08T19:39:01","slug":"pela-1%c2%aa-vez-no-brasil-congresso-discutira-as-perspectivas-do-humanismo-e-da-laicidade","status":"publish","type":"post","link":"https:\/\/inclusivenews.com.br\/?p=23068","title":{"rendered":"Pela 1\u00aa vez no Brasil, Congresso discutir\u00e1 as perspectivas do humanismo e da  laicidade"},"content":{"rendered":"<figure style=\"width: 220px\" class=\"wp-caption alignleft\"><img loading=\"lazy\" decoding=\"async\" class=\" \" title=\"cartaz\" src=\"http:\/\/sul21.com.br\/jornal\/wp-content\/uploads\/2012\/07\/congresso-humanista-220x300.jpg\" alt=\"Cartaz do evento - sem descri\u00e7\u00e3o fornecida\" width=\"220\" height=\"300\" \/><figcaption class=\"wp-caption-text\"> <\/figcaption><\/figure>\n<p>Nos dias 8 e 9 de setembro de 2012, Porto Alegre sediar\u00e1 o 1\u00ba Congresso Humanista Secular do Brasil. Pela primeira vez no pa\u00eds um evento reunir\u00e1 especialistas de diversas \u00e1reas &#8212; Bio\u00e9tica, Gen\u00e9tica, Biologia Molecular, Biof\u00edsica, da Astronomia, Direito, F\u00edsica, Filosofia, Sociologia e Hist\u00f3ria &#8212; para discutir quest\u00f5es que envolvem Humanismo, Secularismo, Ci\u00eancia, o Estado brasileiro e seu distanciamento de seus pilares seculares, a liberdade e a toler\u00e2ncia entre cren\u00e7as, a medicina baseada em evid\u00eancias, as perspectivas racionalistas, as quest\u00f5es de g\u00eanero, ate\u00edsmo e ceticismo. O congresso \u00e9 uma realiza\u00e7\u00e3o da Liga Humanista Secular do Brasil &#8212; LIHs &#8212; e conta com o apoio internacional da International Humanist and Ethical Union &#8212; IHEU -, do Instituto Hivos People Unlimetd e da Atheist Alliance Internacional.<\/p>\n<p>Programa\u00e7\u00e3o:<\/p>\n<p>1\u00ba dia &#8212; Tema geral &#8220;Humanismo&#8221;: palestras e mesas redondas em torno de quest\u00f5es das minorias, racismo, desarquivamento dos arquivos da ditadura, ci\u00eancia e humanismo.<\/p>\n<p>2\u00ba dia &#8212; Tema geral &#8220;Secularismo&#8221;: palestras e mesas redondas sobre ceticismo, ci\u00eancia, ate\u00edsmo, liberdade de cren\u00e7a, coexist\u00eancia e toler\u00e2ncia entre f\u00e9s e cren\u00e7as, Estado laico, medicina baseada em evid\u00eancias, sentido da vida na perspectiva racionalista.<\/p>\n<p>Alguns dos palestrantes:<\/p>\n<p>*Debora Diniz &#8211;* Professora da UNB e pesquisadora da Anis &#8212; Instituto de Bio\u00e9tica, Direitos Humanos e G\u00eanero. *Desid\u00e9rio Murcho &#8211;* fil\u00f3sofo, doutor pela King&#8217;s College London, professor da Universidade Federal de Ouro Preto. *Francisco Marshall &#8212; *historiador, doutor pela Universidade de Princeton e professor da UFRGS. *Francisco Mauro Salzano* &#8212; doutor pela Universidade de Michigan; com mais de 20 pr\u00eamios nacionais e internacionais, \u00e9 membro da Academia Brasileira de Ci\u00eancias. *Horacio Dottori* &#8212; astrof\u00edsico, doutor pela CNRS &#8212; Fran\u00e7a e professor da UFRGS. *Jorge Quillfeldt* &#8212; neurocientista, professor de Biof\u00edsica do Instituto de Bioci\u00eancias da UFRGS. *Marcia Cristina Barbosa* &#8212; f\u00edsica, doutora pela Universidade of Maryland &#8212; USA, professora do Instituto de F\u00edsica da UFRGS. *Marcos Rolim* &#8212; Soci\u00f3logo, professor de Direitos Humanos no Centro Universit\u00e1rio Metodista. *Maria Berenice Dias* &#8212; mestre em Processo Civil pela PUC-RS, \u00e9 presidenta da Comiss\u00e3o Especial da Diversidade Sexual do Conselho Federal da OAB\/RS. *Renato Zamora Flores* &#8212; m\u00e9dico, doutor em Gen\u00e9tica e Biologia Molecular e professor na UFRGS.<\/p>\n<p>Data: 8 e 9 de setembro \/ 2012 Local: Centro de eventos AMRIGS &#8212; Av. Ipiranga, 5311 &#8212; Partenon &#8212; Porto Alegre\/RS Fone: (51) 3014-2001 &#8212; (51) 3014-2021 \/ <a href=\"mailto:nucleoeventos@amrigs.org.br\">nucleoeventos@amrigs.org.br<\/a> Inscri\u00e7\u00f5es: <a href=\"http:\/\/www.congressohumanista.com.br\/p\/o-que-e-humanismo-secular.html\">http:\/\/www.congressohumanista.com.br\/p\/o-que-e-humanismo-secular.html<\/a> Contatos: <a href=\"mailto:chs2012@ligahumanista.org\">chs2012@ligahumanista.org<\/a><\/p>\n<p>Apoio:<\/p>\n","protected":false},"excerpt":{"rendered":"<p>Nos dias 8 e 9 de setembro de 2012, Porto Alegre sediar\u00e1 o 1\u00ba Congresso Humanista Secular do Brasil. Pela primeira vez no pa\u00eds um evento reunir\u00e1 especialistas de diversas \u00e1reas &#8212; Bio\u00e9tica, Gen\u00e9tica, Biologia Molecular, Biof\u00edsica, da Astronomia, Direito, F\u00edsica, Filosofia, Sociologia e Hist\u00f3ria &#8212; para discutir quest\u00f5es que envolvem Humanismo, Secularismo, Ci\u00eancia, o Estado brasileiro e seu distanciamento de seus pilares seculares, a liberdade e a toler\u00e2ncia entre cren\u00e7as, a medicina baseada em evid\u00eancias, as perspectivas racionalistas, as quest\u00f5es de g\u00eanero, ate\u00edsmo e ceticismo.<\/p>\n","protected":false},"author":1,"featured_media":0,"comment_status":"open","ping_status":"open","sticky":false,"template":"","format":"standard","meta":{"site-container-style":"default","site-container-layout":"default","site-sidebar-layout":"default","disable-article-header":"default","disable-site-header":"default","disable-site-footer":"default","disable-content-area-spacing":"default","footnotes":""},"categories":[12,11,4],"tags":[],"class_list":["post-23068","post","type-post","status-publish","format-standard","hentry","category-cursos-e-eventos","category-direitos-humanos","category-noticias"],"yoast_head":"<!-- This site is optimized with the Yoast SEO plugin v27.5 - https:\/\/yoast.com\/product\/yoast-seo-wordpress\/ -->\n<title>Pela 1\u00aa vez no Brasil, Congresso discutir\u00e1 as perspectivas do humanismo e da laicidade -<\/title>\n<meta name=\"robots\" content=\"index, follow, max-snippet:-1, max-image-preview:large, max-video-preview:-1\" \/>\n<link rel=\"canonical\" href=\"https:\/\/inclusivenews.com.br\/?p=23068\" \/>\n<meta property=\"og:locale\" content=\"pt_PT\" \/>\n<meta property=\"og:type\" content=\"article\" \/>\n<meta property=\"og:title\" content=\"Pela 1\u00aa vez no Brasil, Congresso discutir\u00e1 as perspectivas do humanismo e da laicidade -\" \/>\n<meta property=\"og:description\" content=\"Nos dias 8 e 9 de setembro de 2012, Porto Alegre sediar\u00e1 o 1\u00ba Congresso Humanista Secular do Brasil. Pela primeira vez no pa\u00eds um evento reunir\u00e1 especialistas de diversas \u00e1reas --- Bio\u00e9tica, Gen\u00e9tica, Biologia Molecular, Biof\u00edsica, da Astronomia, Direito, F\u00edsica, Filosofia, Sociologia e Hist\u00f3ria --- para discutir quest\u00f5es que envolvem Humanismo, Secularismo, Ci\u00eancia, o Estado brasileiro e seu distanciamento de seus pilares seculares, a liberdade e a toler\u00e2ncia entre cren\u00e7as, a medicina baseada em evid\u00eancias, as perspectivas racionalistas, as quest\u00f5es de g\u00eanero, ate\u00edsmo e ceticismo.\" \/>\n<meta property=\"og:url\" content=\"https:\/\/inclusivenews.com.br\/?p=23068\" \/>\n<meta property=\"article:publisher\" content=\"https:\/\/www.facebook.com\/agenciainclusive\/\" \/>\n<meta property=\"article:published_time\" content=\"2012-08-08T19:39:01+00:00\" \/>\n<meta property=\"og:image\" content=\"http:\/\/sul21.com.br\/jornal\/wp-content\/uploads\/2012\/07\/congresso-humanista-220x300.jpg\" \/>\n<meta name=\"author\" content=\"inclusivenews2024\" \/>\n<meta name=\"twitter:card\" content=\"summary_large_image\" \/>\n<meta name=\"twitter:label1\" content=\"Escrito por\" \/>\n\t<meta name=\"twitter:data1\" content=\"inclusivenews2024\" \/>\n\t<meta name=\"twitter:label2\" content=\"Tempo estimado de leitura\" \/>\n\t<meta name=\"twitter:data2\" content=\"2 minutos\" \/>\n<script type=\"application\/ld+json\" class=\"yoast-schema-graph\">{\"@context\":\"https:\\\/\\\/schema.org\",\"@graph\":[{\"@type\":\"Article\",\"@id\":\"https:\\\/\\\/inclusivenews.com.br\\\/?p=23068#article\",\"isPartOf\":{\"@id\":\"https:\\\/\\\/inclusivenews.com.br\\\/?p=23068\"},\"author\":{\"name\":\"inclusivenews2024\",\"@id\":\"https:\\\/\\\/inclusivenews.com.br\\\/#\\\/schema\\\/person\\\/ae4ec7087559b8692fb33b6fffd2273b\"},\"headline\":\"Pela 1\u00aa vez no Brasil, Congresso discutir\u00e1 as perspectivas do humanismo e da laicidade\",\"datePublished\":\"2012-08-08T19:39:01+00:00\",\"mainEntityOfPage\":{\"@id\":\"https:\\\/\\\/inclusivenews.com.br\\\/?p=23068\"},\"wordCount\":452,\"commentCount\":0,\"publisher\":{\"@id\":\"https:\\\/\\\/inclusivenews.com.br\\\/#organization\"},\"image\":{\"@id\":\"https:\\\/\\\/inclusivenews.com.br\\\/?p=23068#primaryimage\"},\"thumbnailUrl\":\"http:\\\/\\\/sul21.com.br\\\/jornal\\\/wp-content\\\/uploads\\\/2012\\\/07\\\/congresso-humanista-220x300.jpg\",\"articleSection\":[\"Cursos e eventos\",\"DIREITOS HUMANOS\",\"NOT\u00cdCIAS\"],\"inLanguage\":\"pt-PT\",\"potentialAction\":[{\"@type\":\"CommentAction\",\"name\":\"Comment\",\"target\":[\"https:\\\/\\\/inclusivenews.com.br\\\/?p=23068#respond\"]}]},{\"@type\":\"WebPage\",\"@id\":\"https:\\\/\\\/inclusivenews.com.br\\\/?p=23068\",\"url\":\"https:\\\/\\\/inclusivenews.com.br\\\/?p=23068\",\"name\":\"Pela 1\u00aa vez no Brasil, Congresso discutir\u00e1 as perspectivas do humanismo e da laicidade -\",\"isPartOf\":{\"@id\":\"https:\\\/\\\/inclusivenews.com.br\\\/#website\"},\"primaryImageOfPage\":{\"@id\":\"https:\\\/\\\/inclusivenews.com.br\\\/?p=23068#primaryimage\"},\"image\":{\"@id\":\"https:\\\/\\\/inclusivenews.com.br\\\/?p=23068#primaryimage\"},\"thumbnailUrl\":\"http:\\\/\\\/sul21.com.br\\\/jornal\\\/wp-content\\\/uploads\\\/2012\\\/07\\\/congresso-humanista-220x300.jpg\",\"datePublished\":\"2012-08-08T19:39:01+00:00\",\"breadcrumb\":{\"@id\":\"https:\\\/\\\/inclusivenews.com.br\\\/?p=23068#breadcrumb\"},\"inLanguage\":\"pt-PT\",\"potentialAction\":[{\"@type\":\"ReadAction\",\"target\":[\"https:\\\/\\\/inclusivenews.com.br\\\/?p=23068\"]}]},{\"@type\":\"ImageObject\",\"inLanguage\":\"pt-PT\",\"@id\":\"https:\\\/\\\/inclusivenews.com.br\\\/?p=23068#primaryimage\",\"url\":\"http:\\\/\\\/sul21.com.br\\\/jornal\\\/wp-content\\\/uploads\\\/2012\\\/07\\\/congresso-humanista-220x300.jpg\",\"contentUrl\":\"http:\\\/\\\/sul21.com.br\\\/jornal\\\/wp-content\\\/uploads\\\/2012\\\/07\\\/congresso-humanista-220x300.jpg\"},{\"@type\":\"BreadcrumbList\",\"@id\":\"https:\\\/\\\/inclusivenews.com.br\\\/?p=23068#breadcrumb\",\"itemListElement\":[{\"@type\":\"ListItem\",\"position\":1,\"name\":\"In\u00edcio\",\"item\":\"https:\\\/\\\/inclusivenews.com.br\\\/\"},{\"@type\":\"ListItem\",\"position\":2,\"name\":\"Pela 1\u00aa vez no Brasil, Congresso discutir\u00e1 as perspectivas do humanismo e da laicidade\"}]},{\"@type\":\"WebSite\",\"@id\":\"https:\\\/\\\/inclusivenews.com.br\\\/#website\",\"url\":\"https:\\\/\\\/inclusivenews.com.br\\\/\",\"name\":\"Inclusive News\",\"description\":\"Inclusive News\",\"publisher\":{\"@id\":\"https:\\\/\\\/inclusivenews.com.br\\\/#organization\"},\"potentialAction\":[{\"@type\":\"SearchAction\",\"target\":{\"@type\":\"EntryPoint\",\"urlTemplate\":\"https:\\\/\\\/inclusivenews.com.br\\\/?s={search_term_string}\"},\"query-input\":{\"@type\":\"PropertyValueSpecification\",\"valueRequired\":true,\"valueName\":\"search_term_string\"}}],\"inLanguage\":\"pt-PT\"},{\"@type\":\"Organization\",\"@id\":\"https:\\\/\\\/inclusivenews.com.br\\\/#organization\",\"name\":\"Inclusive - inclus\u00e3o e cidadania\",\"url\":\"https:\\\/\\\/inclusivenews.com.br\\\/\",\"logo\":{\"@type\":\"ImageObject\",\"inLanguage\":\"pt-PT\",\"@id\":\"https:\\\/\\\/inclusivenews.com.br\\\/#\\\/schema\\\/logo\\\/image\\\/\",\"url\":\"https:\\\/\\\/inclusivenews.com.br\\\/wp-content\\\/uploads\\\/2024\\\/03\\\/@grandesite.png\",\"contentUrl\":\"https:\\\/\\\/inclusivenews.com.br\\\/wp-content\\\/uploads\\\/2024\\\/03\\\/@grandesite.png\",\"width\":1080,\"height\":1080,\"caption\":\"Inclusive - inclus\u00e3o e cidadania\"},\"image\":{\"@id\":\"https:\\\/\\\/inclusivenews.com.br\\\/#\\\/schema\\\/logo\\\/image\\\/\"},\"sameAs\":[\"https:\\\/\\\/www.facebook.com\\\/agenciainclusive\\\/\",\"https:\\\/\\\/www.instagram.com\\\/newsinclusive\\\/\"]},{\"@type\":\"Person\",\"@id\":\"https:\\\/\\\/inclusivenews.com.br\\\/#\\\/schema\\\/person\\\/ae4ec7087559b8692fb33b6fffd2273b\",\"name\":\"inclusivenews2024\",\"image\":{\"@type\":\"ImageObject\",\"inLanguage\":\"pt-PT\",\"@id\":\"https:\\\/\\\/secure.gravatar.com\\\/avatar\\\/c5a7ef84c66fa914f55bc4f7ce26cfa275a3b9a1c5568b907bd184fb4dde7b40?s=96&d=mm&r=g\",\"url\":\"https:\\\/\\\/secure.gravatar.com\\\/avatar\\\/c5a7ef84c66fa914f55bc4f7ce26cfa275a3b9a1c5568b907bd184fb4dde7b40?s=96&d=mm&r=g\",\"contentUrl\":\"https:\\\/\\\/secure.gravatar.com\\\/avatar\\\/c5a7ef84c66fa914f55bc4f7ce26cfa275a3b9a1c5568b907bd184fb4dde7b40?s=96&d=mm&r=g\",\"caption\":\"inclusivenews2024\"},\"sameAs\":[\"https:\\\/\\\/inclusivenews.com.br\"],\"url\":\"https:\\\/\\\/inclusivenews.com.br\\\/?author=1\"}]}<\/script>\n<!-- \/ Yoast SEO plugin. -->","yoast_head_json":{"title":"Pela 1\u00aa vez no Brasil, Congresso discutir\u00e1 as perspectivas do humanismo e da laicidade -","robots":{"index":"index","follow":"follow","max-snippet":"max-snippet:-1","max-image-preview":"max-image-preview:large","max-video-preview":"max-video-preview:-1"},"canonical":"https:\/\/inclusivenews.com.br\/?p=23068","og_locale":"pt_PT","og_type":"article","og_title":"Pela 1\u00aa vez no Brasil, Congresso discutir\u00e1 as perspectivas do humanismo e da laicidade -","og_description":"Nos dias 8 e 9 de setembro de 2012, Porto Alegre sediar\u00e1 o 1\u00ba Congresso Humanista Secular do Brasil. Pela primeira vez no pa\u00eds um evento reunir\u00e1 especialistas de diversas \u00e1reas --- Bio\u00e9tica, Gen\u00e9tica, Biologia Molecular, Biof\u00edsica, da Astronomia, Direito, F\u00edsica, Filosofia, Sociologia e Hist\u00f3ria --- para discutir quest\u00f5es que envolvem Humanismo, Secularismo, Ci\u00eancia, o Estado brasileiro e seu distanciamento de seus pilares seculares, a liberdade e a toler\u00e2ncia entre cren\u00e7as, a medicina baseada em evid\u00eancias, as perspectivas racionalistas, as quest\u00f5es de g\u00eanero, ate\u00edsmo e ceticismo.","og_url":"https:\/\/inclusivenews.com.br\/?p=23068","article_publisher":"https:\/\/www.facebook.com\/agenciainclusive\/","article_published_time":"2012-08-08T19:39:01+00:00","og_image":[{"url":"http:\/\/sul21.com.br\/jornal\/wp-content\/uploads\/2012\/07\/congresso-humanista-220x300.jpg","type":"","width":"","height":""}],"author":"inclusivenews2024","twitter_card":"summary_large_image","twitter_misc":{"Escrito por":"inclusivenews2024","Tempo estimado de leitura":"2 minutos"},"schema":{"@context":"https:\/\/schema.org","@graph":[{"@type":"Article","@id":"https:\/\/inclusivenews.com.br\/?p=23068#article","isPartOf":{"@id":"https:\/\/inclusivenews.com.br\/?p=23068"},"author":{"name":"inclusivenews2024","@id":"https:\/\/inclusivenews.com.br\/#\/schema\/person\/ae4ec7087559b8692fb33b6fffd2273b"},"headline":"Pela 1\u00aa vez no Brasil, Congresso discutir\u00e1 as perspectivas do humanismo e da laicidade","datePublished":"2012-08-08T19:39:01+00:00","mainEntityOfPage":{"@id":"https:\/\/inclusivenews.com.br\/?p=23068"},"wordCount":452,"commentCount":0,"publisher":{"@id":"https:\/\/inclusivenews.com.br\/#organization"},"image":{"@id":"https:\/\/inclusivenews.com.br\/?p=23068#primaryimage"},"thumbnailUrl":"http:\/\/sul21.com.br\/jornal\/wp-content\/uploads\/2012\/07\/congresso-humanista-220x300.jpg","articleSection":["Cursos e eventos","DIREITOS HUMANOS","NOT\u00cdCIAS"],"inLanguage":"pt-PT","potentialAction":[{"@type":"CommentAction","name":"Comment","target":["https:\/\/inclusivenews.com.br\/?p=23068#respond"]}]},{"@type":"WebPage","@id":"https:\/\/inclusivenews.com.br\/?p=23068","url":"https:\/\/inclusivenews.com.br\/?p=23068","name":"Pela 1\u00aa vez no Brasil, Congresso discutir\u00e1 as perspectivas do humanismo e da laicidade -","isPartOf":{"@id":"https:\/\/inclusivenews.com.br\/#website"},"primaryImageOfPage":{"@id":"https:\/\/inclusivenews.com.br\/?p=23068#primaryimage"},"image":{"@id":"https:\/\/inclusivenews.com.br\/?p=23068#primaryimage"},"thumbnailUrl":"http:\/\/sul21.com.br\/jornal\/wp-content\/uploads\/2012\/07\/congresso-humanista-220x300.jpg","datePublished":"2012-08-08T19:39:01+00:00","breadcrumb":{"@id":"https:\/\/inclusivenews.com.br\/?p=23068#breadcrumb"},"inLanguage":"pt-PT","potentialAction":[{"@type":"ReadAction","target":["https:\/\/inclusivenews.com.br\/?p=23068"]}]},{"@type":"ImageObject","inLanguage":"pt-PT","@id":"https:\/\/inclusivenews.com.br\/?p=23068#primaryimage","url":"http:\/\/sul21.com.br\/jornal\/wp-content\/uploads\/2012\/07\/congresso-humanista-220x300.jpg","contentUrl":"http:\/\/sul21.com.br\/jornal\/wp-content\/uploads\/2012\/07\/congresso-humanista-220x300.jpg"},{"@type":"BreadcrumbList","@id":"https:\/\/inclusivenews.com.br\/?p=23068#breadcrumb","itemListElement":[{"@type":"ListItem","position":1,"name":"In\u00edcio","item":"https:\/\/inclusivenews.com.br\/"},{"@type":"ListItem","position":2,"name":"Pela 1\u00aa vez no Brasil, Congresso discutir\u00e1 as perspectivas do humanismo e da laicidade"}]},{"@type":"WebSite","@id":"https:\/\/inclusivenews.com.br\/#website","url":"https:\/\/inclusivenews.com.br\/","name":"Inclusive News","description":"Inclusive News","publisher":{"@id":"https:\/\/inclusivenews.com.br\/#organization"},"potentialAction":[{"@type":"SearchAction","target":{"@type":"EntryPoint","urlTemplate":"https:\/\/inclusivenews.com.br\/?s={search_term_string}"},"query-input":{"@type":"PropertyValueSpecification","valueRequired":true,"valueName":"search_term_string"}}],"inLanguage":"pt-PT"},{"@type":"Organization","@id":"https:\/\/inclusivenews.com.br\/#organization","name":"Inclusive - inclus\u00e3o e cidadania","url":"https:\/\/inclusivenews.com.br\/","logo":{"@type":"ImageObject","inLanguage":"pt-PT","@id":"https:\/\/inclusivenews.com.br\/#\/schema\/logo\/image\/","url":"https:\/\/inclusivenews.com.br\/wp-content\/uploads\/2024\/03\/@grandesite.png","contentUrl":"https:\/\/inclusivenews.com.br\/wp-content\/uploads\/2024\/03\/@grandesite.png","width":1080,"height":1080,"caption":"Inclusive - inclus\u00e3o e cidadania"},"image":{"@id":"https:\/\/inclusivenews.com.br\/#\/schema\/logo\/image\/"},"sameAs":["https:\/\/www.facebook.com\/agenciainclusive\/","https:\/\/www.instagram.com\/newsinclusive\/"]},{"@type":"Person","@id":"https:\/\/inclusivenews.com.br\/#\/schema\/person\/ae4ec7087559b8692fb33b6fffd2273b","name":"inclusivenews2024","image":{"@type":"ImageObject","inLanguage":"pt-PT","@id":"https:\/\/secure.gravatar.com\/avatar\/c5a7ef84c66fa914f55bc4f7ce26cfa275a3b9a1c5568b907bd184fb4dde7b40?s=96&d=mm&r=g","url":"https:\/\/secure.gravatar.com\/avatar\/c5a7ef84c66fa914f55bc4f7ce26cfa275a3b9a1c5568b907bd184fb4dde7b40?s=96&d=mm&r=g","contentUrl":"https:\/\/secure.gravatar.com\/avatar\/c5a7ef84c66fa914f55bc4f7ce26cfa275a3b9a1c5568b907bd184fb4dde7b40?s=96&d=mm&r=g","caption":"inclusivenews2024"},"sameAs":["https:\/\/inclusivenews.com.br"],"url":"https:\/\/inclusivenews.com.br\/?author=1"}]}},"_links":{"self":[{"href":"https:\/\/inclusivenews.com.br\/index.php?rest_route=\/wp\/v2\/posts\/23068","targetHints":{"allow":["GET"]}}],"collection":[{"href":"https:\/\/inclusivenews.com.br\/index.php?rest_route=\/wp\/v2\/posts"}],"about":[{"href":"https:\/\/inclusivenews.com.br\/index.php?rest_route=\/wp\/v2\/types\/post"}],"author":[{"embeddable":true,"href":"https:\/\/inclusivenews.com.br\/index.php?rest_route=\/wp\/v2\/users\/1"}],"replies":[{"embeddable":true,"href":"https:\/\/inclusivenews.com.br\/index.php?rest_route=%2Fwp%2Fv2%2Fcomments&post=23068"}],"version-history":[{"count":0,"href":"https:\/\/inclusivenews.com.br\/index.php?rest_route=\/wp\/v2\/posts\/23068\/revisions"}],"wp:attachment":[{"href":"https:\/\/inclusivenews.com.br\/index.php?rest_route=%2Fwp%2Fv2%2Fmedia&parent=23068"}],"wp:term":[{"taxonomy":"category","embeddable":true,"href":"https:\/\/inclusivenews.com.br\/index.php?rest_route=%2Fwp%2Fv2%2Fcategories&post=23068"},{"taxonomy":"post_tag","embeddable":true,"href":"https:\/\/inclusivenews.com.br\/index.php?rest_route=%2Fwp%2Fv2%2Ftags&post=23068"}],"curies":[{"name":"wp","href":"https:\/\/api.w.org\/{rel}","templated":true}]}}