{"id":23072,"date":"2012-08-06T19:10:11","date_gmt":"2012-08-06T22:10:11","guid":{"rendered":"http:\/\/www.inclusive.org.br\/?p=23072"},"modified":"2012-08-06T19:10:11","modified_gmt":"2012-08-06T22:10:11","slug":"livro-caminhos-da-inclusao-sera-lancado-168-na-bienal-internacional-do-livro-em-sp","status":"publish","type":"post","link":"https:\/\/inclusivenews.com.br\/?p=23072","title":{"rendered":"Livro &quot;Caminhos Da Inclus\u00e3o&quot;, ser\u00e1 lan\u00e7ado 16\/8, na Bienal Internacional do Livro em SP"},"content":{"rendered":"<div><span style=\"color: #000099;\"><span style=\"font-size: medium;\"> <\/span><\/span><\/div>\n<div><span style=\"color: #000099;\"><span style=\"font-size: medium;\"><a href=\"http:\/\/www.inclusivenews.com.br\/wp-content\/uploads\/foto-usada-capa.jpg\"><img loading=\"lazy\" decoding=\"async\" class=\"alignleft size-medium wp-image-23086\" title=\"foto usada capa\" src=\"http:\/\/inclusivenews.com.br\/wp-content\/uploads\/foto-usada-capa-230x300.jpg\" alt=\"foto em preto e branco, em plano m\u00e9dio (da cintura para cima), de um jovem de pele clara, cabelos pretos curtos, vestindo camisa clara com \u00f3culos escuros e luvas. Ele est\u00e1 no meio de caixas de papel\u00e3o desmontadas, segurando uma placa ao lado de uma m\u00e1quina.\" width=\"230\" height=\"300\" \/><\/a><\/span><\/span><\/div>\n<div id=\"yui_3_2_0_1_13442710324301227\"><span style=\"color: #000099;\"><span style=\"font-size: medium;\"><\/p>\n<p id=\"yui_3_2_0_1_13442710324301218\"><span style=\"color: #000000;\"><span style=\"font-size: small;\">Paulo Skaf, Presidente da Federa\u00e7\u00e3o das Ind\u00fastrias do Estado de S\u00e3o Paulo \u2013 FIESP, do Servi\u00e7o Social da Ind\u00fastria \u2013 SESI-SP e do Servi\u00e7o Nacional de Aprendizagem Industrial \u2013 SENAI-SP convida para o lan\u00e7amento do livro \u201cCaminhos da Inclus\u00e3o\u201d na Bienal Internacional do Livro, 16 de agosto de 2012.<\/span><\/span><\/p>\n<p><span style=\"color: #000000; font-size: small;\"> <\/span><\/p>\n<p><span style=\"color: #000000;\"><span style=\"font-size: small;\">O livro tem recursos de acessibilidade: todos os exemplares t\u00eam CD ROM com o texto em formato DAISY e braile na capa e no CD ROM.<\/span><\/span><\/p>\n<p><span style=\"color: #000000; font-size: small;\"> <\/span><\/p>\n<p><span style=\"color: #000000;\"><span style=\"font-size: small;\">O evento ser\u00e1 precedido pela Mesa de Debates \u201cCaminhos da Inclus\u00e3o\u201d, com Marta Gil e Sandra Rodrigues da Silva Chang<\/span><\/span><\/p>\n<p><span style=\"color: #000000; font-size: small;\"> <\/span><\/p>\n<p><span style=\"color: #000000;\"><span style=\"font-size: small;\">Hor\u00e1rio: 19h00 \u2013 Mesa de Debates<\/span><\/span><\/p>\n<p><span style=\"color: #000000;\"><span style=\"font-size: small;\"> 20h00 \u2013 Lan\u00e7amento<\/span><\/span><\/p>\n<p><span style=\"color: #000000; font-size: small;\"> <\/span><\/p>\n<p><span style=\"color: #000000;\"><span style=\"font-size: small;\">Haver\u00e1 int\u00e9rprete de Libras<\/span><\/span><\/p>\n<div>\n<p><span style=\"color: #000000; font-size: small;\"> <\/span><\/p>\n<p><span style=\"color: #000000;\"><span style=\"font-size: small;\">Local: Pavilh\u00e3o de Exposi\u00e7\u00f5es do Anhembi<\/span><\/span><\/p>\n<\/div>\n<p><span style=\"color: #000000;\"><span style=\"font-size: small;\">Avenida Olavo Fontoura, 1.209 \u2013 Santana<\/span><\/span><\/p>\n<p><span style=\"color: #000000;\"><span style=\"font-size: small;\">Estande 80 \u2013 Rua \u201cE\u201d<\/span><\/span><\/p>\n<p><span style=\"color: #000000; font-size: small;\"> <\/span><\/p>\n<p><span style=\"color: #000000; font-size: small;\">Informa\u00e7\u00f5es sobre ingressos: <\/span><a rel=\"nofollow noopener\" href=\"http:\/\/www.bienaldolivrosp.com.br\/\" target=\"_blank\"><span style=\"font-size: small;\">www.bienaldolivrosp.com.br<\/span><\/a><span style=\"font-size: small;\"><span style=\"color: #000000;\"> ou pelo telefone (11) 3549-4499<\/span><\/span><\/p>\n<p><span style=\"color: #000000; font-size: small;\"> <\/span><\/p>\n<p><span style=\"font-size: small;\"><span style=\"color: #000000;\">Ao final, as assinaturas da FIESP, SESI e SENAI<\/span><\/span><\/p>\n<p><span style=\"font-size: small;\"><span style=\"color: #000000;\">Fonte &#8211; Inclusive<\/span><\/span><\/p>\n<p><\/span><\/span><\/div>\n","protected":false},"excerpt":{"rendered":"<p>O livro tem recursos de acessibilidade e o evento ser\u00e1 precedido pela Mesa de Debates \u201cCaminhos da Inclus\u00e3o\u201d, com Marta Gil e Sandra Rodrigues da Silva Chang, com int\u00e9rprete de Libras.<\/p>\n","protected":false},"author":1,"featured_media":0,"comment_status":"open","ping_status":"open","sticky":false,"template":"","format":"standard","meta":{"site-container-style":"default","site-container-layout":"default","site-sidebar-layout":"default","disable-article-header":"default","disable-site-header":"default","disable-site-footer":"default","disable-content-area-spacing":"default","footnotes":""},"categories":[12,38,48,51,46,4],"tags":[],"class_list":["post-23072","post","type-post","status-publish","format-standard","hentry","category-cursos-e-eventos","category-deficiencia","category-inclusao","category-livros","category-mercado-de-trabalho","category-noticias"],"yoast_head":"<!-- This site is optimized with the Yoast SEO plugin v27.5 - https:\/\/yoast.com\/product\/yoast-seo-wordpress\/ -->\n<title>Livro &quot;Caminhos Da Inclus\u00e3o&quot;, ser\u00e1 lan\u00e7ado 16\/8, na Bienal Internacional do Livro em SP -<\/title>\n<meta name=\"robots\" content=\"index, follow, max-snippet:-1, max-image-preview:large, max-video-preview:-1\" \/>\n<link rel=\"canonical\" href=\"https:\/\/inclusivenews.com.br\/?p=23072\" \/>\n<meta property=\"og:locale\" content=\"pt_PT\" \/>\n<meta property=\"og:type\" content=\"article\" \/>\n<meta property=\"og:title\" content=\"Livro &quot;Caminhos Da Inclus\u00e3o&quot;, ser\u00e1 lan\u00e7ado 16\/8, na Bienal Internacional do Livro em SP -\" \/>\n<meta property=\"og:description\" content=\"O livro tem recursos de acessibilidade e o evento ser\u00e1 precedido pela Mesa de Debates \u201cCaminhos da Inclus\u00e3o\u201d, com Marta Gil e Sandra Rodrigues da Silva Chang, com int\u00e9rprete de Libras.\" \/>\n<meta property=\"og:url\" content=\"https:\/\/inclusivenews.com.br\/?p=23072\" \/>\n<meta property=\"article:publisher\" content=\"https:\/\/www.facebook.com\/agenciainclusive\/\" \/>\n<meta property=\"article:published_time\" content=\"2012-08-06T22:10:11+00:00\" \/>\n<meta property=\"og:image\" content=\"http:\/\/inclusivenews.com.br\/wp-content\/uploads\/foto-usada-capa-230x300.jpg\" \/>\n<meta name=\"author\" content=\"inclusivenews2024\" \/>\n<meta name=\"twitter:card\" content=\"summary_large_image\" \/>\n<meta name=\"twitter:label1\" content=\"Escrito por\" \/>\n\t<meta name=\"twitter:data1\" content=\"inclusivenews2024\" \/>\n\t<meta name=\"twitter:label2\" content=\"Tempo estimado de leitura\" \/>\n\t<meta name=\"twitter:data2\" content=\"1 minuto\" \/>\n<script type=\"application\/ld+json\" class=\"yoast-schema-graph\">{\"@context\":\"https:\\\/\\\/schema.org\",\"@graph\":[{\"@type\":\"Article\",\"@id\":\"https:\\\/\\\/inclusivenews.com.br\\\/?p=23072#article\",\"isPartOf\":{\"@id\":\"https:\\\/\\\/inclusivenews.com.br\\\/?p=23072\"},\"author\":{\"name\":\"inclusivenews2024\",\"@id\":\"https:\\\/\\\/inclusivenews.com.br\\\/#\\\/schema\\\/person\\\/ae4ec7087559b8692fb33b6fffd2273b\"},\"headline\":\"Livro &quot;Caminhos Da Inclus\u00e3o&quot;, ser\u00e1 lan\u00e7ado 16\\\/8, na Bienal Internacional do Livro em SP\",\"datePublished\":\"2012-08-06T22:10:11+00:00\",\"mainEntityOfPage\":{\"@id\":\"https:\\\/\\\/inclusivenews.com.br\\\/?p=23072\"},\"wordCount\":170,\"commentCount\":1,\"publisher\":{\"@id\":\"https:\\\/\\\/inclusivenews.com.br\\\/#organization\"},\"image\":{\"@id\":\"https:\\\/\\\/inclusivenews.com.br\\\/?p=23072#primaryimage\"},\"thumbnailUrl\":\"http:\\\/\\\/inclusivenews.com.br\\\/wp-content\\\/uploads\\\/foto-usada-capa-230x300.jpg\",\"articleSection\":[\"Cursos e eventos\",\"Defici\u00eancia\",\"INCLUS\u00c3O SOCIAL\",\"Livros\",\"Mercado de Trabalho\",\"NOT\u00cdCIAS\"],\"inLanguage\":\"pt-PT\",\"potentialAction\":[{\"@type\":\"CommentAction\",\"name\":\"Comment\",\"target\":[\"https:\\\/\\\/inclusivenews.com.br\\\/?p=23072#respond\"]}]},{\"@type\":\"WebPage\",\"@id\":\"https:\\\/\\\/inclusivenews.com.br\\\/?p=23072\",\"url\":\"https:\\\/\\\/inclusivenews.com.br\\\/?p=23072\",\"name\":\"Livro &quot;Caminhos Da Inclus\u00e3o&quot;, ser\u00e1 lan\u00e7ado 16\\\/8, na Bienal Internacional do Livro em SP -\",\"isPartOf\":{\"@id\":\"https:\\\/\\\/inclusivenews.com.br\\\/#website\"},\"primaryImageOfPage\":{\"@id\":\"https:\\\/\\\/inclusivenews.com.br\\\/?p=23072#primaryimage\"},\"image\":{\"@id\":\"https:\\\/\\\/inclusivenews.com.br\\\/?p=23072#primaryimage\"},\"thumbnailUrl\":\"http:\\\/\\\/inclusivenews.com.br\\\/wp-content\\\/uploads\\\/foto-usada-capa-230x300.jpg\",\"datePublished\":\"2012-08-06T22:10:11+00:00\",\"breadcrumb\":{\"@id\":\"https:\\\/\\\/inclusivenews.com.br\\\/?p=23072#breadcrumb\"},\"inLanguage\":\"pt-PT\",\"potentialAction\":[{\"@type\":\"ReadAction\",\"target\":[\"https:\\\/\\\/inclusivenews.com.br\\\/?p=23072\"]}]},{\"@type\":\"ImageObject\",\"inLanguage\":\"pt-PT\",\"@id\":\"https:\\\/\\\/inclusivenews.com.br\\\/?p=23072#primaryimage\",\"url\":\"\",\"contentUrl\":\"\"},{\"@type\":\"BreadcrumbList\",\"@id\":\"https:\\\/\\\/inclusivenews.com.br\\\/?p=23072#breadcrumb\",\"itemListElement\":[{\"@type\":\"ListItem\",\"position\":1,\"name\":\"In\u00edcio\",\"item\":\"https:\\\/\\\/inclusivenews.com.br\\\/\"},{\"@type\":\"ListItem\",\"position\":2,\"name\":\"Livro &quot;Caminhos Da Inclus\u00e3o&quot;, ser\u00e1 lan\u00e7ado 16\\\/8, na Bienal Internacional do Livro em SP\"}]},{\"@type\":\"WebSite\",\"@id\":\"https:\\\/\\\/inclusivenews.com.br\\\/#website\",\"url\":\"https:\\\/\\\/inclusivenews.com.br\\\/\",\"name\":\"Inclusive News\",\"description\":\"Inclusive News\",\"publisher\":{\"@id\":\"https:\\\/\\\/inclusivenews.com.br\\\/#organization\"},\"potentialAction\":[{\"@type\":\"SearchAction\",\"target\":{\"@type\":\"EntryPoint\",\"urlTemplate\":\"https:\\\/\\\/inclusivenews.com.br\\\/?s={search_term_string}\"},\"query-input\":{\"@type\":\"PropertyValueSpecification\",\"valueRequired\":true,\"valueName\":\"search_term_string\"}}],\"inLanguage\":\"pt-PT\"},{\"@type\":\"Organization\",\"@id\":\"https:\\\/\\\/inclusivenews.com.br\\\/#organization\",\"name\":\"Inclusive - inclus\u00e3o e cidadania\",\"url\":\"https:\\\/\\\/inclusivenews.com.br\\\/\",\"logo\":{\"@type\":\"ImageObject\",\"inLanguage\":\"pt-PT\",\"@id\":\"https:\\\/\\\/inclusivenews.com.br\\\/#\\\/schema\\\/logo\\\/image\\\/\",\"url\":\"https:\\\/\\\/inclusivenews.com.br\\\/wp-content\\\/uploads\\\/2024\\\/03\\\/@grandesite.png\",\"contentUrl\":\"https:\\\/\\\/inclusivenews.com.br\\\/wp-content\\\/uploads\\\/2024\\\/03\\\/@grandesite.png\",\"width\":1080,\"height\":1080,\"caption\":\"Inclusive - inclus\u00e3o e cidadania\"},\"image\":{\"@id\":\"https:\\\/\\\/inclusivenews.com.br\\\/#\\\/schema\\\/logo\\\/image\\\/\"},\"sameAs\":[\"https:\\\/\\\/www.facebook.com\\\/agenciainclusive\\\/\",\"https:\\\/\\\/www.instagram.com\\\/newsinclusive\\\/\"]},{\"@type\":\"Person\",\"@id\":\"https:\\\/\\\/inclusivenews.com.br\\\/#\\\/schema\\\/person\\\/ae4ec7087559b8692fb33b6fffd2273b\",\"name\":\"inclusivenews2024\",\"image\":{\"@type\":\"ImageObject\",\"inLanguage\":\"pt-PT\",\"@id\":\"https:\\\/\\\/secure.gravatar.com\\\/avatar\\\/c5a7ef84c66fa914f55bc4f7ce26cfa275a3b9a1c5568b907bd184fb4dde7b40?s=96&d=mm&r=g\",\"url\":\"https:\\\/\\\/secure.gravatar.com\\\/avatar\\\/c5a7ef84c66fa914f55bc4f7ce26cfa275a3b9a1c5568b907bd184fb4dde7b40?s=96&d=mm&r=g\",\"contentUrl\":\"https:\\\/\\\/secure.gravatar.com\\\/avatar\\\/c5a7ef84c66fa914f55bc4f7ce26cfa275a3b9a1c5568b907bd184fb4dde7b40?s=96&d=mm&r=g\",\"caption\":\"inclusivenews2024\"},\"sameAs\":[\"https:\\\/\\\/inclusivenews.com.br\"],\"url\":\"https:\\\/\\\/inclusivenews.com.br\\\/?author=1\"}]}<\/script>\n<!-- \/ Yoast SEO plugin. -->","yoast_head_json":{"title":"Livro &quot;Caminhos Da Inclus\u00e3o&quot;, ser\u00e1 lan\u00e7ado 16\/8, na Bienal Internacional do Livro em SP -","robots":{"index":"index","follow":"follow","max-snippet":"max-snippet:-1","max-image-preview":"max-image-preview:large","max-video-preview":"max-video-preview:-1"},"canonical":"https:\/\/inclusivenews.com.br\/?p=23072","og_locale":"pt_PT","og_type":"article","og_title":"Livro &quot;Caminhos Da Inclus\u00e3o&quot;, ser\u00e1 lan\u00e7ado 16\/8, na Bienal Internacional do Livro em SP -","og_description":"O livro tem recursos de acessibilidade e o evento ser\u00e1 precedido pela Mesa de Debates \u201cCaminhos da Inclus\u00e3o\u201d, com Marta Gil e Sandra Rodrigues da Silva Chang, com int\u00e9rprete de Libras.","og_url":"https:\/\/inclusivenews.com.br\/?p=23072","article_publisher":"https:\/\/www.facebook.com\/agenciainclusive\/","article_published_time":"2012-08-06T22:10:11+00:00","og_image":[{"url":"http:\/\/inclusivenews.com.br\/wp-content\/uploads\/foto-usada-capa-230x300.jpg","type":"","width":"","height":""}],"author":"inclusivenews2024","twitter_card":"summary_large_image","twitter_misc":{"Escrito por":"inclusivenews2024","Tempo estimado de leitura":"1 minuto"},"schema":{"@context":"https:\/\/schema.org","@graph":[{"@type":"Article","@id":"https:\/\/inclusivenews.com.br\/?p=23072#article","isPartOf":{"@id":"https:\/\/inclusivenews.com.br\/?p=23072"},"author":{"name":"inclusivenews2024","@id":"https:\/\/inclusivenews.com.br\/#\/schema\/person\/ae4ec7087559b8692fb33b6fffd2273b"},"headline":"Livro &quot;Caminhos Da Inclus\u00e3o&quot;, ser\u00e1 lan\u00e7ado 16\/8, na Bienal Internacional do Livro em SP","datePublished":"2012-08-06T22:10:11+00:00","mainEntityOfPage":{"@id":"https:\/\/inclusivenews.com.br\/?p=23072"},"wordCount":170,"commentCount":1,"publisher":{"@id":"https:\/\/inclusivenews.com.br\/#organization"},"image":{"@id":"https:\/\/inclusivenews.com.br\/?p=23072#primaryimage"},"thumbnailUrl":"http:\/\/inclusivenews.com.br\/wp-content\/uploads\/foto-usada-capa-230x300.jpg","articleSection":["Cursos e eventos","Defici\u00eancia","INCLUS\u00c3O SOCIAL","Livros","Mercado de Trabalho","NOT\u00cdCIAS"],"inLanguage":"pt-PT","potentialAction":[{"@type":"CommentAction","name":"Comment","target":["https:\/\/inclusivenews.com.br\/?p=23072#respond"]}]},{"@type":"WebPage","@id":"https:\/\/inclusivenews.com.br\/?p=23072","url":"https:\/\/inclusivenews.com.br\/?p=23072","name":"Livro &quot;Caminhos Da Inclus\u00e3o&quot;, ser\u00e1 lan\u00e7ado 16\/8, na Bienal Internacional do Livro em SP -","isPartOf":{"@id":"https:\/\/inclusivenews.com.br\/#website"},"primaryImageOfPage":{"@id":"https:\/\/inclusivenews.com.br\/?p=23072#primaryimage"},"image":{"@id":"https:\/\/inclusivenews.com.br\/?p=23072#primaryimage"},"thumbnailUrl":"http:\/\/inclusivenews.com.br\/wp-content\/uploads\/foto-usada-capa-230x300.jpg","datePublished":"2012-08-06T22:10:11+00:00","breadcrumb":{"@id":"https:\/\/inclusivenews.com.br\/?p=23072#breadcrumb"},"inLanguage":"pt-PT","potentialAction":[{"@type":"ReadAction","target":["https:\/\/inclusivenews.com.br\/?p=23072"]}]},{"@type":"ImageObject","inLanguage":"pt-PT","@id":"https:\/\/inclusivenews.com.br\/?p=23072#primaryimage","url":"","contentUrl":""},{"@type":"BreadcrumbList","@id":"https:\/\/inclusivenews.com.br\/?p=23072#breadcrumb","itemListElement":[{"@type":"ListItem","position":1,"name":"In\u00edcio","item":"https:\/\/inclusivenews.com.br\/"},{"@type":"ListItem","position":2,"name":"Livro &quot;Caminhos Da Inclus\u00e3o&quot;, ser\u00e1 lan\u00e7ado 16\/8, na Bienal Internacional do Livro em SP"}]},{"@type":"WebSite","@id":"https:\/\/inclusivenews.com.br\/#website","url":"https:\/\/inclusivenews.com.br\/","name":"Inclusive News","description":"Inclusive News","publisher":{"@id":"https:\/\/inclusivenews.com.br\/#organization"},"potentialAction":[{"@type":"SearchAction","target":{"@type":"EntryPoint","urlTemplate":"https:\/\/inclusivenews.com.br\/?s={search_term_string}"},"query-input":{"@type":"PropertyValueSpecification","valueRequired":true,"valueName":"search_term_string"}}],"inLanguage":"pt-PT"},{"@type":"Organization","@id":"https:\/\/inclusivenews.com.br\/#organization","name":"Inclusive - inclus\u00e3o e cidadania","url":"https:\/\/inclusivenews.com.br\/","logo":{"@type":"ImageObject","inLanguage":"pt-PT","@id":"https:\/\/inclusivenews.com.br\/#\/schema\/logo\/image\/","url":"https:\/\/inclusivenews.com.br\/wp-content\/uploads\/2024\/03\/@grandesite.png","contentUrl":"https:\/\/inclusivenews.com.br\/wp-content\/uploads\/2024\/03\/@grandesite.png","width":1080,"height":1080,"caption":"Inclusive - inclus\u00e3o e cidadania"},"image":{"@id":"https:\/\/inclusivenews.com.br\/#\/schema\/logo\/image\/"},"sameAs":["https:\/\/www.facebook.com\/agenciainclusive\/","https:\/\/www.instagram.com\/newsinclusive\/"]},{"@type":"Person","@id":"https:\/\/inclusivenews.com.br\/#\/schema\/person\/ae4ec7087559b8692fb33b6fffd2273b","name":"inclusivenews2024","image":{"@type":"ImageObject","inLanguage":"pt-PT","@id":"https:\/\/secure.gravatar.com\/avatar\/c5a7ef84c66fa914f55bc4f7ce26cfa275a3b9a1c5568b907bd184fb4dde7b40?s=96&d=mm&r=g","url":"https:\/\/secure.gravatar.com\/avatar\/c5a7ef84c66fa914f55bc4f7ce26cfa275a3b9a1c5568b907bd184fb4dde7b40?s=96&d=mm&r=g","contentUrl":"https:\/\/secure.gravatar.com\/avatar\/c5a7ef84c66fa914f55bc4f7ce26cfa275a3b9a1c5568b907bd184fb4dde7b40?s=96&d=mm&r=g","caption":"inclusivenews2024"},"sameAs":["https:\/\/inclusivenews.com.br"],"url":"https:\/\/inclusivenews.com.br\/?author=1"}]}},"_links":{"self":[{"href":"https:\/\/inclusivenews.com.br\/index.php?rest_route=\/wp\/v2\/posts\/23072","targetHints":{"allow":["GET"]}}],"collection":[{"href":"https:\/\/inclusivenews.com.br\/index.php?rest_route=\/wp\/v2\/posts"}],"about":[{"href":"https:\/\/inclusivenews.com.br\/index.php?rest_route=\/wp\/v2\/types\/post"}],"author":[{"embeddable":true,"href":"https:\/\/inclusivenews.com.br\/index.php?rest_route=\/wp\/v2\/users\/1"}],"replies":[{"embeddable":true,"href":"https:\/\/inclusivenews.com.br\/index.php?rest_route=%2Fwp%2Fv2%2Fcomments&post=23072"}],"version-history":[{"count":0,"href":"https:\/\/inclusivenews.com.br\/index.php?rest_route=\/wp\/v2\/posts\/23072\/revisions"}],"wp:attachment":[{"href":"https:\/\/inclusivenews.com.br\/index.php?rest_route=%2Fwp%2Fv2%2Fmedia&parent=23072"}],"wp:term":[{"taxonomy":"category","embeddable":true,"href":"https:\/\/inclusivenews.com.br\/index.php?rest_route=%2Fwp%2Fv2%2Fcategories&post=23072"},{"taxonomy":"post_tag","embeddable":true,"href":"https:\/\/inclusivenews.com.br\/index.php?rest_route=%2Fwp%2Fv2%2Ftags&post=23072"}],"curies":[{"name":"wp","href":"https:\/\/api.w.org\/{rel}","templated":true}]}}