{"id":23094,"date":"2012-08-08T16:39:08","date_gmt":"2012-08-08T19:39:08","guid":{"rendered":"http:\/\/www.inclusive.org.br\/?p=23094"},"modified":"2012-08-08T16:39:08","modified_gmt":"2012-08-08T19:39:08","slug":"monitoramento-dos-direitos-das-pessoas-com-deficiencia-no-brasil-e-na-bahia","status":"publish","type":"post","link":"https:\/\/inclusivenews.com.br\/?p=23094","title":{"rendered":"Monitoramento dos direitos das pessoas com defici\u00eancia no Brasil e na Bahia"},"content":{"rendered":"<figure id=\"attachment_15827\" aria-describedby=\"caption-attachment-15827\" style=\"width: 300px\" class=\"wp-caption alignleft\"><a href=\"http:\/\/www.inclusivenews.com.br\/wp-content\/uploads\/2010\/06\/vidabrasil.jpg\"><img loading=\"lazy\" decoding=\"async\" class=\"size-medium wp-image-15827\" title=\"Logotipo da ONG Vida Brasil. Um sol nasce dentro da letra V.\" src=\"http:\/\/inclusivenews.com.br\/wp-content\/uploads\/2010\/06\/vidabrasil-300x137.jpg\" alt=\"\" width=\"300\" height=\"137\" \/><\/a><figcaption id=\"caption-attachment-15827\" class=\"wp-caption-text\"> <\/figcaption><\/figure>\n<p>O processo de constru\u00e7\u00e3o de uma sociedade inclusiva com participa\u00e7\u00e3o das pessoas com defici\u00eancia est\u00e1 em curso. Mas, o segmento ainda permanece como um dos mais discriminados no exerc\u00edcio da sua cidadania. Se houveram avan\u00e7os em diversos campos, as viola\u00e7\u00f5es de direitos persistem para a maioria das pessoas com defici\u00eancia. \u00c9 o que revela a an\u00e1lise sobre a evolu\u00e7\u00e3o recente dos direitos humanos das pessoas com defici\u00eancia. O trabalho \u00e9 fruto de um processo participativo coordenado pela Associa\u00e7\u00e3o Vida Brasil-Salvador, envolveu 14 organiza\u00e7\u00f5es da \u00e1rea e permitiu tra\u00e7ar um balan\u00e7o nos cinco \u00faltimos anos do exerc\u00edcio dos direitos econ\u00f4micos, sociais e culturais mais significativos para as pessoas com defici\u00eancia: direito \u00e0 educa\u00e7\u00e3o, direito \u00e0 cultura e ao esporte, direito \u00e0 seguridade social, \u00e0 sa\u00fade, direito ao trabalho, direito \u00e0 moradia, direito \u00e0 cidade e \u00e0 acessibilidade.<\/p>\n<p>Para maiores informa\u00e7\u00f5es deixamos em ANEXO (para download) os resultados do monitoramento:<\/p>\n<p>&#8211; <a href=\"http:\/\/www.vidabrasil.org.br\/oktiva.net\/anexo\/283338\">Na Bahia: apresenta\u00e7\u00e3o em slides<br \/>\n<\/a> &#8211; <a href=\"http:\/\/www.vidabrasil.org.br\/oktiva.net\/anexo\/283339\">No Brasil: texto<\/a><\/p>\n<p>Fonte: Vida Brasil<\/p>\n","protected":false},"excerpt":{"rendered":"<p>O trabalho \u00e9 fruto de um processo participativo coordenado pela Associa\u00e7\u00e3o Vida Brasil-Salvador, envolveu 14 organiza\u00e7\u00f5es da \u00e1rea e permitiu tra\u00e7ar um balan\u00e7o nos cinco \u00faltimos anos do exerc\u00edcio dos direitos econ\u00f4micos, sociais e culturais mais significativos para as pessoas com defici\u00eancia: direito \u00e0 educa\u00e7\u00e3o, direito \u00e0 cultura e ao esporte, direito \u00e0 seguridade social, \u00e0 sa\u00fade, direito ao trabalho, direito \u00e0 moradia, direito \u00e0 cidade e \u00e0 acessibilidade.<\/p>\n","protected":false},"author":1,"featured_media":0,"comment_status":"open","ping_status":"open","sticky":false,"template":"","format":"standard","meta":{"site-container-style":"default","site-container-layout":"default","site-sidebar-layout":"default","disable-article-header":"default","disable-site-header":"default","disable-site-footer":"default","disable-content-area-spacing":"default","footnotes":""},"categories":[52,4,10],"tags":[],"class_list":["post-23094","post","type-post","status-publish","format-standard","hentry","category-downloadables","category-noticias","category-publicacoes"],"yoast_head":"<!-- This site is optimized with the Yoast SEO plugin v27.5 - https:\/\/yoast.com\/product\/yoast-seo-wordpress\/ -->\n<title>Monitoramento dos direitos das pessoas com defici\u00eancia no Brasil e na Bahia -<\/title>\n<meta name=\"robots\" content=\"index, follow, max-snippet:-1, max-image-preview:large, max-video-preview:-1\" \/>\n<link rel=\"canonical\" href=\"https:\/\/inclusivenews.com.br\/?p=23094\" \/>\n<meta property=\"og:locale\" content=\"pt_PT\" \/>\n<meta property=\"og:type\" content=\"article\" \/>\n<meta property=\"og:title\" content=\"Monitoramento dos direitos das pessoas com defici\u00eancia no Brasil e na Bahia -\" \/>\n<meta property=\"og:description\" content=\"O trabalho \u00e9 fruto de um processo participativo coordenado pela Associa\u00e7\u00e3o Vida Brasil-Salvador, envolveu 14 organiza\u00e7\u00f5es da \u00e1rea e permitiu tra\u00e7ar um balan\u00e7o nos cinco \u00faltimos anos do exerc\u00edcio dos direitos econ\u00f4micos, sociais e culturais mais significativos para as pessoas com defici\u00eancia: direito \u00e0 educa\u00e7\u00e3o, direito \u00e0 cultura e ao esporte, direito \u00e0 seguridade social, \u00e0 sa\u00fade, direito ao trabalho, direito \u00e0 moradia, direito \u00e0 cidade e \u00e0 acessibilidade.\" \/>\n<meta property=\"og:url\" content=\"https:\/\/inclusivenews.com.br\/?p=23094\" \/>\n<meta property=\"article:publisher\" content=\"https:\/\/www.facebook.com\/agenciainclusive\/\" \/>\n<meta property=\"article:published_time\" content=\"2012-08-08T19:39:08+00:00\" \/>\n<meta property=\"og:image\" content=\"http:\/\/inclusivenews.com.br\/wp-content\/uploads\/2010\/06\/vidabrasil-300x137.jpg\" \/>\n<meta name=\"author\" content=\"inclusivenews2024\" \/>\n<meta name=\"twitter:card\" content=\"summary_large_image\" \/>\n<meta name=\"twitter:label1\" content=\"Escrito por\" \/>\n\t<meta name=\"twitter:data1\" content=\"inclusivenews2024\" \/>\n\t<meta name=\"twitter:label2\" content=\"Tempo estimado de leitura\" \/>\n\t<meta name=\"twitter:data2\" content=\"1 minuto\" \/>\n<script type=\"application\/ld+json\" class=\"yoast-schema-graph\">{\"@context\":\"https:\\\/\\\/schema.org\",\"@graph\":[{\"@type\":\"Article\",\"@id\":\"https:\\\/\\\/inclusivenews.com.br\\\/?p=23094#article\",\"isPartOf\":{\"@id\":\"https:\\\/\\\/inclusivenews.com.br\\\/?p=23094\"},\"author\":{\"name\":\"inclusivenews2024\",\"@id\":\"https:\\\/\\\/inclusivenews.com.br\\\/#\\\/schema\\\/person\\\/ae4ec7087559b8692fb33b6fffd2273b\"},\"headline\":\"Monitoramento dos direitos das pessoas com defici\u00eancia no Brasil e na Bahia\",\"datePublished\":\"2012-08-08T19:39:08+00:00\",\"mainEntityOfPage\":{\"@id\":\"https:\\\/\\\/inclusivenews.com.br\\\/?p=23094\"},\"wordCount\":193,\"commentCount\":1,\"publisher\":{\"@id\":\"https:\\\/\\\/inclusivenews.com.br\\\/#organization\"},\"image\":{\"@id\":\"https:\\\/\\\/inclusivenews.com.br\\\/?p=23094#primaryimage\"},\"thumbnailUrl\":\"http:\\\/\\\/inclusivenews.com.br\\\/wp-content\\\/uploads\\\/2010\\\/06\\\/vidabrasil-300x137.jpg\",\"articleSection\":[\"Downloadables\",\"NOT\u00cdCIAS\",\"PUBLICA\u00c7\u00d5ES\"],\"inLanguage\":\"pt-PT\",\"potentialAction\":[{\"@type\":\"CommentAction\",\"name\":\"Comment\",\"target\":[\"https:\\\/\\\/inclusivenews.com.br\\\/?p=23094#respond\"]}]},{\"@type\":\"WebPage\",\"@id\":\"https:\\\/\\\/inclusivenews.com.br\\\/?p=23094\",\"url\":\"https:\\\/\\\/inclusivenews.com.br\\\/?p=23094\",\"name\":\"Monitoramento dos direitos das pessoas com defici\u00eancia no Brasil e na Bahia -\",\"isPartOf\":{\"@id\":\"https:\\\/\\\/inclusivenews.com.br\\\/#website\"},\"primaryImageOfPage\":{\"@id\":\"https:\\\/\\\/inclusivenews.com.br\\\/?p=23094#primaryimage\"},\"image\":{\"@id\":\"https:\\\/\\\/inclusivenews.com.br\\\/?p=23094#primaryimage\"},\"thumbnailUrl\":\"http:\\\/\\\/inclusivenews.com.br\\\/wp-content\\\/uploads\\\/2010\\\/06\\\/vidabrasil-300x137.jpg\",\"datePublished\":\"2012-08-08T19:39:08+00:00\",\"breadcrumb\":{\"@id\":\"https:\\\/\\\/inclusivenews.com.br\\\/?p=23094#breadcrumb\"},\"inLanguage\":\"pt-PT\",\"potentialAction\":[{\"@type\":\"ReadAction\",\"target\":[\"https:\\\/\\\/inclusivenews.com.br\\\/?p=23094\"]}]},{\"@type\":\"ImageObject\",\"inLanguage\":\"pt-PT\",\"@id\":\"https:\\\/\\\/inclusivenews.com.br\\\/?p=23094#primaryimage\",\"url\":\"\",\"contentUrl\":\"\"},{\"@type\":\"BreadcrumbList\",\"@id\":\"https:\\\/\\\/inclusivenews.com.br\\\/?p=23094#breadcrumb\",\"itemListElement\":[{\"@type\":\"ListItem\",\"position\":1,\"name\":\"In\u00edcio\",\"item\":\"https:\\\/\\\/inclusivenews.com.br\\\/\"},{\"@type\":\"ListItem\",\"position\":2,\"name\":\"Monitoramento dos direitos das pessoas com defici\u00eancia no Brasil e na Bahia\"}]},{\"@type\":\"WebSite\",\"@id\":\"https:\\\/\\\/inclusivenews.com.br\\\/#website\",\"url\":\"https:\\\/\\\/inclusivenews.com.br\\\/\",\"name\":\"Inclusive News\",\"description\":\"Inclusive News\",\"publisher\":{\"@id\":\"https:\\\/\\\/inclusivenews.com.br\\\/#organization\"},\"potentialAction\":[{\"@type\":\"SearchAction\",\"target\":{\"@type\":\"EntryPoint\",\"urlTemplate\":\"https:\\\/\\\/inclusivenews.com.br\\\/?s={search_term_string}\"},\"query-input\":{\"@type\":\"PropertyValueSpecification\",\"valueRequired\":true,\"valueName\":\"search_term_string\"}}],\"inLanguage\":\"pt-PT\"},{\"@type\":\"Organization\",\"@id\":\"https:\\\/\\\/inclusivenews.com.br\\\/#organization\",\"name\":\"Inclusive - inclus\u00e3o e cidadania\",\"url\":\"https:\\\/\\\/inclusivenews.com.br\\\/\",\"logo\":{\"@type\":\"ImageObject\",\"inLanguage\":\"pt-PT\",\"@id\":\"https:\\\/\\\/inclusivenews.com.br\\\/#\\\/schema\\\/logo\\\/image\\\/\",\"url\":\"https:\\\/\\\/inclusivenews.com.br\\\/wp-content\\\/uploads\\\/2024\\\/03\\\/@grandesite.png\",\"contentUrl\":\"https:\\\/\\\/inclusivenews.com.br\\\/wp-content\\\/uploads\\\/2024\\\/03\\\/@grandesite.png\",\"width\":1080,\"height\":1080,\"caption\":\"Inclusive - inclus\u00e3o e cidadania\"},\"image\":{\"@id\":\"https:\\\/\\\/inclusivenews.com.br\\\/#\\\/schema\\\/logo\\\/image\\\/\"},\"sameAs\":[\"https:\\\/\\\/www.facebook.com\\\/agenciainclusive\\\/\",\"https:\\\/\\\/www.instagram.com\\\/newsinclusive\\\/\"]},{\"@type\":\"Person\",\"@id\":\"https:\\\/\\\/inclusivenews.com.br\\\/#\\\/schema\\\/person\\\/ae4ec7087559b8692fb33b6fffd2273b\",\"name\":\"inclusivenews2024\",\"image\":{\"@type\":\"ImageObject\",\"inLanguage\":\"pt-PT\",\"@id\":\"https:\\\/\\\/secure.gravatar.com\\\/avatar\\\/c5a7ef84c66fa914f55bc4f7ce26cfa275a3b9a1c5568b907bd184fb4dde7b40?s=96&d=mm&r=g\",\"url\":\"https:\\\/\\\/secure.gravatar.com\\\/avatar\\\/c5a7ef84c66fa914f55bc4f7ce26cfa275a3b9a1c5568b907bd184fb4dde7b40?s=96&d=mm&r=g\",\"contentUrl\":\"https:\\\/\\\/secure.gravatar.com\\\/avatar\\\/c5a7ef84c66fa914f55bc4f7ce26cfa275a3b9a1c5568b907bd184fb4dde7b40?s=96&d=mm&r=g\",\"caption\":\"inclusivenews2024\"},\"sameAs\":[\"https:\\\/\\\/inclusivenews.com.br\"],\"url\":\"https:\\\/\\\/inclusivenews.com.br\\\/?author=1\"}]}<\/script>\n<!-- \/ Yoast SEO plugin. -->","yoast_head_json":{"title":"Monitoramento dos direitos das pessoas com defici\u00eancia no Brasil e na Bahia -","robots":{"index":"index","follow":"follow","max-snippet":"max-snippet:-1","max-image-preview":"max-image-preview:large","max-video-preview":"max-video-preview:-1"},"canonical":"https:\/\/inclusivenews.com.br\/?p=23094","og_locale":"pt_PT","og_type":"article","og_title":"Monitoramento dos direitos das pessoas com defici\u00eancia no Brasil e na Bahia -","og_description":"O trabalho \u00e9 fruto de um processo participativo coordenado pela Associa\u00e7\u00e3o Vida Brasil-Salvador, envolveu 14 organiza\u00e7\u00f5es da \u00e1rea e permitiu tra\u00e7ar um balan\u00e7o nos cinco \u00faltimos anos do exerc\u00edcio dos direitos econ\u00f4micos, sociais e culturais mais significativos para as pessoas com defici\u00eancia: direito \u00e0 educa\u00e7\u00e3o, direito \u00e0 cultura e ao esporte, direito \u00e0 seguridade social, \u00e0 sa\u00fade, direito ao trabalho, direito \u00e0 moradia, direito \u00e0 cidade e \u00e0 acessibilidade.","og_url":"https:\/\/inclusivenews.com.br\/?p=23094","article_publisher":"https:\/\/www.facebook.com\/agenciainclusive\/","article_published_time":"2012-08-08T19:39:08+00:00","og_image":[{"url":"http:\/\/inclusivenews.com.br\/wp-content\/uploads\/2010\/06\/vidabrasil-300x137.jpg","type":"","width":"","height":""}],"author":"inclusivenews2024","twitter_card":"summary_large_image","twitter_misc":{"Escrito por":"inclusivenews2024","Tempo estimado de leitura":"1 minuto"},"schema":{"@context":"https:\/\/schema.org","@graph":[{"@type":"Article","@id":"https:\/\/inclusivenews.com.br\/?p=23094#article","isPartOf":{"@id":"https:\/\/inclusivenews.com.br\/?p=23094"},"author":{"name":"inclusivenews2024","@id":"https:\/\/inclusivenews.com.br\/#\/schema\/person\/ae4ec7087559b8692fb33b6fffd2273b"},"headline":"Monitoramento dos direitos das pessoas com defici\u00eancia no Brasil e na Bahia","datePublished":"2012-08-08T19:39:08+00:00","mainEntityOfPage":{"@id":"https:\/\/inclusivenews.com.br\/?p=23094"},"wordCount":193,"commentCount":1,"publisher":{"@id":"https:\/\/inclusivenews.com.br\/#organization"},"image":{"@id":"https:\/\/inclusivenews.com.br\/?p=23094#primaryimage"},"thumbnailUrl":"http:\/\/inclusivenews.com.br\/wp-content\/uploads\/2010\/06\/vidabrasil-300x137.jpg","articleSection":["Downloadables","NOT\u00cdCIAS","PUBLICA\u00c7\u00d5ES"],"inLanguage":"pt-PT","potentialAction":[{"@type":"CommentAction","name":"Comment","target":["https:\/\/inclusivenews.com.br\/?p=23094#respond"]}]},{"@type":"WebPage","@id":"https:\/\/inclusivenews.com.br\/?p=23094","url":"https:\/\/inclusivenews.com.br\/?p=23094","name":"Monitoramento dos direitos das pessoas com defici\u00eancia no Brasil e na Bahia -","isPartOf":{"@id":"https:\/\/inclusivenews.com.br\/#website"},"primaryImageOfPage":{"@id":"https:\/\/inclusivenews.com.br\/?p=23094#primaryimage"},"image":{"@id":"https:\/\/inclusivenews.com.br\/?p=23094#primaryimage"},"thumbnailUrl":"http:\/\/inclusivenews.com.br\/wp-content\/uploads\/2010\/06\/vidabrasil-300x137.jpg","datePublished":"2012-08-08T19:39:08+00:00","breadcrumb":{"@id":"https:\/\/inclusivenews.com.br\/?p=23094#breadcrumb"},"inLanguage":"pt-PT","potentialAction":[{"@type":"ReadAction","target":["https:\/\/inclusivenews.com.br\/?p=23094"]}]},{"@type":"ImageObject","inLanguage":"pt-PT","@id":"https:\/\/inclusivenews.com.br\/?p=23094#primaryimage","url":"","contentUrl":""},{"@type":"BreadcrumbList","@id":"https:\/\/inclusivenews.com.br\/?p=23094#breadcrumb","itemListElement":[{"@type":"ListItem","position":1,"name":"In\u00edcio","item":"https:\/\/inclusivenews.com.br\/"},{"@type":"ListItem","position":2,"name":"Monitoramento dos direitos das pessoas com defici\u00eancia no Brasil e na Bahia"}]},{"@type":"WebSite","@id":"https:\/\/inclusivenews.com.br\/#website","url":"https:\/\/inclusivenews.com.br\/","name":"Inclusive News","description":"Inclusive News","publisher":{"@id":"https:\/\/inclusivenews.com.br\/#organization"},"potentialAction":[{"@type":"SearchAction","target":{"@type":"EntryPoint","urlTemplate":"https:\/\/inclusivenews.com.br\/?s={search_term_string}"},"query-input":{"@type":"PropertyValueSpecification","valueRequired":true,"valueName":"search_term_string"}}],"inLanguage":"pt-PT"},{"@type":"Organization","@id":"https:\/\/inclusivenews.com.br\/#organization","name":"Inclusive - inclus\u00e3o e cidadania","url":"https:\/\/inclusivenews.com.br\/","logo":{"@type":"ImageObject","inLanguage":"pt-PT","@id":"https:\/\/inclusivenews.com.br\/#\/schema\/logo\/image\/","url":"https:\/\/inclusivenews.com.br\/wp-content\/uploads\/2024\/03\/@grandesite.png","contentUrl":"https:\/\/inclusivenews.com.br\/wp-content\/uploads\/2024\/03\/@grandesite.png","width":1080,"height":1080,"caption":"Inclusive - inclus\u00e3o e cidadania"},"image":{"@id":"https:\/\/inclusivenews.com.br\/#\/schema\/logo\/image\/"},"sameAs":["https:\/\/www.facebook.com\/agenciainclusive\/","https:\/\/www.instagram.com\/newsinclusive\/"]},{"@type":"Person","@id":"https:\/\/inclusivenews.com.br\/#\/schema\/person\/ae4ec7087559b8692fb33b6fffd2273b","name":"inclusivenews2024","image":{"@type":"ImageObject","inLanguage":"pt-PT","@id":"https:\/\/secure.gravatar.com\/avatar\/c5a7ef84c66fa914f55bc4f7ce26cfa275a3b9a1c5568b907bd184fb4dde7b40?s=96&d=mm&r=g","url":"https:\/\/secure.gravatar.com\/avatar\/c5a7ef84c66fa914f55bc4f7ce26cfa275a3b9a1c5568b907bd184fb4dde7b40?s=96&d=mm&r=g","contentUrl":"https:\/\/secure.gravatar.com\/avatar\/c5a7ef84c66fa914f55bc4f7ce26cfa275a3b9a1c5568b907bd184fb4dde7b40?s=96&d=mm&r=g","caption":"inclusivenews2024"},"sameAs":["https:\/\/inclusivenews.com.br"],"url":"https:\/\/inclusivenews.com.br\/?author=1"}]}},"_links":{"self":[{"href":"https:\/\/inclusivenews.com.br\/index.php?rest_route=\/wp\/v2\/posts\/23094","targetHints":{"allow":["GET"]}}],"collection":[{"href":"https:\/\/inclusivenews.com.br\/index.php?rest_route=\/wp\/v2\/posts"}],"about":[{"href":"https:\/\/inclusivenews.com.br\/index.php?rest_route=\/wp\/v2\/types\/post"}],"author":[{"embeddable":true,"href":"https:\/\/inclusivenews.com.br\/index.php?rest_route=\/wp\/v2\/users\/1"}],"replies":[{"embeddable":true,"href":"https:\/\/inclusivenews.com.br\/index.php?rest_route=%2Fwp%2Fv2%2Fcomments&post=23094"}],"version-history":[{"count":0,"href":"https:\/\/inclusivenews.com.br\/index.php?rest_route=\/wp\/v2\/posts\/23094\/revisions"}],"wp:attachment":[{"href":"https:\/\/inclusivenews.com.br\/index.php?rest_route=%2Fwp%2Fv2%2Fmedia&parent=23094"}],"wp:term":[{"taxonomy":"category","embeddable":true,"href":"https:\/\/inclusivenews.com.br\/index.php?rest_route=%2Fwp%2Fv2%2Fcategories&post=23094"},{"taxonomy":"post_tag","embeddable":true,"href":"https:\/\/inclusivenews.com.br\/index.php?rest_route=%2Fwp%2Fv2%2Ftags&post=23094"}],"curies":[{"name":"wp","href":"https:\/\/api.w.org\/{rel}","templated":true}]}}