{"id":23098,"date":"2012-08-08T16:36:09","date_gmt":"2012-08-08T19:36:09","guid":{"rendered":"http:\/\/www.inclusive.org.br\/?p=23098"},"modified":"2012-08-08T16:36:09","modified_gmt":"2012-08-08T19:36:09","slug":"educacao-inclusiva-4","status":"publish","type":"post","link":"https:\/\/inclusivenews.com.br\/?p=23098","title":{"rendered":"Educa\u00e7\u00e3o inclusiva"},"content":{"rendered":"<p><a href=\"http:\/\/www.inclusivenews.com.br\/wp-content\/uploads\/exclusao.jpg\"><img loading=\"lazy\" decoding=\"async\" class=\"alignleft size-full wp-image-20165\" title=\"Exclus\u00e3o - roda de bonecos brancos, um vermelho destaca-se\" src=\"http:\/\/inclusivenews.com.br\/wp-content\/uploads\/exclusao.jpg\" alt=\"Exclus\u00e3o - roda de bonecos brancos, um vermelho destaca-se\" width=\"270\" height=\"206\" \/><\/a><\/p>\n<p><em>Por Carine Almada Martins<br \/>\nna Gazeta do Sul<\/em><\/p>\n<p>O movimento mundial pela educa\u00e7\u00e3o inclusiva \u00e9 uma a\u00e7\u00e3o sociocultural e pedag\u00f3gica, desencadeada em defesa do direito de todos os alunos de estarem juntos, aprendendo e participando, sem nenhum tipo de discrimina\u00e7\u00e3o. A inclus\u00e3o torna-se o pano de fundo para que a escola repense sua estrutura, sua import\u00e2ncia na mudan\u00e7a de postura das futuras gera\u00e7\u00f5es frente \u00e0s diferen\u00e7as.<\/p>\n<p>Um processo que deveria ser t\u00e3o natural quanto a pr\u00f3pria aprendizagem faz-se extremamente pol\u00eamico e dif\u00edcil, precisando ser imposto, no momento em que se faz necess\u00e1ria a cria\u00e7\u00e3o de leis para sua implanta\u00e7\u00e3o na maioria dos estabelecimentos escolares. E, apesar dessas leis, ainda custa a ser concreto. O Estatuto da Crian\u00e7a e do Adolescente esclarece que pais ou respons\u00e1veis t\u00eam a obriga\u00e7\u00e3o de matricular seus filhos na rede regular de ensino, n\u00e3o excluindo desse dever os pais de crian\u00e7as com necessidades educacionais especiais. A Lei de Diretrizes e Bases da Educa\u00e7\u00e3o Nacional preconiza que os sistemas de ensino devem assegurar aos alunos curr\u00edculos, m\u00e9todos, recursos e organiza\u00e7\u00e3o espec\u00edficos para atender \u00e0s suas necessidades, sejam elas quais forem.<\/p>\n<p>O sistema educacional precisa ser reestruturado para atender \u00e0s necessidades dos alunos e, consequentemente, proporcionar meios para que alcancem progressos escolares e sucesso acad\u00eamico. Incluir significa oferecer ingresso e perman\u00eancia na escola com ensino de qualidade. Para que os pais de crian\u00e7as com alguma defici\u00eancia cumpram com sua obriga\u00e7\u00e3o legal e, muito mais importante, possam ter a satisfa\u00e7\u00e3o de ver seus filhos na escola, convivendo e aprendendo, inicia-se, muitas vezes, um processo de verdadeira e sofrida peregrina\u00e7\u00e3o das fam\u00edlias em busca de uma vaga. A justificativa \u00e9 sempre a mesma: &#8220;infelizmente n\u00e3o estamos preparados para atender seu filho&#8221;.<\/p>\n<p>Como foram, ent\u00e3o, estruturadas essas escolas? Para atender os alunos &#8220;normais&#8221;? Quem s\u00e3o os alunos &#8220;normais&#8221;? E esses profissionais respons\u00e1veis pela educa\u00e7\u00e3o nesses estabelecimentos, estudaram para ensinar exclusivamente os alunos sem defici\u00eancias? Apenas os dispositivos legais bastariam para que ningu\u00e9m negasse a qualquer pessoa com defici\u00eancia o acesso, a perman\u00eancia e o direito de aprender sob o mesmo sistema de educa\u00e7\u00e3o de pessoas sem defici\u00eancia. Por\u00e9m, h\u00e1 ainda o dispositivo moral de que a escola \u00e9 ref\u00fagio do aprender, do conviver, do relacionar-se. \u00c9 o centro da forma\u00e7\u00e3o do cidad\u00e3o, do futuro. \u00c9 o cerne do desenvolvimento do senso de igualdade e solidariedade humanas, o que torna a exclus\u00e3o fato inconceb\u00edvel na escola.<\/p>\n<p>Contudo, escolas ainda negam vagas aos alunos com defici\u00eancias. D\u00e3o vez ao preconceito, \u00e0 ignor\u00e2ncia. Insistem em permanecer no passado. Perdem a oportunidade de mostrar aos outros alunos que s\u00f3 se aprende na diversidade, que o caminho para a adapta\u00e7\u00e3o \u00e9 constru\u00eddo dia ap\u00f3s dia, que existem muitas formas de sentir, de compreender, de desenvolver-se! Somos diferentes e nisso consiste nossa maior semelhan\u00e7a, todos temos defici\u00eancias e potencialidades!<\/p>\n<p>Acreditar que a heterogeneidade das turmas \u00e9 o que, sem d\u00favida, dinamiza os grupos dando-lhes vigor, funcionalidade e garante maior troca de saberes e viv\u00eancias \u00e9 uma boa forma para que se inicie a busca por um novo modelo de ensino que inclua verdadeiramente todos os alunos, fazendo-os aprender o que \u00e9 ensinado da melhor maneira poss\u00edvel de acordo com suas possibilidades, e n\u00e3o para seguir um estere\u00f3tipo criado pelo professor ou pela institui\u00e7\u00e3o de ensino a qual pertence.<\/p>\n<p>A escola inclusiva \u00e9 o \u00fanico caminho que existe. \u00c9 necess\u00e1rio romper as barreiras que insistem em perpetuar o ensino baseado na falta e buscar a educa\u00e7\u00e3o que refor\u00e7a a possibilidade de cada ser humano.<\/p>\n<p>Professora<\/p>\n<p>Fonte: <a href=\"http:\/\/www.gaz.com.br\/gazetadosul\/noticia\/359200-educacao_inclusiva.html\">Gazeta do sul<\/a><\/p>\n","protected":false},"excerpt":{"rendered":"<p>Acreditar que a heterogeneidade das turmas \u00e9 o que, sem d\u00favida, dinamiza os grupos dando-lhes vigor, funcionalidade e garante maior troca de saberes e viv\u00eancias \u00e9 uma boa forma para que se inicie a busca por um novo modelo de ensino que inclua verdadeiramente todos os alunos, fazendo-os aprender o que \u00e9 ensinado da melhor maneira poss\u00edvel de acordo com suas possibilidades, e n\u00e3o para seguir um estere\u00f3tipo criado pelo professor ou pela institui\u00e7\u00e3o de ensino a qual pertence. Opini\u00e3o \u00e9 de Carine Almada Martins.<\/p>\n","protected":false},"author":1,"featured_media":0,"comment_status":"open","ping_status":"open","sticky":false,"template":"","format":"standard","meta":{"site-container-style":"default","site-container-layout":"default","site-sidebar-layout":"default","disable-article-header":"default","disable-site-header":"default","disable-site-footer":"default","disable-content-area-spacing":"default","footnotes":""},"categories":[8],"tags":[],"class_list":["post-23098","post","type-post","status-publish","format-standard","hentry","category-textos-e-artigos"],"yoast_head":"<!-- This site is optimized with the Yoast SEO plugin v27.5 - https:\/\/yoast.com\/product\/yoast-seo-wordpress\/ -->\n<title>Educa\u00e7\u00e3o inclusiva -<\/title>\n<meta name=\"robots\" content=\"index, follow, max-snippet:-1, max-image-preview:large, max-video-preview:-1\" \/>\n<link rel=\"canonical\" href=\"https:\/\/inclusivenews.com.br\/?p=23098\" \/>\n<meta property=\"og:locale\" content=\"pt_PT\" \/>\n<meta property=\"og:type\" content=\"article\" \/>\n<meta property=\"og:title\" content=\"Educa\u00e7\u00e3o inclusiva -\" \/>\n<meta property=\"og:description\" content=\"Acreditar que a heterogeneidade das turmas \u00e9 o que, sem d\u00favida, dinamiza os grupos dando-lhes vigor, funcionalidade e garante maior troca de saberes e viv\u00eancias \u00e9 uma boa forma para que se inicie a busca por um novo modelo de ensino que inclua verdadeiramente todos os alunos, fazendo-os aprender o que \u00e9 ensinado da melhor maneira poss\u00edvel de acordo com suas possibilidades, e n\u00e3o para seguir um estere\u00f3tipo criado pelo professor ou pela institui\u00e7\u00e3o de ensino a qual pertence. Opini\u00e3o \u00e9 de Carine Almada Martins.\" \/>\n<meta property=\"og:url\" content=\"https:\/\/inclusivenews.com.br\/?p=23098\" \/>\n<meta property=\"article:publisher\" content=\"https:\/\/www.facebook.com\/agenciainclusive\/\" \/>\n<meta property=\"article:published_time\" content=\"2012-08-08T19:36:09+00:00\" \/>\n<meta property=\"og:image\" content=\"http:\/\/inclusivenews.com.br\/wp-content\/uploads\/exclusao.jpg\" \/>\n<meta name=\"author\" content=\"inclusivenews2024\" \/>\n<meta name=\"twitter:card\" content=\"summary_large_image\" \/>\n<meta name=\"twitter:label1\" content=\"Escrito por\" \/>\n\t<meta name=\"twitter:data1\" content=\"inclusivenews2024\" \/>\n\t<meta name=\"twitter:label2\" content=\"Tempo estimado de leitura\" \/>\n\t<meta name=\"twitter:data2\" content=\"3 minutos\" \/>\n<script type=\"application\/ld+json\" class=\"yoast-schema-graph\">{\"@context\":\"https:\\\/\\\/schema.org\",\"@graph\":[{\"@type\":\"Article\",\"@id\":\"https:\\\/\\\/inclusivenews.com.br\\\/?p=23098#article\",\"isPartOf\":{\"@id\":\"https:\\\/\\\/inclusivenews.com.br\\\/?p=23098\"},\"author\":{\"name\":\"inclusivenews2024\",\"@id\":\"https:\\\/\\\/inclusivenews.com.br\\\/#\\\/schema\\\/person\\\/ae4ec7087559b8692fb33b6fffd2273b\"},\"headline\":\"Educa\u00e7\u00e3o inclusiva\",\"datePublished\":\"2012-08-08T19:36:09+00:00\",\"mainEntityOfPage\":{\"@id\":\"https:\\\/\\\/inclusivenews.com.br\\\/?p=23098\"},\"wordCount\":641,\"commentCount\":0,\"publisher\":{\"@id\":\"https:\\\/\\\/inclusivenews.com.br\\\/#organization\"},\"image\":{\"@id\":\"https:\\\/\\\/inclusivenews.com.br\\\/?p=23098#primaryimage\"},\"thumbnailUrl\":\"http:\\\/\\\/inclusivenews.com.br\\\/wp-content\\\/uploads\\\/exclusao.jpg\",\"articleSection\":[\"OPINI\u00c3O\"],\"inLanguage\":\"pt-PT\",\"potentialAction\":[{\"@type\":\"CommentAction\",\"name\":\"Comment\",\"target\":[\"https:\\\/\\\/inclusivenews.com.br\\\/?p=23098#respond\"]}]},{\"@type\":\"WebPage\",\"@id\":\"https:\\\/\\\/inclusivenews.com.br\\\/?p=23098\",\"url\":\"https:\\\/\\\/inclusivenews.com.br\\\/?p=23098\",\"name\":\"Educa\u00e7\u00e3o inclusiva -\",\"isPartOf\":{\"@id\":\"https:\\\/\\\/inclusivenews.com.br\\\/#website\"},\"primaryImageOfPage\":{\"@id\":\"https:\\\/\\\/inclusivenews.com.br\\\/?p=23098#primaryimage\"},\"image\":{\"@id\":\"https:\\\/\\\/inclusivenews.com.br\\\/?p=23098#primaryimage\"},\"thumbnailUrl\":\"http:\\\/\\\/inclusivenews.com.br\\\/wp-content\\\/uploads\\\/exclusao.jpg\",\"datePublished\":\"2012-08-08T19:36:09+00:00\",\"breadcrumb\":{\"@id\":\"https:\\\/\\\/inclusivenews.com.br\\\/?p=23098#breadcrumb\"},\"inLanguage\":\"pt-PT\",\"potentialAction\":[{\"@type\":\"ReadAction\",\"target\":[\"https:\\\/\\\/inclusivenews.com.br\\\/?p=23098\"]}]},{\"@type\":\"ImageObject\",\"inLanguage\":\"pt-PT\",\"@id\":\"https:\\\/\\\/inclusivenews.com.br\\\/?p=23098#primaryimage\",\"url\":\"\",\"contentUrl\":\"\"},{\"@type\":\"BreadcrumbList\",\"@id\":\"https:\\\/\\\/inclusivenews.com.br\\\/?p=23098#breadcrumb\",\"itemListElement\":[{\"@type\":\"ListItem\",\"position\":1,\"name\":\"In\u00edcio\",\"item\":\"https:\\\/\\\/inclusivenews.com.br\\\/\"},{\"@type\":\"ListItem\",\"position\":2,\"name\":\"Educa\u00e7\u00e3o inclusiva\"}]},{\"@type\":\"WebSite\",\"@id\":\"https:\\\/\\\/inclusivenews.com.br\\\/#website\",\"url\":\"https:\\\/\\\/inclusivenews.com.br\\\/\",\"name\":\"Inclusive News\",\"description\":\"Inclusive News\",\"publisher\":{\"@id\":\"https:\\\/\\\/inclusivenews.com.br\\\/#organization\"},\"potentialAction\":[{\"@type\":\"SearchAction\",\"target\":{\"@type\":\"EntryPoint\",\"urlTemplate\":\"https:\\\/\\\/inclusivenews.com.br\\\/?s={search_term_string}\"},\"query-input\":{\"@type\":\"PropertyValueSpecification\",\"valueRequired\":true,\"valueName\":\"search_term_string\"}}],\"inLanguage\":\"pt-PT\"},{\"@type\":\"Organization\",\"@id\":\"https:\\\/\\\/inclusivenews.com.br\\\/#organization\",\"name\":\"Inclusive - inclus\u00e3o e cidadania\",\"url\":\"https:\\\/\\\/inclusivenews.com.br\\\/\",\"logo\":{\"@type\":\"ImageObject\",\"inLanguage\":\"pt-PT\",\"@id\":\"https:\\\/\\\/inclusivenews.com.br\\\/#\\\/schema\\\/logo\\\/image\\\/\",\"url\":\"https:\\\/\\\/inclusivenews.com.br\\\/wp-content\\\/uploads\\\/2024\\\/03\\\/@grandesite.png\",\"contentUrl\":\"https:\\\/\\\/inclusivenews.com.br\\\/wp-content\\\/uploads\\\/2024\\\/03\\\/@grandesite.png\",\"width\":1080,\"height\":1080,\"caption\":\"Inclusive - inclus\u00e3o e cidadania\"},\"image\":{\"@id\":\"https:\\\/\\\/inclusivenews.com.br\\\/#\\\/schema\\\/logo\\\/image\\\/\"},\"sameAs\":[\"https:\\\/\\\/www.facebook.com\\\/agenciainclusive\\\/\",\"https:\\\/\\\/www.instagram.com\\\/newsinclusive\\\/\"]},{\"@type\":\"Person\",\"@id\":\"https:\\\/\\\/inclusivenews.com.br\\\/#\\\/schema\\\/person\\\/ae4ec7087559b8692fb33b6fffd2273b\",\"name\":\"inclusivenews2024\",\"image\":{\"@type\":\"ImageObject\",\"inLanguage\":\"pt-PT\",\"@id\":\"https:\\\/\\\/secure.gravatar.com\\\/avatar\\\/c5a7ef84c66fa914f55bc4f7ce26cfa275a3b9a1c5568b907bd184fb4dde7b40?s=96&d=mm&r=g\",\"url\":\"https:\\\/\\\/secure.gravatar.com\\\/avatar\\\/c5a7ef84c66fa914f55bc4f7ce26cfa275a3b9a1c5568b907bd184fb4dde7b40?s=96&d=mm&r=g\",\"contentUrl\":\"https:\\\/\\\/secure.gravatar.com\\\/avatar\\\/c5a7ef84c66fa914f55bc4f7ce26cfa275a3b9a1c5568b907bd184fb4dde7b40?s=96&d=mm&r=g\",\"caption\":\"inclusivenews2024\"},\"sameAs\":[\"https:\\\/\\\/inclusivenews.com.br\"],\"url\":\"https:\\\/\\\/inclusivenews.com.br\\\/?author=1\"}]}<\/script>\n<!-- \/ Yoast SEO plugin. -->","yoast_head_json":{"title":"Educa\u00e7\u00e3o inclusiva -","robots":{"index":"index","follow":"follow","max-snippet":"max-snippet:-1","max-image-preview":"max-image-preview:large","max-video-preview":"max-video-preview:-1"},"canonical":"https:\/\/inclusivenews.com.br\/?p=23098","og_locale":"pt_PT","og_type":"article","og_title":"Educa\u00e7\u00e3o inclusiva -","og_description":"Acreditar que a heterogeneidade das turmas \u00e9 o que, sem d\u00favida, dinamiza os grupos dando-lhes vigor, funcionalidade e garante maior troca de saberes e viv\u00eancias \u00e9 uma boa forma para que se inicie a busca por um novo modelo de ensino que inclua verdadeiramente todos os alunos, fazendo-os aprender o que \u00e9 ensinado da melhor maneira poss\u00edvel de acordo com suas possibilidades, e n\u00e3o para seguir um estere\u00f3tipo criado pelo professor ou pela institui\u00e7\u00e3o de ensino a qual pertence. Opini\u00e3o \u00e9 de Carine Almada Martins.","og_url":"https:\/\/inclusivenews.com.br\/?p=23098","article_publisher":"https:\/\/www.facebook.com\/agenciainclusive\/","article_published_time":"2012-08-08T19:36:09+00:00","og_image":[{"url":"http:\/\/inclusivenews.com.br\/wp-content\/uploads\/exclusao.jpg","type":"","width":"","height":""}],"author":"inclusivenews2024","twitter_card":"summary_large_image","twitter_misc":{"Escrito por":"inclusivenews2024","Tempo estimado de leitura":"3 minutos"},"schema":{"@context":"https:\/\/schema.org","@graph":[{"@type":"Article","@id":"https:\/\/inclusivenews.com.br\/?p=23098#article","isPartOf":{"@id":"https:\/\/inclusivenews.com.br\/?p=23098"},"author":{"name":"inclusivenews2024","@id":"https:\/\/inclusivenews.com.br\/#\/schema\/person\/ae4ec7087559b8692fb33b6fffd2273b"},"headline":"Educa\u00e7\u00e3o inclusiva","datePublished":"2012-08-08T19:36:09+00:00","mainEntityOfPage":{"@id":"https:\/\/inclusivenews.com.br\/?p=23098"},"wordCount":641,"commentCount":0,"publisher":{"@id":"https:\/\/inclusivenews.com.br\/#organization"},"image":{"@id":"https:\/\/inclusivenews.com.br\/?p=23098#primaryimage"},"thumbnailUrl":"http:\/\/inclusivenews.com.br\/wp-content\/uploads\/exclusao.jpg","articleSection":["OPINI\u00c3O"],"inLanguage":"pt-PT","potentialAction":[{"@type":"CommentAction","name":"Comment","target":["https:\/\/inclusivenews.com.br\/?p=23098#respond"]}]},{"@type":"WebPage","@id":"https:\/\/inclusivenews.com.br\/?p=23098","url":"https:\/\/inclusivenews.com.br\/?p=23098","name":"Educa\u00e7\u00e3o inclusiva -","isPartOf":{"@id":"https:\/\/inclusivenews.com.br\/#website"},"primaryImageOfPage":{"@id":"https:\/\/inclusivenews.com.br\/?p=23098#primaryimage"},"image":{"@id":"https:\/\/inclusivenews.com.br\/?p=23098#primaryimage"},"thumbnailUrl":"http:\/\/inclusivenews.com.br\/wp-content\/uploads\/exclusao.jpg","datePublished":"2012-08-08T19:36:09+00:00","breadcrumb":{"@id":"https:\/\/inclusivenews.com.br\/?p=23098#breadcrumb"},"inLanguage":"pt-PT","potentialAction":[{"@type":"ReadAction","target":["https:\/\/inclusivenews.com.br\/?p=23098"]}]},{"@type":"ImageObject","inLanguage":"pt-PT","@id":"https:\/\/inclusivenews.com.br\/?p=23098#primaryimage","url":"","contentUrl":""},{"@type":"BreadcrumbList","@id":"https:\/\/inclusivenews.com.br\/?p=23098#breadcrumb","itemListElement":[{"@type":"ListItem","position":1,"name":"In\u00edcio","item":"https:\/\/inclusivenews.com.br\/"},{"@type":"ListItem","position":2,"name":"Educa\u00e7\u00e3o inclusiva"}]},{"@type":"WebSite","@id":"https:\/\/inclusivenews.com.br\/#website","url":"https:\/\/inclusivenews.com.br\/","name":"Inclusive News","description":"Inclusive News","publisher":{"@id":"https:\/\/inclusivenews.com.br\/#organization"},"potentialAction":[{"@type":"SearchAction","target":{"@type":"EntryPoint","urlTemplate":"https:\/\/inclusivenews.com.br\/?s={search_term_string}"},"query-input":{"@type":"PropertyValueSpecification","valueRequired":true,"valueName":"search_term_string"}}],"inLanguage":"pt-PT"},{"@type":"Organization","@id":"https:\/\/inclusivenews.com.br\/#organization","name":"Inclusive - inclus\u00e3o e cidadania","url":"https:\/\/inclusivenews.com.br\/","logo":{"@type":"ImageObject","inLanguage":"pt-PT","@id":"https:\/\/inclusivenews.com.br\/#\/schema\/logo\/image\/","url":"https:\/\/inclusivenews.com.br\/wp-content\/uploads\/2024\/03\/@grandesite.png","contentUrl":"https:\/\/inclusivenews.com.br\/wp-content\/uploads\/2024\/03\/@grandesite.png","width":1080,"height":1080,"caption":"Inclusive - inclus\u00e3o e cidadania"},"image":{"@id":"https:\/\/inclusivenews.com.br\/#\/schema\/logo\/image\/"},"sameAs":["https:\/\/www.facebook.com\/agenciainclusive\/","https:\/\/www.instagram.com\/newsinclusive\/"]},{"@type":"Person","@id":"https:\/\/inclusivenews.com.br\/#\/schema\/person\/ae4ec7087559b8692fb33b6fffd2273b","name":"inclusivenews2024","image":{"@type":"ImageObject","inLanguage":"pt-PT","@id":"https:\/\/secure.gravatar.com\/avatar\/c5a7ef84c66fa914f55bc4f7ce26cfa275a3b9a1c5568b907bd184fb4dde7b40?s=96&d=mm&r=g","url":"https:\/\/secure.gravatar.com\/avatar\/c5a7ef84c66fa914f55bc4f7ce26cfa275a3b9a1c5568b907bd184fb4dde7b40?s=96&d=mm&r=g","contentUrl":"https:\/\/secure.gravatar.com\/avatar\/c5a7ef84c66fa914f55bc4f7ce26cfa275a3b9a1c5568b907bd184fb4dde7b40?s=96&d=mm&r=g","caption":"inclusivenews2024"},"sameAs":["https:\/\/inclusivenews.com.br"],"url":"https:\/\/inclusivenews.com.br\/?author=1"}]}},"_links":{"self":[{"href":"https:\/\/inclusivenews.com.br\/index.php?rest_route=\/wp\/v2\/posts\/23098","targetHints":{"allow":["GET"]}}],"collection":[{"href":"https:\/\/inclusivenews.com.br\/index.php?rest_route=\/wp\/v2\/posts"}],"about":[{"href":"https:\/\/inclusivenews.com.br\/index.php?rest_route=\/wp\/v2\/types\/post"}],"author":[{"embeddable":true,"href":"https:\/\/inclusivenews.com.br\/index.php?rest_route=\/wp\/v2\/users\/1"}],"replies":[{"embeddable":true,"href":"https:\/\/inclusivenews.com.br\/index.php?rest_route=%2Fwp%2Fv2%2Fcomments&post=23098"}],"version-history":[{"count":0,"href":"https:\/\/inclusivenews.com.br\/index.php?rest_route=\/wp\/v2\/posts\/23098\/revisions"}],"wp:attachment":[{"href":"https:\/\/inclusivenews.com.br\/index.php?rest_route=%2Fwp%2Fv2%2Fmedia&parent=23098"}],"wp:term":[{"taxonomy":"category","embeddable":true,"href":"https:\/\/inclusivenews.com.br\/index.php?rest_route=%2Fwp%2Fv2%2Fcategories&post=23098"},{"taxonomy":"post_tag","embeddable":true,"href":"https:\/\/inclusivenews.com.br\/index.php?rest_route=%2Fwp%2Fv2%2Ftags&post=23098"}],"curies":[{"name":"wp","href":"https:\/\/api.w.org\/{rel}","templated":true}]}}