{"id":23145,"date":"2012-08-15T15:03:51","date_gmt":"2012-08-15T18:03:51","guid":{"rendered":"http:\/\/www.inclusive.org.br\/?p=23145"},"modified":"2012-08-15T15:03:51","modified_gmt":"2012-08-15T18:03:51","slug":"concurso-de-contacao-de-historias-em-libras","status":"publish","type":"post","link":"https:\/\/inclusivenews.com.br\/?p=23145","title":{"rendered":"Concurso de conta\u00e7\u00e3o de hist\u00f3rias em Libras"},"content":{"rendered":"<p><a href=\"http:\/\/www.ecs.org.br\/site\/Destaques\/120807_Contacao_historia\/thumb_contacao.jpg\"><\/p>\n<figure style=\"width: 138px\" class=\"wp-caption alignleft\"><img loading=\"lazy\" decoding=\"async\" src=\"http:\/\/www.ecs.org.br\/site\/Destaques\/120807_Contacao_historia\/thumb_contacao.jpg\" alt=\"Xilogravura na qual uma pessoa fala \u00e0s outras\" width=\"138\" height=\"96\" \/><figcaption class=\"wp-caption-text\"> <\/figcaption><\/figure>\n<p><\/a>H\u00e1 35 anos a Funda\u00e7\u00e3o de Rotarianos de S\u00e3o Paulo, por meio do Centro de Educa\u00e7\u00e3o para Surdos Rio Branco iniciou seu trabalho educacional com surdos. Para marcar esta data e sua trajet\u00f3ria de conquistas o CES Rio Branco realizar\u00e1, entre outros, um Concurso de Conta\u00e7\u00e3o de Hist\u00f3rias em Libras com o objetivo divulgar a cultura surda e estimular a produ\u00e7\u00e3o de materiais em Libras.<\/p>\n<p>O Concurso est\u00e1 com inscri\u00e7\u00f5es abertas de 06\/08\/2012 a 06\/09\/2012 para contadores de hist\u00f3rias, reais ou de fic\u00e7\u00e3o, em Libras.<\/p>\n<p>O Concurso tem car\u00e1ter exclusivamente cultural, n\u00e3o subordinado a qualquer modalidade de pagamento pelos participantes, nem \u00e0 vincula\u00e7\u00e3o deste \u00e0 aquisi\u00e7\u00e3o ou uso de qualquer bem, direito ou servi\u00e7o.<\/p>\n<p>Quem pode participar:<\/p>\n<p>O concurso \u00e9 direcionado a surdos de qualquer idade, com a devida comprova\u00e7\u00e3o, de todo Brasil.<\/p>\n<p>Regulamento:<\/p>\n<p>Para participar, o inscrito dever\u00e1 produzir e enviar um v\u00eddeo de at\u00e9 5 minutos (DVD) com a hist\u00f3ria em Libras e envi\u00e1-lo, em um \u00fanico envelope, junto a ficha de inscri\u00e7\u00e3o devidamente preenchida e assinada, c\u00f3pia do RG e CPF, comprovante de surdez (c\u00f3pia de audiometria ou laudo m\u00e9dico) e Termo de Utiliza\u00e7\u00e3o de Imagens e\/ou V\u00eddeo, preenchido e assinado, at\u00e9 a data de 06\/09\/2012 para o seguinte endere\u00e7o: Rodovia Raposo Tavares, 7200 &#8211; Km 24 &#8211; Cotia &#8211; S\u00e3o Paulo. CEP 06709-015<\/p>\n<p>Na frente do envelope deve estar escrito: Centro de Educa\u00e7\u00e3o para Surdos Rio Branco &#8211; Concurso de Conta\u00e7\u00e3o de Hist\u00f3rias em Libras.<\/p>\n<p>No caso de inscri\u00e7\u00e3o de candidatos com idade inferior a 18 anos os respons\u00e1veis legais dever\u00e3o enviar c\u00f3pia de seu RG e CPF e assinar a ficha de inscri\u00e7\u00e3o e o Termo de Utiliza\u00e7\u00e3o de Imagens e V\u00eddeo , al\u00e9m de c\u00f3pia da certid\u00e3o de nascimento do participante.<\/p>\n<p>Os respons\u00e1veis legais responder\u00e3o por questionamento de qualquer esp\u00e9cie relacionado ao concurso.<\/p>\n<p>N\u00e3o ser\u00e3o aceitas inscri\u00e7\u00f5es de trabalhos que contenham conte\u00fados pornogr\u00e1ficos ou de apelo sexual, bem como qualquer tipo de apologia ao uso de drogas, abuso de menores, ou qualquer situa\u00e7\u00e3o que viole as leis brasileiras, os direitos humanos e os bons costumes.<\/p>\n<p>Os participantes poder\u00e3o inscrever trabalhos de sua autoria ou hist\u00f3rias de dom\u00ednio p\u00fablico, estando os organizadores isentos de qualquer responsabilidade sobre a utiliza\u00e7\u00e3o indevida de todo ou qualquer bem de titularidade de terceiros, protegido pela legisla\u00e7\u00e3o de direitos autorais.<\/p>\n<p>Julgamento<\/p>\n<p>Os v\u00eddeos ser\u00e3o avaliados por comiss\u00e3o julgadora, que levar\u00e1 em conta a, a originalidade, a criatividade e a express\u00e3o na L\u00edngua Brasileira de Sinais<\/p>\n<p>A Comiss\u00e3o Julgadora ser\u00e1 composta por profissionais da Funda\u00e7\u00e3o de Rotarianos de S\u00e3o Paulo.<\/p>\n<p>Comiss\u00e3o julgadora<\/p>\n<p>A Comiss\u00e3o Julgadora, constitu\u00edda especificamente para esse fim, ser\u00e1 formada por profissionais da Funda\u00e7\u00e3o de Rotarianos de S\u00e3o Paulo<\/p>\n<p>A Comiss\u00e3o Julgadora \u00e9 soberana em suas decis\u00f5es, n\u00e3o sendo admitidos recursos.<\/p>\n<p>Os casos omissos ser\u00e3o resolvidos pela comiss\u00e3o julgadora<\/p>\n<p>Premia\u00e7\u00e3o<\/p>\n<p>Os dez melhores v\u00eddeos far\u00e3o parte de um DVD que ser\u00e1 produzido pelo CES Rio Branco e distribu\u00eddo para institui\u00e7\u00f5es que trabalham com surdos<\/p>\n<p>O evento de premia\u00e7\u00e3o acontecer\u00e1 no Encontro Comemorativo ao Dia do Surdo realizado pelo Centro de Educa\u00e7\u00e3o para Surdos Rio Branco no ano de 2012, com data a ser divulgada posteriormente.<\/p>\n<p>Sobre as Disposi\u00e7\u00f5es Gerais<\/p>\n<p>Os participantes autorizam, desde j\u00e1, o uso do seu nome e de sua imagem para divulga\u00e7\u00e3o dos resultados, sem \u00f4nus, de qualquer esp\u00e9cie, para o Centro de Educa\u00e7\u00e3o para Surdos Rio Branco e a Funda\u00e7\u00e3o de Rotarianos de S\u00e3o Paulo.<\/p>\n<p>O n\u00e3o cumprimento de quaisquer das regras deste regulamento poder\u00e1 causar a desclassifica\u00e7\u00e3o imediata do participante. O ato da inscri\u00e7\u00e3o neste concurso implica na aceita\u00e7\u00e3o de todos os termos deste regulamento.<\/p>\n<p>Os participantes declaram, desde j\u00e1, serem respons\u00e1veis pela autoria do DVD encaminhado e que os mesmos n\u00e3o constituem pl\u00e1gio ou qualquer viola\u00e7\u00e3o de direitos de terceiros.<\/p>\n<p>Os casos omissos e as d\u00favidas porventura suscitadas ser\u00e3o solucionadas pela Comiss\u00e3o Julgadora do concurso.<\/p>\n<p>Os participantes ser\u00e3o os \u00fanicos respons\u00e1veis por qualquer viola\u00e7\u00e3o de direitos de terceiros, autorais ou de imagem, respondendo por qualquer preju\u00edzo que os organizadores venham a sofrer em raz\u00e3o do uso das imagens, conforme previsto neste Regulamento.<\/p>\n<p>A cess\u00e3o de direitos de uso das imagens n\u00e3o constitui cess\u00e3o de t\u00edtulo de propriedade, podendo o autor utiliz\u00e1-la como bem lhe convier para outras finalidades, inclusive comerciais.<\/p>\n<p>As inscri\u00e7\u00f5es postadas fora do prazo estabelecido ou com documenta\u00e7\u00e3o faltante ou incompleta ser\u00e3o desconsideradas.<\/p>\n<p>Caso o participante seja premiado a Funda\u00e7\u00e3o de rotarianos de s\u00e3o Paulo n\u00e3o se responsabiliza pelo custeio do transporte e hospedagem ou quaisquer outros custo para participa\u00e7\u00e3o na cerim\u00f4nia de premia\u00e7\u00e3o.<\/p>\n<p>Atendimento de d\u00favidas e esclarecimentos: (11) 4613 -84 78 ou e-mail:ces@ces.org.br<\/p>\n<p>Ficha de inscri\u00e7\u00e3o para impress\u00e3o <a href=\"http:\/\/www.ecs.org.br\/site\/Destaques\/120807_Contacao_historia\/ficha-de-inscricao.pdf\">http:\/\/www.ecs.org.br\/site\/Destaques\/120807_Contacao_historia\/ficha-de-inscricao.pdf<\/a><\/p>\n","protected":false},"excerpt":{"rendered":"<p>O Concurso est\u00e1 com inscri\u00e7\u00f5es abertas de 06\/08\/2012 a 06\/09\/2012 para contadores de hist\u00f3rias, reais ou de fic\u00e7\u00e3o, em Libras.<\/p>\n","protected":false},"author":1,"featured_media":0,"comment_status":"open","ping_status":"open","sticky":false,"template":"","format":"standard","meta":{"site-container-style":"default","site-container-layout":"default","site-sidebar-layout":"default","disable-article-header":"default","disable-site-header":"default","disable-site-footer":"default","disable-content-area-spacing":"default","footnotes":""},"categories":[4],"tags":[],"class_list":["post-23145","post","type-post","status-publish","format-standard","hentry","category-noticias"],"yoast_head":"<!-- This site is optimized with the Yoast SEO plugin v27.5 - https:\/\/yoast.com\/product\/yoast-seo-wordpress\/ -->\n<title>Concurso de conta\u00e7\u00e3o de hist\u00f3rias em Libras -<\/title>\n<meta name=\"robots\" content=\"index, follow, max-snippet:-1, max-image-preview:large, max-video-preview:-1\" \/>\n<link rel=\"canonical\" href=\"https:\/\/inclusivenews.com.br\/?p=23145\" \/>\n<meta property=\"og:locale\" content=\"pt_PT\" \/>\n<meta property=\"og:type\" content=\"article\" \/>\n<meta property=\"og:title\" content=\"Concurso de conta\u00e7\u00e3o de hist\u00f3rias em Libras -\" \/>\n<meta property=\"og:description\" content=\"O Concurso est\u00e1 com inscri\u00e7\u00f5es abertas de 06\/08\/2012 a 06\/09\/2012 para contadores de hist\u00f3rias, reais ou de fic\u00e7\u00e3o, em Libras.\" \/>\n<meta property=\"og:url\" content=\"https:\/\/inclusivenews.com.br\/?p=23145\" \/>\n<meta property=\"article:publisher\" content=\"https:\/\/www.facebook.com\/agenciainclusive\/\" \/>\n<meta property=\"article:published_time\" content=\"2012-08-15T18:03:51+00:00\" \/>\n<meta property=\"og:image\" content=\"http:\/\/www.ecs.org.br\/site\/Destaques\/120807_Contacao_historia\/thumb_contacao.jpg\" \/>\n<meta name=\"author\" content=\"inclusivenews2024\" \/>\n<meta name=\"twitter:card\" content=\"summary_large_image\" \/>\n<meta name=\"twitter:label1\" content=\"Escrito por\" \/>\n\t<meta name=\"twitter:data1\" content=\"inclusivenews2024\" \/>\n\t<meta name=\"twitter:label2\" content=\"Tempo estimado de leitura\" \/>\n\t<meta name=\"twitter:data2\" content=\"4 minutos\" \/>\n<script type=\"application\/ld+json\" class=\"yoast-schema-graph\">{\"@context\":\"https:\\\/\\\/schema.org\",\"@graph\":[{\"@type\":\"Article\",\"@id\":\"https:\\\/\\\/inclusivenews.com.br\\\/?p=23145#article\",\"isPartOf\":{\"@id\":\"https:\\\/\\\/inclusivenews.com.br\\\/?p=23145\"},\"author\":{\"name\":\"inclusivenews2024\",\"@id\":\"https:\\\/\\\/inclusivenews.com.br\\\/#\\\/schema\\\/person\\\/ae4ec7087559b8692fb33b6fffd2273b\"},\"headline\":\"Concurso de conta\u00e7\u00e3o de hist\u00f3rias em Libras\",\"datePublished\":\"2012-08-15T18:03:51+00:00\",\"mainEntityOfPage\":{\"@id\":\"https:\\\/\\\/inclusivenews.com.br\\\/?p=23145\"},\"wordCount\":893,\"commentCount\":0,\"publisher\":{\"@id\":\"https:\\\/\\\/inclusivenews.com.br\\\/#organization\"},\"image\":{\"@id\":\"https:\\\/\\\/inclusivenews.com.br\\\/?p=23145#primaryimage\"},\"thumbnailUrl\":\"http:\\\/\\\/www.ecs.org.br\\\/site\\\/Destaques\\\/120807_Contacao_historia\\\/thumb_contacao.jpg\",\"articleSection\":[\"NOT\u00cdCIAS\"],\"inLanguage\":\"pt-PT\",\"potentialAction\":[{\"@type\":\"CommentAction\",\"name\":\"Comment\",\"target\":[\"https:\\\/\\\/inclusivenews.com.br\\\/?p=23145#respond\"]}]},{\"@type\":\"WebPage\",\"@id\":\"https:\\\/\\\/inclusivenews.com.br\\\/?p=23145\",\"url\":\"https:\\\/\\\/inclusivenews.com.br\\\/?p=23145\",\"name\":\"Concurso de conta\u00e7\u00e3o de hist\u00f3rias em Libras -\",\"isPartOf\":{\"@id\":\"https:\\\/\\\/inclusivenews.com.br\\\/#website\"},\"primaryImageOfPage\":{\"@id\":\"https:\\\/\\\/inclusivenews.com.br\\\/?p=23145#primaryimage\"},\"image\":{\"@id\":\"https:\\\/\\\/inclusivenews.com.br\\\/?p=23145#primaryimage\"},\"thumbnailUrl\":\"http:\\\/\\\/www.ecs.org.br\\\/site\\\/Destaques\\\/120807_Contacao_historia\\\/thumb_contacao.jpg\",\"datePublished\":\"2012-08-15T18:03:51+00:00\",\"breadcrumb\":{\"@id\":\"https:\\\/\\\/inclusivenews.com.br\\\/?p=23145#breadcrumb\"},\"inLanguage\":\"pt-PT\",\"potentialAction\":[{\"@type\":\"ReadAction\",\"target\":[\"https:\\\/\\\/inclusivenews.com.br\\\/?p=23145\"]}]},{\"@type\":\"ImageObject\",\"inLanguage\":\"pt-PT\",\"@id\":\"https:\\\/\\\/inclusivenews.com.br\\\/?p=23145#primaryimage\",\"url\":\"http:\\\/\\\/www.ecs.org.br\\\/site\\\/Destaques\\\/120807_Contacao_historia\\\/thumb_contacao.jpg\",\"contentUrl\":\"http:\\\/\\\/www.ecs.org.br\\\/site\\\/Destaques\\\/120807_Contacao_historia\\\/thumb_contacao.jpg\"},{\"@type\":\"BreadcrumbList\",\"@id\":\"https:\\\/\\\/inclusivenews.com.br\\\/?p=23145#breadcrumb\",\"itemListElement\":[{\"@type\":\"ListItem\",\"position\":1,\"name\":\"In\u00edcio\",\"item\":\"https:\\\/\\\/inclusivenews.com.br\\\/\"},{\"@type\":\"ListItem\",\"position\":2,\"name\":\"Concurso de conta\u00e7\u00e3o de hist\u00f3rias em Libras\"}]},{\"@type\":\"WebSite\",\"@id\":\"https:\\\/\\\/inclusivenews.com.br\\\/#website\",\"url\":\"https:\\\/\\\/inclusivenews.com.br\\\/\",\"name\":\"Inclusive News\",\"description\":\"Inclusive News\",\"publisher\":{\"@id\":\"https:\\\/\\\/inclusivenews.com.br\\\/#organization\"},\"potentialAction\":[{\"@type\":\"SearchAction\",\"target\":{\"@type\":\"EntryPoint\",\"urlTemplate\":\"https:\\\/\\\/inclusivenews.com.br\\\/?s={search_term_string}\"},\"query-input\":{\"@type\":\"PropertyValueSpecification\",\"valueRequired\":true,\"valueName\":\"search_term_string\"}}],\"inLanguage\":\"pt-PT\"},{\"@type\":\"Organization\",\"@id\":\"https:\\\/\\\/inclusivenews.com.br\\\/#organization\",\"name\":\"Inclusive - inclus\u00e3o e cidadania\",\"url\":\"https:\\\/\\\/inclusivenews.com.br\\\/\",\"logo\":{\"@type\":\"ImageObject\",\"inLanguage\":\"pt-PT\",\"@id\":\"https:\\\/\\\/inclusivenews.com.br\\\/#\\\/schema\\\/logo\\\/image\\\/\",\"url\":\"https:\\\/\\\/inclusivenews.com.br\\\/wp-content\\\/uploads\\\/2024\\\/03\\\/@grandesite.png\",\"contentUrl\":\"https:\\\/\\\/inclusivenews.com.br\\\/wp-content\\\/uploads\\\/2024\\\/03\\\/@grandesite.png\",\"width\":1080,\"height\":1080,\"caption\":\"Inclusive - inclus\u00e3o e cidadania\"},\"image\":{\"@id\":\"https:\\\/\\\/inclusivenews.com.br\\\/#\\\/schema\\\/logo\\\/image\\\/\"},\"sameAs\":[\"https:\\\/\\\/www.facebook.com\\\/agenciainclusive\\\/\",\"https:\\\/\\\/www.instagram.com\\\/newsinclusive\\\/\"]},{\"@type\":\"Person\",\"@id\":\"https:\\\/\\\/inclusivenews.com.br\\\/#\\\/schema\\\/person\\\/ae4ec7087559b8692fb33b6fffd2273b\",\"name\":\"inclusivenews2024\",\"image\":{\"@type\":\"ImageObject\",\"inLanguage\":\"pt-PT\",\"@id\":\"https:\\\/\\\/secure.gravatar.com\\\/avatar\\\/c5a7ef84c66fa914f55bc4f7ce26cfa275a3b9a1c5568b907bd184fb4dde7b40?s=96&d=mm&r=g\",\"url\":\"https:\\\/\\\/secure.gravatar.com\\\/avatar\\\/c5a7ef84c66fa914f55bc4f7ce26cfa275a3b9a1c5568b907bd184fb4dde7b40?s=96&d=mm&r=g\",\"contentUrl\":\"https:\\\/\\\/secure.gravatar.com\\\/avatar\\\/c5a7ef84c66fa914f55bc4f7ce26cfa275a3b9a1c5568b907bd184fb4dde7b40?s=96&d=mm&r=g\",\"caption\":\"inclusivenews2024\"},\"sameAs\":[\"https:\\\/\\\/inclusivenews.com.br\"],\"url\":\"https:\\\/\\\/inclusivenews.com.br\\\/?author=1\"}]}<\/script>\n<!-- \/ Yoast SEO plugin. -->","yoast_head_json":{"title":"Concurso de conta\u00e7\u00e3o de hist\u00f3rias em Libras -","robots":{"index":"index","follow":"follow","max-snippet":"max-snippet:-1","max-image-preview":"max-image-preview:large","max-video-preview":"max-video-preview:-1"},"canonical":"https:\/\/inclusivenews.com.br\/?p=23145","og_locale":"pt_PT","og_type":"article","og_title":"Concurso de conta\u00e7\u00e3o de hist\u00f3rias em Libras -","og_description":"O Concurso est\u00e1 com inscri\u00e7\u00f5es abertas de 06\/08\/2012 a 06\/09\/2012 para contadores de hist\u00f3rias, reais ou de fic\u00e7\u00e3o, em Libras.","og_url":"https:\/\/inclusivenews.com.br\/?p=23145","article_publisher":"https:\/\/www.facebook.com\/agenciainclusive\/","article_published_time":"2012-08-15T18:03:51+00:00","og_image":[{"url":"http:\/\/www.ecs.org.br\/site\/Destaques\/120807_Contacao_historia\/thumb_contacao.jpg","type":"","width":"","height":""}],"author":"inclusivenews2024","twitter_card":"summary_large_image","twitter_misc":{"Escrito por":"inclusivenews2024","Tempo estimado de leitura":"4 minutos"},"schema":{"@context":"https:\/\/schema.org","@graph":[{"@type":"Article","@id":"https:\/\/inclusivenews.com.br\/?p=23145#article","isPartOf":{"@id":"https:\/\/inclusivenews.com.br\/?p=23145"},"author":{"name":"inclusivenews2024","@id":"https:\/\/inclusivenews.com.br\/#\/schema\/person\/ae4ec7087559b8692fb33b6fffd2273b"},"headline":"Concurso de conta\u00e7\u00e3o de hist\u00f3rias em Libras","datePublished":"2012-08-15T18:03:51+00:00","mainEntityOfPage":{"@id":"https:\/\/inclusivenews.com.br\/?p=23145"},"wordCount":893,"commentCount":0,"publisher":{"@id":"https:\/\/inclusivenews.com.br\/#organization"},"image":{"@id":"https:\/\/inclusivenews.com.br\/?p=23145#primaryimage"},"thumbnailUrl":"http:\/\/www.ecs.org.br\/site\/Destaques\/120807_Contacao_historia\/thumb_contacao.jpg","articleSection":["NOT\u00cdCIAS"],"inLanguage":"pt-PT","potentialAction":[{"@type":"CommentAction","name":"Comment","target":["https:\/\/inclusivenews.com.br\/?p=23145#respond"]}]},{"@type":"WebPage","@id":"https:\/\/inclusivenews.com.br\/?p=23145","url":"https:\/\/inclusivenews.com.br\/?p=23145","name":"Concurso de conta\u00e7\u00e3o de hist\u00f3rias em Libras -","isPartOf":{"@id":"https:\/\/inclusivenews.com.br\/#website"},"primaryImageOfPage":{"@id":"https:\/\/inclusivenews.com.br\/?p=23145#primaryimage"},"image":{"@id":"https:\/\/inclusivenews.com.br\/?p=23145#primaryimage"},"thumbnailUrl":"http:\/\/www.ecs.org.br\/site\/Destaques\/120807_Contacao_historia\/thumb_contacao.jpg","datePublished":"2012-08-15T18:03:51+00:00","breadcrumb":{"@id":"https:\/\/inclusivenews.com.br\/?p=23145#breadcrumb"},"inLanguage":"pt-PT","potentialAction":[{"@type":"ReadAction","target":["https:\/\/inclusivenews.com.br\/?p=23145"]}]},{"@type":"ImageObject","inLanguage":"pt-PT","@id":"https:\/\/inclusivenews.com.br\/?p=23145#primaryimage","url":"http:\/\/www.ecs.org.br\/site\/Destaques\/120807_Contacao_historia\/thumb_contacao.jpg","contentUrl":"http:\/\/www.ecs.org.br\/site\/Destaques\/120807_Contacao_historia\/thumb_contacao.jpg"},{"@type":"BreadcrumbList","@id":"https:\/\/inclusivenews.com.br\/?p=23145#breadcrumb","itemListElement":[{"@type":"ListItem","position":1,"name":"In\u00edcio","item":"https:\/\/inclusivenews.com.br\/"},{"@type":"ListItem","position":2,"name":"Concurso de conta\u00e7\u00e3o de hist\u00f3rias em Libras"}]},{"@type":"WebSite","@id":"https:\/\/inclusivenews.com.br\/#website","url":"https:\/\/inclusivenews.com.br\/","name":"Inclusive News","description":"Inclusive News","publisher":{"@id":"https:\/\/inclusivenews.com.br\/#organization"},"potentialAction":[{"@type":"SearchAction","target":{"@type":"EntryPoint","urlTemplate":"https:\/\/inclusivenews.com.br\/?s={search_term_string}"},"query-input":{"@type":"PropertyValueSpecification","valueRequired":true,"valueName":"search_term_string"}}],"inLanguage":"pt-PT"},{"@type":"Organization","@id":"https:\/\/inclusivenews.com.br\/#organization","name":"Inclusive - inclus\u00e3o e cidadania","url":"https:\/\/inclusivenews.com.br\/","logo":{"@type":"ImageObject","inLanguage":"pt-PT","@id":"https:\/\/inclusivenews.com.br\/#\/schema\/logo\/image\/","url":"https:\/\/inclusivenews.com.br\/wp-content\/uploads\/2024\/03\/@grandesite.png","contentUrl":"https:\/\/inclusivenews.com.br\/wp-content\/uploads\/2024\/03\/@grandesite.png","width":1080,"height":1080,"caption":"Inclusive - inclus\u00e3o e cidadania"},"image":{"@id":"https:\/\/inclusivenews.com.br\/#\/schema\/logo\/image\/"},"sameAs":["https:\/\/www.facebook.com\/agenciainclusive\/","https:\/\/www.instagram.com\/newsinclusive\/"]},{"@type":"Person","@id":"https:\/\/inclusivenews.com.br\/#\/schema\/person\/ae4ec7087559b8692fb33b6fffd2273b","name":"inclusivenews2024","image":{"@type":"ImageObject","inLanguage":"pt-PT","@id":"https:\/\/secure.gravatar.com\/avatar\/c5a7ef84c66fa914f55bc4f7ce26cfa275a3b9a1c5568b907bd184fb4dde7b40?s=96&d=mm&r=g","url":"https:\/\/secure.gravatar.com\/avatar\/c5a7ef84c66fa914f55bc4f7ce26cfa275a3b9a1c5568b907bd184fb4dde7b40?s=96&d=mm&r=g","contentUrl":"https:\/\/secure.gravatar.com\/avatar\/c5a7ef84c66fa914f55bc4f7ce26cfa275a3b9a1c5568b907bd184fb4dde7b40?s=96&d=mm&r=g","caption":"inclusivenews2024"},"sameAs":["https:\/\/inclusivenews.com.br"],"url":"https:\/\/inclusivenews.com.br\/?author=1"}]}},"_links":{"self":[{"href":"https:\/\/inclusivenews.com.br\/index.php?rest_route=\/wp\/v2\/posts\/23145","targetHints":{"allow":["GET"]}}],"collection":[{"href":"https:\/\/inclusivenews.com.br\/index.php?rest_route=\/wp\/v2\/posts"}],"about":[{"href":"https:\/\/inclusivenews.com.br\/index.php?rest_route=\/wp\/v2\/types\/post"}],"author":[{"embeddable":true,"href":"https:\/\/inclusivenews.com.br\/index.php?rest_route=\/wp\/v2\/users\/1"}],"replies":[{"embeddable":true,"href":"https:\/\/inclusivenews.com.br\/index.php?rest_route=%2Fwp%2Fv2%2Fcomments&post=23145"}],"version-history":[{"count":0,"href":"https:\/\/inclusivenews.com.br\/index.php?rest_route=\/wp\/v2\/posts\/23145\/revisions"}],"wp:attachment":[{"href":"https:\/\/inclusivenews.com.br\/index.php?rest_route=%2Fwp%2Fv2%2Fmedia&parent=23145"}],"wp:term":[{"taxonomy":"category","embeddable":true,"href":"https:\/\/inclusivenews.com.br\/index.php?rest_route=%2Fwp%2Fv2%2Fcategories&post=23145"},{"taxonomy":"post_tag","embeddable":true,"href":"https:\/\/inclusivenews.com.br\/index.php?rest_route=%2Fwp%2Fv2%2Ftags&post=23145"}],"curies":[{"name":"wp","href":"https:\/\/api.w.org\/{rel}","templated":true}]}}