{"id":23269,"date":"2012-08-29T16:22:20","date_gmt":"2012-08-29T19:22:20","guid":{"rendered":"http:\/\/www.inclusive.org.br\/?p=23269"},"modified":"2012-08-29T16:22:20","modified_gmt":"2012-08-29T19:22:20","slug":"autismo-e-cerebro-social-compreensao-e-acao","status":"publish","type":"post","link":"https:\/\/inclusivenews.com.br\/?p=23269","title":{"rendered":"Autismo e c\u00e9rebro social &#8211; compreens\u00e3o e a\u00e7\u00e3o"},"content":{"rendered":"<figure id=\"attachment_16112\" aria-describedby=\"caption-attachment-16112\" style=\"width: 171px\" class=\"wp-caption alignleft\"><a href=\"http:\/\/www.inclusivenews.com.br\/wp-content\/uploads\/2010\/06\/autismo-fita.jpg\"><img loading=\"lazy\" decoding=\"async\" class=\"size-medium wp-image-16112 \" title=\"Fita feita de quebra-cabe\u00e7as coloridos - s\u00edmbolo do autismo\" src=\"http:\/\/inclusivenews.com.br\/wp-content\/uploads\/2010\/06\/autismo-fita-171x300.jpg\" alt=\"Fita feita de quebra-cabe\u00e7as coloridos - s\u00edmbolo do autismo\" width=\"171\" height=\"300\" \/><\/a><figcaption id=\"caption-attachment-16112\" class=\"wp-caption-text\"> <\/figcaption><\/figure>\n<p>A pediatra e psiquiatra cearense F\u00e1tima Dourado lan\u00e7a em Salvador em 31 de agosto seu livro <em><strong>Autismo e C\u00e9rebro Social &#8211; Compreens\u00e3o e A\u00e7\u00e3o<\/strong><\/em>. O evento acontecer\u00e1 na Livraria Saraiva do Salvador Shopping. O livro apresenta sua trajet\u00f3ria de m\u00e3e e m\u00e9dica no tratamento do autismo. A obra ajuda leigos e profissionais a entenderem melhor esse transtorno de desenvolvimento e relacionamento.<\/p>\n<p>F\u00e1tima faz um relato emocionado dos desafios e conquistas desde o diagn\u00f3stico de autismo dos filhos Giordano Bruno e Pablo, hoje adultos. A falta de alternativas de atendimento a levou, junto com outras oito m\u00e3es, a fundar a Casa da Esperan\u00e7a, atualmente a maior institui\u00e7\u00e3o de atendimento e apoio a pessoas autistas na Am\u00e9rica do Sul. Detalhadamente, ela cita os personagens e os percal\u00e7os de sua caminhada at\u00e9 hoje, quando pode oferecer a pais e m\u00e3es de filhos autistas as respostas que n\u00e3o teve no passado.<\/p>\n<p>Lan\u00e7amento do livro<\/p>\n<p>Autismo e c\u00e9rebro social &#8211; compreens\u00e3o e a\u00e7\u00e3o &#8211; F\u00e1tima Dourado<\/p>\n<p>Data: 31 de agosto de 2012<\/p>\n<p>Hor\u00e1rio: 19h00<\/p>\n<p>Local: Livraria Saraiva, no Shopping Salvador<\/p>\n<p>Para informa\u00e7\u00f5es sobre o lan\u00e7amento em Salvador contate a Afaga pelo e-mail coordenador@afaga.com.br ou do celular (Vivo) (71) 9975-7814. <a href=\"http:\/\/www.afaga.com.br\/fatima.html\" target=\"_blank\" rel=\"noopener\">http:\/\/www.afaga.com.br\/fatima.html<\/a><\/p>\n","protected":false},"excerpt":{"rendered":"<p>O livro apresenta sua trajet\u00f3ria de m\u00e3e e m\u00e9dica no tratamento do autismo. A obra ajuda leigos e profissionais a entenderem melhor esse transtorno de desenvolvimento e relacionamento.<\/p>\n","protected":false},"author":1,"featured_media":0,"comment_status":"open","ping_status":"open","sticky":false,"template":"","format":"standard","meta":{"site-container-style":"default","site-container-layout":"default","site-sidebar-layout":"default","disable-article-header":"default","disable-site-header":"default","disable-site-footer":"default","disable-content-area-spacing":"default","footnotes":""},"categories":[50,51,4,10],"tags":[],"class_list":["post-23269","post","type-post","status-publish","format-standard","hentry","category-lancamentos","category-livros","category-noticias","category-publicacoes"],"yoast_head":"<!-- This site is optimized with the Yoast SEO plugin v27.5 - https:\/\/yoast.com\/product\/yoast-seo-wordpress\/ -->\n<title>Autismo e c\u00e9rebro social - compreens\u00e3o e a\u00e7\u00e3o -<\/title>\n<meta name=\"robots\" content=\"index, follow, max-snippet:-1, max-image-preview:large, max-video-preview:-1\" \/>\n<link rel=\"canonical\" href=\"https:\/\/inclusivenews.com.br\/?p=23269\" \/>\n<meta property=\"og:locale\" content=\"pt_PT\" \/>\n<meta property=\"og:type\" content=\"article\" \/>\n<meta property=\"og:title\" content=\"Autismo e c\u00e9rebro social - compreens\u00e3o e a\u00e7\u00e3o -\" \/>\n<meta property=\"og:description\" content=\"O livro apresenta sua trajet\u00f3ria de m\u00e3e e m\u00e9dica no tratamento do autismo. A obra ajuda leigos e profissionais a entenderem melhor esse transtorno de desenvolvimento e relacionamento.\" \/>\n<meta property=\"og:url\" content=\"https:\/\/inclusivenews.com.br\/?p=23269\" \/>\n<meta property=\"article:publisher\" content=\"https:\/\/www.facebook.com\/agenciainclusive\/\" \/>\n<meta property=\"article:published_time\" content=\"2012-08-29T19:22:20+00:00\" \/>\n<meta property=\"og:image\" content=\"http:\/\/inclusivenews.com.br\/wp-content\/uploads\/2010\/06\/autismo-fita-171x300.jpg\" \/>\n<meta name=\"author\" content=\"inclusivenews2024\" \/>\n<meta name=\"twitter:card\" content=\"summary_large_image\" \/>\n<meta name=\"twitter:label1\" content=\"Escrito por\" \/>\n\t<meta name=\"twitter:data1\" content=\"inclusivenews2024\" \/>\n\t<meta name=\"twitter:label2\" content=\"Tempo estimado de leitura\" \/>\n\t<meta name=\"twitter:data2\" content=\"1 minuto\" \/>\n<script type=\"application\/ld+json\" class=\"yoast-schema-graph\">{\"@context\":\"https:\\\/\\\/schema.org\",\"@graph\":[{\"@type\":\"Article\",\"@id\":\"https:\\\/\\\/inclusivenews.com.br\\\/?p=23269#article\",\"isPartOf\":{\"@id\":\"https:\\\/\\\/inclusivenews.com.br\\\/?p=23269\"},\"author\":{\"name\":\"inclusivenews2024\",\"@id\":\"https:\\\/\\\/inclusivenews.com.br\\\/#\\\/schema\\\/person\\\/ae4ec7087559b8692fb33b6fffd2273b\"},\"headline\":\"Autismo e c\u00e9rebro social &#8211; compreens\u00e3o e a\u00e7\u00e3o\",\"datePublished\":\"2012-08-29T19:22:20+00:00\",\"mainEntityOfPage\":{\"@id\":\"https:\\\/\\\/inclusivenews.com.br\\\/?p=23269\"},\"wordCount\":244,\"commentCount\":0,\"publisher\":{\"@id\":\"https:\\\/\\\/inclusivenews.com.br\\\/#organization\"},\"image\":{\"@id\":\"https:\\\/\\\/inclusivenews.com.br\\\/?p=23269#primaryimage\"},\"thumbnailUrl\":\"http:\\\/\\\/inclusivenews.com.br\\\/wp-content\\\/uploads\\\/2010\\\/06\\\/autismo-fita-171x300.jpg\",\"articleSection\":[\"Lan\u00e7amentos\",\"Livros\",\"NOT\u00cdCIAS\",\"PUBLICA\u00c7\u00d5ES\"],\"inLanguage\":\"pt-PT\",\"potentialAction\":[{\"@type\":\"CommentAction\",\"name\":\"Comment\",\"target\":[\"https:\\\/\\\/inclusivenews.com.br\\\/?p=23269#respond\"]}]},{\"@type\":\"WebPage\",\"@id\":\"https:\\\/\\\/inclusivenews.com.br\\\/?p=23269\",\"url\":\"https:\\\/\\\/inclusivenews.com.br\\\/?p=23269\",\"name\":\"Autismo e c\u00e9rebro social - compreens\u00e3o e a\u00e7\u00e3o -\",\"isPartOf\":{\"@id\":\"https:\\\/\\\/inclusivenews.com.br\\\/#website\"},\"primaryImageOfPage\":{\"@id\":\"https:\\\/\\\/inclusivenews.com.br\\\/?p=23269#primaryimage\"},\"image\":{\"@id\":\"https:\\\/\\\/inclusivenews.com.br\\\/?p=23269#primaryimage\"},\"thumbnailUrl\":\"http:\\\/\\\/inclusivenews.com.br\\\/wp-content\\\/uploads\\\/2010\\\/06\\\/autismo-fita-171x300.jpg\",\"datePublished\":\"2012-08-29T19:22:20+00:00\",\"breadcrumb\":{\"@id\":\"https:\\\/\\\/inclusivenews.com.br\\\/?p=23269#breadcrumb\"},\"inLanguage\":\"pt-PT\",\"potentialAction\":[{\"@type\":\"ReadAction\",\"target\":[\"https:\\\/\\\/inclusivenews.com.br\\\/?p=23269\"]}]},{\"@type\":\"ImageObject\",\"inLanguage\":\"pt-PT\",\"@id\":\"https:\\\/\\\/inclusivenews.com.br\\\/?p=23269#primaryimage\",\"url\":\"\",\"contentUrl\":\"\"},{\"@type\":\"BreadcrumbList\",\"@id\":\"https:\\\/\\\/inclusivenews.com.br\\\/?p=23269#breadcrumb\",\"itemListElement\":[{\"@type\":\"ListItem\",\"position\":1,\"name\":\"In\u00edcio\",\"item\":\"https:\\\/\\\/inclusivenews.com.br\\\/\"},{\"@type\":\"ListItem\",\"position\":2,\"name\":\"Autismo e c\u00e9rebro social &#8211; compreens\u00e3o e a\u00e7\u00e3o\"}]},{\"@type\":\"WebSite\",\"@id\":\"https:\\\/\\\/inclusivenews.com.br\\\/#website\",\"url\":\"https:\\\/\\\/inclusivenews.com.br\\\/\",\"name\":\"Inclusive News\",\"description\":\"Inclusive News\",\"publisher\":{\"@id\":\"https:\\\/\\\/inclusivenews.com.br\\\/#organization\"},\"potentialAction\":[{\"@type\":\"SearchAction\",\"target\":{\"@type\":\"EntryPoint\",\"urlTemplate\":\"https:\\\/\\\/inclusivenews.com.br\\\/?s={search_term_string}\"},\"query-input\":{\"@type\":\"PropertyValueSpecification\",\"valueRequired\":true,\"valueName\":\"search_term_string\"}}],\"inLanguage\":\"pt-PT\"},{\"@type\":\"Organization\",\"@id\":\"https:\\\/\\\/inclusivenews.com.br\\\/#organization\",\"name\":\"Inclusive - inclus\u00e3o e cidadania\",\"url\":\"https:\\\/\\\/inclusivenews.com.br\\\/\",\"logo\":{\"@type\":\"ImageObject\",\"inLanguage\":\"pt-PT\",\"@id\":\"https:\\\/\\\/inclusivenews.com.br\\\/#\\\/schema\\\/logo\\\/image\\\/\",\"url\":\"https:\\\/\\\/inclusivenews.com.br\\\/wp-content\\\/uploads\\\/2024\\\/03\\\/@grandesite.png\",\"contentUrl\":\"https:\\\/\\\/inclusivenews.com.br\\\/wp-content\\\/uploads\\\/2024\\\/03\\\/@grandesite.png\",\"width\":1080,\"height\":1080,\"caption\":\"Inclusive - inclus\u00e3o e cidadania\"},\"image\":{\"@id\":\"https:\\\/\\\/inclusivenews.com.br\\\/#\\\/schema\\\/logo\\\/image\\\/\"},\"sameAs\":[\"https:\\\/\\\/www.facebook.com\\\/agenciainclusive\\\/\",\"https:\\\/\\\/www.instagram.com\\\/newsinclusive\\\/\"]},{\"@type\":\"Person\",\"@id\":\"https:\\\/\\\/inclusivenews.com.br\\\/#\\\/schema\\\/person\\\/ae4ec7087559b8692fb33b6fffd2273b\",\"name\":\"inclusivenews2024\",\"image\":{\"@type\":\"ImageObject\",\"inLanguage\":\"pt-PT\",\"@id\":\"https:\\\/\\\/secure.gravatar.com\\\/avatar\\\/c5a7ef84c66fa914f55bc4f7ce26cfa275a3b9a1c5568b907bd184fb4dde7b40?s=96&d=mm&r=g\",\"url\":\"https:\\\/\\\/secure.gravatar.com\\\/avatar\\\/c5a7ef84c66fa914f55bc4f7ce26cfa275a3b9a1c5568b907bd184fb4dde7b40?s=96&d=mm&r=g\",\"contentUrl\":\"https:\\\/\\\/secure.gravatar.com\\\/avatar\\\/c5a7ef84c66fa914f55bc4f7ce26cfa275a3b9a1c5568b907bd184fb4dde7b40?s=96&d=mm&r=g\",\"caption\":\"inclusivenews2024\"},\"sameAs\":[\"https:\\\/\\\/inclusivenews.com.br\"],\"url\":\"https:\\\/\\\/inclusivenews.com.br\\\/?author=1\"}]}<\/script>\n<!-- \/ Yoast SEO plugin. -->","yoast_head_json":{"title":"Autismo e c\u00e9rebro social - compreens\u00e3o e a\u00e7\u00e3o -","robots":{"index":"index","follow":"follow","max-snippet":"max-snippet:-1","max-image-preview":"max-image-preview:large","max-video-preview":"max-video-preview:-1"},"canonical":"https:\/\/inclusivenews.com.br\/?p=23269","og_locale":"pt_PT","og_type":"article","og_title":"Autismo e c\u00e9rebro social - compreens\u00e3o e a\u00e7\u00e3o -","og_description":"O livro apresenta sua trajet\u00f3ria de m\u00e3e e m\u00e9dica no tratamento do autismo. A obra ajuda leigos e profissionais a entenderem melhor esse transtorno de desenvolvimento e relacionamento.","og_url":"https:\/\/inclusivenews.com.br\/?p=23269","article_publisher":"https:\/\/www.facebook.com\/agenciainclusive\/","article_published_time":"2012-08-29T19:22:20+00:00","og_image":[{"url":"http:\/\/inclusivenews.com.br\/wp-content\/uploads\/2010\/06\/autismo-fita-171x300.jpg","type":"","width":"","height":""}],"author":"inclusivenews2024","twitter_card":"summary_large_image","twitter_misc":{"Escrito por":"inclusivenews2024","Tempo estimado de leitura":"1 minuto"},"schema":{"@context":"https:\/\/schema.org","@graph":[{"@type":"Article","@id":"https:\/\/inclusivenews.com.br\/?p=23269#article","isPartOf":{"@id":"https:\/\/inclusivenews.com.br\/?p=23269"},"author":{"name":"inclusivenews2024","@id":"https:\/\/inclusivenews.com.br\/#\/schema\/person\/ae4ec7087559b8692fb33b6fffd2273b"},"headline":"Autismo e c\u00e9rebro social &#8211; compreens\u00e3o e a\u00e7\u00e3o","datePublished":"2012-08-29T19:22:20+00:00","mainEntityOfPage":{"@id":"https:\/\/inclusivenews.com.br\/?p=23269"},"wordCount":244,"commentCount":0,"publisher":{"@id":"https:\/\/inclusivenews.com.br\/#organization"},"image":{"@id":"https:\/\/inclusivenews.com.br\/?p=23269#primaryimage"},"thumbnailUrl":"http:\/\/inclusivenews.com.br\/wp-content\/uploads\/2010\/06\/autismo-fita-171x300.jpg","articleSection":["Lan\u00e7amentos","Livros","NOT\u00cdCIAS","PUBLICA\u00c7\u00d5ES"],"inLanguage":"pt-PT","potentialAction":[{"@type":"CommentAction","name":"Comment","target":["https:\/\/inclusivenews.com.br\/?p=23269#respond"]}]},{"@type":"WebPage","@id":"https:\/\/inclusivenews.com.br\/?p=23269","url":"https:\/\/inclusivenews.com.br\/?p=23269","name":"Autismo e c\u00e9rebro social - compreens\u00e3o e a\u00e7\u00e3o -","isPartOf":{"@id":"https:\/\/inclusivenews.com.br\/#website"},"primaryImageOfPage":{"@id":"https:\/\/inclusivenews.com.br\/?p=23269#primaryimage"},"image":{"@id":"https:\/\/inclusivenews.com.br\/?p=23269#primaryimage"},"thumbnailUrl":"http:\/\/inclusivenews.com.br\/wp-content\/uploads\/2010\/06\/autismo-fita-171x300.jpg","datePublished":"2012-08-29T19:22:20+00:00","breadcrumb":{"@id":"https:\/\/inclusivenews.com.br\/?p=23269#breadcrumb"},"inLanguage":"pt-PT","potentialAction":[{"@type":"ReadAction","target":["https:\/\/inclusivenews.com.br\/?p=23269"]}]},{"@type":"ImageObject","inLanguage":"pt-PT","@id":"https:\/\/inclusivenews.com.br\/?p=23269#primaryimage","url":"","contentUrl":""},{"@type":"BreadcrumbList","@id":"https:\/\/inclusivenews.com.br\/?p=23269#breadcrumb","itemListElement":[{"@type":"ListItem","position":1,"name":"In\u00edcio","item":"https:\/\/inclusivenews.com.br\/"},{"@type":"ListItem","position":2,"name":"Autismo e c\u00e9rebro social &#8211; compreens\u00e3o e a\u00e7\u00e3o"}]},{"@type":"WebSite","@id":"https:\/\/inclusivenews.com.br\/#website","url":"https:\/\/inclusivenews.com.br\/","name":"Inclusive News","description":"Inclusive News","publisher":{"@id":"https:\/\/inclusivenews.com.br\/#organization"},"potentialAction":[{"@type":"SearchAction","target":{"@type":"EntryPoint","urlTemplate":"https:\/\/inclusivenews.com.br\/?s={search_term_string}"},"query-input":{"@type":"PropertyValueSpecification","valueRequired":true,"valueName":"search_term_string"}}],"inLanguage":"pt-PT"},{"@type":"Organization","@id":"https:\/\/inclusivenews.com.br\/#organization","name":"Inclusive - inclus\u00e3o e cidadania","url":"https:\/\/inclusivenews.com.br\/","logo":{"@type":"ImageObject","inLanguage":"pt-PT","@id":"https:\/\/inclusivenews.com.br\/#\/schema\/logo\/image\/","url":"https:\/\/inclusivenews.com.br\/wp-content\/uploads\/2024\/03\/@grandesite.png","contentUrl":"https:\/\/inclusivenews.com.br\/wp-content\/uploads\/2024\/03\/@grandesite.png","width":1080,"height":1080,"caption":"Inclusive - inclus\u00e3o e cidadania"},"image":{"@id":"https:\/\/inclusivenews.com.br\/#\/schema\/logo\/image\/"},"sameAs":["https:\/\/www.facebook.com\/agenciainclusive\/","https:\/\/www.instagram.com\/newsinclusive\/"]},{"@type":"Person","@id":"https:\/\/inclusivenews.com.br\/#\/schema\/person\/ae4ec7087559b8692fb33b6fffd2273b","name":"inclusivenews2024","image":{"@type":"ImageObject","inLanguage":"pt-PT","@id":"https:\/\/secure.gravatar.com\/avatar\/c5a7ef84c66fa914f55bc4f7ce26cfa275a3b9a1c5568b907bd184fb4dde7b40?s=96&d=mm&r=g","url":"https:\/\/secure.gravatar.com\/avatar\/c5a7ef84c66fa914f55bc4f7ce26cfa275a3b9a1c5568b907bd184fb4dde7b40?s=96&d=mm&r=g","contentUrl":"https:\/\/secure.gravatar.com\/avatar\/c5a7ef84c66fa914f55bc4f7ce26cfa275a3b9a1c5568b907bd184fb4dde7b40?s=96&d=mm&r=g","caption":"inclusivenews2024"},"sameAs":["https:\/\/inclusivenews.com.br"],"url":"https:\/\/inclusivenews.com.br\/?author=1"}]}},"_links":{"self":[{"href":"https:\/\/inclusivenews.com.br\/index.php?rest_route=\/wp\/v2\/posts\/23269","targetHints":{"allow":["GET"]}}],"collection":[{"href":"https:\/\/inclusivenews.com.br\/index.php?rest_route=\/wp\/v2\/posts"}],"about":[{"href":"https:\/\/inclusivenews.com.br\/index.php?rest_route=\/wp\/v2\/types\/post"}],"author":[{"embeddable":true,"href":"https:\/\/inclusivenews.com.br\/index.php?rest_route=\/wp\/v2\/users\/1"}],"replies":[{"embeddable":true,"href":"https:\/\/inclusivenews.com.br\/index.php?rest_route=%2Fwp%2Fv2%2Fcomments&post=23269"}],"version-history":[{"count":0,"href":"https:\/\/inclusivenews.com.br\/index.php?rest_route=\/wp\/v2\/posts\/23269\/revisions"}],"wp:attachment":[{"href":"https:\/\/inclusivenews.com.br\/index.php?rest_route=%2Fwp%2Fv2%2Fmedia&parent=23269"}],"wp:term":[{"taxonomy":"category","embeddable":true,"href":"https:\/\/inclusivenews.com.br\/index.php?rest_route=%2Fwp%2Fv2%2Fcategories&post=23269"},{"taxonomy":"post_tag","embeddable":true,"href":"https:\/\/inclusivenews.com.br\/index.php?rest_route=%2Fwp%2Fv2%2Ftags&post=23269"}],"curies":[{"name":"wp","href":"https:\/\/api.w.org\/{rel}","templated":true}]}}