{"id":23277,"date":"2012-08-29T16:22:27","date_gmt":"2012-08-29T19:22:27","guid":{"rendered":"http:\/\/www.inclusive.org.br\/?p=23277"},"modified":"2012-08-29T16:22:27","modified_gmt":"2012-08-29T19:22:27","slug":"biblioteca-nacional-lanca-premio-vivaleitura-2012","status":"publish","type":"post","link":"https:\/\/inclusivenews.com.br\/?p=23277","title":{"rendered":"Biblioteca Nacional lan\u00e7a Pr\u00eamio Vivaleitura 2012"},"content":{"rendered":"<p><a href=\"http:\/\/www.inclusivenews.com.br\/wp-content\/uploads\/2011\/01\/livrospbjpg.jpg\"><img loading=\"lazy\" decoding=\"async\" class=\"alignleft size-medium wp-image-18345\" title=\"Livros na vertical e horizontal, em bico de pena\" src=\"http:\/\/inclusivenews.com.br\/wp-content\/uploads\/2011\/01\/livrospbjpg-300x150.jpg\" alt=\"Livros na vertical e horizontal, em bico de pena\" width=\"300\" height=\"150\" \/><\/a><\/p>\n<p>A Funda\u00e7\u00e3o Biblioteca Nacional lan\u00e7ou a s\u00e9tima edi\u00e7\u00e3o do Pr\u00eamio Vivaleitura. Em 2012, a iniciativa oferecer\u00e1 R$ 540 mil em dinheiro a institui\u00e7\u00f5es comprometidas com o fomento \u00e0 media\u00e7\u00e3o da leitura em todo o territ\u00f3rio nacional e a valoriza\u00e7\u00e3o do h\u00e1bito de ler na conquista da cidadania plena.<\/p>\n<p>O pr\u00eamio tem inscri\u00e7\u00f5es abertas at\u00e9 1\u00ba de novembro. O Vivaleitura \u00e9 dividido em tr\u00eas categorias. Em &#8220;Bibliotecas p\u00fablicas, privadas e comunit\u00e1rias&#8221; concorrem experi\u00eancias desenvolvidas em bibliotecas de acesso p\u00fablico sem liga\u00e7\u00e3o com institui\u00e7\u00f5es de ensino.<\/p>\n<p>A categoria &#8220;Escolas p\u00fablicas e privadas&#8221; envolve trabalhos realizados em col\u00e9gios p\u00fablicos e particulares sob responsabilidade de professores, diretores, bibliotec\u00e1rios ou coordenadores.<\/p>\n<p>Bibliotecas ligadas a faculdades ou universidades juntam-se a ONGs, pessoas f\u00edsicas e institui\u00e7\u00f5es sociais em &#8220;Sociedade&#8221;, categoria que avalia iniciativas formais ou informais executadas na \u00e1rea da leitura por cidad\u00e3os vinculados a ONGs e institui\u00e7\u00f5es sociais.<\/p>\n<p>A comiss\u00e3o selecionar\u00e1 18 projetos finalistas a serem contemplados com diploma e trof\u00e9u Vivaleitura. Os seis vencedores de cada categoria receber\u00e3o pr\u00eamios no valor de R$ 30 mil. Al\u00e9m disso, as iniciativas indicadas para a Men\u00e7\u00e3o Honrosa &#8220;Jos\u00e9 Mindlin&#8221; ganhar\u00e3o diploma e medalha.<\/p>\n<p>A cerim\u00f4nia de premia\u00e7\u00e3o ocorrer\u00e1 em dezembro. O Pr\u00eamio Vivaleitura \u00e9 uma realiza\u00e7\u00e3o da Funda\u00e7\u00e3o Biblioteca Nacional, com a coordena\u00e7\u00e3o e execu\u00e7\u00e3o da Organiza\u00e7\u00e3o dos Estados Ibero-americanos para a Educa\u00e7\u00e3o, a Ci\u00eancia e a Cultura (OEI), em conjunto com o Minist\u00e9rio da Educa\u00e7\u00e3o, em parceria com a Funda\u00e7\u00e3o Santillana, a Funda\u00e7\u00e3o Banco do Brasil, o Conselho Nacional de Educa\u00e7\u00e3o e a Uni\u00e3o Nacional dos Dirigentes Municipais de Educa\u00e7\u00e3o.<\/p>\n<p>Mais informa\u00e7\u00f5es e inscri\u00e7\u00f5es: *www.premiovivaleitura.org.br <a href=\"http:\/\/www.premiovivaleitura.org.br\">http:\/\/www.premiovivaleitura.org.br<\/a>*<\/p>\n<p>Fonte: Ag\u00eancia FAPESP <a href=\"http:\/\/agencia.fapesp.br\/16102\">http:\/\/agencia.fapesp.br\/16102<\/a><\/p>\n","protected":false},"excerpt":{"rendered":"<p>Em 2012, a iniciativa oferecer\u00e1 R$ 540 mil em dinheiro a institui\u00e7\u00f5es comprometidas com o fomento \u00e0 media\u00e7\u00e3o da leitura em todo o territ\u00f3rio nacional e a valoriza\u00e7\u00e3o do h\u00e1bito de ler na conquista da cidadania plena.<\/p>\n","protected":false},"author":1,"featured_media":0,"comment_status":"open","ping_status":"open","sticky":false,"template":"","format":"standard","meta":{"site-container-style":"default","site-container-layout":"default","site-sidebar-layout":"default","disable-article-header":"default","disable-site-header":"default","disable-site-footer":"default","disable-content-area-spacing":"default","footnotes":""},"categories":[29,4],"tags":[],"class_list":["post-23277","post","type-post","status-publish","format-standard","hentry","category-cultura","category-noticias"],"yoast_head":"<!-- This site is optimized with the Yoast SEO plugin v27.5 - https:\/\/yoast.com\/product\/yoast-seo-wordpress\/ -->\n<title>Biblioteca Nacional lan\u00e7a Pr\u00eamio Vivaleitura 2012 -<\/title>\n<meta name=\"robots\" content=\"index, follow, max-snippet:-1, max-image-preview:large, max-video-preview:-1\" \/>\n<link rel=\"canonical\" href=\"https:\/\/inclusivenews.com.br\/?p=23277\" \/>\n<meta property=\"og:locale\" content=\"pt_PT\" \/>\n<meta property=\"og:type\" content=\"article\" \/>\n<meta property=\"og:title\" content=\"Biblioteca Nacional lan\u00e7a Pr\u00eamio Vivaleitura 2012 -\" \/>\n<meta property=\"og:description\" content=\"Em 2012, a iniciativa oferecer\u00e1 R$ 540 mil em dinheiro a institui\u00e7\u00f5es comprometidas com o fomento \u00e0 media\u00e7\u00e3o da leitura em todo o territ\u00f3rio nacional e a valoriza\u00e7\u00e3o do h\u00e1bito de ler na conquista da cidadania plena.\" \/>\n<meta property=\"og:url\" content=\"https:\/\/inclusivenews.com.br\/?p=23277\" \/>\n<meta property=\"article:publisher\" content=\"https:\/\/www.facebook.com\/agenciainclusive\/\" \/>\n<meta property=\"article:published_time\" content=\"2012-08-29T19:22:27+00:00\" \/>\n<meta property=\"og:image\" content=\"http:\/\/inclusivenews.com.br\/wp-content\/uploads\/2011\/01\/livrospbjpg-300x150.jpg\" \/>\n<meta name=\"author\" content=\"inclusivenews2024\" \/>\n<meta name=\"twitter:card\" content=\"summary_large_image\" \/>\n<meta name=\"twitter:label1\" content=\"Escrito por\" \/>\n\t<meta name=\"twitter:data1\" content=\"inclusivenews2024\" \/>\n\t<meta name=\"twitter:label2\" content=\"Tempo estimado de leitura\" \/>\n\t<meta name=\"twitter:data2\" content=\"2 minutos\" \/>\n<script type=\"application\/ld+json\" class=\"yoast-schema-graph\">{\"@context\":\"https:\\\/\\\/schema.org\",\"@graph\":[{\"@type\":\"Article\",\"@id\":\"https:\\\/\\\/inclusivenews.com.br\\\/?p=23277#article\",\"isPartOf\":{\"@id\":\"https:\\\/\\\/inclusivenews.com.br\\\/?p=23277\"},\"author\":{\"name\":\"inclusivenews2024\",\"@id\":\"https:\\\/\\\/inclusivenews.com.br\\\/#\\\/schema\\\/person\\\/ae4ec7087559b8692fb33b6fffd2273b\"},\"headline\":\"Biblioteca Nacional lan\u00e7a Pr\u00eamio Vivaleitura 2012\",\"datePublished\":\"2012-08-29T19:22:27+00:00\",\"mainEntityOfPage\":{\"@id\":\"https:\\\/\\\/inclusivenews.com.br\\\/?p=23277\"},\"wordCount\":326,\"commentCount\":0,\"publisher\":{\"@id\":\"https:\\\/\\\/inclusivenews.com.br\\\/#organization\"},\"image\":{\"@id\":\"https:\\\/\\\/inclusivenews.com.br\\\/?p=23277#primaryimage\"},\"thumbnailUrl\":\"http:\\\/\\\/inclusivenews.com.br\\\/wp-content\\\/uploads\\\/2011\\\/01\\\/livrospbjpg-300x150.jpg\",\"articleSection\":[\"Cultura\",\"NOT\u00cdCIAS\"],\"inLanguage\":\"pt-PT\",\"potentialAction\":[{\"@type\":\"CommentAction\",\"name\":\"Comment\",\"target\":[\"https:\\\/\\\/inclusivenews.com.br\\\/?p=23277#respond\"]}]},{\"@type\":\"WebPage\",\"@id\":\"https:\\\/\\\/inclusivenews.com.br\\\/?p=23277\",\"url\":\"https:\\\/\\\/inclusivenews.com.br\\\/?p=23277\",\"name\":\"Biblioteca Nacional lan\u00e7a Pr\u00eamio Vivaleitura 2012 -\",\"isPartOf\":{\"@id\":\"https:\\\/\\\/inclusivenews.com.br\\\/#website\"},\"primaryImageOfPage\":{\"@id\":\"https:\\\/\\\/inclusivenews.com.br\\\/?p=23277#primaryimage\"},\"image\":{\"@id\":\"https:\\\/\\\/inclusivenews.com.br\\\/?p=23277#primaryimage\"},\"thumbnailUrl\":\"http:\\\/\\\/inclusivenews.com.br\\\/wp-content\\\/uploads\\\/2011\\\/01\\\/livrospbjpg-300x150.jpg\",\"datePublished\":\"2012-08-29T19:22:27+00:00\",\"breadcrumb\":{\"@id\":\"https:\\\/\\\/inclusivenews.com.br\\\/?p=23277#breadcrumb\"},\"inLanguage\":\"pt-PT\",\"potentialAction\":[{\"@type\":\"ReadAction\",\"target\":[\"https:\\\/\\\/inclusivenews.com.br\\\/?p=23277\"]}]},{\"@type\":\"ImageObject\",\"inLanguage\":\"pt-PT\",\"@id\":\"https:\\\/\\\/inclusivenews.com.br\\\/?p=23277#primaryimage\",\"url\":\"\",\"contentUrl\":\"\"},{\"@type\":\"BreadcrumbList\",\"@id\":\"https:\\\/\\\/inclusivenews.com.br\\\/?p=23277#breadcrumb\",\"itemListElement\":[{\"@type\":\"ListItem\",\"position\":1,\"name\":\"In\u00edcio\",\"item\":\"https:\\\/\\\/inclusivenews.com.br\\\/\"},{\"@type\":\"ListItem\",\"position\":2,\"name\":\"Biblioteca Nacional lan\u00e7a Pr\u00eamio Vivaleitura 2012\"}]},{\"@type\":\"WebSite\",\"@id\":\"https:\\\/\\\/inclusivenews.com.br\\\/#website\",\"url\":\"https:\\\/\\\/inclusivenews.com.br\\\/\",\"name\":\"Inclusive News\",\"description\":\"Inclusive News\",\"publisher\":{\"@id\":\"https:\\\/\\\/inclusivenews.com.br\\\/#organization\"},\"potentialAction\":[{\"@type\":\"SearchAction\",\"target\":{\"@type\":\"EntryPoint\",\"urlTemplate\":\"https:\\\/\\\/inclusivenews.com.br\\\/?s={search_term_string}\"},\"query-input\":{\"@type\":\"PropertyValueSpecification\",\"valueRequired\":true,\"valueName\":\"search_term_string\"}}],\"inLanguage\":\"pt-PT\"},{\"@type\":\"Organization\",\"@id\":\"https:\\\/\\\/inclusivenews.com.br\\\/#organization\",\"name\":\"Inclusive - inclus\u00e3o e cidadania\",\"url\":\"https:\\\/\\\/inclusivenews.com.br\\\/\",\"logo\":{\"@type\":\"ImageObject\",\"inLanguage\":\"pt-PT\",\"@id\":\"https:\\\/\\\/inclusivenews.com.br\\\/#\\\/schema\\\/logo\\\/image\\\/\",\"url\":\"https:\\\/\\\/inclusivenews.com.br\\\/wp-content\\\/uploads\\\/2024\\\/03\\\/@grandesite.png\",\"contentUrl\":\"https:\\\/\\\/inclusivenews.com.br\\\/wp-content\\\/uploads\\\/2024\\\/03\\\/@grandesite.png\",\"width\":1080,\"height\":1080,\"caption\":\"Inclusive - inclus\u00e3o e cidadania\"},\"image\":{\"@id\":\"https:\\\/\\\/inclusivenews.com.br\\\/#\\\/schema\\\/logo\\\/image\\\/\"},\"sameAs\":[\"https:\\\/\\\/www.facebook.com\\\/agenciainclusive\\\/\",\"https:\\\/\\\/www.instagram.com\\\/newsinclusive\\\/\"]},{\"@type\":\"Person\",\"@id\":\"https:\\\/\\\/inclusivenews.com.br\\\/#\\\/schema\\\/person\\\/ae4ec7087559b8692fb33b6fffd2273b\",\"name\":\"inclusivenews2024\",\"image\":{\"@type\":\"ImageObject\",\"inLanguage\":\"pt-PT\",\"@id\":\"https:\\\/\\\/secure.gravatar.com\\\/avatar\\\/c5a7ef84c66fa914f55bc4f7ce26cfa275a3b9a1c5568b907bd184fb4dde7b40?s=96&d=mm&r=g\",\"url\":\"https:\\\/\\\/secure.gravatar.com\\\/avatar\\\/c5a7ef84c66fa914f55bc4f7ce26cfa275a3b9a1c5568b907bd184fb4dde7b40?s=96&d=mm&r=g\",\"contentUrl\":\"https:\\\/\\\/secure.gravatar.com\\\/avatar\\\/c5a7ef84c66fa914f55bc4f7ce26cfa275a3b9a1c5568b907bd184fb4dde7b40?s=96&d=mm&r=g\",\"caption\":\"inclusivenews2024\"},\"sameAs\":[\"https:\\\/\\\/inclusivenews.com.br\"],\"url\":\"https:\\\/\\\/inclusivenews.com.br\\\/?author=1\"}]}<\/script>\n<!-- \/ Yoast SEO plugin. -->","yoast_head_json":{"title":"Biblioteca Nacional lan\u00e7a Pr\u00eamio Vivaleitura 2012 -","robots":{"index":"index","follow":"follow","max-snippet":"max-snippet:-1","max-image-preview":"max-image-preview:large","max-video-preview":"max-video-preview:-1"},"canonical":"https:\/\/inclusivenews.com.br\/?p=23277","og_locale":"pt_PT","og_type":"article","og_title":"Biblioteca Nacional lan\u00e7a Pr\u00eamio Vivaleitura 2012 -","og_description":"Em 2012, a iniciativa oferecer\u00e1 R$ 540 mil em dinheiro a institui\u00e7\u00f5es comprometidas com o fomento \u00e0 media\u00e7\u00e3o da leitura em todo o territ\u00f3rio nacional e a valoriza\u00e7\u00e3o do h\u00e1bito de ler na conquista da cidadania plena.","og_url":"https:\/\/inclusivenews.com.br\/?p=23277","article_publisher":"https:\/\/www.facebook.com\/agenciainclusive\/","article_published_time":"2012-08-29T19:22:27+00:00","og_image":[{"url":"http:\/\/inclusivenews.com.br\/wp-content\/uploads\/2011\/01\/livrospbjpg-300x150.jpg","type":"","width":"","height":""}],"author":"inclusivenews2024","twitter_card":"summary_large_image","twitter_misc":{"Escrito por":"inclusivenews2024","Tempo estimado de leitura":"2 minutos"},"schema":{"@context":"https:\/\/schema.org","@graph":[{"@type":"Article","@id":"https:\/\/inclusivenews.com.br\/?p=23277#article","isPartOf":{"@id":"https:\/\/inclusivenews.com.br\/?p=23277"},"author":{"name":"inclusivenews2024","@id":"https:\/\/inclusivenews.com.br\/#\/schema\/person\/ae4ec7087559b8692fb33b6fffd2273b"},"headline":"Biblioteca Nacional lan\u00e7a Pr\u00eamio Vivaleitura 2012","datePublished":"2012-08-29T19:22:27+00:00","mainEntityOfPage":{"@id":"https:\/\/inclusivenews.com.br\/?p=23277"},"wordCount":326,"commentCount":0,"publisher":{"@id":"https:\/\/inclusivenews.com.br\/#organization"},"image":{"@id":"https:\/\/inclusivenews.com.br\/?p=23277#primaryimage"},"thumbnailUrl":"http:\/\/inclusivenews.com.br\/wp-content\/uploads\/2011\/01\/livrospbjpg-300x150.jpg","articleSection":["Cultura","NOT\u00cdCIAS"],"inLanguage":"pt-PT","potentialAction":[{"@type":"CommentAction","name":"Comment","target":["https:\/\/inclusivenews.com.br\/?p=23277#respond"]}]},{"@type":"WebPage","@id":"https:\/\/inclusivenews.com.br\/?p=23277","url":"https:\/\/inclusivenews.com.br\/?p=23277","name":"Biblioteca Nacional lan\u00e7a Pr\u00eamio Vivaleitura 2012 -","isPartOf":{"@id":"https:\/\/inclusivenews.com.br\/#website"},"primaryImageOfPage":{"@id":"https:\/\/inclusivenews.com.br\/?p=23277#primaryimage"},"image":{"@id":"https:\/\/inclusivenews.com.br\/?p=23277#primaryimage"},"thumbnailUrl":"http:\/\/inclusivenews.com.br\/wp-content\/uploads\/2011\/01\/livrospbjpg-300x150.jpg","datePublished":"2012-08-29T19:22:27+00:00","breadcrumb":{"@id":"https:\/\/inclusivenews.com.br\/?p=23277#breadcrumb"},"inLanguage":"pt-PT","potentialAction":[{"@type":"ReadAction","target":["https:\/\/inclusivenews.com.br\/?p=23277"]}]},{"@type":"ImageObject","inLanguage":"pt-PT","@id":"https:\/\/inclusivenews.com.br\/?p=23277#primaryimage","url":"","contentUrl":""},{"@type":"BreadcrumbList","@id":"https:\/\/inclusivenews.com.br\/?p=23277#breadcrumb","itemListElement":[{"@type":"ListItem","position":1,"name":"In\u00edcio","item":"https:\/\/inclusivenews.com.br\/"},{"@type":"ListItem","position":2,"name":"Biblioteca Nacional lan\u00e7a Pr\u00eamio Vivaleitura 2012"}]},{"@type":"WebSite","@id":"https:\/\/inclusivenews.com.br\/#website","url":"https:\/\/inclusivenews.com.br\/","name":"Inclusive News","description":"Inclusive News","publisher":{"@id":"https:\/\/inclusivenews.com.br\/#organization"},"potentialAction":[{"@type":"SearchAction","target":{"@type":"EntryPoint","urlTemplate":"https:\/\/inclusivenews.com.br\/?s={search_term_string}"},"query-input":{"@type":"PropertyValueSpecification","valueRequired":true,"valueName":"search_term_string"}}],"inLanguage":"pt-PT"},{"@type":"Organization","@id":"https:\/\/inclusivenews.com.br\/#organization","name":"Inclusive - inclus\u00e3o e cidadania","url":"https:\/\/inclusivenews.com.br\/","logo":{"@type":"ImageObject","inLanguage":"pt-PT","@id":"https:\/\/inclusivenews.com.br\/#\/schema\/logo\/image\/","url":"https:\/\/inclusivenews.com.br\/wp-content\/uploads\/2024\/03\/@grandesite.png","contentUrl":"https:\/\/inclusivenews.com.br\/wp-content\/uploads\/2024\/03\/@grandesite.png","width":1080,"height":1080,"caption":"Inclusive - inclus\u00e3o e cidadania"},"image":{"@id":"https:\/\/inclusivenews.com.br\/#\/schema\/logo\/image\/"},"sameAs":["https:\/\/www.facebook.com\/agenciainclusive\/","https:\/\/www.instagram.com\/newsinclusive\/"]},{"@type":"Person","@id":"https:\/\/inclusivenews.com.br\/#\/schema\/person\/ae4ec7087559b8692fb33b6fffd2273b","name":"inclusivenews2024","image":{"@type":"ImageObject","inLanguage":"pt-PT","@id":"https:\/\/secure.gravatar.com\/avatar\/c5a7ef84c66fa914f55bc4f7ce26cfa275a3b9a1c5568b907bd184fb4dde7b40?s=96&d=mm&r=g","url":"https:\/\/secure.gravatar.com\/avatar\/c5a7ef84c66fa914f55bc4f7ce26cfa275a3b9a1c5568b907bd184fb4dde7b40?s=96&d=mm&r=g","contentUrl":"https:\/\/secure.gravatar.com\/avatar\/c5a7ef84c66fa914f55bc4f7ce26cfa275a3b9a1c5568b907bd184fb4dde7b40?s=96&d=mm&r=g","caption":"inclusivenews2024"},"sameAs":["https:\/\/inclusivenews.com.br"],"url":"https:\/\/inclusivenews.com.br\/?author=1"}]}},"_links":{"self":[{"href":"https:\/\/inclusivenews.com.br\/index.php?rest_route=\/wp\/v2\/posts\/23277","targetHints":{"allow":["GET"]}}],"collection":[{"href":"https:\/\/inclusivenews.com.br\/index.php?rest_route=\/wp\/v2\/posts"}],"about":[{"href":"https:\/\/inclusivenews.com.br\/index.php?rest_route=\/wp\/v2\/types\/post"}],"author":[{"embeddable":true,"href":"https:\/\/inclusivenews.com.br\/index.php?rest_route=\/wp\/v2\/users\/1"}],"replies":[{"embeddable":true,"href":"https:\/\/inclusivenews.com.br\/index.php?rest_route=%2Fwp%2Fv2%2Fcomments&post=23277"}],"version-history":[{"count":0,"href":"https:\/\/inclusivenews.com.br\/index.php?rest_route=\/wp\/v2\/posts\/23277\/revisions"}],"wp:attachment":[{"href":"https:\/\/inclusivenews.com.br\/index.php?rest_route=%2Fwp%2Fv2%2Fmedia&parent=23277"}],"wp:term":[{"taxonomy":"category","embeddable":true,"href":"https:\/\/inclusivenews.com.br\/index.php?rest_route=%2Fwp%2Fv2%2Fcategories&post=23277"},{"taxonomy":"post_tag","embeddable":true,"href":"https:\/\/inclusivenews.com.br\/index.php?rest_route=%2Fwp%2Fv2%2Ftags&post=23277"}],"curies":[{"name":"wp","href":"https:\/\/api.w.org\/{rel}","templated":true}]}}