{"id":23283,"date":"2012-08-29T16:23:40","date_gmt":"2012-08-29T19:23:40","guid":{"rendered":"http:\/\/www.inclusive.org.br\/?p=23283"},"modified":"2012-08-29T16:23:40","modified_gmt":"2012-08-29T19:23:40","slug":"marcha-dos-10-mil-exige-reforma-agraria-ampla-e-de-qualidade","status":"publish","type":"post","link":"https:\/\/inclusivenews.com.br\/?p=23283","title":{"rendered":"Marcha dos 10 mil exige reforma agr\u00e1ria ampla e de qualidade"},"content":{"rendered":"<figure style=\"width: 200px\" class=\"wp-caption alignleft\"><img loading=\"lazy\" decoding=\"async\" class=\" \" title=\"Marcha da reforma agr\u00e1ria do s\u00e9culo XXI\" src=\"http:\/\/www.inesc.org.br\/noticias\/noticias-do-inesc\/2012\/agosto\/marcha-dos-10-mil-exige-reforma-agraria-ampla-e-de-qualidade\/image_mini\" alt=\"Marcha da reforma agr\u00e1ria do s\u00e9culo XXI\" width=\"200\" height=\"91\" \/><figcaption class=\"wp-caption-text\"> <\/figcaption><\/figure>\n<p><em>&#8220;A reforma agr\u00e1ria n\u00e3o \u00e9 um problema, ela \u00e9 uma solu\u00e7\u00e3o para redimensionar os novos sujeitos hist\u00f3ricos que est\u00e3o emergindo, que n\u00e3o existiam em 1961&#8221;, afirma Ed\u00e9lcio Vigna, assessor pol\u00edtico do Inesc.<\/em><\/p>\n<p>O Congresso Campon\u00eas, inspirado no I Congresso de Lavradores ocorrido em 1961, reuniu em Bras\u00edlia cerca de 10 mil camponeses\/as, representa\u00e7\u00f5es de popula\u00e7\u00f5es ind\u00edgenas, comunidades quilombolas, povos das \u00e1guas e das florestas.<\/p>\n<p>O encontro por Terra, Territ\u00f3rio e Dignidade reivindica acesso \u00e0 terra, uma reforma agr\u00e1ria ampla e de qualidade, o desenvolvimento rural com distribui\u00e7\u00e3o de renda e riqueza, a produ\u00e7\u00e3o e acesso a alimentos saud\u00e1veis, entre outros itens.<\/p>\n<p>Os trabalhadores\/as marcharam do Parque da Cidade at\u00e9 o Pal\u00e1cio do Planalto, onde um grupo de mulheres entregou a Declara\u00e7\u00e3o Final do Encontro Unit\u00e1rio ao ministro da Secretaria Geral da Presid\u00eancia da Rep\u00fablica, Gilberto Carvalho. (<a href=\"http:\/\/www.inesc.org.br\/noticias\/biblioteca\/noticias\/noticias-gerais\/2012-1\/agosto\/declaracao-do-encontro-nacional-unitario-de-trabalhadores-e-trabalhadoras-povos-do-campo-das-aguas-e-das-florestas.-por-terra-territorio-e-dignidade\/view\" target=\"_blank\" rel=\"noopener\">Veja aqui a declara\u00e7\u00e3o<\/a>)<\/p>\n<p>O documento ressalta a necessidade de a\u00e7\u00f5es mais efetivas por parte do governo para acabar com a viol\u00eancia no campo, contra trabalhadores, trabalhadoras, comunidades tradicionais e ind\u00edgenas. Destaca, tamb\u00e9m, a import\u00e2ncia da agricultura familiar e livre de agrot\u00f3xicos para garantir uma alimenta\u00e7\u00e3o saud\u00e1vel para a popula\u00e7\u00e3o brasileira.<\/p>\n<p>Para o assessor pol\u00edtico do Inesc, Ed\u00e9lcio Vigna, a marcha e a entrega da declara\u00e7\u00e3o t\u00eam uma fun\u00e7\u00e3o de proporcionar um novo olhar para a reforma agr\u00e1ria. &#8220;Apesar das demandas serem muito semelhantes da d\u00e9cada de 60, elas se colocam em um novo contexto hist\u00f3rico e social. \u00c9 preciso enxergar a reforma agr\u00e1ria de forma diferente.  A reforma agr\u00e1ria n\u00e3o \u00e9 um problema, ela \u00e9 uma solu\u00e7\u00e3o para redimensionar os novos sujeitos hist\u00f3ricos que est\u00e3o emergindo, que n\u00e3o existiam em 1961&#8221;, afirma.<\/p>\n<p>Fonte: INESC<\/p>\n","protected":false},"excerpt":{"rendered":"<p>&#8220;A reforma agr\u00e1ria n\u00e3o \u00e9 um problema, ela \u00e9 uma solu\u00e7\u00e3o para redimensionar os novos sujeitos hist\u00f3ricos que est\u00e3o emergindo, que n\u00e3o existiam em 1961&#8221;, afirma Ed\u00e9lcio Vigna, assessor pol\u00edtico do Inesc.<\/p>\n","protected":false},"author":1,"featured_media":0,"comment_status":"open","ping_status":"open","sticky":false,"template":"","format":"standard","meta":{"site-container-style":"default","site-container-layout":"default","site-sidebar-layout":"default","disable-article-header":"default","disable-site-header":"default","disable-site-footer":"default","disable-content-area-spacing":"default","footnotes":""},"categories":[4],"tags":[],"class_list":["post-23283","post","type-post","status-publish","format-standard","hentry","category-noticias"],"yoast_head":"<!-- This site is optimized with the Yoast SEO plugin v27.5 - https:\/\/yoast.com\/product\/yoast-seo-wordpress\/ -->\n<title>Marcha dos 10 mil exige reforma agr\u00e1ria ampla e de qualidade -<\/title>\n<meta name=\"robots\" content=\"index, follow, max-snippet:-1, max-image-preview:large, max-video-preview:-1\" \/>\n<link rel=\"canonical\" href=\"https:\/\/inclusivenews.com.br\/?p=23283\" \/>\n<meta property=\"og:locale\" content=\"pt_PT\" \/>\n<meta property=\"og:type\" content=\"article\" \/>\n<meta property=\"og:title\" content=\"Marcha dos 10 mil exige reforma agr\u00e1ria ampla e de qualidade -\" \/>\n<meta property=\"og:description\" content=\"&quot;A reforma agr\u00e1ria n\u00e3o \u00e9 um problema, ela \u00e9 uma solu\u00e7\u00e3o para redimensionar os novos sujeitos hist\u00f3ricos que est\u00e3o emergindo, que n\u00e3o existiam em 1961&quot;, afirma Ed\u00e9lcio Vigna, assessor pol\u00edtico do Inesc.\" \/>\n<meta property=\"og:url\" content=\"https:\/\/inclusivenews.com.br\/?p=23283\" \/>\n<meta property=\"article:publisher\" content=\"https:\/\/www.facebook.com\/agenciainclusive\/\" \/>\n<meta property=\"article:published_time\" content=\"2012-08-29T19:23:40+00:00\" \/>\n<meta property=\"og:image\" content=\"http:\/\/www.inesc.org.br\/noticias\/noticias-do-inesc\/2012\/agosto\/marcha-dos-10-mil-exige-reforma-agraria-ampla-e-de-qualidade\/image_mini\" \/>\n<meta name=\"author\" content=\"inclusivenews2024\" \/>\n<meta name=\"twitter:card\" content=\"summary_large_image\" \/>\n<meta name=\"twitter:label1\" content=\"Escrito por\" \/>\n\t<meta name=\"twitter:data1\" content=\"inclusivenews2024\" \/>\n\t<meta name=\"twitter:label2\" content=\"Tempo estimado de leitura\" \/>\n\t<meta name=\"twitter:data2\" content=\"2 minutos\" \/>\n<script type=\"application\/ld+json\" class=\"yoast-schema-graph\">{\"@context\":\"https:\\\/\\\/schema.org\",\"@graph\":[{\"@type\":\"Article\",\"@id\":\"https:\\\/\\\/inclusivenews.com.br\\\/?p=23283#article\",\"isPartOf\":{\"@id\":\"https:\\\/\\\/inclusivenews.com.br\\\/?p=23283\"},\"author\":{\"name\":\"inclusivenews2024\",\"@id\":\"https:\\\/\\\/inclusivenews.com.br\\\/#\\\/schema\\\/person\\\/ae4ec7087559b8692fb33b6fffd2273b\"},\"headline\":\"Marcha dos 10 mil exige reforma agr\u00e1ria ampla e de qualidade\",\"datePublished\":\"2012-08-29T19:23:40+00:00\",\"mainEntityOfPage\":{\"@id\":\"https:\\\/\\\/inclusivenews.com.br\\\/?p=23283\"},\"wordCount\":328,\"commentCount\":0,\"publisher\":{\"@id\":\"https:\\\/\\\/inclusivenews.com.br\\\/#organization\"},\"image\":{\"@id\":\"https:\\\/\\\/inclusivenews.com.br\\\/?p=23283#primaryimage\"},\"thumbnailUrl\":\"http:\\\/\\\/www.inesc.org.br\\\/noticias\\\/noticias-do-inesc\\\/2012\\\/agosto\\\/marcha-dos-10-mil-exige-reforma-agraria-ampla-e-de-qualidade\\\/image_mini\",\"articleSection\":[\"NOT\u00cdCIAS\"],\"inLanguage\":\"pt-PT\",\"potentialAction\":[{\"@type\":\"CommentAction\",\"name\":\"Comment\",\"target\":[\"https:\\\/\\\/inclusivenews.com.br\\\/?p=23283#respond\"]}]},{\"@type\":\"WebPage\",\"@id\":\"https:\\\/\\\/inclusivenews.com.br\\\/?p=23283\",\"url\":\"https:\\\/\\\/inclusivenews.com.br\\\/?p=23283\",\"name\":\"Marcha dos 10 mil exige reforma agr\u00e1ria ampla e de qualidade -\",\"isPartOf\":{\"@id\":\"https:\\\/\\\/inclusivenews.com.br\\\/#website\"},\"primaryImageOfPage\":{\"@id\":\"https:\\\/\\\/inclusivenews.com.br\\\/?p=23283#primaryimage\"},\"image\":{\"@id\":\"https:\\\/\\\/inclusivenews.com.br\\\/?p=23283#primaryimage\"},\"thumbnailUrl\":\"http:\\\/\\\/www.inesc.org.br\\\/noticias\\\/noticias-do-inesc\\\/2012\\\/agosto\\\/marcha-dos-10-mil-exige-reforma-agraria-ampla-e-de-qualidade\\\/image_mini\",\"datePublished\":\"2012-08-29T19:23:40+00:00\",\"breadcrumb\":{\"@id\":\"https:\\\/\\\/inclusivenews.com.br\\\/?p=23283#breadcrumb\"},\"inLanguage\":\"pt-PT\",\"potentialAction\":[{\"@type\":\"ReadAction\",\"target\":[\"https:\\\/\\\/inclusivenews.com.br\\\/?p=23283\"]}]},{\"@type\":\"ImageObject\",\"inLanguage\":\"pt-PT\",\"@id\":\"https:\\\/\\\/inclusivenews.com.br\\\/?p=23283#primaryimage\",\"url\":\"http:\\\/\\\/www.inesc.org.br\\\/noticias\\\/noticias-do-inesc\\\/2012\\\/agosto\\\/marcha-dos-10-mil-exige-reforma-agraria-ampla-e-de-qualidade\\\/image_mini\",\"contentUrl\":\"http:\\\/\\\/www.inesc.org.br\\\/noticias\\\/noticias-do-inesc\\\/2012\\\/agosto\\\/marcha-dos-10-mil-exige-reforma-agraria-ampla-e-de-qualidade\\\/image_mini\"},{\"@type\":\"BreadcrumbList\",\"@id\":\"https:\\\/\\\/inclusivenews.com.br\\\/?p=23283#breadcrumb\",\"itemListElement\":[{\"@type\":\"ListItem\",\"position\":1,\"name\":\"In\u00edcio\",\"item\":\"https:\\\/\\\/inclusivenews.com.br\\\/\"},{\"@type\":\"ListItem\",\"position\":2,\"name\":\"Marcha dos 10 mil exige reforma agr\u00e1ria ampla e de qualidade\"}]},{\"@type\":\"WebSite\",\"@id\":\"https:\\\/\\\/inclusivenews.com.br\\\/#website\",\"url\":\"https:\\\/\\\/inclusivenews.com.br\\\/\",\"name\":\"Inclusive News\",\"description\":\"Inclusive News\",\"publisher\":{\"@id\":\"https:\\\/\\\/inclusivenews.com.br\\\/#organization\"},\"potentialAction\":[{\"@type\":\"SearchAction\",\"target\":{\"@type\":\"EntryPoint\",\"urlTemplate\":\"https:\\\/\\\/inclusivenews.com.br\\\/?s={search_term_string}\"},\"query-input\":{\"@type\":\"PropertyValueSpecification\",\"valueRequired\":true,\"valueName\":\"search_term_string\"}}],\"inLanguage\":\"pt-PT\"},{\"@type\":\"Organization\",\"@id\":\"https:\\\/\\\/inclusivenews.com.br\\\/#organization\",\"name\":\"Inclusive - inclus\u00e3o e cidadania\",\"url\":\"https:\\\/\\\/inclusivenews.com.br\\\/\",\"logo\":{\"@type\":\"ImageObject\",\"inLanguage\":\"pt-PT\",\"@id\":\"https:\\\/\\\/inclusivenews.com.br\\\/#\\\/schema\\\/logo\\\/image\\\/\",\"url\":\"https:\\\/\\\/inclusivenews.com.br\\\/wp-content\\\/uploads\\\/2024\\\/03\\\/@grandesite.png\",\"contentUrl\":\"https:\\\/\\\/inclusivenews.com.br\\\/wp-content\\\/uploads\\\/2024\\\/03\\\/@grandesite.png\",\"width\":1080,\"height\":1080,\"caption\":\"Inclusive - inclus\u00e3o e cidadania\"},\"image\":{\"@id\":\"https:\\\/\\\/inclusivenews.com.br\\\/#\\\/schema\\\/logo\\\/image\\\/\"},\"sameAs\":[\"https:\\\/\\\/www.facebook.com\\\/agenciainclusive\\\/\",\"https:\\\/\\\/www.instagram.com\\\/newsinclusive\\\/\"]},{\"@type\":\"Person\",\"@id\":\"https:\\\/\\\/inclusivenews.com.br\\\/#\\\/schema\\\/person\\\/ae4ec7087559b8692fb33b6fffd2273b\",\"name\":\"inclusivenews2024\",\"image\":{\"@type\":\"ImageObject\",\"inLanguage\":\"pt-PT\",\"@id\":\"https:\\\/\\\/secure.gravatar.com\\\/avatar\\\/c5a7ef84c66fa914f55bc4f7ce26cfa275a3b9a1c5568b907bd184fb4dde7b40?s=96&d=mm&r=g\",\"url\":\"https:\\\/\\\/secure.gravatar.com\\\/avatar\\\/c5a7ef84c66fa914f55bc4f7ce26cfa275a3b9a1c5568b907bd184fb4dde7b40?s=96&d=mm&r=g\",\"contentUrl\":\"https:\\\/\\\/secure.gravatar.com\\\/avatar\\\/c5a7ef84c66fa914f55bc4f7ce26cfa275a3b9a1c5568b907bd184fb4dde7b40?s=96&d=mm&r=g\",\"caption\":\"inclusivenews2024\"},\"sameAs\":[\"https:\\\/\\\/inclusivenews.com.br\"],\"url\":\"https:\\\/\\\/inclusivenews.com.br\\\/?author=1\"}]}<\/script>\n<!-- \/ Yoast SEO plugin. -->","yoast_head_json":{"title":"Marcha dos 10 mil exige reforma agr\u00e1ria ampla e de qualidade -","robots":{"index":"index","follow":"follow","max-snippet":"max-snippet:-1","max-image-preview":"max-image-preview:large","max-video-preview":"max-video-preview:-1"},"canonical":"https:\/\/inclusivenews.com.br\/?p=23283","og_locale":"pt_PT","og_type":"article","og_title":"Marcha dos 10 mil exige reforma agr\u00e1ria ampla e de qualidade -","og_description":"\"A reforma agr\u00e1ria n\u00e3o \u00e9 um problema, ela \u00e9 uma solu\u00e7\u00e3o para redimensionar os novos sujeitos hist\u00f3ricos que est\u00e3o emergindo, que n\u00e3o existiam em 1961\", afirma Ed\u00e9lcio Vigna, assessor pol\u00edtico do Inesc.","og_url":"https:\/\/inclusivenews.com.br\/?p=23283","article_publisher":"https:\/\/www.facebook.com\/agenciainclusive\/","article_published_time":"2012-08-29T19:23:40+00:00","og_image":[{"url":"http:\/\/www.inesc.org.br\/noticias\/noticias-do-inesc\/2012\/agosto\/marcha-dos-10-mil-exige-reforma-agraria-ampla-e-de-qualidade\/image_mini","type":"","width":"","height":""}],"author":"inclusivenews2024","twitter_card":"summary_large_image","twitter_misc":{"Escrito por":"inclusivenews2024","Tempo estimado de leitura":"2 minutos"},"schema":{"@context":"https:\/\/schema.org","@graph":[{"@type":"Article","@id":"https:\/\/inclusivenews.com.br\/?p=23283#article","isPartOf":{"@id":"https:\/\/inclusivenews.com.br\/?p=23283"},"author":{"name":"inclusivenews2024","@id":"https:\/\/inclusivenews.com.br\/#\/schema\/person\/ae4ec7087559b8692fb33b6fffd2273b"},"headline":"Marcha dos 10 mil exige reforma agr\u00e1ria ampla e de qualidade","datePublished":"2012-08-29T19:23:40+00:00","mainEntityOfPage":{"@id":"https:\/\/inclusivenews.com.br\/?p=23283"},"wordCount":328,"commentCount":0,"publisher":{"@id":"https:\/\/inclusivenews.com.br\/#organization"},"image":{"@id":"https:\/\/inclusivenews.com.br\/?p=23283#primaryimage"},"thumbnailUrl":"http:\/\/www.inesc.org.br\/noticias\/noticias-do-inesc\/2012\/agosto\/marcha-dos-10-mil-exige-reforma-agraria-ampla-e-de-qualidade\/image_mini","articleSection":["NOT\u00cdCIAS"],"inLanguage":"pt-PT","potentialAction":[{"@type":"CommentAction","name":"Comment","target":["https:\/\/inclusivenews.com.br\/?p=23283#respond"]}]},{"@type":"WebPage","@id":"https:\/\/inclusivenews.com.br\/?p=23283","url":"https:\/\/inclusivenews.com.br\/?p=23283","name":"Marcha dos 10 mil exige reforma agr\u00e1ria ampla e de qualidade -","isPartOf":{"@id":"https:\/\/inclusivenews.com.br\/#website"},"primaryImageOfPage":{"@id":"https:\/\/inclusivenews.com.br\/?p=23283#primaryimage"},"image":{"@id":"https:\/\/inclusivenews.com.br\/?p=23283#primaryimage"},"thumbnailUrl":"http:\/\/www.inesc.org.br\/noticias\/noticias-do-inesc\/2012\/agosto\/marcha-dos-10-mil-exige-reforma-agraria-ampla-e-de-qualidade\/image_mini","datePublished":"2012-08-29T19:23:40+00:00","breadcrumb":{"@id":"https:\/\/inclusivenews.com.br\/?p=23283#breadcrumb"},"inLanguage":"pt-PT","potentialAction":[{"@type":"ReadAction","target":["https:\/\/inclusivenews.com.br\/?p=23283"]}]},{"@type":"ImageObject","inLanguage":"pt-PT","@id":"https:\/\/inclusivenews.com.br\/?p=23283#primaryimage","url":"http:\/\/www.inesc.org.br\/noticias\/noticias-do-inesc\/2012\/agosto\/marcha-dos-10-mil-exige-reforma-agraria-ampla-e-de-qualidade\/image_mini","contentUrl":"http:\/\/www.inesc.org.br\/noticias\/noticias-do-inesc\/2012\/agosto\/marcha-dos-10-mil-exige-reforma-agraria-ampla-e-de-qualidade\/image_mini"},{"@type":"BreadcrumbList","@id":"https:\/\/inclusivenews.com.br\/?p=23283#breadcrumb","itemListElement":[{"@type":"ListItem","position":1,"name":"In\u00edcio","item":"https:\/\/inclusivenews.com.br\/"},{"@type":"ListItem","position":2,"name":"Marcha dos 10 mil exige reforma agr\u00e1ria ampla e de qualidade"}]},{"@type":"WebSite","@id":"https:\/\/inclusivenews.com.br\/#website","url":"https:\/\/inclusivenews.com.br\/","name":"Inclusive News","description":"Inclusive News","publisher":{"@id":"https:\/\/inclusivenews.com.br\/#organization"},"potentialAction":[{"@type":"SearchAction","target":{"@type":"EntryPoint","urlTemplate":"https:\/\/inclusivenews.com.br\/?s={search_term_string}"},"query-input":{"@type":"PropertyValueSpecification","valueRequired":true,"valueName":"search_term_string"}}],"inLanguage":"pt-PT"},{"@type":"Organization","@id":"https:\/\/inclusivenews.com.br\/#organization","name":"Inclusive - inclus\u00e3o e cidadania","url":"https:\/\/inclusivenews.com.br\/","logo":{"@type":"ImageObject","inLanguage":"pt-PT","@id":"https:\/\/inclusivenews.com.br\/#\/schema\/logo\/image\/","url":"https:\/\/inclusivenews.com.br\/wp-content\/uploads\/2024\/03\/@grandesite.png","contentUrl":"https:\/\/inclusivenews.com.br\/wp-content\/uploads\/2024\/03\/@grandesite.png","width":1080,"height":1080,"caption":"Inclusive - inclus\u00e3o e cidadania"},"image":{"@id":"https:\/\/inclusivenews.com.br\/#\/schema\/logo\/image\/"},"sameAs":["https:\/\/www.facebook.com\/agenciainclusive\/","https:\/\/www.instagram.com\/newsinclusive\/"]},{"@type":"Person","@id":"https:\/\/inclusivenews.com.br\/#\/schema\/person\/ae4ec7087559b8692fb33b6fffd2273b","name":"inclusivenews2024","image":{"@type":"ImageObject","inLanguage":"pt-PT","@id":"https:\/\/secure.gravatar.com\/avatar\/c5a7ef84c66fa914f55bc4f7ce26cfa275a3b9a1c5568b907bd184fb4dde7b40?s=96&d=mm&r=g","url":"https:\/\/secure.gravatar.com\/avatar\/c5a7ef84c66fa914f55bc4f7ce26cfa275a3b9a1c5568b907bd184fb4dde7b40?s=96&d=mm&r=g","contentUrl":"https:\/\/secure.gravatar.com\/avatar\/c5a7ef84c66fa914f55bc4f7ce26cfa275a3b9a1c5568b907bd184fb4dde7b40?s=96&d=mm&r=g","caption":"inclusivenews2024"},"sameAs":["https:\/\/inclusivenews.com.br"],"url":"https:\/\/inclusivenews.com.br\/?author=1"}]}},"_links":{"self":[{"href":"https:\/\/inclusivenews.com.br\/index.php?rest_route=\/wp\/v2\/posts\/23283","targetHints":{"allow":["GET"]}}],"collection":[{"href":"https:\/\/inclusivenews.com.br\/index.php?rest_route=\/wp\/v2\/posts"}],"about":[{"href":"https:\/\/inclusivenews.com.br\/index.php?rest_route=\/wp\/v2\/types\/post"}],"author":[{"embeddable":true,"href":"https:\/\/inclusivenews.com.br\/index.php?rest_route=\/wp\/v2\/users\/1"}],"replies":[{"embeddable":true,"href":"https:\/\/inclusivenews.com.br\/index.php?rest_route=%2Fwp%2Fv2%2Fcomments&post=23283"}],"version-history":[{"count":0,"href":"https:\/\/inclusivenews.com.br\/index.php?rest_route=\/wp\/v2\/posts\/23283\/revisions"}],"wp:attachment":[{"href":"https:\/\/inclusivenews.com.br\/index.php?rest_route=%2Fwp%2Fv2%2Fmedia&parent=23283"}],"wp:term":[{"taxonomy":"category","embeddable":true,"href":"https:\/\/inclusivenews.com.br\/index.php?rest_route=%2Fwp%2Fv2%2Fcategories&post=23283"},{"taxonomy":"post_tag","embeddable":true,"href":"https:\/\/inclusivenews.com.br\/index.php?rest_route=%2Fwp%2Fv2%2Ftags&post=23283"}],"curies":[{"name":"wp","href":"https:\/\/api.w.org\/{rel}","templated":true}]}}