{"id":23285,"date":"2012-08-29T16:23:48","date_gmt":"2012-08-29T19:23:48","guid":{"rendered":"http:\/\/www.inclusive.org.br\/?p=23285"},"modified":"2012-08-29T16:23:48","modified_gmt":"2012-08-29T19:23:48","slug":"guia-para-jornalistas-sobre-genero-raca-e-etnia","status":"publish","type":"post","link":"https:\/\/inclusivenews.com.br\/?p=23285","title":{"rendered":"Guia para jornalistas sobre g\u00eanero, ra\u00e7a e etnia"},"content":{"rendered":"<figure id=\"attachment_23310\" aria-describedby=\"caption-attachment-23310\" style=\"width: 166px\" class=\"wp-caption alignleft\"><a href=\"http:\/\/www.inclusivenews.com.br\/wp-content\/uploads\/guia.jpg\"><img loading=\"lazy\" decoding=\"async\" class=\"size-full wp-image-23310\" title=\"Capa do guia, onde aparecem v\u00e1rias pessoas sob o titulo do livro\" src=\"http:\/\/inclusivenews.com.br\/wp-content\/uploads\/guia.jpg\" alt=\"Capa do guia, onde aparecem v\u00e1rias pessoas sob o titulo do livro\" width=\"166\" height=\"230\" \/><\/a><figcaption id=\"caption-attachment-23310\" class=\"wp-caption-text\"> <\/figcaption><\/figure>\n<p>O Guia para jornalistas sobre g\u00eanero, ra\u00e7a e etnia pertence \u00e0 agenda de trabalho articulada entre a FENAJ &#8211; Federa\u00e7\u00e3o Nacional dos Jornalistas e a ONU Mulheres &#8211; Entidade das Na\u00e7\u00f5es Unidas para a Igualdade de G\u00eanero e o Empoderamento das Mulheres a partir do Memorando de Entendimento assinado em agosto de 2010. A primeira atividade \u00e9 a cria\u00e7\u00e3o de um curso para a forma\u00e7\u00e3o de jornalistas e estudantes de Jornalismo na tem\u00e1tica de g\u00eanero, ra\u00e7a e etnia nos estados de Alagoas, Amazonas, Cear\u00e1, Par\u00e1, Pernambuco, S\u00e3o Paulo, Rio de Janeiro e Rio Grande do Sul.<\/p>\n<p>A publica\u00e7\u00e3o \u00e9 uma ferramenta do plano pedag\u00f3gico do curso de forma\u00e7\u00e3o de jornalistas na tem\u00e1tica de g\u00eanero, ra\u00e7a e etnia. Tem o prop\u00f3sito de auxiliar jornalistas (que desempenham as fun\u00e7\u00f5es de produ\u00e7\u00e3o, reportagem, reda\u00e7\u00e3o, edi\u00e7\u00e3o e dire\u00e7\u00e3o de reda\u00e7\u00e3o) e estudantes de Jornalismo na tarefa de cobrir os temas com recorte de g\u00eanero, ra\u00e7a e etnia no dia a dia da imprensa.<\/p>\n<p>A reprodu\u00e7\u00e3o do guia \u00e9 autorizada, desde que seja mencionada a fonte.<\/p>\n<p><a href=\"http:\/\/aads.org.br\/arquivos\/guia_bx.pdf\" target=\"_blank\" rel=\"noopener\">Fa\u00e7a aqui o download do &#8220;Guia para jornalistas sobre g\u00eanero, ra\u00e7a e etnia&#8221;.<\/a><\/p>\n<p>Fonte: <a href=\"http:\/\/www.aads.org.br\/wp\/?p=2135\">IPAS<\/a><\/p>\n","protected":false},"excerpt":{"rendered":"<p>A publica\u00e7\u00e3o \u00e9 uma ferramenta do plano pedag\u00f3gico do curso de forma\u00e7\u00e3o de jornalistas na tem\u00e1tica de g\u00eanero, ra\u00e7a e etnia. Tem o prop\u00f3sito de auxiliar jornalistas (que desempenham as fun\u00e7\u00f5es de produ\u00e7\u00e3o, reportagem, reda\u00e7\u00e3o, edi\u00e7\u00e3o e dire\u00e7\u00e3o de reda\u00e7\u00e3o) e estudantes de Jornalismo na tarefa de cobrir os temas com recorte de g\u00eanero, ra\u00e7a e etnia no dia a dia da imprensa.<\/p>\n","protected":false},"author":1,"featured_media":0,"comment_status":"open","ping_status":"open","sticky":false,"template":"","format":"standard","meta":{"site-container-style":"default","site-container-layout":"default","site-sidebar-layout":"default","disable-article-header":"default","disable-site-header":"default","disable-site-footer":"default","disable-content-area-spacing":"default","footnotes":""},"categories":[11,52,4,10],"tags":[],"class_list":["post-23285","post","type-post","status-publish","format-standard","hentry","category-direitos-humanos","category-downloadables","category-noticias","category-publicacoes"],"yoast_head":"<!-- This site is optimized with the Yoast SEO plugin v27.5 - https:\/\/yoast.com\/product\/yoast-seo-wordpress\/ -->\n<title>Guia para jornalistas sobre g\u00eanero, ra\u00e7a e etnia -<\/title>\n<meta name=\"robots\" content=\"index, follow, max-snippet:-1, max-image-preview:large, max-video-preview:-1\" \/>\n<link rel=\"canonical\" href=\"https:\/\/inclusivenews.com.br\/?p=23285\" \/>\n<meta property=\"og:locale\" content=\"pt_PT\" \/>\n<meta property=\"og:type\" content=\"article\" \/>\n<meta property=\"og:title\" content=\"Guia para jornalistas sobre g\u00eanero, ra\u00e7a e etnia -\" \/>\n<meta property=\"og:description\" content=\"A publica\u00e7\u00e3o \u00e9 uma ferramenta do plano pedag\u00f3gico do curso de forma\u00e7\u00e3o de jornalistas na tem\u00e1tica de g\u00eanero, ra\u00e7a e etnia. Tem o prop\u00f3sito de auxiliar jornalistas (que desempenham as fun\u00e7\u00f5es de produ\u00e7\u00e3o, reportagem, reda\u00e7\u00e3o, edi\u00e7\u00e3o e dire\u00e7\u00e3o de reda\u00e7\u00e3o) e estudantes de Jornalismo na tarefa de cobrir os temas com recorte de g\u00eanero, ra\u00e7a e etnia no dia a dia da imprensa.\" \/>\n<meta property=\"og:url\" content=\"https:\/\/inclusivenews.com.br\/?p=23285\" \/>\n<meta property=\"article:publisher\" content=\"https:\/\/www.facebook.com\/agenciainclusive\/\" \/>\n<meta property=\"article:published_time\" content=\"2012-08-29T19:23:48+00:00\" \/>\n<meta property=\"og:image\" content=\"http:\/\/inclusivenews.com.br\/wp-content\/uploads\/guia.jpg\" \/>\n<meta name=\"author\" content=\"inclusivenews2024\" \/>\n<meta name=\"twitter:card\" content=\"summary_large_image\" \/>\n<meta name=\"twitter:label1\" content=\"Escrito por\" \/>\n\t<meta name=\"twitter:data1\" content=\"inclusivenews2024\" \/>\n\t<meta name=\"twitter:label2\" content=\"Tempo estimado de leitura\" \/>\n\t<meta name=\"twitter:data2\" content=\"1 minuto\" \/>\n<script type=\"application\/ld+json\" class=\"yoast-schema-graph\">{\"@context\":\"https:\\\/\\\/schema.org\",\"@graph\":[{\"@type\":\"Article\",\"@id\":\"https:\\\/\\\/inclusivenews.com.br\\\/?p=23285#article\",\"isPartOf\":{\"@id\":\"https:\\\/\\\/inclusivenews.com.br\\\/?p=23285\"},\"author\":{\"name\":\"inclusivenews2024\",\"@id\":\"https:\\\/\\\/inclusivenews.com.br\\\/#\\\/schema\\\/person\\\/ae4ec7087559b8692fb33b6fffd2273b\"},\"headline\":\"Guia para jornalistas sobre g\u00eanero, ra\u00e7a e etnia\",\"datePublished\":\"2012-08-29T19:23:48+00:00\",\"mainEntityOfPage\":{\"@id\":\"https:\\\/\\\/inclusivenews.com.br\\\/?p=23285\"},\"wordCount\":229,\"commentCount\":0,\"publisher\":{\"@id\":\"https:\\\/\\\/inclusivenews.com.br\\\/#organization\"},\"image\":{\"@id\":\"https:\\\/\\\/inclusivenews.com.br\\\/?p=23285#primaryimage\"},\"thumbnailUrl\":\"http:\\\/\\\/inclusivenews.com.br\\\/wp-content\\\/uploads\\\/guia.jpg\",\"articleSection\":[\"DIREITOS HUMANOS\",\"Downloadables\",\"NOT\u00cdCIAS\",\"PUBLICA\u00c7\u00d5ES\"],\"inLanguage\":\"pt-PT\",\"potentialAction\":[{\"@type\":\"CommentAction\",\"name\":\"Comment\",\"target\":[\"https:\\\/\\\/inclusivenews.com.br\\\/?p=23285#respond\"]}]},{\"@type\":\"WebPage\",\"@id\":\"https:\\\/\\\/inclusivenews.com.br\\\/?p=23285\",\"url\":\"https:\\\/\\\/inclusivenews.com.br\\\/?p=23285\",\"name\":\"Guia para jornalistas sobre g\u00eanero, ra\u00e7a e etnia -\",\"isPartOf\":{\"@id\":\"https:\\\/\\\/inclusivenews.com.br\\\/#website\"},\"primaryImageOfPage\":{\"@id\":\"https:\\\/\\\/inclusivenews.com.br\\\/?p=23285#primaryimage\"},\"image\":{\"@id\":\"https:\\\/\\\/inclusivenews.com.br\\\/?p=23285#primaryimage\"},\"thumbnailUrl\":\"http:\\\/\\\/inclusivenews.com.br\\\/wp-content\\\/uploads\\\/guia.jpg\",\"datePublished\":\"2012-08-29T19:23:48+00:00\",\"breadcrumb\":{\"@id\":\"https:\\\/\\\/inclusivenews.com.br\\\/?p=23285#breadcrumb\"},\"inLanguage\":\"pt-PT\",\"potentialAction\":[{\"@type\":\"ReadAction\",\"target\":[\"https:\\\/\\\/inclusivenews.com.br\\\/?p=23285\"]}]},{\"@type\":\"ImageObject\",\"inLanguage\":\"pt-PT\",\"@id\":\"https:\\\/\\\/inclusivenews.com.br\\\/?p=23285#primaryimage\",\"url\":\"\",\"contentUrl\":\"\"},{\"@type\":\"BreadcrumbList\",\"@id\":\"https:\\\/\\\/inclusivenews.com.br\\\/?p=23285#breadcrumb\",\"itemListElement\":[{\"@type\":\"ListItem\",\"position\":1,\"name\":\"In\u00edcio\",\"item\":\"https:\\\/\\\/inclusivenews.com.br\\\/\"},{\"@type\":\"ListItem\",\"position\":2,\"name\":\"Guia para jornalistas sobre g\u00eanero, ra\u00e7a e etnia\"}]},{\"@type\":\"WebSite\",\"@id\":\"https:\\\/\\\/inclusivenews.com.br\\\/#website\",\"url\":\"https:\\\/\\\/inclusivenews.com.br\\\/\",\"name\":\"Inclusive News\",\"description\":\"Inclusive News\",\"publisher\":{\"@id\":\"https:\\\/\\\/inclusivenews.com.br\\\/#organization\"},\"potentialAction\":[{\"@type\":\"SearchAction\",\"target\":{\"@type\":\"EntryPoint\",\"urlTemplate\":\"https:\\\/\\\/inclusivenews.com.br\\\/?s={search_term_string}\"},\"query-input\":{\"@type\":\"PropertyValueSpecification\",\"valueRequired\":true,\"valueName\":\"search_term_string\"}}],\"inLanguage\":\"pt-PT\"},{\"@type\":\"Organization\",\"@id\":\"https:\\\/\\\/inclusivenews.com.br\\\/#organization\",\"name\":\"Inclusive - inclus\u00e3o e cidadania\",\"url\":\"https:\\\/\\\/inclusivenews.com.br\\\/\",\"logo\":{\"@type\":\"ImageObject\",\"inLanguage\":\"pt-PT\",\"@id\":\"https:\\\/\\\/inclusivenews.com.br\\\/#\\\/schema\\\/logo\\\/image\\\/\",\"url\":\"https:\\\/\\\/inclusivenews.com.br\\\/wp-content\\\/uploads\\\/2024\\\/03\\\/@grandesite.png\",\"contentUrl\":\"https:\\\/\\\/inclusivenews.com.br\\\/wp-content\\\/uploads\\\/2024\\\/03\\\/@grandesite.png\",\"width\":1080,\"height\":1080,\"caption\":\"Inclusive - inclus\u00e3o e cidadania\"},\"image\":{\"@id\":\"https:\\\/\\\/inclusivenews.com.br\\\/#\\\/schema\\\/logo\\\/image\\\/\"},\"sameAs\":[\"https:\\\/\\\/www.facebook.com\\\/agenciainclusive\\\/\",\"https:\\\/\\\/www.instagram.com\\\/newsinclusive\\\/\"]},{\"@type\":\"Person\",\"@id\":\"https:\\\/\\\/inclusivenews.com.br\\\/#\\\/schema\\\/person\\\/ae4ec7087559b8692fb33b6fffd2273b\",\"name\":\"inclusivenews2024\",\"image\":{\"@type\":\"ImageObject\",\"inLanguage\":\"pt-PT\",\"@id\":\"https:\\\/\\\/secure.gravatar.com\\\/avatar\\\/c5a7ef84c66fa914f55bc4f7ce26cfa275a3b9a1c5568b907bd184fb4dde7b40?s=96&d=mm&r=g\",\"url\":\"https:\\\/\\\/secure.gravatar.com\\\/avatar\\\/c5a7ef84c66fa914f55bc4f7ce26cfa275a3b9a1c5568b907bd184fb4dde7b40?s=96&d=mm&r=g\",\"contentUrl\":\"https:\\\/\\\/secure.gravatar.com\\\/avatar\\\/c5a7ef84c66fa914f55bc4f7ce26cfa275a3b9a1c5568b907bd184fb4dde7b40?s=96&d=mm&r=g\",\"caption\":\"inclusivenews2024\"},\"sameAs\":[\"https:\\\/\\\/inclusivenews.com.br\"],\"url\":\"https:\\\/\\\/inclusivenews.com.br\\\/?author=1\"}]}<\/script>\n<!-- \/ Yoast SEO plugin. -->","yoast_head_json":{"title":"Guia para jornalistas sobre g\u00eanero, ra\u00e7a e etnia -","robots":{"index":"index","follow":"follow","max-snippet":"max-snippet:-1","max-image-preview":"max-image-preview:large","max-video-preview":"max-video-preview:-1"},"canonical":"https:\/\/inclusivenews.com.br\/?p=23285","og_locale":"pt_PT","og_type":"article","og_title":"Guia para jornalistas sobre g\u00eanero, ra\u00e7a e etnia -","og_description":"A publica\u00e7\u00e3o \u00e9 uma ferramenta do plano pedag\u00f3gico do curso de forma\u00e7\u00e3o de jornalistas na tem\u00e1tica de g\u00eanero, ra\u00e7a e etnia. Tem o prop\u00f3sito de auxiliar jornalistas (que desempenham as fun\u00e7\u00f5es de produ\u00e7\u00e3o, reportagem, reda\u00e7\u00e3o, edi\u00e7\u00e3o e dire\u00e7\u00e3o de reda\u00e7\u00e3o) e estudantes de Jornalismo na tarefa de cobrir os temas com recorte de g\u00eanero, ra\u00e7a e etnia no dia a dia da imprensa.","og_url":"https:\/\/inclusivenews.com.br\/?p=23285","article_publisher":"https:\/\/www.facebook.com\/agenciainclusive\/","article_published_time":"2012-08-29T19:23:48+00:00","og_image":[{"url":"http:\/\/inclusivenews.com.br\/wp-content\/uploads\/guia.jpg","type":"","width":"","height":""}],"author":"inclusivenews2024","twitter_card":"summary_large_image","twitter_misc":{"Escrito por":"inclusivenews2024","Tempo estimado de leitura":"1 minuto"},"schema":{"@context":"https:\/\/schema.org","@graph":[{"@type":"Article","@id":"https:\/\/inclusivenews.com.br\/?p=23285#article","isPartOf":{"@id":"https:\/\/inclusivenews.com.br\/?p=23285"},"author":{"name":"inclusivenews2024","@id":"https:\/\/inclusivenews.com.br\/#\/schema\/person\/ae4ec7087559b8692fb33b6fffd2273b"},"headline":"Guia para jornalistas sobre g\u00eanero, ra\u00e7a e etnia","datePublished":"2012-08-29T19:23:48+00:00","mainEntityOfPage":{"@id":"https:\/\/inclusivenews.com.br\/?p=23285"},"wordCount":229,"commentCount":0,"publisher":{"@id":"https:\/\/inclusivenews.com.br\/#organization"},"image":{"@id":"https:\/\/inclusivenews.com.br\/?p=23285#primaryimage"},"thumbnailUrl":"http:\/\/inclusivenews.com.br\/wp-content\/uploads\/guia.jpg","articleSection":["DIREITOS HUMANOS","Downloadables","NOT\u00cdCIAS","PUBLICA\u00c7\u00d5ES"],"inLanguage":"pt-PT","potentialAction":[{"@type":"CommentAction","name":"Comment","target":["https:\/\/inclusivenews.com.br\/?p=23285#respond"]}]},{"@type":"WebPage","@id":"https:\/\/inclusivenews.com.br\/?p=23285","url":"https:\/\/inclusivenews.com.br\/?p=23285","name":"Guia para jornalistas sobre g\u00eanero, ra\u00e7a e etnia -","isPartOf":{"@id":"https:\/\/inclusivenews.com.br\/#website"},"primaryImageOfPage":{"@id":"https:\/\/inclusivenews.com.br\/?p=23285#primaryimage"},"image":{"@id":"https:\/\/inclusivenews.com.br\/?p=23285#primaryimage"},"thumbnailUrl":"http:\/\/inclusivenews.com.br\/wp-content\/uploads\/guia.jpg","datePublished":"2012-08-29T19:23:48+00:00","breadcrumb":{"@id":"https:\/\/inclusivenews.com.br\/?p=23285#breadcrumb"},"inLanguage":"pt-PT","potentialAction":[{"@type":"ReadAction","target":["https:\/\/inclusivenews.com.br\/?p=23285"]}]},{"@type":"ImageObject","inLanguage":"pt-PT","@id":"https:\/\/inclusivenews.com.br\/?p=23285#primaryimage","url":"","contentUrl":""},{"@type":"BreadcrumbList","@id":"https:\/\/inclusivenews.com.br\/?p=23285#breadcrumb","itemListElement":[{"@type":"ListItem","position":1,"name":"In\u00edcio","item":"https:\/\/inclusivenews.com.br\/"},{"@type":"ListItem","position":2,"name":"Guia para jornalistas sobre g\u00eanero, ra\u00e7a e etnia"}]},{"@type":"WebSite","@id":"https:\/\/inclusivenews.com.br\/#website","url":"https:\/\/inclusivenews.com.br\/","name":"Inclusive News","description":"Inclusive News","publisher":{"@id":"https:\/\/inclusivenews.com.br\/#organization"},"potentialAction":[{"@type":"SearchAction","target":{"@type":"EntryPoint","urlTemplate":"https:\/\/inclusivenews.com.br\/?s={search_term_string}"},"query-input":{"@type":"PropertyValueSpecification","valueRequired":true,"valueName":"search_term_string"}}],"inLanguage":"pt-PT"},{"@type":"Organization","@id":"https:\/\/inclusivenews.com.br\/#organization","name":"Inclusive - inclus\u00e3o e cidadania","url":"https:\/\/inclusivenews.com.br\/","logo":{"@type":"ImageObject","inLanguage":"pt-PT","@id":"https:\/\/inclusivenews.com.br\/#\/schema\/logo\/image\/","url":"https:\/\/inclusivenews.com.br\/wp-content\/uploads\/2024\/03\/@grandesite.png","contentUrl":"https:\/\/inclusivenews.com.br\/wp-content\/uploads\/2024\/03\/@grandesite.png","width":1080,"height":1080,"caption":"Inclusive - inclus\u00e3o e cidadania"},"image":{"@id":"https:\/\/inclusivenews.com.br\/#\/schema\/logo\/image\/"},"sameAs":["https:\/\/www.facebook.com\/agenciainclusive\/","https:\/\/www.instagram.com\/newsinclusive\/"]},{"@type":"Person","@id":"https:\/\/inclusivenews.com.br\/#\/schema\/person\/ae4ec7087559b8692fb33b6fffd2273b","name":"inclusivenews2024","image":{"@type":"ImageObject","inLanguage":"pt-PT","@id":"https:\/\/secure.gravatar.com\/avatar\/c5a7ef84c66fa914f55bc4f7ce26cfa275a3b9a1c5568b907bd184fb4dde7b40?s=96&d=mm&r=g","url":"https:\/\/secure.gravatar.com\/avatar\/c5a7ef84c66fa914f55bc4f7ce26cfa275a3b9a1c5568b907bd184fb4dde7b40?s=96&d=mm&r=g","contentUrl":"https:\/\/secure.gravatar.com\/avatar\/c5a7ef84c66fa914f55bc4f7ce26cfa275a3b9a1c5568b907bd184fb4dde7b40?s=96&d=mm&r=g","caption":"inclusivenews2024"},"sameAs":["https:\/\/inclusivenews.com.br"],"url":"https:\/\/inclusivenews.com.br\/?author=1"}]}},"_links":{"self":[{"href":"https:\/\/inclusivenews.com.br\/index.php?rest_route=\/wp\/v2\/posts\/23285","targetHints":{"allow":["GET"]}}],"collection":[{"href":"https:\/\/inclusivenews.com.br\/index.php?rest_route=\/wp\/v2\/posts"}],"about":[{"href":"https:\/\/inclusivenews.com.br\/index.php?rest_route=\/wp\/v2\/types\/post"}],"author":[{"embeddable":true,"href":"https:\/\/inclusivenews.com.br\/index.php?rest_route=\/wp\/v2\/users\/1"}],"replies":[{"embeddable":true,"href":"https:\/\/inclusivenews.com.br\/index.php?rest_route=%2Fwp%2Fv2%2Fcomments&post=23285"}],"version-history":[{"count":0,"href":"https:\/\/inclusivenews.com.br\/index.php?rest_route=\/wp\/v2\/posts\/23285\/revisions"}],"wp:attachment":[{"href":"https:\/\/inclusivenews.com.br\/index.php?rest_route=%2Fwp%2Fv2%2Fmedia&parent=23285"}],"wp:term":[{"taxonomy":"category","embeddable":true,"href":"https:\/\/inclusivenews.com.br\/index.php?rest_route=%2Fwp%2Fv2%2Fcategories&post=23285"},{"taxonomy":"post_tag","embeddable":true,"href":"https:\/\/inclusivenews.com.br\/index.php?rest_route=%2Fwp%2Fv2%2Ftags&post=23285"}],"curies":[{"name":"wp","href":"https:\/\/api.w.org\/{rel}","templated":true}]}}