{"id":23289,"date":"2012-08-29T16:23:35","date_gmt":"2012-08-29T19:23:35","guid":{"rendered":"http:\/\/www.inclusive.org.br\/?p=23289"},"modified":"2012-08-29T16:23:35","modified_gmt":"2012-08-29T19:23:35","slug":"saude-dos-professores-em-alerta","status":"publish","type":"post","link":"https:\/\/inclusivenews.com.br\/?p=23289","title":{"rendered":"Sa\u00fade dos professores em alerta"},"content":{"rendered":"<p><img loading=\"lazy\" decoding=\"async\" class=\"alignleft size-medium wp-image-19281\" title=\"Sa\u00fade - uma cruz vermelha feita por band-aids vermelhos.\" src=\"http:\/\/inclusivenews.com.br\/wp-content\/uploads\/2011\/04\/saude-300x225.jpg\" alt=\"Sa\u00fade - uma cruz vermelha feita por band-aids vermelhos.\" width=\"300\" height=\"225\" \/>Muitos deles encaram tr\u00eas turnos de jornada de trabalho. E precisam se deslocar entre diferentes pontos para executar suas fun\u00e7\u00f5es. O ac\u00famulo de servi\u00e7o e a falta de estrutura adequada para desempenh\u00e1-lo s\u00e3o queixas frequentes. Esses s\u00e3o alguns dos ingredientes da rotina dos professores da rede p\u00fablica, o que faz com que a sa\u00fade desses profissionais esteja em alerta.<\/p>\n<p>A carreira no magist\u00e9rio, j\u00e1 considerada pela OMS (Organiza\u00e7\u00e3o Mundial da Sa\u00fade) uma das mais estressantes, tem afastado cada vez mais docentes da sala de aula. Na rede estadual de S\u00e3o Paulo, em que atuam 220 mil professores, s\u00e3o observados 92 afastamentos por motivo de sa\u00fade por m\u00eas, ou seja, cerca de 33 mil docentes longe das salas anualmente. Destes, 19 mil s\u00e3o em fun\u00e7\u00e3o de depress\u00e3o. Procurado, o governo do Estado n\u00e3o se pronunciou.<\/p>\n<p>Pesquisa da Apeoesp (Sindicato dos Professores do Ensino Oficial do Estado de S\u00e3o Paulo) de 2010 mostra que tamb\u00e9m est\u00e3o entre os principais motivos para o afastamento problemas na voz, LER (Les\u00e3o por Esfor\u00e7o Repetitivo) e obesidade. &#8220;Isso \u00e9 consequ\u00eancia de jornada estafante, falta de infraestrutura e salas de aula superlotadas&#8221;, observa a presidente da entidade, Maria Isabel Noronha.<\/p>\n<p>O levantamento destaca ainda que entre as principais queixas dos professores est\u00e3o superlota\u00e7\u00e3o das salas de aula (66,2%), jornada excessiva (60,1%) e viol\u00eancia nas escolas (57,5%). No \u00e2mbito municipal, a situa\u00e7\u00e3o tamb\u00e9m \u00e9 preocupante. Entre Santo Andr\u00e9, S\u00e3o Bernardo, S\u00e3o Caetano, Diadema e Ribeir\u00e3o Pires, o \u00edndice de profissionais afastados em 2011 foi de 31% do total de 10.540 educadores. S\u00e3o Bernardo lidera o ranking com 2.637 dos 4.400 professores da rede municipal impedidos lecionar no ano passado por doen\u00e7as no aparelho respirat\u00f3rio, nos olhos e problemas psiqui\u00e1tricos.<\/p>\n<p>Na vis\u00e3o da professora de Psicologia da Educa\u00e7\u00e3o da Faculdade de Educa\u00e7\u00e3o da USP S\u00edlvia Colello, \u00e9 preciso separar as dificuldades que acometem os educadores em dois tipos: desgastes f\u00edsicos e emocionais. &#8220;A desvaloriza\u00e7\u00e3o do docente pela baixa remunera\u00e7\u00e3o e pouco reconhecimento gera doen\u00e7as sociais, como a depress\u00e3o&#8221;, diz.<\/p>\n<p>O tema \u00e9 pauta de discuss\u00e3o nos sindicatos municipais, estaduais e federais da categoria. Para a secret\u00e1ria geral da CNTE (Confedera\u00e7\u00e3o Nacional dos Trabalhadores da Educa\u00e7\u00e3o), Marta Vanelli, a implanta\u00e7\u00e3o da Lei do Piso (n\u00ba 11.738) \u00e9 parte da solu\u00e7\u00e3o do problema que afeta professores em todo o Pa\u00eds. A recomenda\u00e7\u00e3o da ONU (Organiza\u00e7\u00e3o das Na\u00e7\u00f5es Unidas), segundo a educadora de Santa Catarina, \u00e9 que 50% da jornada de trabalho seja dedicada a atividades extraclasse. &#8220;Estamos tentando passar de 20% para um ter\u00e7o, mas est\u00e1 bem dif\u00edcil&#8221;, comenta.<\/p>\n<p>Segundo Marta, a OMS (Organiza\u00e7\u00e3o Mundial da Sa\u00fade) orienta que o professor s\u00f3 trabalhe em um per\u00edodo, recomenda\u00e7\u00e3o pouco seguida. Desempenhar outras fun\u00e7\u00f5es na escola \u00e9 alternativa Nem sempre o afastamento da sala de aula significa ficar em casa. Os educadores s\u00e3o remanejados para outras fun\u00e7\u00f5es dentro da unidade escolar &#8211; a chamada readapta\u00e7\u00e3o. A depress\u00e3o afastou do trabalho h\u00e1 cinco anos a educadora Val\u00e9ria do Nascimento, 45 anos. Desde ent\u00e3o, a funcion\u00e1ria de escola municipal em Diadema exerce outras atividades dentro da unidade, na secretaria e biblioteca. A vontade de voltar a lecionar existe, mas a intoler\u00e2ncia ao barulho a impede. Professora h\u00e1 23 anos, ela diz que ensinar \u00e9 desgastante porque obriga o profissional a transmitir conhecimento e auxiliar na resolu\u00e7\u00e3o de problemas sociais dos alunos.<\/p>\n<p>Outra dificuldade citada \u00e9 a tarefa de lidar com temas como bullying. Em S\u00e3o Bernardo, n\u00f3dulo nas cordas vocais resultou, h\u00e1 quatro anos, no afastamento de professora de 57 anos, que preferiu n\u00e3o se identificar. Ap\u00f3s per\u00edodo longe do giz e da lousa, ela j\u00e1 pode voltar ao trabalho nas redes estadual e municipal. &#8220;A principal dificuldade \u00e9 a falta de limite dos estudantes, al\u00e9m de ter de competir com o som da rua.&#8221;<\/p>\n<p>AMEA\u00c7A<\/p>\n<p>A docente Miza Possid\u00f4nio, 44, chegou a repensar a carreira exercida h\u00e1 14 anos em escolas estaduais e municipais de Santo Andr\u00e9 ap\u00f3s sofrer amea\u00e7a de morte de estudante do 9\u00ba ano do Ensino Fundamental. Por receio de que a fam\u00edlia fosse prejudicada, a educadora decidiu registrar boletim de ocorr\u00eancia. &#8220;Espero que melhore a vida dos professores e que passem a ser mais respeitados&#8221;, diz.<\/p>\n<p>Apesar da intimida\u00e7\u00e3o, ela continua lecionando. A Secretaria da Educa\u00e7\u00e3o do Estado informou que a dire\u00e7\u00e3o da unidade convocou a professora e a aluna para reuni\u00e3o e que os respons\u00e1veis pela estudante tamb\u00e9m ser\u00e3o chamados. Al\u00e9m do Conselho Tutelar ser acionado, o caso \u00e9 acompanhado pelo professor-mediador da escola.<\/p>\n<p>Prefeituras intensificam acompanhamento profissional Na rede municipal, as prefeituras garantem intensificar o acompanhamento dos educadores. De acordo com as administra\u00e7\u00f5es p\u00fablicas, tamb\u00e9m s\u00e3o feitas a\u00e7\u00f5es com intuito de melhorar as condi\u00e7\u00f5es de trabalho, como implanta\u00e7\u00e3o de material did\u00e1tico adequado e capacita\u00e7\u00e3o profissional.<\/p>\n<p>Em Santo Andr\u00e9, desde 2009 os docentes s\u00e3o monitorados por juntas m\u00e9dicas. Al\u00e9m disso, a administra\u00e7\u00e3o destaca interven\u00e7\u00f5es no ambiente escolar nos aspectos est\u00e9ticos e de limpeza, investimento em melhoria salarial e cursos. Outro ponto \u00e9 a gest\u00e3o participativa que d\u00e1 ao professor oportunidade de manifestar-se. S\u00e3o Bernardo avalia todos os servidores por meio do Servi\u00e7o de Sa\u00fade Ocupacional.<\/p>\n<p>Nos pr\u00f3ximos meses, ser\u00e3o agendados exames peri\u00f3dicos dos professores para acompanhamento e preven\u00e7\u00e3o de problemas. Na tarefa de melhorar as condi\u00e7\u00f5es de trabalho, \u00e9 feito fortalecimento dos professores e gestores quanto \u00e0s demandas encontradas no cotidiano das escolas. As unidades escolares de S\u00e3o Caetano disponibilizam equipe t\u00e9cnico-pedag\u00f3gica, inspetores de alunos e auxiliares de primeira inf\u00e2ncia, al\u00e9m de recursos pedag\u00f3gicos e tecnol\u00f3gicos para auxiliar os educadores.<\/p>\n<p>Para professores afastados, a Prefeitura oferece atendimento de servi\u00e7o m\u00e9dico e psicol\u00f3gico. Diadema opta por investir em suporte pedag\u00f3gico, forma\u00e7\u00e3o continuada, infraestrutura adequada e mobili\u00e1rio, al\u00e9m de se comprometer com a melhoria da carreira e do sal\u00e1rio com a implanta\u00e7\u00e3o recente do Plano de Carreira do Magist\u00e9rio. Ribeir\u00e3o Pires informou que oferece acompanhamento e avalia\u00e7\u00e3o peri\u00f3dica dos funcion\u00e1rios pelo m\u00e9dico do trabalho. A Secretaria da Educa\u00e7\u00e3o do Estado n\u00e3o respondeu aos questionamentos.<\/p>\n<p>Fonte: <a href=\"http:\/\/www.dgabc.com.br\/News\/5976966\/ao-mestre-com-carinho.aspx\" target=\"_blank\" rel=\"noopener\">Di\u00e1rio do Grande ABC<\/a><\/p>\n","protected":false},"excerpt":{"rendered":"<p>Muitos deles encaram tr\u00eas turnos de jornada de trabalho. E precisam se deslocar entre diferentes pontos para executar suas fun\u00e7\u00f5es. O ac\u00famulo de servi\u00e7o e a falta de estrutura adequada para desempenh\u00e1-lo s\u00e3o queixas frequentes. Esses s\u00e3o alguns dos ingredientes da rotina dos professores da rede p\u00fablica, o que faz com que a sa\u00fade desses profissionais esteja em alerta. Do Di\u00e1rio do Grande ABC.<\/p>\n","protected":false},"author":1,"featured_media":0,"comment_status":"open","ping_status":"open","sticky":false,"template":"","format":"standard","meta":{"site-container-style":"default","site-container-layout":"default","site-sidebar-layout":"default","disable-article-header":"default","disable-site-header":"default","disable-site-footer":"default","disable-content-area-spacing":"default","footnotes":""},"categories":[6,4],"tags":[],"class_list":["post-23289","post","type-post","status-publish","format-standard","hentry","category-educacao","category-noticias"],"yoast_head":"<!-- This site is optimized with the Yoast SEO plugin v27.5 - https:\/\/yoast.com\/product\/yoast-seo-wordpress\/ -->\n<title>Sa\u00fade dos professores em alerta -<\/title>\n<meta name=\"robots\" content=\"index, follow, max-snippet:-1, max-image-preview:large, max-video-preview:-1\" \/>\n<link rel=\"canonical\" href=\"https:\/\/inclusivenews.com.br\/?p=23289\" \/>\n<meta property=\"og:locale\" content=\"pt_PT\" \/>\n<meta property=\"og:type\" content=\"article\" \/>\n<meta property=\"og:title\" content=\"Sa\u00fade dos professores em alerta -\" \/>\n<meta property=\"og:description\" content=\"Muitos deles encaram tr\u00eas turnos de jornada de trabalho. E precisam se deslocar entre diferentes pontos para executar suas fun\u00e7\u00f5es. O ac\u00famulo de servi\u00e7o e a falta de estrutura adequada para desempenh\u00e1-lo s\u00e3o queixas frequentes. Esses s\u00e3o alguns dos ingredientes da rotina dos professores da rede p\u00fablica, o que faz com que a sa\u00fade desses profissionais esteja em alerta. Do Di\u00e1rio do Grande ABC.\" \/>\n<meta property=\"og:url\" content=\"https:\/\/inclusivenews.com.br\/?p=23289\" \/>\n<meta property=\"article:publisher\" content=\"https:\/\/www.facebook.com\/agenciainclusive\/\" \/>\n<meta property=\"article:published_time\" content=\"2012-08-29T19:23:35+00:00\" \/>\n<meta property=\"og:image\" content=\"http:\/\/inclusivenews.com.br\/wp-content\/uploads\/2011\/04\/saude-300x225.jpg\" \/>\n<meta name=\"author\" content=\"inclusivenews2024\" \/>\n<meta name=\"twitter:card\" content=\"summary_large_image\" \/>\n<meta name=\"twitter:label1\" content=\"Escrito por\" \/>\n\t<meta name=\"twitter:data1\" content=\"inclusivenews2024\" \/>\n\t<meta name=\"twitter:label2\" content=\"Tempo estimado de leitura\" \/>\n\t<meta name=\"twitter:data2\" content=\"5 minutos\" \/>\n<script type=\"application\/ld+json\" class=\"yoast-schema-graph\">{\"@context\":\"https:\\\/\\\/schema.org\",\"@graph\":[{\"@type\":\"Article\",\"@id\":\"https:\\\/\\\/inclusivenews.com.br\\\/?p=23289#article\",\"isPartOf\":{\"@id\":\"https:\\\/\\\/inclusivenews.com.br\\\/?p=23289\"},\"author\":{\"name\":\"inclusivenews2024\",\"@id\":\"https:\\\/\\\/inclusivenews.com.br\\\/#\\\/schema\\\/person\\\/ae4ec7087559b8692fb33b6fffd2273b\"},\"headline\":\"Sa\u00fade dos professores em alerta\",\"datePublished\":\"2012-08-29T19:23:35+00:00\",\"mainEntityOfPage\":{\"@id\":\"https:\\\/\\\/inclusivenews.com.br\\\/?p=23289\"},\"wordCount\":1090,\"commentCount\":0,\"publisher\":{\"@id\":\"https:\\\/\\\/inclusivenews.com.br\\\/#organization\"},\"image\":{\"@id\":\"https:\\\/\\\/inclusivenews.com.br\\\/?p=23289#primaryimage\"},\"thumbnailUrl\":\"http:\\\/\\\/inclusivenews.com.br\\\/wp-content\\\/uploads\\\/2011\\\/04\\\/saude-300x225.jpg\",\"articleSection\":[\"EDUCA\u00c7\u00c3O\",\"NOT\u00cdCIAS\"],\"inLanguage\":\"pt-PT\",\"potentialAction\":[{\"@type\":\"CommentAction\",\"name\":\"Comment\",\"target\":[\"https:\\\/\\\/inclusivenews.com.br\\\/?p=23289#respond\"]}]},{\"@type\":\"WebPage\",\"@id\":\"https:\\\/\\\/inclusivenews.com.br\\\/?p=23289\",\"url\":\"https:\\\/\\\/inclusivenews.com.br\\\/?p=23289\",\"name\":\"Sa\u00fade dos professores em alerta -\",\"isPartOf\":{\"@id\":\"https:\\\/\\\/inclusivenews.com.br\\\/#website\"},\"primaryImageOfPage\":{\"@id\":\"https:\\\/\\\/inclusivenews.com.br\\\/?p=23289#primaryimage\"},\"image\":{\"@id\":\"https:\\\/\\\/inclusivenews.com.br\\\/?p=23289#primaryimage\"},\"thumbnailUrl\":\"http:\\\/\\\/inclusivenews.com.br\\\/wp-content\\\/uploads\\\/2011\\\/04\\\/saude-300x225.jpg\",\"datePublished\":\"2012-08-29T19:23:35+00:00\",\"breadcrumb\":{\"@id\":\"https:\\\/\\\/inclusivenews.com.br\\\/?p=23289#breadcrumb\"},\"inLanguage\":\"pt-PT\",\"potentialAction\":[{\"@type\":\"ReadAction\",\"target\":[\"https:\\\/\\\/inclusivenews.com.br\\\/?p=23289\"]}]},{\"@type\":\"ImageObject\",\"inLanguage\":\"pt-PT\",\"@id\":\"https:\\\/\\\/inclusivenews.com.br\\\/?p=23289#primaryimage\",\"url\":\"\",\"contentUrl\":\"\"},{\"@type\":\"BreadcrumbList\",\"@id\":\"https:\\\/\\\/inclusivenews.com.br\\\/?p=23289#breadcrumb\",\"itemListElement\":[{\"@type\":\"ListItem\",\"position\":1,\"name\":\"In\u00edcio\",\"item\":\"https:\\\/\\\/inclusivenews.com.br\\\/\"},{\"@type\":\"ListItem\",\"position\":2,\"name\":\"Sa\u00fade dos professores em alerta\"}]},{\"@type\":\"WebSite\",\"@id\":\"https:\\\/\\\/inclusivenews.com.br\\\/#website\",\"url\":\"https:\\\/\\\/inclusivenews.com.br\\\/\",\"name\":\"Inclusive News\",\"description\":\"Inclusive News\",\"publisher\":{\"@id\":\"https:\\\/\\\/inclusivenews.com.br\\\/#organization\"},\"potentialAction\":[{\"@type\":\"SearchAction\",\"target\":{\"@type\":\"EntryPoint\",\"urlTemplate\":\"https:\\\/\\\/inclusivenews.com.br\\\/?s={search_term_string}\"},\"query-input\":{\"@type\":\"PropertyValueSpecification\",\"valueRequired\":true,\"valueName\":\"search_term_string\"}}],\"inLanguage\":\"pt-PT\"},{\"@type\":\"Organization\",\"@id\":\"https:\\\/\\\/inclusivenews.com.br\\\/#organization\",\"name\":\"Inclusive - inclus\u00e3o e cidadania\",\"url\":\"https:\\\/\\\/inclusivenews.com.br\\\/\",\"logo\":{\"@type\":\"ImageObject\",\"inLanguage\":\"pt-PT\",\"@id\":\"https:\\\/\\\/inclusivenews.com.br\\\/#\\\/schema\\\/logo\\\/image\\\/\",\"url\":\"https:\\\/\\\/inclusivenews.com.br\\\/wp-content\\\/uploads\\\/2024\\\/03\\\/@grandesite.png\",\"contentUrl\":\"https:\\\/\\\/inclusivenews.com.br\\\/wp-content\\\/uploads\\\/2024\\\/03\\\/@grandesite.png\",\"width\":1080,\"height\":1080,\"caption\":\"Inclusive - inclus\u00e3o e cidadania\"},\"image\":{\"@id\":\"https:\\\/\\\/inclusivenews.com.br\\\/#\\\/schema\\\/logo\\\/image\\\/\"},\"sameAs\":[\"https:\\\/\\\/www.facebook.com\\\/agenciainclusive\\\/\",\"https:\\\/\\\/www.instagram.com\\\/newsinclusive\\\/\"]},{\"@type\":\"Person\",\"@id\":\"https:\\\/\\\/inclusivenews.com.br\\\/#\\\/schema\\\/person\\\/ae4ec7087559b8692fb33b6fffd2273b\",\"name\":\"inclusivenews2024\",\"image\":{\"@type\":\"ImageObject\",\"inLanguage\":\"pt-PT\",\"@id\":\"https:\\\/\\\/secure.gravatar.com\\\/avatar\\\/c5a7ef84c66fa914f55bc4f7ce26cfa275a3b9a1c5568b907bd184fb4dde7b40?s=96&d=mm&r=g\",\"url\":\"https:\\\/\\\/secure.gravatar.com\\\/avatar\\\/c5a7ef84c66fa914f55bc4f7ce26cfa275a3b9a1c5568b907bd184fb4dde7b40?s=96&d=mm&r=g\",\"contentUrl\":\"https:\\\/\\\/secure.gravatar.com\\\/avatar\\\/c5a7ef84c66fa914f55bc4f7ce26cfa275a3b9a1c5568b907bd184fb4dde7b40?s=96&d=mm&r=g\",\"caption\":\"inclusivenews2024\"},\"sameAs\":[\"https:\\\/\\\/inclusivenews.com.br\"],\"url\":\"https:\\\/\\\/inclusivenews.com.br\\\/?author=1\"}]}<\/script>\n<!-- \/ Yoast SEO plugin. -->","yoast_head_json":{"title":"Sa\u00fade dos professores em alerta -","robots":{"index":"index","follow":"follow","max-snippet":"max-snippet:-1","max-image-preview":"max-image-preview:large","max-video-preview":"max-video-preview:-1"},"canonical":"https:\/\/inclusivenews.com.br\/?p=23289","og_locale":"pt_PT","og_type":"article","og_title":"Sa\u00fade dos professores em alerta -","og_description":"Muitos deles encaram tr\u00eas turnos de jornada de trabalho. E precisam se deslocar entre diferentes pontos para executar suas fun\u00e7\u00f5es. O ac\u00famulo de servi\u00e7o e a falta de estrutura adequada para desempenh\u00e1-lo s\u00e3o queixas frequentes. Esses s\u00e3o alguns dos ingredientes da rotina dos professores da rede p\u00fablica, o que faz com que a sa\u00fade desses profissionais esteja em alerta. Do Di\u00e1rio do Grande ABC.","og_url":"https:\/\/inclusivenews.com.br\/?p=23289","article_publisher":"https:\/\/www.facebook.com\/agenciainclusive\/","article_published_time":"2012-08-29T19:23:35+00:00","og_image":[{"url":"http:\/\/inclusivenews.com.br\/wp-content\/uploads\/2011\/04\/saude-300x225.jpg","type":"","width":"","height":""}],"author":"inclusivenews2024","twitter_card":"summary_large_image","twitter_misc":{"Escrito por":"inclusivenews2024","Tempo estimado de leitura":"5 minutos"},"schema":{"@context":"https:\/\/schema.org","@graph":[{"@type":"Article","@id":"https:\/\/inclusivenews.com.br\/?p=23289#article","isPartOf":{"@id":"https:\/\/inclusivenews.com.br\/?p=23289"},"author":{"name":"inclusivenews2024","@id":"https:\/\/inclusivenews.com.br\/#\/schema\/person\/ae4ec7087559b8692fb33b6fffd2273b"},"headline":"Sa\u00fade dos professores em alerta","datePublished":"2012-08-29T19:23:35+00:00","mainEntityOfPage":{"@id":"https:\/\/inclusivenews.com.br\/?p=23289"},"wordCount":1090,"commentCount":0,"publisher":{"@id":"https:\/\/inclusivenews.com.br\/#organization"},"image":{"@id":"https:\/\/inclusivenews.com.br\/?p=23289#primaryimage"},"thumbnailUrl":"http:\/\/inclusivenews.com.br\/wp-content\/uploads\/2011\/04\/saude-300x225.jpg","articleSection":["EDUCA\u00c7\u00c3O","NOT\u00cdCIAS"],"inLanguage":"pt-PT","potentialAction":[{"@type":"CommentAction","name":"Comment","target":["https:\/\/inclusivenews.com.br\/?p=23289#respond"]}]},{"@type":"WebPage","@id":"https:\/\/inclusivenews.com.br\/?p=23289","url":"https:\/\/inclusivenews.com.br\/?p=23289","name":"Sa\u00fade dos professores em alerta -","isPartOf":{"@id":"https:\/\/inclusivenews.com.br\/#website"},"primaryImageOfPage":{"@id":"https:\/\/inclusivenews.com.br\/?p=23289#primaryimage"},"image":{"@id":"https:\/\/inclusivenews.com.br\/?p=23289#primaryimage"},"thumbnailUrl":"http:\/\/inclusivenews.com.br\/wp-content\/uploads\/2011\/04\/saude-300x225.jpg","datePublished":"2012-08-29T19:23:35+00:00","breadcrumb":{"@id":"https:\/\/inclusivenews.com.br\/?p=23289#breadcrumb"},"inLanguage":"pt-PT","potentialAction":[{"@type":"ReadAction","target":["https:\/\/inclusivenews.com.br\/?p=23289"]}]},{"@type":"ImageObject","inLanguage":"pt-PT","@id":"https:\/\/inclusivenews.com.br\/?p=23289#primaryimage","url":"","contentUrl":""},{"@type":"BreadcrumbList","@id":"https:\/\/inclusivenews.com.br\/?p=23289#breadcrumb","itemListElement":[{"@type":"ListItem","position":1,"name":"In\u00edcio","item":"https:\/\/inclusivenews.com.br\/"},{"@type":"ListItem","position":2,"name":"Sa\u00fade dos professores em alerta"}]},{"@type":"WebSite","@id":"https:\/\/inclusivenews.com.br\/#website","url":"https:\/\/inclusivenews.com.br\/","name":"Inclusive News","description":"Inclusive News","publisher":{"@id":"https:\/\/inclusivenews.com.br\/#organization"},"potentialAction":[{"@type":"SearchAction","target":{"@type":"EntryPoint","urlTemplate":"https:\/\/inclusivenews.com.br\/?s={search_term_string}"},"query-input":{"@type":"PropertyValueSpecification","valueRequired":true,"valueName":"search_term_string"}}],"inLanguage":"pt-PT"},{"@type":"Organization","@id":"https:\/\/inclusivenews.com.br\/#organization","name":"Inclusive - inclus\u00e3o e cidadania","url":"https:\/\/inclusivenews.com.br\/","logo":{"@type":"ImageObject","inLanguage":"pt-PT","@id":"https:\/\/inclusivenews.com.br\/#\/schema\/logo\/image\/","url":"https:\/\/inclusivenews.com.br\/wp-content\/uploads\/2024\/03\/@grandesite.png","contentUrl":"https:\/\/inclusivenews.com.br\/wp-content\/uploads\/2024\/03\/@grandesite.png","width":1080,"height":1080,"caption":"Inclusive - inclus\u00e3o e cidadania"},"image":{"@id":"https:\/\/inclusivenews.com.br\/#\/schema\/logo\/image\/"},"sameAs":["https:\/\/www.facebook.com\/agenciainclusive\/","https:\/\/www.instagram.com\/newsinclusive\/"]},{"@type":"Person","@id":"https:\/\/inclusivenews.com.br\/#\/schema\/person\/ae4ec7087559b8692fb33b6fffd2273b","name":"inclusivenews2024","image":{"@type":"ImageObject","inLanguage":"pt-PT","@id":"https:\/\/secure.gravatar.com\/avatar\/c5a7ef84c66fa914f55bc4f7ce26cfa275a3b9a1c5568b907bd184fb4dde7b40?s=96&d=mm&r=g","url":"https:\/\/secure.gravatar.com\/avatar\/c5a7ef84c66fa914f55bc4f7ce26cfa275a3b9a1c5568b907bd184fb4dde7b40?s=96&d=mm&r=g","contentUrl":"https:\/\/secure.gravatar.com\/avatar\/c5a7ef84c66fa914f55bc4f7ce26cfa275a3b9a1c5568b907bd184fb4dde7b40?s=96&d=mm&r=g","caption":"inclusivenews2024"},"sameAs":["https:\/\/inclusivenews.com.br"],"url":"https:\/\/inclusivenews.com.br\/?author=1"}]}},"_links":{"self":[{"href":"https:\/\/inclusivenews.com.br\/index.php?rest_route=\/wp\/v2\/posts\/23289","targetHints":{"allow":["GET"]}}],"collection":[{"href":"https:\/\/inclusivenews.com.br\/index.php?rest_route=\/wp\/v2\/posts"}],"about":[{"href":"https:\/\/inclusivenews.com.br\/index.php?rest_route=\/wp\/v2\/types\/post"}],"author":[{"embeddable":true,"href":"https:\/\/inclusivenews.com.br\/index.php?rest_route=\/wp\/v2\/users\/1"}],"replies":[{"embeddable":true,"href":"https:\/\/inclusivenews.com.br\/index.php?rest_route=%2Fwp%2Fv2%2Fcomments&post=23289"}],"version-history":[{"count":0,"href":"https:\/\/inclusivenews.com.br\/index.php?rest_route=\/wp\/v2\/posts\/23289\/revisions"}],"wp:attachment":[{"href":"https:\/\/inclusivenews.com.br\/index.php?rest_route=%2Fwp%2Fv2%2Fmedia&parent=23289"}],"wp:term":[{"taxonomy":"category","embeddable":true,"href":"https:\/\/inclusivenews.com.br\/index.php?rest_route=%2Fwp%2Fv2%2Fcategories&post=23289"},{"taxonomy":"post_tag","embeddable":true,"href":"https:\/\/inclusivenews.com.br\/index.php?rest_route=%2Fwp%2Fv2%2Ftags&post=23289"}],"curies":[{"name":"wp","href":"https:\/\/api.w.org\/{rel}","templated":true}]}}