{"id":23298,"date":"2012-08-29T16:24:25","date_gmt":"2012-08-29T19:24:25","guid":{"rendered":"http:\/\/www.inclusive.org.br\/?p=23298"},"modified":"2012-08-29T16:24:25","modified_gmt":"2012-08-29T19:24:25","slug":"viaje-ate-as-lamparinas-do-sertao","status":"publish","type":"post","link":"https:\/\/inclusivenews.com.br\/?p=23298","title":{"rendered":"Viaje at\u00e9 \u00e0s Lamparinas do Sert\u00e3o"},"content":{"rendered":"<figure style=\"width: 432px\" class=\"wp-caption alignnone\"><img loading=\"lazy\" decoding=\"async\" src=\"http:\/\/www.avidaeumaviagem.com.br\/blog\/wp-content\/uploads\/2012\/08\/lamparinas-do-sertao-e-cacadores-de-bons-exemplos3.jpg\" alt=\"Foto: Iara Xavier\/Ca\u00e7adores de Bons Exemplos\" width=\"432\" height=\"324\" \/><figcaption class=\"wp-caption-text\"> <\/figcaption><\/figure>\n<p><em>A\u00e7\u00e3o<\/em>: Grupo Cultural Lamparinas do Sert\u00e3o<br \/>\n<em>Objetivo<\/em>: Produzir arte e cidadania<br \/>\n<em>Cidade<\/em>: Seabra \u2013 BA<br \/>\n<em>Como ajudar<\/em>: <a href=\"http:\/\/www.lamparinasdosertao.blogspot.com.br\" target=\"_blank\" rel=\"noopener\">www.lamparinasdosertao.blogspot.com.br<\/a><br \/>\n<em>Saiba mais em <\/em><a href=\"http:\/\/www.avidaeumaviagem.com.br\/blog\/lamparinas-do-sertao\/#more-4323\" target=\"_blank\" rel=\"noopener\">A Vida \u00c9 Uma Viagem<\/a><\/p>\n<p>O Grupo Lamparinas do Sert\u00e3o surgiu da inquieta\u00e7\u00e3o de jovens que descobriram na arte teatral, um poderoso instrumento de comunica\u00e7\u00e3o durante o per\u00edodo escolar. Ao fim desse per\u00edodo, nasceu a necessidade de continuar produzindo arte. Ent\u00e3o, alguns jovens reuniram lideran\u00e7as atuantes da comunidade de Lagoa da Boa Vista \u2013 Seabra \u2013 Bahia, para discutir a possibilidade da cria\u00e7\u00e3o de um grupo cultural (teatral) no povoado. Surge assim, no dia 17 de julho de 2003, o Grupo Cultural Lamparinas do Sert\u00e3o.<\/p>\n<p>O grupo desenvolve atividades art\u00edsticas, culturais e social como: noites culturais, gincanas, apresenta\u00e7\u00f5es em eventos, oficinas teatrais, Fiforr\u00f3 (festas tradicionais) e interc\u00e2mbios com grupos de outras cidades.<\/p>\n<p>Nome que se refere a um artefato muito comum no interior sertanejo, usado para suprir a aus\u00eancia da luz el\u00e9trica, no qual, tem como combust\u00edvel o querosene (\u00f3leo diesel). Por fim, a chama firme expelida por essa \u201clamparina\u201d significa a for\u00e7a da arte sertaneja.<\/p>\n<p>Saiba mais e como ajudar:<br \/>\nwww.lamparinasdosertao.blogspot.com.br<br \/>\nLamparinasdosertao@yahoo.com.br<\/p>\n","protected":false},"excerpt":{"rendered":"<p>Os Ca\u00e7adores de Bons Exemplos foram at\u00e9 Seabra, na Bahia, para mostrar um pouco do trabalho do Grupo Cultural Lamparinas do Sert\u00e3o.<\/p>\n","protected":false},"author":1,"featured_media":0,"comment_status":"open","ping_status":"open","sticky":false,"template":"","format":"standard","meta":{"site-container-style":"default","site-container-layout":"default","site-sidebar-layout":"default","disable-article-header":"default","disable-site-header":"default","disable-site-footer":"default","disable-content-area-spacing":"default","footnotes":""},"categories":[1],"tags":[],"class_list":["post-23298","post","type-post","status-publish","format-standard","hentry","category-blog"],"yoast_head":"<!-- This site is optimized with the Yoast SEO plugin v27.5 - https:\/\/yoast.com\/product\/yoast-seo-wordpress\/ -->\n<title>Viaje at\u00e9 \u00e0s Lamparinas do Sert\u00e3o -<\/title>\n<meta name=\"robots\" content=\"index, follow, max-snippet:-1, max-image-preview:large, max-video-preview:-1\" \/>\n<link rel=\"canonical\" href=\"https:\/\/inclusivenews.com.br\/?p=23298\" \/>\n<meta property=\"og:locale\" content=\"pt_PT\" \/>\n<meta property=\"og:type\" content=\"article\" \/>\n<meta property=\"og:title\" content=\"Viaje at\u00e9 \u00e0s Lamparinas do Sert\u00e3o -\" \/>\n<meta property=\"og:description\" content=\"Os Ca\u00e7adores de Bons Exemplos foram at\u00e9 Seabra, na Bahia, para mostrar um pouco do trabalho do Grupo Cultural Lamparinas do Sert\u00e3o.\" \/>\n<meta property=\"og:url\" content=\"https:\/\/inclusivenews.com.br\/?p=23298\" \/>\n<meta property=\"article:publisher\" content=\"https:\/\/www.facebook.com\/agenciainclusive\/\" \/>\n<meta property=\"article:published_time\" content=\"2012-08-29T19:24:25+00:00\" \/>\n<meta property=\"og:image\" content=\"http:\/\/www.avidaeumaviagem.com.br\/blog\/wp-content\/uploads\/2012\/08\/lamparinas-do-sertao-e-cacadores-de-bons-exemplos3.jpg\" \/>\n<meta name=\"author\" content=\"inclusivenews2024\" \/>\n<meta name=\"twitter:card\" content=\"summary_large_image\" \/>\n<meta name=\"twitter:label1\" content=\"Escrito por\" \/>\n\t<meta name=\"twitter:data1\" content=\"inclusivenews2024\" \/>\n\t<meta name=\"twitter:label2\" content=\"Tempo estimado de leitura\" \/>\n\t<meta name=\"twitter:data2\" content=\"1 minuto\" \/>\n<script type=\"application\/ld+json\" class=\"yoast-schema-graph\">{\"@context\":\"https:\\\/\\\/schema.org\",\"@graph\":[{\"@type\":\"Article\",\"@id\":\"https:\\\/\\\/inclusivenews.com.br\\\/?p=23298#article\",\"isPartOf\":{\"@id\":\"https:\\\/\\\/inclusivenews.com.br\\\/?p=23298\"},\"author\":{\"name\":\"inclusivenews2024\",\"@id\":\"https:\\\/\\\/inclusivenews.com.br\\\/#\\\/schema\\\/person\\\/ae4ec7087559b8692fb33b6fffd2273b\"},\"headline\":\"Viaje at\u00e9 \u00e0s Lamparinas do Sert\u00e3o\",\"datePublished\":\"2012-08-29T19:24:25+00:00\",\"mainEntityOfPage\":{\"@id\":\"https:\\\/\\\/inclusivenews.com.br\\\/?p=23298\"},\"wordCount\":221,\"commentCount\":0,\"publisher\":{\"@id\":\"https:\\\/\\\/inclusivenews.com.br\\\/#organization\"},\"image\":{\"@id\":\"https:\\\/\\\/inclusivenews.com.br\\\/?p=23298#primaryimage\"},\"thumbnailUrl\":\"http:\\\/\\\/www.avidaeumaviagem.com.br\\\/blog\\\/wp-content\\\/uploads\\\/2012\\\/08\\\/lamparinas-do-sertao-e-cacadores-de-bons-exemplos3.jpg\",\"articleSection\":[\"Blog\"],\"inLanguage\":\"pt-PT\",\"potentialAction\":[{\"@type\":\"CommentAction\",\"name\":\"Comment\",\"target\":[\"https:\\\/\\\/inclusivenews.com.br\\\/?p=23298#respond\"]}]},{\"@type\":\"WebPage\",\"@id\":\"https:\\\/\\\/inclusivenews.com.br\\\/?p=23298\",\"url\":\"https:\\\/\\\/inclusivenews.com.br\\\/?p=23298\",\"name\":\"Viaje at\u00e9 \u00e0s Lamparinas do Sert\u00e3o -\",\"isPartOf\":{\"@id\":\"https:\\\/\\\/inclusivenews.com.br\\\/#website\"},\"primaryImageOfPage\":{\"@id\":\"https:\\\/\\\/inclusivenews.com.br\\\/?p=23298#primaryimage\"},\"image\":{\"@id\":\"https:\\\/\\\/inclusivenews.com.br\\\/?p=23298#primaryimage\"},\"thumbnailUrl\":\"http:\\\/\\\/www.avidaeumaviagem.com.br\\\/blog\\\/wp-content\\\/uploads\\\/2012\\\/08\\\/lamparinas-do-sertao-e-cacadores-de-bons-exemplos3.jpg\",\"datePublished\":\"2012-08-29T19:24:25+00:00\",\"breadcrumb\":{\"@id\":\"https:\\\/\\\/inclusivenews.com.br\\\/?p=23298#breadcrumb\"},\"inLanguage\":\"pt-PT\",\"potentialAction\":[{\"@type\":\"ReadAction\",\"target\":[\"https:\\\/\\\/inclusivenews.com.br\\\/?p=23298\"]}]},{\"@type\":\"ImageObject\",\"inLanguage\":\"pt-PT\",\"@id\":\"https:\\\/\\\/inclusivenews.com.br\\\/?p=23298#primaryimage\",\"url\":\"http:\\\/\\\/www.avidaeumaviagem.com.br\\\/blog\\\/wp-content\\\/uploads\\\/2012\\\/08\\\/lamparinas-do-sertao-e-cacadores-de-bons-exemplos3.jpg\",\"contentUrl\":\"http:\\\/\\\/www.avidaeumaviagem.com.br\\\/blog\\\/wp-content\\\/uploads\\\/2012\\\/08\\\/lamparinas-do-sertao-e-cacadores-de-bons-exemplos3.jpg\"},{\"@type\":\"BreadcrumbList\",\"@id\":\"https:\\\/\\\/inclusivenews.com.br\\\/?p=23298#breadcrumb\",\"itemListElement\":[{\"@type\":\"ListItem\",\"position\":1,\"name\":\"In\u00edcio\",\"item\":\"https:\\\/\\\/inclusivenews.com.br\\\/\"},{\"@type\":\"ListItem\",\"position\":2,\"name\":\"Viaje at\u00e9 \u00e0s Lamparinas do Sert\u00e3o\"}]},{\"@type\":\"WebSite\",\"@id\":\"https:\\\/\\\/inclusivenews.com.br\\\/#website\",\"url\":\"https:\\\/\\\/inclusivenews.com.br\\\/\",\"name\":\"Inclusive News\",\"description\":\"Inclusive News\",\"publisher\":{\"@id\":\"https:\\\/\\\/inclusivenews.com.br\\\/#organization\"},\"potentialAction\":[{\"@type\":\"SearchAction\",\"target\":{\"@type\":\"EntryPoint\",\"urlTemplate\":\"https:\\\/\\\/inclusivenews.com.br\\\/?s={search_term_string}\"},\"query-input\":{\"@type\":\"PropertyValueSpecification\",\"valueRequired\":true,\"valueName\":\"search_term_string\"}}],\"inLanguage\":\"pt-PT\"},{\"@type\":\"Organization\",\"@id\":\"https:\\\/\\\/inclusivenews.com.br\\\/#organization\",\"name\":\"Inclusive - inclus\u00e3o e cidadania\",\"url\":\"https:\\\/\\\/inclusivenews.com.br\\\/\",\"logo\":{\"@type\":\"ImageObject\",\"inLanguage\":\"pt-PT\",\"@id\":\"https:\\\/\\\/inclusivenews.com.br\\\/#\\\/schema\\\/logo\\\/image\\\/\",\"url\":\"https:\\\/\\\/inclusivenews.com.br\\\/wp-content\\\/uploads\\\/2024\\\/03\\\/@grandesite.png\",\"contentUrl\":\"https:\\\/\\\/inclusivenews.com.br\\\/wp-content\\\/uploads\\\/2024\\\/03\\\/@grandesite.png\",\"width\":1080,\"height\":1080,\"caption\":\"Inclusive - inclus\u00e3o e cidadania\"},\"image\":{\"@id\":\"https:\\\/\\\/inclusivenews.com.br\\\/#\\\/schema\\\/logo\\\/image\\\/\"},\"sameAs\":[\"https:\\\/\\\/www.facebook.com\\\/agenciainclusive\\\/\",\"https:\\\/\\\/www.instagram.com\\\/newsinclusive\\\/\"]},{\"@type\":\"Person\",\"@id\":\"https:\\\/\\\/inclusivenews.com.br\\\/#\\\/schema\\\/person\\\/ae4ec7087559b8692fb33b6fffd2273b\",\"name\":\"inclusivenews2024\",\"image\":{\"@type\":\"ImageObject\",\"inLanguage\":\"pt-PT\",\"@id\":\"https:\\\/\\\/secure.gravatar.com\\\/avatar\\\/c5a7ef84c66fa914f55bc4f7ce26cfa275a3b9a1c5568b907bd184fb4dde7b40?s=96&d=mm&r=g\",\"url\":\"https:\\\/\\\/secure.gravatar.com\\\/avatar\\\/c5a7ef84c66fa914f55bc4f7ce26cfa275a3b9a1c5568b907bd184fb4dde7b40?s=96&d=mm&r=g\",\"contentUrl\":\"https:\\\/\\\/secure.gravatar.com\\\/avatar\\\/c5a7ef84c66fa914f55bc4f7ce26cfa275a3b9a1c5568b907bd184fb4dde7b40?s=96&d=mm&r=g\",\"caption\":\"inclusivenews2024\"},\"sameAs\":[\"https:\\\/\\\/inclusivenews.com.br\"],\"url\":\"https:\\\/\\\/inclusivenews.com.br\\\/?author=1\"}]}<\/script>\n<!-- \/ Yoast SEO plugin. -->","yoast_head_json":{"title":"Viaje at\u00e9 \u00e0s Lamparinas do Sert\u00e3o -","robots":{"index":"index","follow":"follow","max-snippet":"max-snippet:-1","max-image-preview":"max-image-preview:large","max-video-preview":"max-video-preview:-1"},"canonical":"https:\/\/inclusivenews.com.br\/?p=23298","og_locale":"pt_PT","og_type":"article","og_title":"Viaje at\u00e9 \u00e0s Lamparinas do Sert\u00e3o -","og_description":"Os Ca\u00e7adores de Bons Exemplos foram at\u00e9 Seabra, na Bahia, para mostrar um pouco do trabalho do Grupo Cultural Lamparinas do Sert\u00e3o.","og_url":"https:\/\/inclusivenews.com.br\/?p=23298","article_publisher":"https:\/\/www.facebook.com\/agenciainclusive\/","article_published_time":"2012-08-29T19:24:25+00:00","og_image":[{"url":"http:\/\/www.avidaeumaviagem.com.br\/blog\/wp-content\/uploads\/2012\/08\/lamparinas-do-sertao-e-cacadores-de-bons-exemplos3.jpg","type":"","width":"","height":""}],"author":"inclusivenews2024","twitter_card":"summary_large_image","twitter_misc":{"Escrito por":"inclusivenews2024","Tempo estimado de leitura":"1 minuto"},"schema":{"@context":"https:\/\/schema.org","@graph":[{"@type":"Article","@id":"https:\/\/inclusivenews.com.br\/?p=23298#article","isPartOf":{"@id":"https:\/\/inclusivenews.com.br\/?p=23298"},"author":{"name":"inclusivenews2024","@id":"https:\/\/inclusivenews.com.br\/#\/schema\/person\/ae4ec7087559b8692fb33b6fffd2273b"},"headline":"Viaje at\u00e9 \u00e0s Lamparinas do Sert\u00e3o","datePublished":"2012-08-29T19:24:25+00:00","mainEntityOfPage":{"@id":"https:\/\/inclusivenews.com.br\/?p=23298"},"wordCount":221,"commentCount":0,"publisher":{"@id":"https:\/\/inclusivenews.com.br\/#organization"},"image":{"@id":"https:\/\/inclusivenews.com.br\/?p=23298#primaryimage"},"thumbnailUrl":"http:\/\/www.avidaeumaviagem.com.br\/blog\/wp-content\/uploads\/2012\/08\/lamparinas-do-sertao-e-cacadores-de-bons-exemplos3.jpg","articleSection":["Blog"],"inLanguage":"pt-PT","potentialAction":[{"@type":"CommentAction","name":"Comment","target":["https:\/\/inclusivenews.com.br\/?p=23298#respond"]}]},{"@type":"WebPage","@id":"https:\/\/inclusivenews.com.br\/?p=23298","url":"https:\/\/inclusivenews.com.br\/?p=23298","name":"Viaje at\u00e9 \u00e0s Lamparinas do Sert\u00e3o -","isPartOf":{"@id":"https:\/\/inclusivenews.com.br\/#website"},"primaryImageOfPage":{"@id":"https:\/\/inclusivenews.com.br\/?p=23298#primaryimage"},"image":{"@id":"https:\/\/inclusivenews.com.br\/?p=23298#primaryimage"},"thumbnailUrl":"http:\/\/www.avidaeumaviagem.com.br\/blog\/wp-content\/uploads\/2012\/08\/lamparinas-do-sertao-e-cacadores-de-bons-exemplos3.jpg","datePublished":"2012-08-29T19:24:25+00:00","breadcrumb":{"@id":"https:\/\/inclusivenews.com.br\/?p=23298#breadcrumb"},"inLanguage":"pt-PT","potentialAction":[{"@type":"ReadAction","target":["https:\/\/inclusivenews.com.br\/?p=23298"]}]},{"@type":"ImageObject","inLanguage":"pt-PT","@id":"https:\/\/inclusivenews.com.br\/?p=23298#primaryimage","url":"http:\/\/www.avidaeumaviagem.com.br\/blog\/wp-content\/uploads\/2012\/08\/lamparinas-do-sertao-e-cacadores-de-bons-exemplos3.jpg","contentUrl":"http:\/\/www.avidaeumaviagem.com.br\/blog\/wp-content\/uploads\/2012\/08\/lamparinas-do-sertao-e-cacadores-de-bons-exemplos3.jpg"},{"@type":"BreadcrumbList","@id":"https:\/\/inclusivenews.com.br\/?p=23298#breadcrumb","itemListElement":[{"@type":"ListItem","position":1,"name":"In\u00edcio","item":"https:\/\/inclusivenews.com.br\/"},{"@type":"ListItem","position":2,"name":"Viaje at\u00e9 \u00e0s Lamparinas do Sert\u00e3o"}]},{"@type":"WebSite","@id":"https:\/\/inclusivenews.com.br\/#website","url":"https:\/\/inclusivenews.com.br\/","name":"Inclusive News","description":"Inclusive News","publisher":{"@id":"https:\/\/inclusivenews.com.br\/#organization"},"potentialAction":[{"@type":"SearchAction","target":{"@type":"EntryPoint","urlTemplate":"https:\/\/inclusivenews.com.br\/?s={search_term_string}"},"query-input":{"@type":"PropertyValueSpecification","valueRequired":true,"valueName":"search_term_string"}}],"inLanguage":"pt-PT"},{"@type":"Organization","@id":"https:\/\/inclusivenews.com.br\/#organization","name":"Inclusive - inclus\u00e3o e cidadania","url":"https:\/\/inclusivenews.com.br\/","logo":{"@type":"ImageObject","inLanguage":"pt-PT","@id":"https:\/\/inclusivenews.com.br\/#\/schema\/logo\/image\/","url":"https:\/\/inclusivenews.com.br\/wp-content\/uploads\/2024\/03\/@grandesite.png","contentUrl":"https:\/\/inclusivenews.com.br\/wp-content\/uploads\/2024\/03\/@grandesite.png","width":1080,"height":1080,"caption":"Inclusive - inclus\u00e3o e cidadania"},"image":{"@id":"https:\/\/inclusivenews.com.br\/#\/schema\/logo\/image\/"},"sameAs":["https:\/\/www.facebook.com\/agenciainclusive\/","https:\/\/www.instagram.com\/newsinclusive\/"]},{"@type":"Person","@id":"https:\/\/inclusivenews.com.br\/#\/schema\/person\/ae4ec7087559b8692fb33b6fffd2273b","name":"inclusivenews2024","image":{"@type":"ImageObject","inLanguage":"pt-PT","@id":"https:\/\/secure.gravatar.com\/avatar\/c5a7ef84c66fa914f55bc4f7ce26cfa275a3b9a1c5568b907bd184fb4dde7b40?s=96&d=mm&r=g","url":"https:\/\/secure.gravatar.com\/avatar\/c5a7ef84c66fa914f55bc4f7ce26cfa275a3b9a1c5568b907bd184fb4dde7b40?s=96&d=mm&r=g","contentUrl":"https:\/\/secure.gravatar.com\/avatar\/c5a7ef84c66fa914f55bc4f7ce26cfa275a3b9a1c5568b907bd184fb4dde7b40?s=96&d=mm&r=g","caption":"inclusivenews2024"},"sameAs":["https:\/\/inclusivenews.com.br"],"url":"https:\/\/inclusivenews.com.br\/?author=1"}]}},"_links":{"self":[{"href":"https:\/\/inclusivenews.com.br\/index.php?rest_route=\/wp\/v2\/posts\/23298","targetHints":{"allow":["GET"]}}],"collection":[{"href":"https:\/\/inclusivenews.com.br\/index.php?rest_route=\/wp\/v2\/posts"}],"about":[{"href":"https:\/\/inclusivenews.com.br\/index.php?rest_route=\/wp\/v2\/types\/post"}],"author":[{"embeddable":true,"href":"https:\/\/inclusivenews.com.br\/index.php?rest_route=\/wp\/v2\/users\/1"}],"replies":[{"embeddable":true,"href":"https:\/\/inclusivenews.com.br\/index.php?rest_route=%2Fwp%2Fv2%2Fcomments&post=23298"}],"version-history":[{"count":0,"href":"https:\/\/inclusivenews.com.br\/index.php?rest_route=\/wp\/v2\/posts\/23298\/revisions"}],"wp:attachment":[{"href":"https:\/\/inclusivenews.com.br\/index.php?rest_route=%2Fwp%2Fv2%2Fmedia&parent=23298"}],"wp:term":[{"taxonomy":"category","embeddable":true,"href":"https:\/\/inclusivenews.com.br\/index.php?rest_route=%2Fwp%2Fv2%2Fcategories&post=23298"},{"taxonomy":"post_tag","embeddable":true,"href":"https:\/\/inclusivenews.com.br\/index.php?rest_route=%2Fwp%2Fv2%2Ftags&post=23298"}],"curies":[{"name":"wp","href":"https:\/\/api.w.org\/{rel}","templated":true}]}}