{"id":23472,"date":"2012-09-26T15:33:03","date_gmt":"2012-09-26T18:33:03","guid":{"rendered":"http:\/\/www.inclusive.org.br\/?p=23472"},"modified":"2012-09-26T15:33:03","modified_gmt":"2012-09-26T18:33:03","slug":"valor-e-preco-da-democracia","status":"publish","type":"post","link":"https:\/\/inclusivenews.com.br\/?p=23472","title":{"rendered":"Valor e pre\u00e7o da democracia"},"content":{"rendered":"<p><em><img loading=\"lazy\" decoding=\"async\" class=\"alignleft size-medium wp-image-13141\" title=\"Inclusive - direitos humanos: o globo terrestre e \u00edcones representando pessoas de v\u00e1rias cores.\" src=\"http:\/\/inclusivenews.com.br\/wp-content\/uploads\/2009\/12\/Inclusive_direitos_humanos-300x246.jpg\" alt=\"Inclusive - direitos humanos: o globo terrestre e \u00edcones representando pessoas de v\u00e1rias cores.\" width=\"300\" height=\"246\" \/>Por Nei Alberto Pies *<\/em><\/p>\n<p><em>&#8220;Meu ideal pol\u00edtico \u00e9 a democracia, para que todo homem seja respeitado como indiv\u00edduo e nenhum venerado.&#8221; (Albert Einstein)<\/em><\/p>\n<p>Se o bem maior da nossa sociedade \u00e9 a democracia porque pagamos t\u00e3o caro por ela? Se a liberdade de express\u00e3o e comunica\u00e7\u00e3o \u00e9 de t\u00e3o significativo valor, porque se imp\u00f5em tantas dificuldades para a gente se comunicar? Por que custam tanto as campanhas pol\u00edticas se as mesmas visam subsidiar nossas escolhas, tendo em vista diferentes projetos em disputa na sociedade? Por que a democracia cobra seu pre\u00e7o? Quando chegaremos a concluir que, para que a democracia aconte\u00e7a, todos tem de pagar um pre\u00e7o?<\/p>\n<p>\u00c9 importante recordar que democracia, como outros tantos valores da sociedade, nasceu do grego demo=povo e cracia=governo, ou seja, governo do povo. Democracia \u00e9 um sistema em que as pessoas de um pa\u00eds podem participar da vida pol\u00edtica. Esta participa\u00e7\u00e3o pode ocorrer atrav\u00e9s de elei\u00e7\u00f5es, plebiscitos e referendos. Numa democracia, as pessoas possuem liberdade de express\u00e3o e podem manifestar suas opini\u00f5es. Por isso mesmo, embora com sentidos distintos, pol\u00edtica e democracia se complementam.<\/p>\n<p>A democracia \u00e9 a melhor forma de governo e de poder, mas poucas pessoas fazem da pol\u00edtica um instrumento de cidadania. Muitos preferem, ou assim lhes foi ensinado, que pol\u00edtica e democracia s\u00e3o um mero ritual de escolha, atrav\u00e9s das elei\u00e7\u00f5es. Neste sentido, a pol\u00edtica distanciou-se da vida cotidiana e real; parece mais um espet\u00e1culo midi\u00e1tico a que nos submetemos a cada dois anos em nosso pa\u00eds.<\/p>\n<p>Ouso afirmar que nossa apatia pol\u00edtica colabora muito para elevar os custos e determinar a qualidade de nossa democracia. Como abrimos m\u00e3o de participar ativa e cotidianamente das decis\u00f5es tomadas pelos pol\u00edticos envolvendo os destinos de nossas cidades &#8212; o que nos garantiria estar por dentro dos processos -, acabamos submetidos aos espet\u00e1culos de marketing midi\u00e1tico. D\u00e1 para imaginar como seria uma campanha sem o largo uso da m\u00eddia (r\u00e1dios, televis\u00e3o, impressos,&#8230;)? Como conhecer\u00edamos as propostas e os candidatos que se disp\u00f5em a nos representar?<\/p>\n<p>A consequ\u00eancia direta da participa\u00e7\u00e3o efetiva e permanente das pessoas nas quest\u00f5es que envolvem a pol\u00edtica e a sociedade ser\u00e1 a relativiza\u00e7\u00e3o dos espet\u00e1culos midi\u00e1ticos que envolvem as campanhas pol\u00edticas, uma vez que n\u00e3o precisaremos mais tanto deles para subsidiar nossas escolhas. A pol\u00edtica e a democracia, com participa\u00e7\u00e3o, ser\u00e3o mais aut\u00eanticas e mais fidedignas com a realidade. O pre\u00e7o pela democracia \u00e9 a nossa participa\u00e7\u00e3o, n\u00e3o a nossa apatia!<\/p>\n<p><em>* Professor e ativista de direitos humanos (pies.neialberto@gmail.com)<\/em><\/p>\n","protected":false},"excerpt":{"rendered":"<p>Se o bem maior da nossa sociedade \u00e9 a democracia porque pagamos t\u00e3o caro por ela? Artigo \u00e9 de Nei Alberto Pies.<\/p>\n","protected":false},"author":1,"featured_media":0,"comment_status":"open","ping_status":"open","sticky":false,"template":"","format":"standard","meta":{"site-container-style":"default","site-container-layout":"default","site-sidebar-layout":"default","disable-article-header":"default","disable-site-header":"default","disable-site-footer":"default","disable-content-area-spacing":"default","footnotes":""},"categories":[8],"tags":[],"class_list":["post-23472","post","type-post","status-publish","format-standard","hentry","category-textos-e-artigos"],"yoast_head":"<!-- This site is optimized with the Yoast SEO plugin v27.4 - https:\/\/yoast.com\/product\/yoast-seo-wordpress\/ -->\n<title>Valor e pre\u00e7o da democracia -<\/title>\n<meta name=\"robots\" content=\"index, follow, max-snippet:-1, max-image-preview:large, max-video-preview:-1\" \/>\n<link rel=\"canonical\" href=\"https:\/\/inclusivenews.com.br\/?p=23472\" \/>\n<meta property=\"og:locale\" content=\"pt_PT\" \/>\n<meta property=\"og:type\" content=\"article\" \/>\n<meta property=\"og:title\" content=\"Valor e pre\u00e7o da democracia -\" \/>\n<meta property=\"og:description\" content=\"Se o bem maior da nossa sociedade \u00e9 a democracia porque pagamos t\u00e3o caro por ela? Artigo \u00e9 de Nei Alberto Pies.\" \/>\n<meta property=\"og:url\" content=\"https:\/\/inclusivenews.com.br\/?p=23472\" \/>\n<meta property=\"article:publisher\" content=\"https:\/\/www.facebook.com\/agenciainclusive\/\" \/>\n<meta property=\"article:published_time\" content=\"2012-09-26T18:33:03+00:00\" \/>\n<meta property=\"og:image\" content=\"http:\/\/inclusivenews.com.br\/wp-content\/uploads\/2009\/12\/Inclusive_direitos_humanos-300x246.jpg\" \/>\n<meta name=\"author\" content=\"inclusivenews2024\" \/>\n<meta name=\"twitter:card\" content=\"summary_large_image\" \/>\n<meta name=\"twitter:label1\" content=\"Escrito por\" \/>\n\t<meta name=\"twitter:data1\" content=\"inclusivenews2024\" \/>\n\t<meta name=\"twitter:label2\" content=\"Tempo estimado de leitura\" \/>\n\t<meta name=\"twitter:data2\" content=\"2 minutos\" \/>\n<script type=\"application\/ld+json\" class=\"yoast-schema-graph\">{\"@context\":\"https:\\\/\\\/schema.org\",\"@graph\":[{\"@type\":\"Article\",\"@id\":\"https:\\\/\\\/inclusivenews.com.br\\\/?p=23472#article\",\"isPartOf\":{\"@id\":\"https:\\\/\\\/inclusivenews.com.br\\\/?p=23472\"},\"author\":{\"name\":\"inclusivenews2024\",\"@id\":\"https:\\\/\\\/inclusivenews.com.br\\\/#\\\/schema\\\/person\\\/ae4ec7087559b8692fb33b6fffd2273b\"},\"headline\":\"Valor e pre\u00e7o da democracia\",\"datePublished\":\"2012-09-26T18:33:03+00:00\",\"mainEntityOfPage\":{\"@id\":\"https:\\\/\\\/inclusivenews.com.br\\\/?p=23472\"},\"wordCount\":468,\"commentCount\":0,\"publisher\":{\"@id\":\"https:\\\/\\\/inclusivenews.com.br\\\/#organization\"},\"image\":{\"@id\":\"https:\\\/\\\/inclusivenews.com.br\\\/?p=23472#primaryimage\"},\"thumbnailUrl\":\"http:\\\/\\\/inclusivenews.com.br\\\/wp-content\\\/uploads\\\/2009\\\/12\\\/Inclusive_direitos_humanos-300x246.jpg\",\"articleSection\":[\"OPINI\u00c3O\"],\"inLanguage\":\"pt-PT\",\"potentialAction\":[{\"@type\":\"CommentAction\",\"name\":\"Comment\",\"target\":[\"https:\\\/\\\/inclusivenews.com.br\\\/?p=23472#respond\"]}]},{\"@type\":\"WebPage\",\"@id\":\"https:\\\/\\\/inclusivenews.com.br\\\/?p=23472\",\"url\":\"https:\\\/\\\/inclusivenews.com.br\\\/?p=23472\",\"name\":\"Valor e pre\u00e7o da democracia -\",\"isPartOf\":{\"@id\":\"https:\\\/\\\/inclusivenews.com.br\\\/#website\"},\"primaryImageOfPage\":{\"@id\":\"https:\\\/\\\/inclusivenews.com.br\\\/?p=23472#primaryimage\"},\"image\":{\"@id\":\"https:\\\/\\\/inclusivenews.com.br\\\/?p=23472#primaryimage\"},\"thumbnailUrl\":\"http:\\\/\\\/inclusivenews.com.br\\\/wp-content\\\/uploads\\\/2009\\\/12\\\/Inclusive_direitos_humanos-300x246.jpg\",\"datePublished\":\"2012-09-26T18:33:03+00:00\",\"breadcrumb\":{\"@id\":\"https:\\\/\\\/inclusivenews.com.br\\\/?p=23472#breadcrumb\"},\"inLanguage\":\"pt-PT\",\"potentialAction\":[{\"@type\":\"ReadAction\",\"target\":[\"https:\\\/\\\/inclusivenews.com.br\\\/?p=23472\"]}]},{\"@type\":\"ImageObject\",\"inLanguage\":\"pt-PT\",\"@id\":\"https:\\\/\\\/inclusivenews.com.br\\\/?p=23472#primaryimage\",\"url\":\"\",\"contentUrl\":\"\"},{\"@type\":\"BreadcrumbList\",\"@id\":\"https:\\\/\\\/inclusivenews.com.br\\\/?p=23472#breadcrumb\",\"itemListElement\":[{\"@type\":\"ListItem\",\"position\":1,\"name\":\"In\u00edcio\",\"item\":\"https:\\\/\\\/inclusivenews.com.br\\\/\"},{\"@type\":\"ListItem\",\"position\":2,\"name\":\"Valor e pre\u00e7o da democracia\"}]},{\"@type\":\"WebSite\",\"@id\":\"https:\\\/\\\/inclusivenews.com.br\\\/#website\",\"url\":\"https:\\\/\\\/inclusivenews.com.br\\\/\",\"name\":\"Inclusive News\",\"description\":\"Inclusive News\",\"publisher\":{\"@id\":\"https:\\\/\\\/inclusivenews.com.br\\\/#organization\"},\"potentialAction\":[{\"@type\":\"SearchAction\",\"target\":{\"@type\":\"EntryPoint\",\"urlTemplate\":\"https:\\\/\\\/inclusivenews.com.br\\\/?s={search_term_string}\"},\"query-input\":{\"@type\":\"PropertyValueSpecification\",\"valueRequired\":true,\"valueName\":\"search_term_string\"}}],\"inLanguage\":\"pt-PT\"},{\"@type\":\"Organization\",\"@id\":\"https:\\\/\\\/inclusivenews.com.br\\\/#organization\",\"name\":\"Inclusive - inclus\u00e3o e cidadania\",\"url\":\"https:\\\/\\\/inclusivenews.com.br\\\/\",\"logo\":{\"@type\":\"ImageObject\",\"inLanguage\":\"pt-PT\",\"@id\":\"https:\\\/\\\/inclusivenews.com.br\\\/#\\\/schema\\\/logo\\\/image\\\/\",\"url\":\"https:\\\/\\\/inclusivenews.com.br\\\/wp-content\\\/uploads\\\/2024\\\/03\\\/@grandesite.png\",\"contentUrl\":\"https:\\\/\\\/inclusivenews.com.br\\\/wp-content\\\/uploads\\\/2024\\\/03\\\/@grandesite.png\",\"width\":1080,\"height\":1080,\"caption\":\"Inclusive - inclus\u00e3o e cidadania\"},\"image\":{\"@id\":\"https:\\\/\\\/inclusivenews.com.br\\\/#\\\/schema\\\/logo\\\/image\\\/\"},\"sameAs\":[\"https:\\\/\\\/www.facebook.com\\\/agenciainclusive\\\/\",\"https:\\\/\\\/www.instagram.com\\\/newsinclusive\\\/\"]},{\"@type\":\"Person\",\"@id\":\"https:\\\/\\\/inclusivenews.com.br\\\/#\\\/schema\\\/person\\\/ae4ec7087559b8692fb33b6fffd2273b\",\"name\":\"inclusivenews2024\",\"image\":{\"@type\":\"ImageObject\",\"inLanguage\":\"pt-PT\",\"@id\":\"https:\\\/\\\/secure.gravatar.com\\\/avatar\\\/c5a7ef84c66fa914f55bc4f7ce26cfa275a3b9a1c5568b907bd184fb4dde7b40?s=96&d=mm&r=g\",\"url\":\"https:\\\/\\\/secure.gravatar.com\\\/avatar\\\/c5a7ef84c66fa914f55bc4f7ce26cfa275a3b9a1c5568b907bd184fb4dde7b40?s=96&d=mm&r=g\",\"contentUrl\":\"https:\\\/\\\/secure.gravatar.com\\\/avatar\\\/c5a7ef84c66fa914f55bc4f7ce26cfa275a3b9a1c5568b907bd184fb4dde7b40?s=96&d=mm&r=g\",\"caption\":\"inclusivenews2024\"},\"sameAs\":[\"https:\\\/\\\/inclusivenews.com.br\"],\"url\":\"https:\\\/\\\/inclusivenews.com.br\\\/?author=1\"}]}<\/script>\n<!-- \/ Yoast SEO plugin. -->","yoast_head_json":{"title":"Valor e pre\u00e7o da democracia -","robots":{"index":"index","follow":"follow","max-snippet":"max-snippet:-1","max-image-preview":"max-image-preview:large","max-video-preview":"max-video-preview:-1"},"canonical":"https:\/\/inclusivenews.com.br\/?p=23472","og_locale":"pt_PT","og_type":"article","og_title":"Valor e pre\u00e7o da democracia -","og_description":"Se o bem maior da nossa sociedade \u00e9 a democracia porque pagamos t\u00e3o caro por ela? Artigo \u00e9 de Nei Alberto Pies.","og_url":"https:\/\/inclusivenews.com.br\/?p=23472","article_publisher":"https:\/\/www.facebook.com\/agenciainclusive\/","article_published_time":"2012-09-26T18:33:03+00:00","og_image":[{"url":"http:\/\/inclusivenews.com.br\/wp-content\/uploads\/2009\/12\/Inclusive_direitos_humanos-300x246.jpg","type":"","width":"","height":""}],"author":"inclusivenews2024","twitter_card":"summary_large_image","twitter_misc":{"Escrito por":"inclusivenews2024","Tempo estimado de leitura":"2 minutos"},"schema":{"@context":"https:\/\/schema.org","@graph":[{"@type":"Article","@id":"https:\/\/inclusivenews.com.br\/?p=23472#article","isPartOf":{"@id":"https:\/\/inclusivenews.com.br\/?p=23472"},"author":{"name":"inclusivenews2024","@id":"https:\/\/inclusivenews.com.br\/#\/schema\/person\/ae4ec7087559b8692fb33b6fffd2273b"},"headline":"Valor e pre\u00e7o da democracia","datePublished":"2012-09-26T18:33:03+00:00","mainEntityOfPage":{"@id":"https:\/\/inclusivenews.com.br\/?p=23472"},"wordCount":468,"commentCount":0,"publisher":{"@id":"https:\/\/inclusivenews.com.br\/#organization"},"image":{"@id":"https:\/\/inclusivenews.com.br\/?p=23472#primaryimage"},"thumbnailUrl":"http:\/\/inclusivenews.com.br\/wp-content\/uploads\/2009\/12\/Inclusive_direitos_humanos-300x246.jpg","articleSection":["OPINI\u00c3O"],"inLanguage":"pt-PT","potentialAction":[{"@type":"CommentAction","name":"Comment","target":["https:\/\/inclusivenews.com.br\/?p=23472#respond"]}]},{"@type":"WebPage","@id":"https:\/\/inclusivenews.com.br\/?p=23472","url":"https:\/\/inclusivenews.com.br\/?p=23472","name":"Valor e pre\u00e7o da democracia -","isPartOf":{"@id":"https:\/\/inclusivenews.com.br\/#website"},"primaryImageOfPage":{"@id":"https:\/\/inclusivenews.com.br\/?p=23472#primaryimage"},"image":{"@id":"https:\/\/inclusivenews.com.br\/?p=23472#primaryimage"},"thumbnailUrl":"http:\/\/inclusivenews.com.br\/wp-content\/uploads\/2009\/12\/Inclusive_direitos_humanos-300x246.jpg","datePublished":"2012-09-26T18:33:03+00:00","breadcrumb":{"@id":"https:\/\/inclusivenews.com.br\/?p=23472#breadcrumb"},"inLanguage":"pt-PT","potentialAction":[{"@type":"ReadAction","target":["https:\/\/inclusivenews.com.br\/?p=23472"]}]},{"@type":"ImageObject","inLanguage":"pt-PT","@id":"https:\/\/inclusivenews.com.br\/?p=23472#primaryimage","url":"","contentUrl":""},{"@type":"BreadcrumbList","@id":"https:\/\/inclusivenews.com.br\/?p=23472#breadcrumb","itemListElement":[{"@type":"ListItem","position":1,"name":"In\u00edcio","item":"https:\/\/inclusivenews.com.br\/"},{"@type":"ListItem","position":2,"name":"Valor e pre\u00e7o da democracia"}]},{"@type":"WebSite","@id":"https:\/\/inclusivenews.com.br\/#website","url":"https:\/\/inclusivenews.com.br\/","name":"Inclusive News","description":"Inclusive News","publisher":{"@id":"https:\/\/inclusivenews.com.br\/#organization"},"potentialAction":[{"@type":"SearchAction","target":{"@type":"EntryPoint","urlTemplate":"https:\/\/inclusivenews.com.br\/?s={search_term_string}"},"query-input":{"@type":"PropertyValueSpecification","valueRequired":true,"valueName":"search_term_string"}}],"inLanguage":"pt-PT"},{"@type":"Organization","@id":"https:\/\/inclusivenews.com.br\/#organization","name":"Inclusive - inclus\u00e3o e cidadania","url":"https:\/\/inclusivenews.com.br\/","logo":{"@type":"ImageObject","inLanguage":"pt-PT","@id":"https:\/\/inclusivenews.com.br\/#\/schema\/logo\/image\/","url":"https:\/\/inclusivenews.com.br\/wp-content\/uploads\/2024\/03\/@grandesite.png","contentUrl":"https:\/\/inclusivenews.com.br\/wp-content\/uploads\/2024\/03\/@grandesite.png","width":1080,"height":1080,"caption":"Inclusive - inclus\u00e3o e cidadania"},"image":{"@id":"https:\/\/inclusivenews.com.br\/#\/schema\/logo\/image\/"},"sameAs":["https:\/\/www.facebook.com\/agenciainclusive\/","https:\/\/www.instagram.com\/newsinclusive\/"]},{"@type":"Person","@id":"https:\/\/inclusivenews.com.br\/#\/schema\/person\/ae4ec7087559b8692fb33b6fffd2273b","name":"inclusivenews2024","image":{"@type":"ImageObject","inLanguage":"pt-PT","@id":"https:\/\/secure.gravatar.com\/avatar\/c5a7ef84c66fa914f55bc4f7ce26cfa275a3b9a1c5568b907bd184fb4dde7b40?s=96&d=mm&r=g","url":"https:\/\/secure.gravatar.com\/avatar\/c5a7ef84c66fa914f55bc4f7ce26cfa275a3b9a1c5568b907bd184fb4dde7b40?s=96&d=mm&r=g","contentUrl":"https:\/\/secure.gravatar.com\/avatar\/c5a7ef84c66fa914f55bc4f7ce26cfa275a3b9a1c5568b907bd184fb4dde7b40?s=96&d=mm&r=g","caption":"inclusivenews2024"},"sameAs":["https:\/\/inclusivenews.com.br"],"url":"https:\/\/inclusivenews.com.br\/?author=1"}]}},"_links":{"self":[{"href":"https:\/\/inclusivenews.com.br\/index.php?rest_route=\/wp\/v2\/posts\/23472","targetHints":{"allow":["GET"]}}],"collection":[{"href":"https:\/\/inclusivenews.com.br\/index.php?rest_route=\/wp\/v2\/posts"}],"about":[{"href":"https:\/\/inclusivenews.com.br\/index.php?rest_route=\/wp\/v2\/types\/post"}],"author":[{"embeddable":true,"href":"https:\/\/inclusivenews.com.br\/index.php?rest_route=\/wp\/v2\/users\/1"}],"replies":[{"embeddable":true,"href":"https:\/\/inclusivenews.com.br\/index.php?rest_route=%2Fwp%2Fv2%2Fcomments&post=23472"}],"version-history":[{"count":0,"href":"https:\/\/inclusivenews.com.br\/index.php?rest_route=\/wp\/v2\/posts\/23472\/revisions"}],"wp:attachment":[{"href":"https:\/\/inclusivenews.com.br\/index.php?rest_route=%2Fwp%2Fv2%2Fmedia&parent=23472"}],"wp:term":[{"taxonomy":"category","embeddable":true,"href":"https:\/\/inclusivenews.com.br\/index.php?rest_route=%2Fwp%2Fv2%2Fcategories&post=23472"},{"taxonomy":"post_tag","embeddable":true,"href":"https:\/\/inclusivenews.com.br\/index.php?rest_route=%2Fwp%2Fv2%2Ftags&post=23472"}],"curies":[{"name":"wp","href":"https:\/\/api.w.org\/{rel}","templated":true}]}}