{"id":23478,"date":"2012-09-26T15:31:41","date_gmt":"2012-09-26T18:31:41","guid":{"rendered":"http:\/\/www.inclusive.org.br\/?p=23478"},"modified":"2012-09-26T15:31:41","modified_gmt":"2012-09-26T18:31:41","slug":"um-outro-envelhecer-e-possivel","status":"publish","type":"post","link":"https:\/\/inclusivenews.com.br\/?p=23478","title":{"rendered":"Um outro envelhecer \u00e9 poss\u00edvel"},"content":{"rendered":"<figure id=\"attachment_21248\" aria-describedby=\"caption-attachment-21248\" style=\"width: 220px\" class=\"wp-caption alignleft\"><img loading=\"lazy\" decoding=\"async\" class=\"size-full wp-image-21248\" title=\"Ilustra\u00e7\u00e3o de casal de idosos sorridentes\" src=\"http:\/\/inclusivenews.com.br\/wp-content\/uploads\/idosos1.jpg\" alt=\"Ilustra\u00e7\u00e3o de casal de idosos sorridentes\" width=\"220\" height=\"296\" \/><figcaption id=\"caption-attachment-21248\" class=\"wp-caption-text\"> <\/figcaption><\/figure>\n<p>O livro que leva este t\u00edtulo acaba de ser lan\u00e7ado, mas j\u00e1 tem uma longa hist\u00f3ria: come\u00e7ou a ser pensado em Guapimirim \/2005, em uma reuni\u00e3o de profissionais que queriam refletir sobre suas experi\u00eancias, ao enfrentar o processo de envelhecer. O debate se estendeu desde ent\u00e3o, entre reuni\u00f5es e conversas (in)formais e finalmente se concretizou nesta colet\u00e2nea, da qual muitos participaram. Para apreender a complexidade da tem\u00e1tica, esta foi abordada desde diversas dimens\u00f5es.<\/p>\n<p>Na dimens\u00e3o social, Lucia Ribeir aponta transforma\u00e7\u00f5es que possibilitam aos idosos uma melhor qualidade de vida, apesar do persistente preconceito; na f\u00edsico-biol\u00f3gica, Maria Jos\u00e9 dos Santos indica mudan\u00e7as sempre permeadas pela subjetividade; j\u00e1 no aspecto psicoanal\u00edtico,Fernando Rocha mostra a coexist\u00eancia de rea\u00e7\u00f5es de medo e de tristeza pelas perdas, com o surgimento de elabora\u00e7\u00f5es criativas; e, finalmente, Leonardo Boff, na dimens\u00e3o filos\u00f3fico-espiritual, enfatiza o polo da interioridade, com sua possibilidade de crescimento indefinido, vendo a morte como a passagem para uma vida plena.<\/p>\n<p>Ao lado destes textos mais anal\u00edticos, o livro inclui tamb\u00e9m alguns testemunhos preciosos de pessoas que conhecem a velhice por dentro, como Marialzira Perestrello, Luis Viegas, Rose Marie Muraro e Yolanda Bettencourt e tamb\u00e9m de uma crian\u00e7a, Francisco Oromi R. de Souza, vendo a velhice de longe. Finalmente, o livro conta ainda com a dimens\u00e3o po\u00e9tica, com dois belos sonetos de Rog\u00e9rio Luz.<\/p>\n<p>Ao analisar a situa\u00e7\u00e3o social do idoso, inclu\u00edmos a experi\u00eancia de um setor espec\u00edfico &#8211; profissionais urbanos de classe m\u00e9dia &#8211; pertencente \u00e0 gera\u00e7\u00e3o que nasceu nas d\u00e9cadas de 30 \/ 40. Isto nos possibilitou aprofundar a reflex\u00e3o a partir de uma pr\u00e1tica concreta e desde uma perspectiva que encara o processo do envelhecer de forma dial\u00e9tica: sem negar as perdas e as limita\u00e7\u00f5es reais, que n\u00e3o podem ser maquiadas, descobre tamb\u00e9m os espa\u00e7os positivos que se abrem nesta fase.<\/p>\n<p>A partir desta perspectiva, que assume perdas e ganhos, foram identificados alguns desafios, que se colocam no mundo atual para a nossa gera\u00e7\u00e3o:<\/p>\n<p>&#8211; Conseguir aceitar subjetivamente a metamorfose que objetivamente est\u00e1 se dando em n\u00f3s (e que, frequentemente, \u00e9 mais vis\u00edvel para os outros do que para n\u00f3s mesmos!), reconhecendo a necessidade do cuidado, sem esquecer a conquista permanente da autonomia poss\u00edvel;<\/p>\n<p>&#8211; Saber dialogar com as gera\u00e7\u00f5es mais jovens, abertos \u00e0s suas perspectivas e descobertas, mas sem abrir m\u00e3o de uma vis\u00e3o cr\u00edtica;<\/p>\n<p>&#8211; Assumir um compromisso ativo e participante em grupos, sejam eles profissionais, religiosos, culturais ou de qualquer outro tipo, e sentir-se parte de um todo, assumindo sua responsabilidade pessoal, a partir de nossas possibilidades atuais;<\/p>\n<p>&#8211; N\u00e3o abrir m\u00e3o da criatividade, para inventar novas formas de viver a sexualidade, baseada na libido e no afeto e no que cada um julga mais adequado \u00e0s suas pr\u00f3prias condi\u00e7\u00f5es;<\/p>\n<p>&#8211; Descobrir a riqueza de construir a solid\u00e3o, como um momento de encontro consigo mesmo;<\/p>\n<p>&#8211; Reconciliar-se com o passado, com suas realiza\u00e7\u00f5es e, sobretudo, com suas omiss\u00f5es e falhas &#8212; hoje j\u00e1 irrecuper\u00e1veis &#8212; e descobrir a fun\u00e7\u00e3o social do resgate da mem\u00f3ria, com a lucidez de distinguir o que ainda pode ser enriquecedor, no momento atual, do que precisa ser definitivamente superado;<\/p>\n<p>&#8211; Tomar consci\u00eancia de nossa finitude, embora o tempo que nos resta seja imprevis\u00edvel: s\u00f3 quando integramos e aceitamos a morte podemos viver plenamente a vida;<\/p>\n<p>&#8211; Aprofundar a vida interior e a espiritualidade &#8211; pr\u00f3pria de qualquer ser humano, independente de ter ou n\u00e3o uma op\u00e7\u00e3o religiosa &#8211; questionando o sentido da vida e reconhecendo nela a dimens\u00e3o do Mist\u00e9rio.<\/p>\n<p>Estes e outros desafios permeiam a travessia das \u00e1guas ora serenas ora turbulentas &#8212; mas sempre instigantes &#8212; da sexta \u00e0 nona d\u00e9cada da vida.<\/p>\n<p>Nossa gera\u00e7\u00e3o viveu tempos marcados pela esperan\u00e7a de transformar o mundo, expressa em processos pol\u00edticos, culturais, sociais. Viveu tamb\u00e9m os momentos de ocaso, de revezes, de desilus\u00e3o.<\/p>\n<p>Mas para muitos de n\u00f3s, que participamos ativamente destes processos, o compromisso com a transforma\u00e7\u00e3o social, em seus mais diversos n\u00edveis, continua vivo. E no atual momento da vida, acreditamos que &#8220;um outro envelhecer \u00e9 poss\u00edvel&#8221;, se nos assumimos como sujeitos ativos desta etapa, tornando-a uma experi\u00eancia socialmente fecunda e pessoalmente feliz.<\/p>\n<p>Fonte:<a href=\"http:\/\/www.ihu.unisinos.br\/noticias\/513798-qum-outro-envelhecer-e-possivelq\" target=\"_blank\" rel=\"noopener\">IHU<\/a>\/ISER<\/p>\n","protected":false},"excerpt":{"rendered":"<p>Para apreender a complexidade da tem\u00e1tica, esta foi abordada desde diversas dimens\u00f5es. Informa\u00e7\u00e3o vem do IHU online.<\/p>\n","protected":false},"author":1,"featured_media":0,"comment_status":"open","ping_status":"open","sticky":false,"template":"","format":"standard","meta":{"site-container-style":"default","site-container-layout":"default","site-sidebar-layout":"default","disable-article-header":"default","disable-site-header":"default","disable-site-footer":"default","disable-content-area-spacing":"default","footnotes":""},"categories":[50,51,4],"tags":[66],"class_list":["post-23478","post","type-post","status-publish","format-standard","hentry","category-lancamentos","category-livros","category-noticias","tag-idosos"],"yoast_head":"<!-- This site is optimized with the Yoast SEO plugin v27.4 - https:\/\/yoast.com\/product\/yoast-seo-wordpress\/ -->\n<title>Um outro envelhecer \u00e9 poss\u00edvel -<\/title>\n<meta name=\"robots\" content=\"index, follow, max-snippet:-1, max-image-preview:large, max-video-preview:-1\" \/>\n<link rel=\"canonical\" href=\"https:\/\/inclusivenews.com.br\/?p=23478\" \/>\n<meta property=\"og:locale\" content=\"pt_PT\" \/>\n<meta property=\"og:type\" content=\"article\" \/>\n<meta property=\"og:title\" content=\"Um outro envelhecer \u00e9 poss\u00edvel -\" \/>\n<meta property=\"og:description\" content=\"Para apreender a complexidade da tem\u00e1tica, esta foi abordada desde diversas dimens\u00f5es. Informa\u00e7\u00e3o vem do IHU online.\" \/>\n<meta property=\"og:url\" content=\"https:\/\/inclusivenews.com.br\/?p=23478\" \/>\n<meta property=\"article:publisher\" content=\"https:\/\/www.facebook.com\/agenciainclusive\/\" \/>\n<meta property=\"article:published_time\" content=\"2012-09-26T18:31:41+00:00\" \/>\n<meta property=\"og:image\" content=\"http:\/\/inclusivenews.com.br\/wp-content\/uploads\/idosos1.jpg\" \/>\n<meta name=\"author\" content=\"inclusivenews2024\" \/>\n<meta name=\"twitter:card\" content=\"summary_large_image\" \/>\n<meta name=\"twitter:label1\" content=\"Escrito por\" \/>\n\t<meta name=\"twitter:data1\" content=\"inclusivenews2024\" \/>\n\t<meta name=\"twitter:label2\" content=\"Tempo estimado de leitura\" \/>\n\t<meta name=\"twitter:data2\" content=\"4 minutos\" \/>\n<script type=\"application\/ld+json\" class=\"yoast-schema-graph\">{\"@context\":\"https:\\\/\\\/schema.org\",\"@graph\":[{\"@type\":\"Article\",\"@id\":\"https:\\\/\\\/inclusivenews.com.br\\\/?p=23478#article\",\"isPartOf\":{\"@id\":\"https:\\\/\\\/inclusivenews.com.br\\\/?p=23478\"},\"author\":{\"name\":\"inclusivenews2024\",\"@id\":\"https:\\\/\\\/inclusivenews.com.br\\\/#\\\/schema\\\/person\\\/ae4ec7087559b8692fb33b6fffd2273b\"},\"headline\":\"Um outro envelhecer \u00e9 poss\u00edvel\",\"datePublished\":\"2012-09-26T18:31:41+00:00\",\"mainEntityOfPage\":{\"@id\":\"https:\\\/\\\/inclusivenews.com.br\\\/?p=23478\"},\"wordCount\":770,\"commentCount\":0,\"publisher\":{\"@id\":\"https:\\\/\\\/inclusivenews.com.br\\\/#organization\"},\"image\":{\"@id\":\"https:\\\/\\\/inclusivenews.com.br\\\/?p=23478#primaryimage\"},\"thumbnailUrl\":\"http:\\\/\\\/inclusivenews.com.br\\\/wp-content\\\/uploads\\\/idosos1.jpg\",\"keywords\":[\"Idosos\"],\"articleSection\":[\"Lan\u00e7amentos\",\"Livros\",\"NOT\u00cdCIAS\"],\"inLanguage\":\"pt-PT\",\"potentialAction\":[{\"@type\":\"CommentAction\",\"name\":\"Comment\",\"target\":[\"https:\\\/\\\/inclusivenews.com.br\\\/?p=23478#respond\"]}]},{\"@type\":\"WebPage\",\"@id\":\"https:\\\/\\\/inclusivenews.com.br\\\/?p=23478\",\"url\":\"https:\\\/\\\/inclusivenews.com.br\\\/?p=23478\",\"name\":\"Um outro envelhecer \u00e9 poss\u00edvel -\",\"isPartOf\":{\"@id\":\"https:\\\/\\\/inclusivenews.com.br\\\/#website\"},\"primaryImageOfPage\":{\"@id\":\"https:\\\/\\\/inclusivenews.com.br\\\/?p=23478#primaryimage\"},\"image\":{\"@id\":\"https:\\\/\\\/inclusivenews.com.br\\\/?p=23478#primaryimage\"},\"thumbnailUrl\":\"http:\\\/\\\/inclusivenews.com.br\\\/wp-content\\\/uploads\\\/idosos1.jpg\",\"datePublished\":\"2012-09-26T18:31:41+00:00\",\"breadcrumb\":{\"@id\":\"https:\\\/\\\/inclusivenews.com.br\\\/?p=23478#breadcrumb\"},\"inLanguage\":\"pt-PT\",\"potentialAction\":[{\"@type\":\"ReadAction\",\"target\":[\"https:\\\/\\\/inclusivenews.com.br\\\/?p=23478\"]}]},{\"@type\":\"ImageObject\",\"inLanguage\":\"pt-PT\",\"@id\":\"https:\\\/\\\/inclusivenews.com.br\\\/?p=23478#primaryimage\",\"url\":\"\",\"contentUrl\":\"\"},{\"@type\":\"BreadcrumbList\",\"@id\":\"https:\\\/\\\/inclusivenews.com.br\\\/?p=23478#breadcrumb\",\"itemListElement\":[{\"@type\":\"ListItem\",\"position\":1,\"name\":\"In\u00edcio\",\"item\":\"https:\\\/\\\/inclusivenews.com.br\\\/\"},{\"@type\":\"ListItem\",\"position\":2,\"name\":\"Um outro envelhecer \u00e9 poss\u00edvel\"}]},{\"@type\":\"WebSite\",\"@id\":\"https:\\\/\\\/inclusivenews.com.br\\\/#website\",\"url\":\"https:\\\/\\\/inclusivenews.com.br\\\/\",\"name\":\"Inclusive News\",\"description\":\"Inclusive News\",\"publisher\":{\"@id\":\"https:\\\/\\\/inclusivenews.com.br\\\/#organization\"},\"potentialAction\":[{\"@type\":\"SearchAction\",\"target\":{\"@type\":\"EntryPoint\",\"urlTemplate\":\"https:\\\/\\\/inclusivenews.com.br\\\/?s={search_term_string}\"},\"query-input\":{\"@type\":\"PropertyValueSpecification\",\"valueRequired\":true,\"valueName\":\"search_term_string\"}}],\"inLanguage\":\"pt-PT\"},{\"@type\":\"Organization\",\"@id\":\"https:\\\/\\\/inclusivenews.com.br\\\/#organization\",\"name\":\"Inclusive - inclus\u00e3o e cidadania\",\"url\":\"https:\\\/\\\/inclusivenews.com.br\\\/\",\"logo\":{\"@type\":\"ImageObject\",\"inLanguage\":\"pt-PT\",\"@id\":\"https:\\\/\\\/inclusivenews.com.br\\\/#\\\/schema\\\/logo\\\/image\\\/\",\"url\":\"https:\\\/\\\/inclusivenews.com.br\\\/wp-content\\\/uploads\\\/2024\\\/03\\\/@grandesite.png\",\"contentUrl\":\"https:\\\/\\\/inclusivenews.com.br\\\/wp-content\\\/uploads\\\/2024\\\/03\\\/@grandesite.png\",\"width\":1080,\"height\":1080,\"caption\":\"Inclusive - inclus\u00e3o e cidadania\"},\"image\":{\"@id\":\"https:\\\/\\\/inclusivenews.com.br\\\/#\\\/schema\\\/logo\\\/image\\\/\"},\"sameAs\":[\"https:\\\/\\\/www.facebook.com\\\/agenciainclusive\\\/\",\"https:\\\/\\\/www.instagram.com\\\/newsinclusive\\\/\"]},{\"@type\":\"Person\",\"@id\":\"https:\\\/\\\/inclusivenews.com.br\\\/#\\\/schema\\\/person\\\/ae4ec7087559b8692fb33b6fffd2273b\",\"name\":\"inclusivenews2024\",\"image\":{\"@type\":\"ImageObject\",\"inLanguage\":\"pt-PT\",\"@id\":\"https:\\\/\\\/secure.gravatar.com\\\/avatar\\\/c5a7ef84c66fa914f55bc4f7ce26cfa275a3b9a1c5568b907bd184fb4dde7b40?s=96&d=mm&r=g\",\"url\":\"https:\\\/\\\/secure.gravatar.com\\\/avatar\\\/c5a7ef84c66fa914f55bc4f7ce26cfa275a3b9a1c5568b907bd184fb4dde7b40?s=96&d=mm&r=g\",\"contentUrl\":\"https:\\\/\\\/secure.gravatar.com\\\/avatar\\\/c5a7ef84c66fa914f55bc4f7ce26cfa275a3b9a1c5568b907bd184fb4dde7b40?s=96&d=mm&r=g\",\"caption\":\"inclusivenews2024\"},\"sameAs\":[\"https:\\\/\\\/inclusivenews.com.br\"],\"url\":\"https:\\\/\\\/inclusivenews.com.br\\\/?author=1\"}]}<\/script>\n<!-- \/ Yoast SEO plugin. -->","yoast_head_json":{"title":"Um outro envelhecer \u00e9 poss\u00edvel -","robots":{"index":"index","follow":"follow","max-snippet":"max-snippet:-1","max-image-preview":"max-image-preview:large","max-video-preview":"max-video-preview:-1"},"canonical":"https:\/\/inclusivenews.com.br\/?p=23478","og_locale":"pt_PT","og_type":"article","og_title":"Um outro envelhecer \u00e9 poss\u00edvel -","og_description":"Para apreender a complexidade da tem\u00e1tica, esta foi abordada desde diversas dimens\u00f5es. Informa\u00e7\u00e3o vem do IHU online.","og_url":"https:\/\/inclusivenews.com.br\/?p=23478","article_publisher":"https:\/\/www.facebook.com\/agenciainclusive\/","article_published_time":"2012-09-26T18:31:41+00:00","og_image":[{"url":"http:\/\/inclusivenews.com.br\/wp-content\/uploads\/idosos1.jpg","type":"","width":"","height":""}],"author":"inclusivenews2024","twitter_card":"summary_large_image","twitter_misc":{"Escrito por":"inclusivenews2024","Tempo estimado de leitura":"4 minutos"},"schema":{"@context":"https:\/\/schema.org","@graph":[{"@type":"Article","@id":"https:\/\/inclusivenews.com.br\/?p=23478#article","isPartOf":{"@id":"https:\/\/inclusivenews.com.br\/?p=23478"},"author":{"name":"inclusivenews2024","@id":"https:\/\/inclusivenews.com.br\/#\/schema\/person\/ae4ec7087559b8692fb33b6fffd2273b"},"headline":"Um outro envelhecer \u00e9 poss\u00edvel","datePublished":"2012-09-26T18:31:41+00:00","mainEntityOfPage":{"@id":"https:\/\/inclusivenews.com.br\/?p=23478"},"wordCount":770,"commentCount":0,"publisher":{"@id":"https:\/\/inclusivenews.com.br\/#organization"},"image":{"@id":"https:\/\/inclusivenews.com.br\/?p=23478#primaryimage"},"thumbnailUrl":"http:\/\/inclusivenews.com.br\/wp-content\/uploads\/idosos1.jpg","keywords":["Idosos"],"articleSection":["Lan\u00e7amentos","Livros","NOT\u00cdCIAS"],"inLanguage":"pt-PT","potentialAction":[{"@type":"CommentAction","name":"Comment","target":["https:\/\/inclusivenews.com.br\/?p=23478#respond"]}]},{"@type":"WebPage","@id":"https:\/\/inclusivenews.com.br\/?p=23478","url":"https:\/\/inclusivenews.com.br\/?p=23478","name":"Um outro envelhecer \u00e9 poss\u00edvel -","isPartOf":{"@id":"https:\/\/inclusivenews.com.br\/#website"},"primaryImageOfPage":{"@id":"https:\/\/inclusivenews.com.br\/?p=23478#primaryimage"},"image":{"@id":"https:\/\/inclusivenews.com.br\/?p=23478#primaryimage"},"thumbnailUrl":"http:\/\/inclusivenews.com.br\/wp-content\/uploads\/idosos1.jpg","datePublished":"2012-09-26T18:31:41+00:00","breadcrumb":{"@id":"https:\/\/inclusivenews.com.br\/?p=23478#breadcrumb"},"inLanguage":"pt-PT","potentialAction":[{"@type":"ReadAction","target":["https:\/\/inclusivenews.com.br\/?p=23478"]}]},{"@type":"ImageObject","inLanguage":"pt-PT","@id":"https:\/\/inclusivenews.com.br\/?p=23478#primaryimage","url":"","contentUrl":""},{"@type":"BreadcrumbList","@id":"https:\/\/inclusivenews.com.br\/?p=23478#breadcrumb","itemListElement":[{"@type":"ListItem","position":1,"name":"In\u00edcio","item":"https:\/\/inclusivenews.com.br\/"},{"@type":"ListItem","position":2,"name":"Um outro envelhecer \u00e9 poss\u00edvel"}]},{"@type":"WebSite","@id":"https:\/\/inclusivenews.com.br\/#website","url":"https:\/\/inclusivenews.com.br\/","name":"Inclusive News","description":"Inclusive News","publisher":{"@id":"https:\/\/inclusivenews.com.br\/#organization"},"potentialAction":[{"@type":"SearchAction","target":{"@type":"EntryPoint","urlTemplate":"https:\/\/inclusivenews.com.br\/?s={search_term_string}"},"query-input":{"@type":"PropertyValueSpecification","valueRequired":true,"valueName":"search_term_string"}}],"inLanguage":"pt-PT"},{"@type":"Organization","@id":"https:\/\/inclusivenews.com.br\/#organization","name":"Inclusive - inclus\u00e3o e cidadania","url":"https:\/\/inclusivenews.com.br\/","logo":{"@type":"ImageObject","inLanguage":"pt-PT","@id":"https:\/\/inclusivenews.com.br\/#\/schema\/logo\/image\/","url":"https:\/\/inclusivenews.com.br\/wp-content\/uploads\/2024\/03\/@grandesite.png","contentUrl":"https:\/\/inclusivenews.com.br\/wp-content\/uploads\/2024\/03\/@grandesite.png","width":1080,"height":1080,"caption":"Inclusive - inclus\u00e3o e cidadania"},"image":{"@id":"https:\/\/inclusivenews.com.br\/#\/schema\/logo\/image\/"},"sameAs":["https:\/\/www.facebook.com\/agenciainclusive\/","https:\/\/www.instagram.com\/newsinclusive\/"]},{"@type":"Person","@id":"https:\/\/inclusivenews.com.br\/#\/schema\/person\/ae4ec7087559b8692fb33b6fffd2273b","name":"inclusivenews2024","image":{"@type":"ImageObject","inLanguage":"pt-PT","@id":"https:\/\/secure.gravatar.com\/avatar\/c5a7ef84c66fa914f55bc4f7ce26cfa275a3b9a1c5568b907bd184fb4dde7b40?s=96&d=mm&r=g","url":"https:\/\/secure.gravatar.com\/avatar\/c5a7ef84c66fa914f55bc4f7ce26cfa275a3b9a1c5568b907bd184fb4dde7b40?s=96&d=mm&r=g","contentUrl":"https:\/\/secure.gravatar.com\/avatar\/c5a7ef84c66fa914f55bc4f7ce26cfa275a3b9a1c5568b907bd184fb4dde7b40?s=96&d=mm&r=g","caption":"inclusivenews2024"},"sameAs":["https:\/\/inclusivenews.com.br"],"url":"https:\/\/inclusivenews.com.br\/?author=1"}]}},"_links":{"self":[{"href":"https:\/\/inclusivenews.com.br\/index.php?rest_route=\/wp\/v2\/posts\/23478","targetHints":{"allow":["GET"]}}],"collection":[{"href":"https:\/\/inclusivenews.com.br\/index.php?rest_route=\/wp\/v2\/posts"}],"about":[{"href":"https:\/\/inclusivenews.com.br\/index.php?rest_route=\/wp\/v2\/types\/post"}],"author":[{"embeddable":true,"href":"https:\/\/inclusivenews.com.br\/index.php?rest_route=\/wp\/v2\/users\/1"}],"replies":[{"embeddable":true,"href":"https:\/\/inclusivenews.com.br\/index.php?rest_route=%2Fwp%2Fv2%2Fcomments&post=23478"}],"version-history":[{"count":0,"href":"https:\/\/inclusivenews.com.br\/index.php?rest_route=\/wp\/v2\/posts\/23478\/revisions"}],"wp:attachment":[{"href":"https:\/\/inclusivenews.com.br\/index.php?rest_route=%2Fwp%2Fv2%2Fmedia&parent=23478"}],"wp:term":[{"taxonomy":"category","embeddable":true,"href":"https:\/\/inclusivenews.com.br\/index.php?rest_route=%2Fwp%2Fv2%2Fcategories&post=23478"},{"taxonomy":"post_tag","embeddable":true,"href":"https:\/\/inclusivenews.com.br\/index.php?rest_route=%2Fwp%2Fv2%2Ftags&post=23478"}],"curies":[{"name":"wp","href":"https:\/\/api.w.org\/{rel}","templated":true}]}}