{"id":23482,"date":"2012-09-26T15:32:46","date_gmt":"2012-09-26T18:32:46","guid":{"rendered":"http:\/\/www.inclusive.org.br\/?p=23482"},"modified":"2012-09-26T15:32:46","modified_gmt":"2012-09-26T18:32:46","slug":"violencia-contra-jovens-negros-em-pauta","status":"publish","type":"post","link":"https:\/\/inclusivenews.com.br\/?p=23482","title":{"rendered":"Viol\u00eancia contra jovens negros em pauta"},"content":{"rendered":"<figure id=\"attachment_20056\" aria-describedby=\"caption-attachment-20056\" style=\"width: 272px\" class=\"wp-caption alignleft\"><img loading=\"lazy\" decoding=\"async\" class=\"size-medium wp-image-20056  \" title=\"Viol\u00eancia - Em fundo preto, impress\u00e3o de palma da m\u00e3o espalmada com tinta branca.\" src=\"http:\/\/inclusivenews.com.br\/wp-content\/uploads\/no-violencia-272x300.jpg\" alt=\"Viol\u00eancia - Em fundo preto, impress\u00e3o de palma da m\u00e3o espalmada com tinta branca.\" width=\"272\" height=\"300\" \/><figcaption id=\"caption-attachment-20056\" class=\"wp-caption-text\"> <\/figcaption><\/figure>\n<p><em>Beatriz Noronha<br \/>\ndo <a href=\"http:\/\/incid.org.br\" target=\"_blank\" rel=\"noopener\">Incid<\/a><\/em><\/p>\n<p>O Brasil ocupa lugar de destaque em um ranking nada glamoroso: \u00e9 o quarto colocado, entre 92 pa\u00edses, na taxa de homic\u00eddios entre crian\u00e7as e adolescentes, segundo dados do <a href=\"http:\/\/mapadaviolencia.org.br\/pdf2012\/MapaViolencia2012_Criancas_e_Adolescentes.pdf\">Mapa da Viol\u00eancia 2012: Crian\u00e7as e Adolescentes do Brasil<\/a>.<\/p>\n<p>Um olhar mais atento sobre este n\u00famero, combinado a uma an\u00e1lise do Mapa da Viol\u00eancia 2012: os novos padr\u00f5es da viol\u00eancia homicida no Brasil, revela uma realidade que envergonha: s\u00e3o os jovens negros os que mais morrem no pa\u00eds. Em 2010, 49.932 pessoas morreram v\u00edtimas de homic\u00eddios no Brasil. Deste total, 26.854 eram jovens, a maioria (74,6%) negra e do sexo masculino (91,3%). De 2000 a 2009, a diferen\u00e7a entre jovens brancos e negros, v\u00edtimas de homic\u00eddios, saltou de 4.807 para 12.190 mortes.<\/p>\n<p>Preocupada com a quest\u00e3o, a Coordena\u00e7\u00e3o Nacional de Entidades Negras (Conen) lan\u00e7ou semana passada uma carta compromisso em que prop\u00f5e aos candidatos \u00e0s elei\u00e7\u00f5es municipais incluir na lista de prioridades a quest\u00e3o da juventude negra no pa\u00eds. Segundo o Conen, o Brasil \u00e9 um dos pa\u00edses mais violentos do mundo, apresentando n\u00fameros de morte por arma de fogo que superam Iraque, Israel, Palestina, Col\u00f4mbia, Afeganist\u00e3o, Sud\u00e3o e Paquist\u00e3o juntos, de acordo com dados de 2004 a 2007. A diferen\u00e7a, como explica a Coordena\u00e7\u00e3o Nacional, \u00e9 que, ao contr\u00e1rio destes pa\u00edses, n\u00f3s n\u00e3o vivemos em uma guerra civil.<\/p>\n<p>A carta da Conen aponta diretrizes fundamentais para todo e qualquer comprometimento com a causa das pol\u00edticas p\u00fablicas voltadas \u00e0 juventude negra. A inten\u00e7\u00e3o \u00e9 que os candidatos \u00e0s elei\u00e7\u00f5es se mobilizem para a\u00e7\u00f5es p\u00fablicas mais eficazes contra a viol\u00eancia, em articula\u00e7\u00e3o com o Estado, movimentos sociais e toda a sociedade civil.<\/p>\n<p>Al\u00e9m da campanha, o governo federal j\u00e1 est\u00e1 finalizando o Plano Nacional de Enfrentamento \u00e0 Viol\u00eancia contra a Juventude Negra, com previs\u00e3o de lan\u00e7amento para novembro. O Plano \u00e9 a\u00e7\u00e3o articulada da Secretaria de Direitos Humanos com a Secretaria Geral da Presid\u00eancia da Rep\u00fablica, Secretaria Nacional de Juventude (SNJ) e Secretaria Especial de Pol\u00edticas de Promo\u00e7\u00e3o da Igualdade Racial (SEPPIR).<\/p>\n<p>A viol\u00eancia contra a juventude negra \u00e9 tema que entrou na pauta da cena p\u00fablica em 2007, quando o F\u00f3rum Nacional da Juventude Negra (Fonajune) lan\u00e7ou a campanha nacional &#8220;Contra o Genoc\u00eddio da Juventude Negra&#8221;. Considerando a urg\u00eancia da quest\u00e3o em vista do grande n\u00famero de viol\u00eancias sentidas e vivenciadas todos os dias, um espa\u00e7o de luta por pol\u00edticas p\u00fablicas para a juventude negra \u00e9 cada vez mais necess\u00e1rio.<\/p>\n<p>O Plano pretende atuar em quatro frentes: desconstru\u00e7\u00e3o da cultura da viol\u00eancia; inclus\u00e3o e garantia de direitos; transforma\u00e7\u00e3o de territ\u00f3rios; e aperfei\u00e7oamento das institui\u00e7\u00f5es, onde se pretende a\u00e7\u00f5es diversas &#8212; campanha de sensibiliza\u00e7\u00e3o; forma\u00e7\u00e3o de jovens agentes da paz; amplia\u00e7\u00e3o do programa Escola Aberta; promo\u00e7\u00e3o de usinas culturais; forma\u00e7\u00e3o de servidores p\u00fablicos e agentes de seguran\u00e7a; enfrentamento do racismo em institui\u00e7\u00f5es; dentre outros.<\/p>\n<p>A secret\u00e1ria adjunta da Secretaria Nacional de Juventude, \u00c2ngela Guimar\u00e3es, chama aten\u00e7\u00e3o para o fato de as pol\u00edticas p\u00fablicas voltadas \u00e0 juventude negra ainda n\u00e3o ocuparem lugar de prioridade nos programas dos candidatos \u00e0s elei\u00e7\u00f5es. Embora seja um forte tema \u00e0s v\u00e9speras das elei\u00e7\u00f5es, Guimar\u00e3es questiona a falta de visibilidade nos discursos municipais. Explica que ainda que o Estado fa\u00e7a uma leitura mais consciente da quest\u00e3o com o novo Plano, e tome pela primeira vez essa pauta como sua, os estados e munic\u00edpios precisam estar mais envolvidos no processo para que consigam de fato ser coerentes.<\/p>\n<p>Representando o Conselho Nacional de Juventude (Conjune), a secret\u00e1ria relatou ainda que a viol\u00eancia contra a juventude negra passa por tr\u00eas condicionantes que precisam de aten\u00e7\u00e3o urgente: ra\u00e7a, g\u00eanero e territ\u00f3rio. Determinadas localidades que historicamente foram menos assistidas e tiveram menor presen\u00e7a do Estado em aspectos de infraestrutura sofrem com os altos \u00edndices de viol\u00eancia, afirma.<\/p>\n<p>Uma campanha para desconstruir os esteri\u00f3tipos sobre juventude, e sobre juventude negra, ser\u00e1 inciada em novembro com a divulga\u00e7\u00e3o do Plano. Para Guimar\u00e3es, a inten\u00e7\u00e3o \u00e9 romper com o sil\u00eancio e com essa aceita\u00e7\u00e3o que banaliza a viol\u00eancia. Do ponto de vista da Pol\u00edtica Nacional de Juventude, os movimentos sociais v\u00eam ao longo dos anos trazendo importantes tem\u00e1ticas, como o enfrentamento \u00e0 pol\u00edtica de exterm\u00ednio e viol\u00eancia contra jovens negros, ao mesmo tempo que lutam por mais participa\u00e7\u00e3o dos negros dentro das universidades e espa\u00e7os p\u00fablicos.<\/p>\n<p>Para a Secretaria Nacional da Juventude as expectativas com o lan\u00e7amento do Plano Nacional s\u00e3o grandes. \u00c9 importante que as pol\u00edticas e medidas sociais de enfrentamento da vitimiza\u00e7\u00e3o juvenil ganhem espa\u00e7o, na m\u00eddia e nos planos pol\u00edticos, somando for\u00e7as \u00e0 carta compromisso criada pelo Conen. Para o Conjune, a esperan\u00e7a \u00e9 que um Plano pol\u00edtico que nas\u00e7a sob o signo da participa\u00e7\u00e3o social tenha, no centro de suas a\u00e7\u00f5es, mais for\u00e7a e coragem para romper estruturas sociais que alimentam discursos de \u00f3dio e a\u00e7\u00f5es de viol\u00eancia no cotidiano.<\/p>\n<p>Fonte: <a href=\"http:\/\/www.canalibase.org.br\/politicas-publicas-para-juventude-negra-sao-urgentes\/\" target=\"_blank\" rel=\"noopener\">Canal Ibase<\/a><\/p>\n","protected":false},"excerpt":{"rendered":"<p>Um olhar mais atento sobre este n\u00famero, combinado a uma an\u00e1lise do Mapa da Viol\u00eancia 2012: os novos padr\u00f5es da viol\u00eancia homicida no Brasil, revela uma realidade que envergonha: s\u00e3o os jovens negros os que mais morrem no pa\u00eds.<\/p>\n","protected":false},"author":1,"featured_media":0,"comment_status":"open","ping_status":"open","sticky":false,"template":"","format":"standard","meta":{"site-container-style":"default","site-container-layout":"default","site-sidebar-layout":"default","disable-article-header":"default","disable-site-header":"default","disable-site-footer":"default","disable-content-area-spacing":"default","footnotes":""},"categories":[11,4],"tags":[],"class_list":["post-23482","post","type-post","status-publish","format-standard","hentry","category-direitos-humanos","category-noticias"],"yoast_head":"<!-- This site is optimized with the Yoast SEO plugin v27.4 - https:\/\/yoast.com\/product\/yoast-seo-wordpress\/ -->\n<title>Viol\u00eancia contra jovens negros em pauta -<\/title>\n<meta name=\"robots\" content=\"index, follow, max-snippet:-1, max-image-preview:large, max-video-preview:-1\" \/>\n<link rel=\"canonical\" href=\"https:\/\/inclusivenews.com.br\/?p=23482\" \/>\n<meta property=\"og:locale\" content=\"pt_PT\" \/>\n<meta property=\"og:type\" content=\"article\" \/>\n<meta property=\"og:title\" content=\"Viol\u00eancia contra jovens negros em pauta -\" \/>\n<meta property=\"og:description\" content=\"Um olhar mais atento sobre este n\u00famero, combinado a uma an\u00e1lise do Mapa da Viol\u00eancia 2012: os novos padr\u00f5es da viol\u00eancia homicida no Brasil, revela uma realidade que envergonha: s\u00e3o os jovens negros os que mais morrem no pa\u00eds.\" \/>\n<meta property=\"og:url\" content=\"https:\/\/inclusivenews.com.br\/?p=23482\" \/>\n<meta property=\"article:publisher\" content=\"https:\/\/www.facebook.com\/agenciainclusive\/\" \/>\n<meta property=\"article:published_time\" content=\"2012-09-26T18:32:46+00:00\" \/>\n<meta property=\"og:image\" content=\"http:\/\/inclusivenews.com.br\/wp-content\/uploads\/no-violencia-272x300.jpg\" \/>\n<meta name=\"author\" content=\"inclusivenews2024\" \/>\n<meta name=\"twitter:card\" content=\"summary_large_image\" \/>\n<meta name=\"twitter:label1\" content=\"Escrito por\" \/>\n\t<meta name=\"twitter:data1\" content=\"inclusivenews2024\" \/>\n\t<meta name=\"twitter:label2\" content=\"Tempo estimado de leitura\" \/>\n\t<meta name=\"twitter:data2\" content=\"5 minutos\" \/>\n<script type=\"application\/ld+json\" class=\"yoast-schema-graph\">{\"@context\":\"https:\\\/\\\/schema.org\",\"@graph\":[{\"@type\":\"Article\",\"@id\":\"https:\\\/\\\/inclusivenews.com.br\\\/?p=23482#article\",\"isPartOf\":{\"@id\":\"https:\\\/\\\/inclusivenews.com.br\\\/?p=23482\"},\"author\":{\"name\":\"inclusivenews2024\",\"@id\":\"https:\\\/\\\/inclusivenews.com.br\\\/#\\\/schema\\\/person\\\/ae4ec7087559b8692fb33b6fffd2273b\"},\"headline\":\"Viol\u00eancia contra jovens negros em pauta\",\"datePublished\":\"2012-09-26T18:32:46+00:00\",\"mainEntityOfPage\":{\"@id\":\"https:\\\/\\\/inclusivenews.com.br\\\/?p=23482\"},\"wordCount\":916,\"commentCount\":0,\"publisher\":{\"@id\":\"https:\\\/\\\/inclusivenews.com.br\\\/#organization\"},\"image\":{\"@id\":\"https:\\\/\\\/inclusivenews.com.br\\\/?p=23482#primaryimage\"},\"thumbnailUrl\":\"http:\\\/\\\/inclusivenews.com.br\\\/wp-content\\\/uploads\\\/no-violencia-272x300.jpg\",\"articleSection\":[\"DIREITOS HUMANOS\",\"NOT\u00cdCIAS\"],\"inLanguage\":\"pt-PT\",\"potentialAction\":[{\"@type\":\"CommentAction\",\"name\":\"Comment\",\"target\":[\"https:\\\/\\\/inclusivenews.com.br\\\/?p=23482#respond\"]}]},{\"@type\":\"WebPage\",\"@id\":\"https:\\\/\\\/inclusivenews.com.br\\\/?p=23482\",\"url\":\"https:\\\/\\\/inclusivenews.com.br\\\/?p=23482\",\"name\":\"Viol\u00eancia contra jovens negros em pauta -\",\"isPartOf\":{\"@id\":\"https:\\\/\\\/inclusivenews.com.br\\\/#website\"},\"primaryImageOfPage\":{\"@id\":\"https:\\\/\\\/inclusivenews.com.br\\\/?p=23482#primaryimage\"},\"image\":{\"@id\":\"https:\\\/\\\/inclusivenews.com.br\\\/?p=23482#primaryimage\"},\"thumbnailUrl\":\"http:\\\/\\\/inclusivenews.com.br\\\/wp-content\\\/uploads\\\/no-violencia-272x300.jpg\",\"datePublished\":\"2012-09-26T18:32:46+00:00\",\"breadcrumb\":{\"@id\":\"https:\\\/\\\/inclusivenews.com.br\\\/?p=23482#breadcrumb\"},\"inLanguage\":\"pt-PT\",\"potentialAction\":[{\"@type\":\"ReadAction\",\"target\":[\"https:\\\/\\\/inclusivenews.com.br\\\/?p=23482\"]}]},{\"@type\":\"ImageObject\",\"inLanguage\":\"pt-PT\",\"@id\":\"https:\\\/\\\/inclusivenews.com.br\\\/?p=23482#primaryimage\",\"url\":\"\",\"contentUrl\":\"\"},{\"@type\":\"BreadcrumbList\",\"@id\":\"https:\\\/\\\/inclusivenews.com.br\\\/?p=23482#breadcrumb\",\"itemListElement\":[{\"@type\":\"ListItem\",\"position\":1,\"name\":\"In\u00edcio\",\"item\":\"https:\\\/\\\/inclusivenews.com.br\\\/\"},{\"@type\":\"ListItem\",\"position\":2,\"name\":\"Viol\u00eancia contra jovens negros em pauta\"}]},{\"@type\":\"WebSite\",\"@id\":\"https:\\\/\\\/inclusivenews.com.br\\\/#website\",\"url\":\"https:\\\/\\\/inclusivenews.com.br\\\/\",\"name\":\"Inclusive News\",\"description\":\"Inclusive News\",\"publisher\":{\"@id\":\"https:\\\/\\\/inclusivenews.com.br\\\/#organization\"},\"potentialAction\":[{\"@type\":\"SearchAction\",\"target\":{\"@type\":\"EntryPoint\",\"urlTemplate\":\"https:\\\/\\\/inclusivenews.com.br\\\/?s={search_term_string}\"},\"query-input\":{\"@type\":\"PropertyValueSpecification\",\"valueRequired\":true,\"valueName\":\"search_term_string\"}}],\"inLanguage\":\"pt-PT\"},{\"@type\":\"Organization\",\"@id\":\"https:\\\/\\\/inclusivenews.com.br\\\/#organization\",\"name\":\"Inclusive - inclus\u00e3o e cidadania\",\"url\":\"https:\\\/\\\/inclusivenews.com.br\\\/\",\"logo\":{\"@type\":\"ImageObject\",\"inLanguage\":\"pt-PT\",\"@id\":\"https:\\\/\\\/inclusivenews.com.br\\\/#\\\/schema\\\/logo\\\/image\\\/\",\"url\":\"https:\\\/\\\/inclusivenews.com.br\\\/wp-content\\\/uploads\\\/2024\\\/03\\\/@grandesite.png\",\"contentUrl\":\"https:\\\/\\\/inclusivenews.com.br\\\/wp-content\\\/uploads\\\/2024\\\/03\\\/@grandesite.png\",\"width\":1080,\"height\":1080,\"caption\":\"Inclusive - inclus\u00e3o e cidadania\"},\"image\":{\"@id\":\"https:\\\/\\\/inclusivenews.com.br\\\/#\\\/schema\\\/logo\\\/image\\\/\"},\"sameAs\":[\"https:\\\/\\\/www.facebook.com\\\/agenciainclusive\\\/\",\"https:\\\/\\\/www.instagram.com\\\/newsinclusive\\\/\"]},{\"@type\":\"Person\",\"@id\":\"https:\\\/\\\/inclusivenews.com.br\\\/#\\\/schema\\\/person\\\/ae4ec7087559b8692fb33b6fffd2273b\",\"name\":\"inclusivenews2024\",\"image\":{\"@type\":\"ImageObject\",\"inLanguage\":\"pt-PT\",\"@id\":\"https:\\\/\\\/secure.gravatar.com\\\/avatar\\\/c5a7ef84c66fa914f55bc4f7ce26cfa275a3b9a1c5568b907bd184fb4dde7b40?s=96&d=mm&r=g\",\"url\":\"https:\\\/\\\/secure.gravatar.com\\\/avatar\\\/c5a7ef84c66fa914f55bc4f7ce26cfa275a3b9a1c5568b907bd184fb4dde7b40?s=96&d=mm&r=g\",\"contentUrl\":\"https:\\\/\\\/secure.gravatar.com\\\/avatar\\\/c5a7ef84c66fa914f55bc4f7ce26cfa275a3b9a1c5568b907bd184fb4dde7b40?s=96&d=mm&r=g\",\"caption\":\"inclusivenews2024\"},\"sameAs\":[\"https:\\\/\\\/inclusivenews.com.br\"],\"url\":\"https:\\\/\\\/inclusivenews.com.br\\\/?author=1\"}]}<\/script>\n<!-- \/ Yoast SEO plugin. -->","yoast_head_json":{"title":"Viol\u00eancia contra jovens negros em pauta -","robots":{"index":"index","follow":"follow","max-snippet":"max-snippet:-1","max-image-preview":"max-image-preview:large","max-video-preview":"max-video-preview:-1"},"canonical":"https:\/\/inclusivenews.com.br\/?p=23482","og_locale":"pt_PT","og_type":"article","og_title":"Viol\u00eancia contra jovens negros em pauta -","og_description":"Um olhar mais atento sobre este n\u00famero, combinado a uma an\u00e1lise do Mapa da Viol\u00eancia 2012: os novos padr\u00f5es da viol\u00eancia homicida no Brasil, revela uma realidade que envergonha: s\u00e3o os jovens negros os que mais morrem no pa\u00eds.","og_url":"https:\/\/inclusivenews.com.br\/?p=23482","article_publisher":"https:\/\/www.facebook.com\/agenciainclusive\/","article_published_time":"2012-09-26T18:32:46+00:00","og_image":[{"url":"http:\/\/inclusivenews.com.br\/wp-content\/uploads\/no-violencia-272x300.jpg","type":"","width":"","height":""}],"author":"inclusivenews2024","twitter_card":"summary_large_image","twitter_misc":{"Escrito por":"inclusivenews2024","Tempo estimado de leitura":"5 minutos"},"schema":{"@context":"https:\/\/schema.org","@graph":[{"@type":"Article","@id":"https:\/\/inclusivenews.com.br\/?p=23482#article","isPartOf":{"@id":"https:\/\/inclusivenews.com.br\/?p=23482"},"author":{"name":"inclusivenews2024","@id":"https:\/\/inclusivenews.com.br\/#\/schema\/person\/ae4ec7087559b8692fb33b6fffd2273b"},"headline":"Viol\u00eancia contra jovens negros em pauta","datePublished":"2012-09-26T18:32:46+00:00","mainEntityOfPage":{"@id":"https:\/\/inclusivenews.com.br\/?p=23482"},"wordCount":916,"commentCount":0,"publisher":{"@id":"https:\/\/inclusivenews.com.br\/#organization"},"image":{"@id":"https:\/\/inclusivenews.com.br\/?p=23482#primaryimage"},"thumbnailUrl":"http:\/\/inclusivenews.com.br\/wp-content\/uploads\/no-violencia-272x300.jpg","articleSection":["DIREITOS HUMANOS","NOT\u00cdCIAS"],"inLanguage":"pt-PT","potentialAction":[{"@type":"CommentAction","name":"Comment","target":["https:\/\/inclusivenews.com.br\/?p=23482#respond"]}]},{"@type":"WebPage","@id":"https:\/\/inclusivenews.com.br\/?p=23482","url":"https:\/\/inclusivenews.com.br\/?p=23482","name":"Viol\u00eancia contra jovens negros em pauta -","isPartOf":{"@id":"https:\/\/inclusivenews.com.br\/#website"},"primaryImageOfPage":{"@id":"https:\/\/inclusivenews.com.br\/?p=23482#primaryimage"},"image":{"@id":"https:\/\/inclusivenews.com.br\/?p=23482#primaryimage"},"thumbnailUrl":"http:\/\/inclusivenews.com.br\/wp-content\/uploads\/no-violencia-272x300.jpg","datePublished":"2012-09-26T18:32:46+00:00","breadcrumb":{"@id":"https:\/\/inclusivenews.com.br\/?p=23482#breadcrumb"},"inLanguage":"pt-PT","potentialAction":[{"@type":"ReadAction","target":["https:\/\/inclusivenews.com.br\/?p=23482"]}]},{"@type":"ImageObject","inLanguage":"pt-PT","@id":"https:\/\/inclusivenews.com.br\/?p=23482#primaryimage","url":"","contentUrl":""},{"@type":"BreadcrumbList","@id":"https:\/\/inclusivenews.com.br\/?p=23482#breadcrumb","itemListElement":[{"@type":"ListItem","position":1,"name":"In\u00edcio","item":"https:\/\/inclusivenews.com.br\/"},{"@type":"ListItem","position":2,"name":"Viol\u00eancia contra jovens negros em pauta"}]},{"@type":"WebSite","@id":"https:\/\/inclusivenews.com.br\/#website","url":"https:\/\/inclusivenews.com.br\/","name":"Inclusive News","description":"Inclusive News","publisher":{"@id":"https:\/\/inclusivenews.com.br\/#organization"},"potentialAction":[{"@type":"SearchAction","target":{"@type":"EntryPoint","urlTemplate":"https:\/\/inclusivenews.com.br\/?s={search_term_string}"},"query-input":{"@type":"PropertyValueSpecification","valueRequired":true,"valueName":"search_term_string"}}],"inLanguage":"pt-PT"},{"@type":"Organization","@id":"https:\/\/inclusivenews.com.br\/#organization","name":"Inclusive - inclus\u00e3o e cidadania","url":"https:\/\/inclusivenews.com.br\/","logo":{"@type":"ImageObject","inLanguage":"pt-PT","@id":"https:\/\/inclusivenews.com.br\/#\/schema\/logo\/image\/","url":"https:\/\/inclusivenews.com.br\/wp-content\/uploads\/2024\/03\/@grandesite.png","contentUrl":"https:\/\/inclusivenews.com.br\/wp-content\/uploads\/2024\/03\/@grandesite.png","width":1080,"height":1080,"caption":"Inclusive - inclus\u00e3o e cidadania"},"image":{"@id":"https:\/\/inclusivenews.com.br\/#\/schema\/logo\/image\/"},"sameAs":["https:\/\/www.facebook.com\/agenciainclusive\/","https:\/\/www.instagram.com\/newsinclusive\/"]},{"@type":"Person","@id":"https:\/\/inclusivenews.com.br\/#\/schema\/person\/ae4ec7087559b8692fb33b6fffd2273b","name":"inclusivenews2024","image":{"@type":"ImageObject","inLanguage":"pt-PT","@id":"https:\/\/secure.gravatar.com\/avatar\/c5a7ef84c66fa914f55bc4f7ce26cfa275a3b9a1c5568b907bd184fb4dde7b40?s=96&d=mm&r=g","url":"https:\/\/secure.gravatar.com\/avatar\/c5a7ef84c66fa914f55bc4f7ce26cfa275a3b9a1c5568b907bd184fb4dde7b40?s=96&d=mm&r=g","contentUrl":"https:\/\/secure.gravatar.com\/avatar\/c5a7ef84c66fa914f55bc4f7ce26cfa275a3b9a1c5568b907bd184fb4dde7b40?s=96&d=mm&r=g","caption":"inclusivenews2024"},"sameAs":["https:\/\/inclusivenews.com.br"],"url":"https:\/\/inclusivenews.com.br\/?author=1"}]}},"_links":{"self":[{"href":"https:\/\/inclusivenews.com.br\/index.php?rest_route=\/wp\/v2\/posts\/23482","targetHints":{"allow":["GET"]}}],"collection":[{"href":"https:\/\/inclusivenews.com.br\/index.php?rest_route=\/wp\/v2\/posts"}],"about":[{"href":"https:\/\/inclusivenews.com.br\/index.php?rest_route=\/wp\/v2\/types\/post"}],"author":[{"embeddable":true,"href":"https:\/\/inclusivenews.com.br\/index.php?rest_route=\/wp\/v2\/users\/1"}],"replies":[{"embeddable":true,"href":"https:\/\/inclusivenews.com.br\/index.php?rest_route=%2Fwp%2Fv2%2Fcomments&post=23482"}],"version-history":[{"count":0,"href":"https:\/\/inclusivenews.com.br\/index.php?rest_route=\/wp\/v2\/posts\/23482\/revisions"}],"wp:attachment":[{"href":"https:\/\/inclusivenews.com.br\/index.php?rest_route=%2Fwp%2Fv2%2Fmedia&parent=23482"}],"wp:term":[{"taxonomy":"category","embeddable":true,"href":"https:\/\/inclusivenews.com.br\/index.php?rest_route=%2Fwp%2Fv2%2Fcategories&post=23482"},{"taxonomy":"post_tag","embeddable":true,"href":"https:\/\/inclusivenews.com.br\/index.php?rest_route=%2Fwp%2Fv2%2Ftags&post=23482"}],"curies":[{"name":"wp","href":"https:\/\/api.w.org\/{rel}","templated":true}]}}