{"id":23488,"date":"2012-09-26T15:34:13","date_gmt":"2012-09-26T18:34:13","guid":{"rendered":"http:\/\/www.inclusive.org.br\/?p=23488"},"modified":"2012-09-26T15:34:13","modified_gmt":"2012-09-26T18:34:13","slug":"viaje-ate-aracaju-para-conhecer-o-instituto-luciano-barreto-junior","status":"publish","type":"post","link":"https:\/\/inclusivenews.com.br\/?p=23488","title":{"rendered":"Viaje at\u00e9 Aracaju para conhecer o Instituto Luciano Barreto J\u00fanior"},"content":{"rendered":"<figure style=\"width: 300px\" class=\"wp-caption alignnone\"><img loading=\"lazy\" decoding=\"async\" src=\"http:\/\/www.avidaeumaviagem.com.br\/blog\/wp-content\/uploads\/2012\/09\/instituto-luciano-barreto-junior-e-cacadores-de-bons-exemplos1-300x225.jpg\" alt=\"\" width=\"300\" height=\"225\" \/><figcaption class=\"wp-caption-text\">Foto: Iara Xavier\/Ca\u00e7adores de Bons Exemplos<\/figcaption><\/figure>\n<p><em>A\u00e7\u00e3o:<\/em> Instituto Luciano Barreto J\u00fanior<br \/>\n<em>Objetivo:<\/em> Inclus\u00e3o social de jovens<br \/>\n<em>Cidade:<\/em> Aracaju &#8211; SE<br \/>\n<em><a href=\"http:\/\/www.avidaeumaviagem.com.br\/blog\/instituto-luciano-barreto-junior\/\">Saiba mais em A Vida \u00c9 Uma Viagem. <\/a><\/em><\/p>\n<p>Hoje visitamos o Instituto Luciano Barreto J\u00fanior (ILBJ) que foi constitu\u00eddo no dia 23 de janeiro de 2003, tendo como objetivo principal possibilitar a infoinclus\u00e3o social de adolescentes e jovens sergipanos, atrav\u00e9s de diversos cursos, palestras, atividades socioeducativas, artes, prepara\u00e7\u00e3o para o mundo do trabalho e a cidadania.?? O Instituto \u00e9 o resultado concreto do sonho de Luciano J\u00fanior, um dos diretores da Construtora Celi, que via a necessidade de constituir uma entidade para sistematizar e ampliar as a\u00e7\u00f5es sociais j\u00e1 realizadas pela empresa. Luciano J\u00fanior faleceu sem concretizar suas ideias, mas deixou-as como base para a implanta\u00e7\u00e3o do Instituto, que hoje reflete seu desejo de fazer uma sociedade mais justa e igualit\u00e1ria. O diretor-presidente da Celi, Luciano Franco Barreto, assumiu o compromisso de concretizar os sonhos de seu filho, criando, assim, o Instituto Luciano Barreto J\u00fanior. Esta \u00e9 uma prova que podemos transformar a dor em grandes obras.<\/p>\n<p>\u00c9 uma institui\u00e7\u00e3o sem fins lucrativos, onde todos os recursos financeiros necess\u00e1rios para a manuten\u00e7\u00e3o e implementa\u00e7\u00e3o das suas a\u00e7\u00f5es s\u00e3o providas pela Construtora Celi Ltda. Desde sua cria\u00e7\u00e3o, o ILBJ j\u00e1 formou cerca de oito mil alunos.??<\/p>\n<p>O ILBJ atua especificamente na \u00e1rea socioeducativa como forma de prepara\u00e7\u00e3o para o trabalho e cidadania para jovens em situa\u00e7\u00e3o de vulnerabilidade social e pessoal, atrav\u00e9s de um projeto \u00e2ncora de socioinclus\u00e3o digital, o Projeto &#8220;Conectando com a Vida&#8221;. Al\u00e9m dos diversos outros projetos, o Instituto promove o acesso ao conhecimento com a realiza\u00e7\u00e3o de oficinas tem\u00e1ticas, palestras e atividades educativas, sempre visando preparar o jovem para o mundo do trabalho e, principalmente, para a vida.<\/p>\n<p>Os projetos executados s\u00e3o:<\/p>\n<p>Projeto Conectando com a Vida Projeto \u00e2ncora do ILBJ, agregador de todos os demais projetos, tem como objetivo promover o processo de infoinclus\u00e3o social de jovens em risco social e pessoal, desenvolvendo compet\u00eancias fundamentais para o mundo do trabalho e para o exerc\u00edcio da cidadania. Inform\u00e1tica, matem\u00e1tica, portugu\u00eas e Cidadania e trabalho, arte-educa\u00e7\u00e3o, s\u00e3o algumas das a\u00e7\u00f5es empreendidas por este projeto que tem dura\u00e7\u00e3o de 10 meses.<\/p>\n<p>Projetos Culturais Uma grande preocupa\u00e7\u00e3o do ILBJ \u00e9 com o conhecimento cultural do jovem cidad\u00e3o. Para ampliar tal conhecimento, s\u00e3o promovidas atividades adicionais, nas mais diversas \u00e1reas, como aulas de Teatro, Coral, e Oficina de Comunica\u00e7\u00e3o e M\u00eddia. Al\u00e9m disso, freq\u00fcentemente s\u00e3o promovidas palestras sobre diferentes temas, incentivando no aluno a vontade de aprender cada vez mais.<\/p>\n<p>Despertar para o Conhecimento A proposta pedag\u00f3gica com dura\u00e7\u00e3o de oito meses valoriza a experi\u00eancia e viv\u00eancia do oper\u00e1rio de obras da Construtora CELI, como possibilidade de ser retomado em seu mundo a rela\u00e7\u00e3o com o saber. O retorno ao contexto socioeducativo eleva sua autoestima e autoconfian\u00e7a viabilizando um natural movimento de mobiliza\u00e7\u00e3o para a constru\u00e7\u00e3o de novos conhecimentos e novos espa\u00e7os sociais que venham a torn\u00e1-lo um ser humano cada vez melhor e cidad\u00e3o pleno consciente de direitos e deveres.<\/p>\n<p>Crescer para o Futuro Tem em vista oportunizar a ressocializa\u00e7\u00e3o de jovens e adolescentes advindos de institui\u00e7\u00f5es de acolhimento. Trata-se de uma parceria com o Minist\u00e9rio P\u00fablico de Sergipe de natureza human\u00edstica que tem na educa\u00e7\u00e3o motor para o processo de transforma\u00e7\u00e3o pessoal e social. O projeto tem dura\u00e7\u00e3o de 10 meses e est\u00e1 constitu\u00eddo das disciplinas b\u00e1sicas: inform\u00e1tica, matem\u00e1tica, portugu\u00eas e Cidadania e Trabalho.<\/p>\n<p>Cidad\u00e3o do Mundo atrav\u00e9s da parceria com Y\u00e1zigi, o projeto visa mobilizar a comunidade para a import\u00e2ncia da universaliza\u00e7\u00e3o do idioma Ingl\u00eas, ampliando oportunidades de forma\u00e7\u00e3o, al\u00e9m de promover o desenvolvimento pessoal, cultural e social dos jovens nos \u00e2mbitos da fam\u00edlia, escola e comunidade.<\/p>\n<p>ILBJ Portas Abertas Direcionado aos pais dos jovens o projeto tem como objetivo trazer os pais para dentro do ILBJ como possibilidade de promover a alfabetiza\u00e7\u00e3o informacional (ALFIN) e como forma de conten\u00e7\u00e3o de abandono. Estaremos fazendo dos pais nossos maiores aliados na perman\u00eancia dos filhos no Instituto. Ser\u00e1 disponibilizado cursos de curta dura\u00e7\u00e3o de at\u00e9 no m\u00e1ximo 30h\/a de inform\u00e1tica, economia dom\u00e9stica, nutri\u00e7\u00e3o cuidados com a sa\u00fade, etc.<\/p>\n<p>Jovem Aprendiz ILBJ O projeto segue as diretrizes institu\u00eddas pelo Minist\u00e9rio do Trabalho e Emprego, obedecendo a carga hor\u00e1ria estabelecida no documento da Lei assim como todas as exig\u00eancias formais para consolida\u00e7\u00e3o de um contrato de aprendizagem. Adaptado ao projeto Conectando com a Vida ser\u00e1 desenvolvido de forma modular possibilitando o jovem uma forma\u00e7\u00e3o t\u00e9cnico-profissional na \u00e1rea de assistente administrativo.<\/p>\n<p>A caminho da Universidade Direcionado aos jovens que ir\u00e3o prestar vestibular, este projeto tem como objetivo disponibilizar aulas durante o ano das disciplinas de modo geral. Trata-se de um projeto que traz ao ILBJ professores volunt\u00e1rios consolidando a responsabilidade social da educa\u00e7\u00e3o com jovens em situa\u00e7\u00e3o de vulnerabilidade. O projeto surgiu a partir da parceria institu\u00edda desde 2010 com a FASE\/ Est\u00e1cio de S\u00e1, a institui\u00e7\u00e3o oferta duas bolsas integrais em qualquer \u00e1rea do conhecimento a cada semestre para jovens do ILBJ.<\/p>\n<p>Arte Educa\u00e7\u00e3o Este projeto objetiva atender as inst\u00e2ncias culturais que devem ser fomentadas em todos os processos de aprendizagem. Tem em vista oferta cursos de teatro, dan\u00e7a, moda, HQ, fotografia, poesia, etc.<\/p>\n<p>Construindo ambi\u00eancias sustent\u00e1veis Trata-se de uma iniciativa que tem como prop\u00f3sito fomentar nos jovens a preocupa\u00e7\u00e3o com a sustentabilidade ambiental. Ser\u00e1 um projeto que estar\u00e1 permeando todo planejamento pedag\u00f3gico e psicossocial de 2012.<\/p>\n<p>Saibam mais em:http: <a href=\"http:\/\/www.ilbj.org.br\" target=\"_blank\" rel=\"noopener\">www.ilbj.org.br<\/a><br \/>\nAv. Bar\u00e3o de Maruim, 442 Centro<br \/>\nAracaju &#8211; SE (79) 3224.2323<\/p>\n","protected":false},"excerpt":{"rendered":"<p>A\u00e7\u00e3o: Instituto Luciano Barreto J\u00fanior Objetivo: Inclus\u00e3o social de jovens Cidade: Aracaju &#8211; SE Saiba mais em A Vida \u00c9 Uma Viagem. Hoje visitamos o Instituto Luciano Barreto J\u00fanior (ILBJ) que foi constitu\u00eddo no dia 23 de janeiro de 2003, tendo como objetivo principal possibilitar a infoinclus\u00e3o social de adolescentes e jovens sergipanos, atrav\u00e9s de [&hellip;]<\/p>\n","protected":false},"author":1,"featured_media":0,"comment_status":"open","ping_status":"open","sticky":false,"template":"","format":"standard","meta":{"site-container-style":"default","site-container-layout":"default","site-sidebar-layout":"default","disable-article-header":"default","disable-site-header":"default","disable-site-footer":"default","disable-content-area-spacing":"default","footnotes":""},"categories":[1],"tags":[],"class_list":["post-23488","post","type-post","status-publish","format-standard","hentry","category-blog"],"yoast_head":"<!-- This site is optimized with the Yoast SEO plugin v27.4 - https:\/\/yoast.com\/product\/yoast-seo-wordpress\/ -->\n<title>Viaje at\u00e9 Aracaju para conhecer o Instituto Luciano Barreto J\u00fanior -<\/title>\n<meta name=\"robots\" content=\"index, follow, max-snippet:-1, max-image-preview:large, max-video-preview:-1\" \/>\n<link rel=\"canonical\" href=\"https:\/\/inclusivenews.com.br\/?p=23488\" \/>\n<meta property=\"og:locale\" content=\"pt_PT\" \/>\n<meta property=\"og:type\" content=\"article\" \/>\n<meta property=\"og:title\" content=\"Viaje at\u00e9 Aracaju para conhecer o Instituto Luciano Barreto J\u00fanior -\" \/>\n<meta property=\"og:description\" content=\"A\u00e7\u00e3o: Instituto Luciano Barreto J\u00fanior Objetivo: Inclus\u00e3o social de jovens Cidade: Aracaju &#8211; SE Saiba mais em A Vida \u00c9 Uma Viagem. Hoje visitamos o Instituto Luciano Barreto J\u00fanior (ILBJ) que foi constitu\u00eddo no dia 23 de janeiro de 2003, tendo como objetivo principal possibilitar a infoinclus\u00e3o social de adolescentes e jovens sergipanos, atrav\u00e9s de [&hellip;]\" \/>\n<meta property=\"og:url\" content=\"https:\/\/inclusivenews.com.br\/?p=23488\" \/>\n<meta property=\"article:publisher\" content=\"https:\/\/www.facebook.com\/agenciainclusive\/\" \/>\n<meta property=\"article:published_time\" content=\"2012-09-26T18:34:13+00:00\" \/>\n<meta property=\"og:image\" content=\"http:\/\/www.avidaeumaviagem.com.br\/blog\/wp-content\/uploads\/2012\/09\/instituto-luciano-barreto-junior-e-cacadores-de-bons-exemplos1-300x225.jpg\" \/>\n<meta name=\"author\" content=\"inclusivenews2024\" \/>\n<meta name=\"twitter:card\" content=\"summary_large_image\" \/>\n<meta name=\"twitter:label1\" content=\"Escrito por\" \/>\n\t<meta name=\"twitter:data1\" content=\"inclusivenews2024\" \/>\n\t<meta name=\"twitter:label2\" content=\"Tempo estimado de leitura\" \/>\n\t<meta name=\"twitter:data2\" content=\"5 minutos\" \/>\n<script type=\"application\/ld+json\" class=\"yoast-schema-graph\">{\"@context\":\"https:\\\/\\\/schema.org\",\"@graph\":[{\"@type\":\"Article\",\"@id\":\"https:\\\/\\\/inclusivenews.com.br\\\/?p=23488#article\",\"isPartOf\":{\"@id\":\"https:\\\/\\\/inclusivenews.com.br\\\/?p=23488\"},\"author\":{\"name\":\"inclusivenews2024\",\"@id\":\"https:\\\/\\\/inclusivenews.com.br\\\/#\\\/schema\\\/person\\\/ae4ec7087559b8692fb33b6fffd2273b\"},\"headline\":\"Viaje at\u00e9 Aracaju para conhecer o Instituto Luciano Barreto J\u00fanior\",\"datePublished\":\"2012-09-26T18:34:13+00:00\",\"mainEntityOfPage\":{\"@id\":\"https:\\\/\\\/inclusivenews.com.br\\\/?p=23488\"},\"wordCount\":1024,\"commentCount\":1,\"publisher\":{\"@id\":\"https:\\\/\\\/inclusivenews.com.br\\\/#organization\"},\"image\":{\"@id\":\"https:\\\/\\\/inclusivenews.com.br\\\/?p=23488#primaryimage\"},\"thumbnailUrl\":\"http:\\\/\\\/www.avidaeumaviagem.com.br\\\/blog\\\/wp-content\\\/uploads\\\/2012\\\/09\\\/instituto-luciano-barreto-junior-e-cacadores-de-bons-exemplos1-300x225.jpg\",\"articleSection\":[\"Blog\"],\"inLanguage\":\"pt-PT\",\"potentialAction\":[{\"@type\":\"CommentAction\",\"name\":\"Comment\",\"target\":[\"https:\\\/\\\/inclusivenews.com.br\\\/?p=23488#respond\"]}]},{\"@type\":\"WebPage\",\"@id\":\"https:\\\/\\\/inclusivenews.com.br\\\/?p=23488\",\"url\":\"https:\\\/\\\/inclusivenews.com.br\\\/?p=23488\",\"name\":\"Viaje at\u00e9 Aracaju para conhecer o Instituto Luciano Barreto J\u00fanior -\",\"isPartOf\":{\"@id\":\"https:\\\/\\\/inclusivenews.com.br\\\/#website\"},\"primaryImageOfPage\":{\"@id\":\"https:\\\/\\\/inclusivenews.com.br\\\/?p=23488#primaryimage\"},\"image\":{\"@id\":\"https:\\\/\\\/inclusivenews.com.br\\\/?p=23488#primaryimage\"},\"thumbnailUrl\":\"http:\\\/\\\/www.avidaeumaviagem.com.br\\\/blog\\\/wp-content\\\/uploads\\\/2012\\\/09\\\/instituto-luciano-barreto-junior-e-cacadores-de-bons-exemplos1-300x225.jpg\",\"datePublished\":\"2012-09-26T18:34:13+00:00\",\"breadcrumb\":{\"@id\":\"https:\\\/\\\/inclusivenews.com.br\\\/?p=23488#breadcrumb\"},\"inLanguage\":\"pt-PT\",\"potentialAction\":[{\"@type\":\"ReadAction\",\"target\":[\"https:\\\/\\\/inclusivenews.com.br\\\/?p=23488\"]}]},{\"@type\":\"ImageObject\",\"inLanguage\":\"pt-PT\",\"@id\":\"https:\\\/\\\/inclusivenews.com.br\\\/?p=23488#primaryimage\",\"url\":\"http:\\\/\\\/www.avidaeumaviagem.com.br\\\/blog\\\/wp-content\\\/uploads\\\/2012\\\/09\\\/instituto-luciano-barreto-junior-e-cacadores-de-bons-exemplos1-300x225.jpg\",\"contentUrl\":\"http:\\\/\\\/www.avidaeumaviagem.com.br\\\/blog\\\/wp-content\\\/uploads\\\/2012\\\/09\\\/instituto-luciano-barreto-junior-e-cacadores-de-bons-exemplos1-300x225.jpg\"},{\"@type\":\"BreadcrumbList\",\"@id\":\"https:\\\/\\\/inclusivenews.com.br\\\/?p=23488#breadcrumb\",\"itemListElement\":[{\"@type\":\"ListItem\",\"position\":1,\"name\":\"In\u00edcio\",\"item\":\"https:\\\/\\\/inclusivenews.com.br\\\/\"},{\"@type\":\"ListItem\",\"position\":2,\"name\":\"Viaje at\u00e9 Aracaju para conhecer o Instituto Luciano Barreto J\u00fanior\"}]},{\"@type\":\"WebSite\",\"@id\":\"https:\\\/\\\/inclusivenews.com.br\\\/#website\",\"url\":\"https:\\\/\\\/inclusivenews.com.br\\\/\",\"name\":\"Inclusive News\",\"description\":\"Inclusive News\",\"publisher\":{\"@id\":\"https:\\\/\\\/inclusivenews.com.br\\\/#organization\"},\"potentialAction\":[{\"@type\":\"SearchAction\",\"target\":{\"@type\":\"EntryPoint\",\"urlTemplate\":\"https:\\\/\\\/inclusivenews.com.br\\\/?s={search_term_string}\"},\"query-input\":{\"@type\":\"PropertyValueSpecification\",\"valueRequired\":true,\"valueName\":\"search_term_string\"}}],\"inLanguage\":\"pt-PT\"},{\"@type\":\"Organization\",\"@id\":\"https:\\\/\\\/inclusivenews.com.br\\\/#organization\",\"name\":\"Inclusive - inclus\u00e3o e cidadania\",\"url\":\"https:\\\/\\\/inclusivenews.com.br\\\/\",\"logo\":{\"@type\":\"ImageObject\",\"inLanguage\":\"pt-PT\",\"@id\":\"https:\\\/\\\/inclusivenews.com.br\\\/#\\\/schema\\\/logo\\\/image\\\/\",\"url\":\"https:\\\/\\\/inclusivenews.com.br\\\/wp-content\\\/uploads\\\/2024\\\/03\\\/@grandesite.png\",\"contentUrl\":\"https:\\\/\\\/inclusivenews.com.br\\\/wp-content\\\/uploads\\\/2024\\\/03\\\/@grandesite.png\",\"width\":1080,\"height\":1080,\"caption\":\"Inclusive - inclus\u00e3o e cidadania\"},\"image\":{\"@id\":\"https:\\\/\\\/inclusivenews.com.br\\\/#\\\/schema\\\/logo\\\/image\\\/\"},\"sameAs\":[\"https:\\\/\\\/www.facebook.com\\\/agenciainclusive\\\/\",\"https:\\\/\\\/www.instagram.com\\\/newsinclusive\\\/\"]},{\"@type\":\"Person\",\"@id\":\"https:\\\/\\\/inclusivenews.com.br\\\/#\\\/schema\\\/person\\\/ae4ec7087559b8692fb33b6fffd2273b\",\"name\":\"inclusivenews2024\",\"image\":{\"@type\":\"ImageObject\",\"inLanguage\":\"pt-PT\",\"@id\":\"https:\\\/\\\/secure.gravatar.com\\\/avatar\\\/c5a7ef84c66fa914f55bc4f7ce26cfa275a3b9a1c5568b907bd184fb4dde7b40?s=96&d=mm&r=g\",\"url\":\"https:\\\/\\\/secure.gravatar.com\\\/avatar\\\/c5a7ef84c66fa914f55bc4f7ce26cfa275a3b9a1c5568b907bd184fb4dde7b40?s=96&d=mm&r=g\",\"contentUrl\":\"https:\\\/\\\/secure.gravatar.com\\\/avatar\\\/c5a7ef84c66fa914f55bc4f7ce26cfa275a3b9a1c5568b907bd184fb4dde7b40?s=96&d=mm&r=g\",\"caption\":\"inclusivenews2024\"},\"sameAs\":[\"https:\\\/\\\/inclusivenews.com.br\"],\"url\":\"https:\\\/\\\/inclusivenews.com.br\\\/?author=1\"}]}<\/script>\n<!-- \/ Yoast SEO plugin. -->","yoast_head_json":{"title":"Viaje at\u00e9 Aracaju para conhecer o Instituto Luciano Barreto J\u00fanior -","robots":{"index":"index","follow":"follow","max-snippet":"max-snippet:-1","max-image-preview":"max-image-preview:large","max-video-preview":"max-video-preview:-1"},"canonical":"https:\/\/inclusivenews.com.br\/?p=23488","og_locale":"pt_PT","og_type":"article","og_title":"Viaje at\u00e9 Aracaju para conhecer o Instituto Luciano Barreto J\u00fanior -","og_description":"A\u00e7\u00e3o: Instituto Luciano Barreto J\u00fanior Objetivo: Inclus\u00e3o social de jovens Cidade: Aracaju &#8211; SE Saiba mais em A Vida \u00c9 Uma Viagem. Hoje visitamos o Instituto Luciano Barreto J\u00fanior (ILBJ) que foi constitu\u00eddo no dia 23 de janeiro de 2003, tendo como objetivo principal possibilitar a infoinclus\u00e3o social de adolescentes e jovens sergipanos, atrav\u00e9s de [&hellip;]","og_url":"https:\/\/inclusivenews.com.br\/?p=23488","article_publisher":"https:\/\/www.facebook.com\/agenciainclusive\/","article_published_time":"2012-09-26T18:34:13+00:00","og_image":[{"url":"http:\/\/www.avidaeumaviagem.com.br\/blog\/wp-content\/uploads\/2012\/09\/instituto-luciano-barreto-junior-e-cacadores-de-bons-exemplos1-300x225.jpg","type":"","width":"","height":""}],"author":"inclusivenews2024","twitter_card":"summary_large_image","twitter_misc":{"Escrito por":"inclusivenews2024","Tempo estimado de leitura":"5 minutos"},"schema":{"@context":"https:\/\/schema.org","@graph":[{"@type":"Article","@id":"https:\/\/inclusivenews.com.br\/?p=23488#article","isPartOf":{"@id":"https:\/\/inclusivenews.com.br\/?p=23488"},"author":{"name":"inclusivenews2024","@id":"https:\/\/inclusivenews.com.br\/#\/schema\/person\/ae4ec7087559b8692fb33b6fffd2273b"},"headline":"Viaje at\u00e9 Aracaju para conhecer o Instituto Luciano Barreto J\u00fanior","datePublished":"2012-09-26T18:34:13+00:00","mainEntityOfPage":{"@id":"https:\/\/inclusivenews.com.br\/?p=23488"},"wordCount":1024,"commentCount":1,"publisher":{"@id":"https:\/\/inclusivenews.com.br\/#organization"},"image":{"@id":"https:\/\/inclusivenews.com.br\/?p=23488#primaryimage"},"thumbnailUrl":"http:\/\/www.avidaeumaviagem.com.br\/blog\/wp-content\/uploads\/2012\/09\/instituto-luciano-barreto-junior-e-cacadores-de-bons-exemplos1-300x225.jpg","articleSection":["Blog"],"inLanguage":"pt-PT","potentialAction":[{"@type":"CommentAction","name":"Comment","target":["https:\/\/inclusivenews.com.br\/?p=23488#respond"]}]},{"@type":"WebPage","@id":"https:\/\/inclusivenews.com.br\/?p=23488","url":"https:\/\/inclusivenews.com.br\/?p=23488","name":"Viaje at\u00e9 Aracaju para conhecer o Instituto Luciano Barreto J\u00fanior -","isPartOf":{"@id":"https:\/\/inclusivenews.com.br\/#website"},"primaryImageOfPage":{"@id":"https:\/\/inclusivenews.com.br\/?p=23488#primaryimage"},"image":{"@id":"https:\/\/inclusivenews.com.br\/?p=23488#primaryimage"},"thumbnailUrl":"http:\/\/www.avidaeumaviagem.com.br\/blog\/wp-content\/uploads\/2012\/09\/instituto-luciano-barreto-junior-e-cacadores-de-bons-exemplos1-300x225.jpg","datePublished":"2012-09-26T18:34:13+00:00","breadcrumb":{"@id":"https:\/\/inclusivenews.com.br\/?p=23488#breadcrumb"},"inLanguage":"pt-PT","potentialAction":[{"@type":"ReadAction","target":["https:\/\/inclusivenews.com.br\/?p=23488"]}]},{"@type":"ImageObject","inLanguage":"pt-PT","@id":"https:\/\/inclusivenews.com.br\/?p=23488#primaryimage","url":"http:\/\/www.avidaeumaviagem.com.br\/blog\/wp-content\/uploads\/2012\/09\/instituto-luciano-barreto-junior-e-cacadores-de-bons-exemplos1-300x225.jpg","contentUrl":"http:\/\/www.avidaeumaviagem.com.br\/blog\/wp-content\/uploads\/2012\/09\/instituto-luciano-barreto-junior-e-cacadores-de-bons-exemplos1-300x225.jpg"},{"@type":"BreadcrumbList","@id":"https:\/\/inclusivenews.com.br\/?p=23488#breadcrumb","itemListElement":[{"@type":"ListItem","position":1,"name":"In\u00edcio","item":"https:\/\/inclusivenews.com.br\/"},{"@type":"ListItem","position":2,"name":"Viaje at\u00e9 Aracaju para conhecer o Instituto Luciano Barreto J\u00fanior"}]},{"@type":"WebSite","@id":"https:\/\/inclusivenews.com.br\/#website","url":"https:\/\/inclusivenews.com.br\/","name":"Inclusive News","description":"Inclusive News","publisher":{"@id":"https:\/\/inclusivenews.com.br\/#organization"},"potentialAction":[{"@type":"SearchAction","target":{"@type":"EntryPoint","urlTemplate":"https:\/\/inclusivenews.com.br\/?s={search_term_string}"},"query-input":{"@type":"PropertyValueSpecification","valueRequired":true,"valueName":"search_term_string"}}],"inLanguage":"pt-PT"},{"@type":"Organization","@id":"https:\/\/inclusivenews.com.br\/#organization","name":"Inclusive - inclus\u00e3o e cidadania","url":"https:\/\/inclusivenews.com.br\/","logo":{"@type":"ImageObject","inLanguage":"pt-PT","@id":"https:\/\/inclusivenews.com.br\/#\/schema\/logo\/image\/","url":"https:\/\/inclusivenews.com.br\/wp-content\/uploads\/2024\/03\/@grandesite.png","contentUrl":"https:\/\/inclusivenews.com.br\/wp-content\/uploads\/2024\/03\/@grandesite.png","width":1080,"height":1080,"caption":"Inclusive - inclus\u00e3o e cidadania"},"image":{"@id":"https:\/\/inclusivenews.com.br\/#\/schema\/logo\/image\/"},"sameAs":["https:\/\/www.facebook.com\/agenciainclusive\/","https:\/\/www.instagram.com\/newsinclusive\/"]},{"@type":"Person","@id":"https:\/\/inclusivenews.com.br\/#\/schema\/person\/ae4ec7087559b8692fb33b6fffd2273b","name":"inclusivenews2024","image":{"@type":"ImageObject","inLanguage":"pt-PT","@id":"https:\/\/secure.gravatar.com\/avatar\/c5a7ef84c66fa914f55bc4f7ce26cfa275a3b9a1c5568b907bd184fb4dde7b40?s=96&d=mm&r=g","url":"https:\/\/secure.gravatar.com\/avatar\/c5a7ef84c66fa914f55bc4f7ce26cfa275a3b9a1c5568b907bd184fb4dde7b40?s=96&d=mm&r=g","contentUrl":"https:\/\/secure.gravatar.com\/avatar\/c5a7ef84c66fa914f55bc4f7ce26cfa275a3b9a1c5568b907bd184fb4dde7b40?s=96&d=mm&r=g","caption":"inclusivenews2024"},"sameAs":["https:\/\/inclusivenews.com.br"],"url":"https:\/\/inclusivenews.com.br\/?author=1"}]}},"_links":{"self":[{"href":"https:\/\/inclusivenews.com.br\/index.php?rest_route=\/wp\/v2\/posts\/23488","targetHints":{"allow":["GET"]}}],"collection":[{"href":"https:\/\/inclusivenews.com.br\/index.php?rest_route=\/wp\/v2\/posts"}],"about":[{"href":"https:\/\/inclusivenews.com.br\/index.php?rest_route=\/wp\/v2\/types\/post"}],"author":[{"embeddable":true,"href":"https:\/\/inclusivenews.com.br\/index.php?rest_route=\/wp\/v2\/users\/1"}],"replies":[{"embeddable":true,"href":"https:\/\/inclusivenews.com.br\/index.php?rest_route=%2Fwp%2Fv2%2Fcomments&post=23488"}],"version-history":[{"count":0,"href":"https:\/\/inclusivenews.com.br\/index.php?rest_route=\/wp\/v2\/posts\/23488\/revisions"}],"wp:attachment":[{"href":"https:\/\/inclusivenews.com.br\/index.php?rest_route=%2Fwp%2Fv2%2Fmedia&parent=23488"}],"wp:term":[{"taxonomy":"category","embeddable":true,"href":"https:\/\/inclusivenews.com.br\/index.php?rest_route=%2Fwp%2Fv2%2Fcategories&post=23488"},{"taxonomy":"post_tag","embeddable":true,"href":"https:\/\/inclusivenews.com.br\/index.php?rest_route=%2Fwp%2Fv2%2Ftags&post=23488"}],"curies":[{"name":"wp","href":"https:\/\/api.w.org\/{rel}","templated":true}]}}