{"id":23498,"date":"2012-09-26T15:31:17","date_gmt":"2012-09-26T18:31:17","guid":{"rendered":"http:\/\/www.inclusive.org.br\/?p=23498"},"modified":"2012-09-26T15:31:17","modified_gmt":"2012-09-26T18:31:17","slug":"carta-compromisso-sobre-os-direitos-das-criancas-e-dos-adolescentes-e-lancada-na-camara","status":"publish","type":"post","link":"https:\/\/inclusivenews.com.br\/?p=23498","title":{"rendered":"Carta Compromisso sobre os direitos das crian\u00e7as e dos adolescentes \u00e9 lan\u00e7ada na C\u00e2mara"},"content":{"rendered":"<figure id=\"attachment_23243\" aria-describedby=\"caption-attachment-23243\" style=\"width: 300px\" class=\"wp-caption alignleft\"><a href=\"http:\/\/www.inclusivenews.com.br\/wp-content\/uploads\/infancia_.jpg\"><img loading=\"lazy\" decoding=\"async\" class=\"size-medium wp-image-23243\" title=\"Inf\u00e2ncia - crian\u00e7a bricando em balan\u00e7o\" src=\"http:\/\/inclusivenews.com.br\/wp-content\/uploads\/infancia_-300x200.jpg\" alt=\"Inf\u00e2ncia - crian\u00e7a bricando em balan\u00e7o\" width=\"300\" height=\"200\" \/><\/a><figcaption id=\"caption-attachment-23243\" class=\"wp-caption-text\"> <\/figcaption><\/figure>\n<p>A elabora\u00e7\u00e3o do documento foi fruto de uma articula\u00e7\u00e3o de diversas organiza\u00e7\u00f5es sociais que visam garantir o compromisso \u00e9tico e pol\u00edtico dos candidatos\/as a prefeito\/a.<\/p>\n<p>Nesta quarta-feira (19) foi lan\u00e7ada, na C\u00e2mara dos Deputados, a <a href=\"http:\/\/www.inesc.org.br\/noticias\/biblioteca\/inesc-noticia\/edicao-no37-20-09-2012\/carta-compromisso-sobre-os-direitos-das-criancas-e-dos-adolescentes-e-lancada-na-camara-dos-deputados\/image\/image_view_fullscreen\" target=\"_blank\" rel=\"noopener\">carta compromisso<\/a> em defesa das crian\u00e7as e dos adolescentes a ser assinada pelos\/as candidatos\/as a prefeito\/a. O documento \u00e9 fruto de uma constru\u00e7\u00e3o coletiva de organiza\u00e7\u00f5es sociais, entre elas o Inesc, e tem o objetivo de garantir o compromisso \u00e9tico e pol\u00edtico dos candidatos em rela\u00e7\u00e3o \u00e0s prioridades para as crian\u00e7as e adolescentes.<\/p>\n<p>O evento, que contou com a assinatura simb\u00f3lica da carta compromisso, teve a participa\u00e7\u00e3o de representantes de entidades que defendem os direitos das crian\u00e7as e adolescentes, bem como de parlamentares da Casa. Agora, os deputados e as organiza\u00e7\u00f5es da sociedade civil ter\u00e3o responsabilidade de encaminhar a carta para seus estados com o intuito de recolher a assinatura dos candidatos\/as a prefeitos\/as.<\/p>\n<p>&#8220;Agora teremos a principal etapa que ser\u00e1 a mobiliza\u00e7\u00e3o nos munic\u00edpios para que os candidatos, ou, mesmo ap\u00f3s as elei\u00e7\u00f5es, os prefeitos eleitos assinem a carta e realmente se comprometam com uma agenda positiva para a inf\u00e2ncia e adolesc\u00eancia. Outro passo \u00e9 a mobiliza\u00e7\u00e3o dos conselhos direitos municipais, para que se responsabilizem pelo controle social dessas pol\u00edticas propostas&#8221;, afirma Cleomar Manhas, assessora pol\u00edtica do Inesc.<\/p>\n<p>Elabora\u00e7\u00e3o da Carta Compromisso<\/p>\n<p>A elabora\u00e7\u00e3o do documento foi fruto de uma articula\u00e7\u00e3o das organiza\u00e7\u00f5es que defendem a prote\u00e7\u00e3o dos direitos das crian\u00e7as e adolescentes, entre elas, o Inesc.  Alguns os temas de destaque elencados na Carta est\u00e3o: o atendimento multidisciplinar a crian\u00e7as e adolescentes v\u00edtimas de explora\u00e7\u00e3o sexual, al\u00e9m, da preven\u00e7\u00e3o; o trabalho infantil, o atendimento socioeducativo, o Or\u00e7amento Crian\u00e7a e Adolescente- OCA, o empoderamento dos conselhos de direitos e conselhos tutelares,  o Sistema de Atendimento Socioeducativo,  atendimento \u00e0s metas votadas \u00e0 educa\u00e7\u00e3o de qualidade e especial aten\u00e7\u00e3o \u00e0 oferta de creches.<\/p>\n<p>Dentre as entidades que participaram da elabora\u00e7\u00e3o do documento est\u00e3o Unicef, Conselho Nacional dos Direitos da Crian\u00e7a e do Adolescente, o Conselho Federal de Psicologia (CFP), a Organiza\u00e7\u00e3o Internacional do Trabalho (OIT), o Minist\u00e9rio da Sa\u00fade; o Grupo de Pesquisa sobre o Tr\u00e1fico de Pessoas, Viol\u00eancia e Explora\u00e7\u00e3o Sexual de Mulheres, Crian\u00e7as e Adolescentes da Universidade de Bras\u00edlia (Violes-UnB); o Instituto Ber\u00e7o da Cidadania; ANDI, entre outros.<\/p>\n","protected":false},"excerpt":{"rendered":"<p>O documento \u00e9 fruto de uma constru\u00e7\u00e3o coletiva de organiza\u00e7\u00f5es sociais, entre elas o Inesc, e tem o objetivo de garantir o compromisso \u00e9tico e pol\u00edtico dos candidatos em rela\u00e7\u00e3o \u00e0s prioridades para as crian\u00e7as e adolescentes.<\/p>\n","protected":false},"author":1,"featured_media":0,"comment_status":"open","ping_status":"open","sticky":false,"template":"","format":"standard","meta":{"site-container-style":"default","site-container-layout":"default","site-sidebar-layout":"default","disable-article-header":"default","disable-site-header":"default","disable-site-footer":"default","disable-content-area-spacing":"default","footnotes":""},"categories":[4],"tags":[60],"class_list":["post-23498","post","type-post","status-publish","format-standard","hentry","category-noticias","tag-infancia"],"yoast_head":"<!-- This site is optimized with the Yoast SEO plugin v27.4 - https:\/\/yoast.com\/product\/yoast-seo-wordpress\/ -->\n<title>Carta Compromisso sobre os direitos das crian\u00e7as e dos adolescentes \u00e9 lan\u00e7ada na C\u00e2mara -<\/title>\n<meta name=\"robots\" content=\"index, follow, max-snippet:-1, max-image-preview:large, max-video-preview:-1\" \/>\n<link rel=\"canonical\" href=\"https:\/\/inclusivenews.com.br\/?p=23498\" \/>\n<meta property=\"og:locale\" content=\"pt_PT\" \/>\n<meta property=\"og:type\" content=\"article\" \/>\n<meta property=\"og:title\" content=\"Carta Compromisso sobre os direitos das crian\u00e7as e dos adolescentes \u00e9 lan\u00e7ada na C\u00e2mara -\" \/>\n<meta property=\"og:description\" content=\"O documento \u00e9 fruto de uma constru\u00e7\u00e3o coletiva de organiza\u00e7\u00f5es sociais, entre elas o Inesc, e tem o objetivo de garantir o compromisso \u00e9tico e pol\u00edtico dos candidatos em rela\u00e7\u00e3o \u00e0s prioridades para as crian\u00e7as e adolescentes.\" \/>\n<meta property=\"og:url\" content=\"https:\/\/inclusivenews.com.br\/?p=23498\" \/>\n<meta property=\"article:publisher\" content=\"https:\/\/www.facebook.com\/agenciainclusive\/\" \/>\n<meta property=\"article:published_time\" content=\"2012-09-26T18:31:17+00:00\" \/>\n<meta property=\"og:image\" content=\"http:\/\/inclusivenews.com.br\/wp-content\/uploads\/infancia_-300x200.jpg\" \/>\n<meta name=\"author\" content=\"inclusivenews2024\" \/>\n<meta name=\"twitter:card\" content=\"summary_large_image\" \/>\n<meta name=\"twitter:label1\" content=\"Escrito por\" \/>\n\t<meta name=\"twitter:data1\" content=\"inclusivenews2024\" \/>\n\t<meta name=\"twitter:label2\" content=\"Tempo estimado de leitura\" \/>\n\t<meta name=\"twitter:data2\" content=\"2 minutos\" \/>\n<script type=\"application\/ld+json\" class=\"yoast-schema-graph\">{\"@context\":\"https:\\\/\\\/schema.org\",\"@graph\":[{\"@type\":\"Article\",\"@id\":\"https:\\\/\\\/inclusivenews.com.br\\\/?p=23498#article\",\"isPartOf\":{\"@id\":\"https:\\\/\\\/inclusivenews.com.br\\\/?p=23498\"},\"author\":{\"name\":\"inclusivenews2024\",\"@id\":\"https:\\\/\\\/inclusivenews.com.br\\\/#\\\/schema\\\/person\\\/ae4ec7087559b8692fb33b6fffd2273b\"},\"headline\":\"Carta Compromisso sobre os direitos das crian\u00e7as e dos adolescentes \u00e9 lan\u00e7ada na C\u00e2mara\",\"datePublished\":\"2012-09-26T18:31:17+00:00\",\"mainEntityOfPage\":{\"@id\":\"https:\\\/\\\/inclusivenews.com.br\\\/?p=23498\"},\"wordCount\":454,\"commentCount\":0,\"publisher\":{\"@id\":\"https:\\\/\\\/inclusivenews.com.br\\\/#organization\"},\"image\":{\"@id\":\"https:\\\/\\\/inclusivenews.com.br\\\/?p=23498#primaryimage\"},\"thumbnailUrl\":\"http:\\\/\\\/inclusivenews.com.br\\\/wp-content\\\/uploads\\\/infancia_-300x200.jpg\",\"keywords\":[\"Inf\u00e2ncia\"],\"articleSection\":[\"NOT\u00cdCIAS\"],\"inLanguage\":\"pt-PT\",\"potentialAction\":[{\"@type\":\"CommentAction\",\"name\":\"Comment\",\"target\":[\"https:\\\/\\\/inclusivenews.com.br\\\/?p=23498#respond\"]}]},{\"@type\":\"WebPage\",\"@id\":\"https:\\\/\\\/inclusivenews.com.br\\\/?p=23498\",\"url\":\"https:\\\/\\\/inclusivenews.com.br\\\/?p=23498\",\"name\":\"Carta Compromisso sobre os direitos das crian\u00e7as e dos adolescentes \u00e9 lan\u00e7ada na C\u00e2mara -\",\"isPartOf\":{\"@id\":\"https:\\\/\\\/inclusivenews.com.br\\\/#website\"},\"primaryImageOfPage\":{\"@id\":\"https:\\\/\\\/inclusivenews.com.br\\\/?p=23498#primaryimage\"},\"image\":{\"@id\":\"https:\\\/\\\/inclusivenews.com.br\\\/?p=23498#primaryimage\"},\"thumbnailUrl\":\"http:\\\/\\\/inclusivenews.com.br\\\/wp-content\\\/uploads\\\/infancia_-300x200.jpg\",\"datePublished\":\"2012-09-26T18:31:17+00:00\",\"breadcrumb\":{\"@id\":\"https:\\\/\\\/inclusivenews.com.br\\\/?p=23498#breadcrumb\"},\"inLanguage\":\"pt-PT\",\"potentialAction\":[{\"@type\":\"ReadAction\",\"target\":[\"https:\\\/\\\/inclusivenews.com.br\\\/?p=23498\"]}]},{\"@type\":\"ImageObject\",\"inLanguage\":\"pt-PT\",\"@id\":\"https:\\\/\\\/inclusivenews.com.br\\\/?p=23498#primaryimage\",\"url\":\"\",\"contentUrl\":\"\"},{\"@type\":\"BreadcrumbList\",\"@id\":\"https:\\\/\\\/inclusivenews.com.br\\\/?p=23498#breadcrumb\",\"itemListElement\":[{\"@type\":\"ListItem\",\"position\":1,\"name\":\"In\u00edcio\",\"item\":\"https:\\\/\\\/inclusivenews.com.br\\\/\"},{\"@type\":\"ListItem\",\"position\":2,\"name\":\"Carta Compromisso sobre os direitos das crian\u00e7as e dos adolescentes \u00e9 lan\u00e7ada na C\u00e2mara\"}]},{\"@type\":\"WebSite\",\"@id\":\"https:\\\/\\\/inclusivenews.com.br\\\/#website\",\"url\":\"https:\\\/\\\/inclusivenews.com.br\\\/\",\"name\":\"Inclusive News\",\"description\":\"Inclusive News\",\"publisher\":{\"@id\":\"https:\\\/\\\/inclusivenews.com.br\\\/#organization\"},\"potentialAction\":[{\"@type\":\"SearchAction\",\"target\":{\"@type\":\"EntryPoint\",\"urlTemplate\":\"https:\\\/\\\/inclusivenews.com.br\\\/?s={search_term_string}\"},\"query-input\":{\"@type\":\"PropertyValueSpecification\",\"valueRequired\":true,\"valueName\":\"search_term_string\"}}],\"inLanguage\":\"pt-PT\"},{\"@type\":\"Organization\",\"@id\":\"https:\\\/\\\/inclusivenews.com.br\\\/#organization\",\"name\":\"Inclusive - inclus\u00e3o e cidadania\",\"url\":\"https:\\\/\\\/inclusivenews.com.br\\\/\",\"logo\":{\"@type\":\"ImageObject\",\"inLanguage\":\"pt-PT\",\"@id\":\"https:\\\/\\\/inclusivenews.com.br\\\/#\\\/schema\\\/logo\\\/image\\\/\",\"url\":\"https:\\\/\\\/inclusivenews.com.br\\\/wp-content\\\/uploads\\\/2024\\\/03\\\/@grandesite.png\",\"contentUrl\":\"https:\\\/\\\/inclusivenews.com.br\\\/wp-content\\\/uploads\\\/2024\\\/03\\\/@grandesite.png\",\"width\":1080,\"height\":1080,\"caption\":\"Inclusive - inclus\u00e3o e cidadania\"},\"image\":{\"@id\":\"https:\\\/\\\/inclusivenews.com.br\\\/#\\\/schema\\\/logo\\\/image\\\/\"},\"sameAs\":[\"https:\\\/\\\/www.facebook.com\\\/agenciainclusive\\\/\",\"https:\\\/\\\/www.instagram.com\\\/newsinclusive\\\/\"]},{\"@type\":\"Person\",\"@id\":\"https:\\\/\\\/inclusivenews.com.br\\\/#\\\/schema\\\/person\\\/ae4ec7087559b8692fb33b6fffd2273b\",\"name\":\"inclusivenews2024\",\"image\":{\"@type\":\"ImageObject\",\"inLanguage\":\"pt-PT\",\"@id\":\"https:\\\/\\\/secure.gravatar.com\\\/avatar\\\/c5a7ef84c66fa914f55bc4f7ce26cfa275a3b9a1c5568b907bd184fb4dde7b40?s=96&d=mm&r=g\",\"url\":\"https:\\\/\\\/secure.gravatar.com\\\/avatar\\\/c5a7ef84c66fa914f55bc4f7ce26cfa275a3b9a1c5568b907bd184fb4dde7b40?s=96&d=mm&r=g\",\"contentUrl\":\"https:\\\/\\\/secure.gravatar.com\\\/avatar\\\/c5a7ef84c66fa914f55bc4f7ce26cfa275a3b9a1c5568b907bd184fb4dde7b40?s=96&d=mm&r=g\",\"caption\":\"inclusivenews2024\"},\"sameAs\":[\"https:\\\/\\\/inclusivenews.com.br\"],\"url\":\"https:\\\/\\\/inclusivenews.com.br\\\/?author=1\"}]}<\/script>\n<!-- \/ Yoast SEO plugin. -->","yoast_head_json":{"title":"Carta Compromisso sobre os direitos das crian\u00e7as e dos adolescentes \u00e9 lan\u00e7ada na C\u00e2mara -","robots":{"index":"index","follow":"follow","max-snippet":"max-snippet:-1","max-image-preview":"max-image-preview:large","max-video-preview":"max-video-preview:-1"},"canonical":"https:\/\/inclusivenews.com.br\/?p=23498","og_locale":"pt_PT","og_type":"article","og_title":"Carta Compromisso sobre os direitos das crian\u00e7as e dos adolescentes \u00e9 lan\u00e7ada na C\u00e2mara -","og_description":"O documento \u00e9 fruto de uma constru\u00e7\u00e3o coletiva de organiza\u00e7\u00f5es sociais, entre elas o Inesc, e tem o objetivo de garantir o compromisso \u00e9tico e pol\u00edtico dos candidatos em rela\u00e7\u00e3o \u00e0s prioridades para as crian\u00e7as e adolescentes.","og_url":"https:\/\/inclusivenews.com.br\/?p=23498","article_publisher":"https:\/\/www.facebook.com\/agenciainclusive\/","article_published_time":"2012-09-26T18:31:17+00:00","og_image":[{"url":"http:\/\/inclusivenews.com.br\/wp-content\/uploads\/infancia_-300x200.jpg","type":"","width":"","height":""}],"author":"inclusivenews2024","twitter_card":"summary_large_image","twitter_misc":{"Escrito por":"inclusivenews2024","Tempo estimado de leitura":"2 minutos"},"schema":{"@context":"https:\/\/schema.org","@graph":[{"@type":"Article","@id":"https:\/\/inclusivenews.com.br\/?p=23498#article","isPartOf":{"@id":"https:\/\/inclusivenews.com.br\/?p=23498"},"author":{"name":"inclusivenews2024","@id":"https:\/\/inclusivenews.com.br\/#\/schema\/person\/ae4ec7087559b8692fb33b6fffd2273b"},"headline":"Carta Compromisso sobre os direitos das crian\u00e7as e dos adolescentes \u00e9 lan\u00e7ada na C\u00e2mara","datePublished":"2012-09-26T18:31:17+00:00","mainEntityOfPage":{"@id":"https:\/\/inclusivenews.com.br\/?p=23498"},"wordCount":454,"commentCount":0,"publisher":{"@id":"https:\/\/inclusivenews.com.br\/#organization"},"image":{"@id":"https:\/\/inclusivenews.com.br\/?p=23498#primaryimage"},"thumbnailUrl":"http:\/\/inclusivenews.com.br\/wp-content\/uploads\/infancia_-300x200.jpg","keywords":["Inf\u00e2ncia"],"articleSection":["NOT\u00cdCIAS"],"inLanguage":"pt-PT","potentialAction":[{"@type":"CommentAction","name":"Comment","target":["https:\/\/inclusivenews.com.br\/?p=23498#respond"]}]},{"@type":"WebPage","@id":"https:\/\/inclusivenews.com.br\/?p=23498","url":"https:\/\/inclusivenews.com.br\/?p=23498","name":"Carta Compromisso sobre os direitos das crian\u00e7as e dos adolescentes \u00e9 lan\u00e7ada na C\u00e2mara -","isPartOf":{"@id":"https:\/\/inclusivenews.com.br\/#website"},"primaryImageOfPage":{"@id":"https:\/\/inclusivenews.com.br\/?p=23498#primaryimage"},"image":{"@id":"https:\/\/inclusivenews.com.br\/?p=23498#primaryimage"},"thumbnailUrl":"http:\/\/inclusivenews.com.br\/wp-content\/uploads\/infancia_-300x200.jpg","datePublished":"2012-09-26T18:31:17+00:00","breadcrumb":{"@id":"https:\/\/inclusivenews.com.br\/?p=23498#breadcrumb"},"inLanguage":"pt-PT","potentialAction":[{"@type":"ReadAction","target":["https:\/\/inclusivenews.com.br\/?p=23498"]}]},{"@type":"ImageObject","inLanguage":"pt-PT","@id":"https:\/\/inclusivenews.com.br\/?p=23498#primaryimage","url":"","contentUrl":""},{"@type":"BreadcrumbList","@id":"https:\/\/inclusivenews.com.br\/?p=23498#breadcrumb","itemListElement":[{"@type":"ListItem","position":1,"name":"In\u00edcio","item":"https:\/\/inclusivenews.com.br\/"},{"@type":"ListItem","position":2,"name":"Carta Compromisso sobre os direitos das crian\u00e7as e dos adolescentes \u00e9 lan\u00e7ada na C\u00e2mara"}]},{"@type":"WebSite","@id":"https:\/\/inclusivenews.com.br\/#website","url":"https:\/\/inclusivenews.com.br\/","name":"Inclusive News","description":"Inclusive News","publisher":{"@id":"https:\/\/inclusivenews.com.br\/#organization"},"potentialAction":[{"@type":"SearchAction","target":{"@type":"EntryPoint","urlTemplate":"https:\/\/inclusivenews.com.br\/?s={search_term_string}"},"query-input":{"@type":"PropertyValueSpecification","valueRequired":true,"valueName":"search_term_string"}}],"inLanguage":"pt-PT"},{"@type":"Organization","@id":"https:\/\/inclusivenews.com.br\/#organization","name":"Inclusive - inclus\u00e3o e cidadania","url":"https:\/\/inclusivenews.com.br\/","logo":{"@type":"ImageObject","inLanguage":"pt-PT","@id":"https:\/\/inclusivenews.com.br\/#\/schema\/logo\/image\/","url":"https:\/\/inclusivenews.com.br\/wp-content\/uploads\/2024\/03\/@grandesite.png","contentUrl":"https:\/\/inclusivenews.com.br\/wp-content\/uploads\/2024\/03\/@grandesite.png","width":1080,"height":1080,"caption":"Inclusive - inclus\u00e3o e cidadania"},"image":{"@id":"https:\/\/inclusivenews.com.br\/#\/schema\/logo\/image\/"},"sameAs":["https:\/\/www.facebook.com\/agenciainclusive\/","https:\/\/www.instagram.com\/newsinclusive\/"]},{"@type":"Person","@id":"https:\/\/inclusivenews.com.br\/#\/schema\/person\/ae4ec7087559b8692fb33b6fffd2273b","name":"inclusivenews2024","image":{"@type":"ImageObject","inLanguage":"pt-PT","@id":"https:\/\/secure.gravatar.com\/avatar\/c5a7ef84c66fa914f55bc4f7ce26cfa275a3b9a1c5568b907bd184fb4dde7b40?s=96&d=mm&r=g","url":"https:\/\/secure.gravatar.com\/avatar\/c5a7ef84c66fa914f55bc4f7ce26cfa275a3b9a1c5568b907bd184fb4dde7b40?s=96&d=mm&r=g","contentUrl":"https:\/\/secure.gravatar.com\/avatar\/c5a7ef84c66fa914f55bc4f7ce26cfa275a3b9a1c5568b907bd184fb4dde7b40?s=96&d=mm&r=g","caption":"inclusivenews2024"},"sameAs":["https:\/\/inclusivenews.com.br"],"url":"https:\/\/inclusivenews.com.br\/?author=1"}]}},"_links":{"self":[{"href":"https:\/\/inclusivenews.com.br\/index.php?rest_route=\/wp\/v2\/posts\/23498","targetHints":{"allow":["GET"]}}],"collection":[{"href":"https:\/\/inclusivenews.com.br\/index.php?rest_route=\/wp\/v2\/posts"}],"about":[{"href":"https:\/\/inclusivenews.com.br\/index.php?rest_route=\/wp\/v2\/types\/post"}],"author":[{"embeddable":true,"href":"https:\/\/inclusivenews.com.br\/index.php?rest_route=\/wp\/v2\/users\/1"}],"replies":[{"embeddable":true,"href":"https:\/\/inclusivenews.com.br\/index.php?rest_route=%2Fwp%2Fv2%2Fcomments&post=23498"}],"version-history":[{"count":0,"href":"https:\/\/inclusivenews.com.br\/index.php?rest_route=\/wp\/v2\/posts\/23498\/revisions"}],"wp:attachment":[{"href":"https:\/\/inclusivenews.com.br\/index.php?rest_route=%2Fwp%2Fv2%2Fmedia&parent=23498"}],"wp:term":[{"taxonomy":"category","embeddable":true,"href":"https:\/\/inclusivenews.com.br\/index.php?rest_route=%2Fwp%2Fv2%2Fcategories&post=23498"},{"taxonomy":"post_tag","embeddable":true,"href":"https:\/\/inclusivenews.com.br\/index.php?rest_route=%2Fwp%2Fv2%2Ftags&post=23498"}],"curies":[{"name":"wp","href":"https:\/\/api.w.org\/{rel}","templated":true}]}}