{"id":23504,"date":"2012-09-26T15:33:09","date_gmt":"2012-09-26T18:33:09","guid":{"rendered":"http:\/\/www.inclusive.org.br\/?p=23504"},"modified":"2012-09-26T15:33:09","modified_gmt":"2012-09-26T18:33:09","slug":"massacres-sao-diarios-diz-pastoral-carceraria","status":"publish","type":"post","link":"https:\/\/inclusivenews.com.br\/?p=23504","title":{"rendered":"Massacres s\u00e3o di\u00e1rios, diz Pastoral Carcer\u00e1ria"},"content":{"rendered":"<p><a rel=\"attachment wp-att-22793\" href=\"http:\/\/www.inclusive.org.br\/?attachment_id=22793\"><img loading=\"lazy\" decoding=\"async\" class=\"alignnone size-medium wp-image-22793\" title=\"c\u00e1rcere\" src=\"http:\/\/inclusivenews.com.br\/wp-content\/uploads\/pastoralcarceraria-300x256.jpg\" alt=\"\" width=\"300\" height=\"256\" \/><\/a><\/p>\n<p>Quase 20 anos depois do \u201cMassacre do Carandiru\u201d, epis\u00f3dio em que 111 homens presos foram assassinados pela Pol\u00edcia Militar, dentro de um pres\u00eddio paulista em 2 de outubro de 1999, a Rede 2 de Outubro e, com ela, a Pastoral Carcer\u00e1ria realizaram f\u00f3rum na \u00faltima semana de agosto, para discutir \u201cos massacres di\u00e1rios\u201d, que segundo as entidades continuam a acontecer em S\u00e3o Paulo e no pa\u00eds.<\/p>\n<p>\u201cV\u00ea-se uma pr\u00e1tica de exterm\u00ednio nas periferias, a gest\u00e3o p\u00fablica deliberou criminalizar e combater os 3 P: os pretos, pobres e perif\u00e9ricos\u201d, disse Carolina Catini da Rede Extremo Sul. Para a rede h\u00e1 um crescimento do poder militar na capital paulista, realizando tarefas que n\u00e3o condizem com suas atribui\u00e7\u00f5es.<\/p>\n<p>\u201cAs quest\u00f5es sociais e as quest\u00f5es de pol\u00edcia, hoje, est\u00e3o fortemente unidas, isso porque a primazia da necessidade econ\u00f4mica coloca o Estado como movimentador da gest\u00e3o financeira, dos mercados financeiros\u201d, afirma Carolina, lembrando que a higieniza\u00e7\u00e3o do centro de S\u00e3o Paulo trata-se de uma quest\u00e3o de mercado, imobili\u00e1ria.<\/p>\n<p>Para a rede, a principal pol\u00edtica quem vem sendo empregada em S\u00e3o Paulo \u00e9 a repress\u00e3o com \u201cdespejos violentos nas periferias e inc\u00eandios criminosos nas favelas, uma tentativa de acabar com a distribui\u00e7\u00e3o do sop\u00e3o no centro, passando pela a\u00e7\u00e3o na Cracol\u00e2ndia e interna\u00e7\u00f5es compuls\u00f3rias. H\u00e1 a guerra contra os camel\u00f4s, mortes nas periferias e de moradores em situa\u00e7\u00e3o de rua\u201d.<\/p>\n<p>Somente em 2012, 23 favelas foram incendiadas, e moradores e movimentos sociais suspeitam que resultam da especula\u00e7\u00e3o imobili\u00e1ria e de um movimento de\u00a0 higieniza\u00e7\u00e3o da grande S\u00e3o Paulo. Para averiguar a situa\u00e7\u00e3o foi aberta Comiss\u00e3o Parlamentar de Inqu\u00e9rito (CPI) na C\u00e2mara Municipal dos Vereadores, ainda inconclusiva.<\/p>\n<p><strong>Sistema prisional brasileiro<\/strong><\/p>\n<p>\u201cA situa\u00e7\u00e3o \u00e9 muito prec\u00e1ria, como em todo o Brasil, n\u00f3s temos nove mil vagas e\u00a0 cinco mil pessoas detidas\u201d, disse padre Jo\u00e3o Bosco Francisco do Nascimento,\u00a0 assessor da Pastoral Carcer\u00e1ria e vice-presidente do Conselho de Direitos Humanos do Estado da Para\u00edba. O padre critica a secretaria estadual do sistema prisional, segundo ele o trabalho \u00e9 dirigido por militares que t\u00eam vis\u00e3o limitada, sem qualquer possibilidade de ressocializa\u00e7\u00e3o.<\/p>\n<p>\u201cFazendo uma inspe\u00e7\u00e3o vimos celas com oito camas para 20 mulheres, dormem duas por cama e as demais dormem no ch\u00e3o\u201d. O cen\u00e1rio n\u00e3o se limita ao estado da Para\u00edba, em S\u00e3o Paulo, \u201ch\u00e1 um massacre lento, que vai tirando a vida aos poucos\u201d, disse padre Valdir Jo\u00e3o Silveira, assessor nacional da Pastoral Carcer\u00e1ria e da Arquidiocese de S\u00e3o Paulo. Padre Valdir aponta que a pastoral acompanha diariamente os maus tratos a que s\u00e3o submetidos os presos.<\/p>\n<p>\u201cO Estado deveria dar para cada pessoa presa o kit higiene (com pasta e escova de dentes, sabonete e papel higi\u00eanico) e na maioria das vezes os presos n\u00e3o recebem. Agora voc\u00ea pode imaginar: em S\u00e3o Paulo, h\u00e1 celas com espa\u00e7o para oito pessoas,\u00a0\u00a0 om 40, 50 presos na mesma cela? Nem sequer t\u00eam as necessidades fisiol\u00f3gicas respeitadas. No dia a dia isso \u00e9 uma tortura\u201d, denunciou o padre. O assessor apontou o caso espec\u00edfico do Conjunto Penal de Serrinha, na Bahia, onde os servi\u00e7os s\u00e3o terceirizados. Ali, segundo o padre, os detentos t\u00eam 30 segundos de torneira aberta para o banho. \u201cComo se vai saciar o corpo em 30 segundos? O Estado determina o tempo, \u00e9 aniquilamento, \u00e9 morte aos poucos da privacidade\u201d.<\/p>\n<p><strong>Mortes nos pres\u00eddios da Am\u00e9rica do Sul<\/strong><\/p>\n<p>De 1999 a 2006 foram contabilizadas 3.275 pessoas no sistema prisional paulista.\u00a0\u201cN\u00e3o \u00e9 um massacre? Por estas mortes algu\u00e9m \u00e9 punido? O Minist\u00e9rio P\u00fablico, o governador algu\u00e9m respondeu por isso? Existe um massacre silencioso e ningu\u00e9m d\u00e1 conta, porque \u00e9 gente de periferia\u201d, concluiu padre Valdir.<\/p>\n<p>O assessor da Pastoral acabara de chegar de um encontro no Chile, onde familiares de detentos denunciavam a morte, em 8 de dezembro de 2010, de 81 detentos\u00a0 queimados no pres\u00eddio de S\u00e3o Miguel do Chile. Neste momento articula-se uma rede da Am\u00e9rica do Sul para discutir a pol\u00edtica de encarceramento no continente.<\/p>\n<p>Fonte:\u00a0<a href=\"http:\/\/kmspagu.wordpress.com\/tag\/pastoral-carceraria\/\">http:\/\/kmspagu.wordpress.com\/tag\/pastoral-carceraria\/<\/a><\/p>\n","protected":false},"excerpt":{"rendered":"<p>20 anos depois do Massacre do Carandiru, continua o exterm\u00ednio nos pres\u00eddios brasileiros.<\/p>\n","protected":false},"author":1,"featured_media":0,"comment_status":"open","ping_status":"open","sticky":false,"template":"","format":"standard","meta":{"site-container-style":"default","site-container-layout":"default","site-sidebar-layout":"default","disable-article-header":"default","disable-site-header":"default","disable-site-footer":"default","disable-content-area-spacing":"default","footnotes":""},"categories":[13,11],"tags":[94],"class_list":["post-23504","post","type-post","status-publish","format-standard","hentry","category-denuncias","category-direitos-humanos","tag-violencia"],"yoast_head":"<!-- This site is optimized with the Yoast SEO plugin v27.4 - https:\/\/yoast.com\/product\/yoast-seo-wordpress\/ -->\n<title>Massacres s\u00e3o di\u00e1rios, diz Pastoral Carcer\u00e1ria -<\/title>\n<meta name=\"robots\" content=\"index, follow, max-snippet:-1, max-image-preview:large, max-video-preview:-1\" \/>\n<link rel=\"canonical\" href=\"https:\/\/inclusivenews.com.br\/?p=23504\" \/>\n<meta property=\"og:locale\" content=\"pt_PT\" \/>\n<meta property=\"og:type\" content=\"article\" \/>\n<meta property=\"og:title\" content=\"Massacres s\u00e3o di\u00e1rios, diz Pastoral Carcer\u00e1ria -\" \/>\n<meta property=\"og:description\" content=\"20 anos depois do Massacre do Carandiru, continua o exterm\u00ednio nos pres\u00eddios brasileiros.\" \/>\n<meta property=\"og:url\" content=\"https:\/\/inclusivenews.com.br\/?p=23504\" \/>\n<meta property=\"article:publisher\" content=\"https:\/\/www.facebook.com\/agenciainclusive\/\" \/>\n<meta property=\"article:published_time\" content=\"2012-09-26T18:33:09+00:00\" \/>\n<meta property=\"og:image\" content=\"http:\/\/inclusivenews.com.br\/wp-content\/uploads\/pastoralcarceraria-300x256.jpg\" \/>\n<meta name=\"author\" content=\"inclusivenews2024\" \/>\n<meta name=\"twitter:card\" content=\"summary_large_image\" \/>\n<meta name=\"twitter:label1\" content=\"Escrito por\" \/>\n\t<meta name=\"twitter:data1\" content=\"inclusivenews2024\" \/>\n\t<meta name=\"twitter:label2\" content=\"Tempo estimado de leitura\" \/>\n\t<meta name=\"twitter:data2\" content=\"4 minutos\" \/>\n<script type=\"application\/ld+json\" class=\"yoast-schema-graph\">{\"@context\":\"https:\\\/\\\/schema.org\",\"@graph\":[{\"@type\":\"Article\",\"@id\":\"https:\\\/\\\/inclusivenews.com.br\\\/?p=23504#article\",\"isPartOf\":{\"@id\":\"https:\\\/\\\/inclusivenews.com.br\\\/?p=23504\"},\"author\":{\"name\":\"inclusivenews2024\",\"@id\":\"https:\\\/\\\/inclusivenews.com.br\\\/#\\\/schema\\\/person\\\/ae4ec7087559b8692fb33b6fffd2273b\"},\"headline\":\"Massacres s\u00e3o di\u00e1rios, diz Pastoral Carcer\u00e1ria\",\"datePublished\":\"2012-09-26T18:33:09+00:00\",\"mainEntityOfPage\":{\"@id\":\"https:\\\/\\\/inclusivenews.com.br\\\/?p=23504\"},\"wordCount\":724,\"commentCount\":0,\"publisher\":{\"@id\":\"https:\\\/\\\/inclusivenews.com.br\\\/#organization\"},\"image\":{\"@id\":\"https:\\\/\\\/inclusivenews.com.br\\\/?p=23504#primaryimage\"},\"thumbnailUrl\":\"http:\\\/\\\/inclusivenews.com.br\\\/wp-content\\\/uploads\\\/pastoralcarceraria-300x256.jpg\",\"keywords\":[\"Viol\u00eancia\"],\"articleSection\":[\"Den\u00fancias\",\"DIREITOS HUMANOS\"],\"inLanguage\":\"pt-PT\",\"potentialAction\":[{\"@type\":\"CommentAction\",\"name\":\"Comment\",\"target\":[\"https:\\\/\\\/inclusivenews.com.br\\\/?p=23504#respond\"]}]},{\"@type\":\"WebPage\",\"@id\":\"https:\\\/\\\/inclusivenews.com.br\\\/?p=23504\",\"url\":\"https:\\\/\\\/inclusivenews.com.br\\\/?p=23504\",\"name\":\"Massacres s\u00e3o di\u00e1rios, diz Pastoral Carcer\u00e1ria -\",\"isPartOf\":{\"@id\":\"https:\\\/\\\/inclusivenews.com.br\\\/#website\"},\"primaryImageOfPage\":{\"@id\":\"https:\\\/\\\/inclusivenews.com.br\\\/?p=23504#primaryimage\"},\"image\":{\"@id\":\"https:\\\/\\\/inclusivenews.com.br\\\/?p=23504#primaryimage\"},\"thumbnailUrl\":\"http:\\\/\\\/inclusivenews.com.br\\\/wp-content\\\/uploads\\\/pastoralcarceraria-300x256.jpg\",\"datePublished\":\"2012-09-26T18:33:09+00:00\",\"breadcrumb\":{\"@id\":\"https:\\\/\\\/inclusivenews.com.br\\\/?p=23504#breadcrumb\"},\"inLanguage\":\"pt-PT\",\"potentialAction\":[{\"@type\":\"ReadAction\",\"target\":[\"https:\\\/\\\/inclusivenews.com.br\\\/?p=23504\"]}]},{\"@type\":\"ImageObject\",\"inLanguage\":\"pt-PT\",\"@id\":\"https:\\\/\\\/inclusivenews.com.br\\\/?p=23504#primaryimage\",\"url\":\"\",\"contentUrl\":\"\"},{\"@type\":\"BreadcrumbList\",\"@id\":\"https:\\\/\\\/inclusivenews.com.br\\\/?p=23504#breadcrumb\",\"itemListElement\":[{\"@type\":\"ListItem\",\"position\":1,\"name\":\"In\u00edcio\",\"item\":\"https:\\\/\\\/inclusivenews.com.br\\\/\"},{\"@type\":\"ListItem\",\"position\":2,\"name\":\"Massacres s\u00e3o di\u00e1rios, diz Pastoral Carcer\u00e1ria\"}]},{\"@type\":\"WebSite\",\"@id\":\"https:\\\/\\\/inclusivenews.com.br\\\/#website\",\"url\":\"https:\\\/\\\/inclusivenews.com.br\\\/\",\"name\":\"Inclusive News\",\"description\":\"Inclusive News\",\"publisher\":{\"@id\":\"https:\\\/\\\/inclusivenews.com.br\\\/#organization\"},\"potentialAction\":[{\"@type\":\"SearchAction\",\"target\":{\"@type\":\"EntryPoint\",\"urlTemplate\":\"https:\\\/\\\/inclusivenews.com.br\\\/?s={search_term_string}\"},\"query-input\":{\"@type\":\"PropertyValueSpecification\",\"valueRequired\":true,\"valueName\":\"search_term_string\"}}],\"inLanguage\":\"pt-PT\"},{\"@type\":\"Organization\",\"@id\":\"https:\\\/\\\/inclusivenews.com.br\\\/#organization\",\"name\":\"Inclusive - inclus\u00e3o e cidadania\",\"url\":\"https:\\\/\\\/inclusivenews.com.br\\\/\",\"logo\":{\"@type\":\"ImageObject\",\"inLanguage\":\"pt-PT\",\"@id\":\"https:\\\/\\\/inclusivenews.com.br\\\/#\\\/schema\\\/logo\\\/image\\\/\",\"url\":\"https:\\\/\\\/inclusivenews.com.br\\\/wp-content\\\/uploads\\\/2024\\\/03\\\/@grandesite.png\",\"contentUrl\":\"https:\\\/\\\/inclusivenews.com.br\\\/wp-content\\\/uploads\\\/2024\\\/03\\\/@grandesite.png\",\"width\":1080,\"height\":1080,\"caption\":\"Inclusive - inclus\u00e3o e cidadania\"},\"image\":{\"@id\":\"https:\\\/\\\/inclusivenews.com.br\\\/#\\\/schema\\\/logo\\\/image\\\/\"},\"sameAs\":[\"https:\\\/\\\/www.facebook.com\\\/agenciainclusive\\\/\",\"https:\\\/\\\/www.instagram.com\\\/newsinclusive\\\/\"]},{\"@type\":\"Person\",\"@id\":\"https:\\\/\\\/inclusivenews.com.br\\\/#\\\/schema\\\/person\\\/ae4ec7087559b8692fb33b6fffd2273b\",\"name\":\"inclusivenews2024\",\"image\":{\"@type\":\"ImageObject\",\"inLanguage\":\"pt-PT\",\"@id\":\"https:\\\/\\\/secure.gravatar.com\\\/avatar\\\/c5a7ef84c66fa914f55bc4f7ce26cfa275a3b9a1c5568b907bd184fb4dde7b40?s=96&d=mm&r=g\",\"url\":\"https:\\\/\\\/secure.gravatar.com\\\/avatar\\\/c5a7ef84c66fa914f55bc4f7ce26cfa275a3b9a1c5568b907bd184fb4dde7b40?s=96&d=mm&r=g\",\"contentUrl\":\"https:\\\/\\\/secure.gravatar.com\\\/avatar\\\/c5a7ef84c66fa914f55bc4f7ce26cfa275a3b9a1c5568b907bd184fb4dde7b40?s=96&d=mm&r=g\",\"caption\":\"inclusivenews2024\"},\"sameAs\":[\"https:\\\/\\\/inclusivenews.com.br\"],\"url\":\"https:\\\/\\\/inclusivenews.com.br\\\/?author=1\"}]}<\/script>\n<!-- \/ Yoast SEO plugin. -->","yoast_head_json":{"title":"Massacres s\u00e3o di\u00e1rios, diz Pastoral Carcer\u00e1ria -","robots":{"index":"index","follow":"follow","max-snippet":"max-snippet:-1","max-image-preview":"max-image-preview:large","max-video-preview":"max-video-preview:-1"},"canonical":"https:\/\/inclusivenews.com.br\/?p=23504","og_locale":"pt_PT","og_type":"article","og_title":"Massacres s\u00e3o di\u00e1rios, diz Pastoral Carcer\u00e1ria -","og_description":"20 anos depois do Massacre do Carandiru, continua o exterm\u00ednio nos pres\u00eddios brasileiros.","og_url":"https:\/\/inclusivenews.com.br\/?p=23504","article_publisher":"https:\/\/www.facebook.com\/agenciainclusive\/","article_published_time":"2012-09-26T18:33:09+00:00","og_image":[{"url":"http:\/\/inclusivenews.com.br\/wp-content\/uploads\/pastoralcarceraria-300x256.jpg","type":"","width":"","height":""}],"author":"inclusivenews2024","twitter_card":"summary_large_image","twitter_misc":{"Escrito por":"inclusivenews2024","Tempo estimado de leitura":"4 minutos"},"schema":{"@context":"https:\/\/schema.org","@graph":[{"@type":"Article","@id":"https:\/\/inclusivenews.com.br\/?p=23504#article","isPartOf":{"@id":"https:\/\/inclusivenews.com.br\/?p=23504"},"author":{"name":"inclusivenews2024","@id":"https:\/\/inclusivenews.com.br\/#\/schema\/person\/ae4ec7087559b8692fb33b6fffd2273b"},"headline":"Massacres s\u00e3o di\u00e1rios, diz Pastoral Carcer\u00e1ria","datePublished":"2012-09-26T18:33:09+00:00","mainEntityOfPage":{"@id":"https:\/\/inclusivenews.com.br\/?p=23504"},"wordCount":724,"commentCount":0,"publisher":{"@id":"https:\/\/inclusivenews.com.br\/#organization"},"image":{"@id":"https:\/\/inclusivenews.com.br\/?p=23504#primaryimage"},"thumbnailUrl":"http:\/\/inclusivenews.com.br\/wp-content\/uploads\/pastoralcarceraria-300x256.jpg","keywords":["Viol\u00eancia"],"articleSection":["Den\u00fancias","DIREITOS HUMANOS"],"inLanguage":"pt-PT","potentialAction":[{"@type":"CommentAction","name":"Comment","target":["https:\/\/inclusivenews.com.br\/?p=23504#respond"]}]},{"@type":"WebPage","@id":"https:\/\/inclusivenews.com.br\/?p=23504","url":"https:\/\/inclusivenews.com.br\/?p=23504","name":"Massacres s\u00e3o di\u00e1rios, diz Pastoral Carcer\u00e1ria -","isPartOf":{"@id":"https:\/\/inclusivenews.com.br\/#website"},"primaryImageOfPage":{"@id":"https:\/\/inclusivenews.com.br\/?p=23504#primaryimage"},"image":{"@id":"https:\/\/inclusivenews.com.br\/?p=23504#primaryimage"},"thumbnailUrl":"http:\/\/inclusivenews.com.br\/wp-content\/uploads\/pastoralcarceraria-300x256.jpg","datePublished":"2012-09-26T18:33:09+00:00","breadcrumb":{"@id":"https:\/\/inclusivenews.com.br\/?p=23504#breadcrumb"},"inLanguage":"pt-PT","potentialAction":[{"@type":"ReadAction","target":["https:\/\/inclusivenews.com.br\/?p=23504"]}]},{"@type":"ImageObject","inLanguage":"pt-PT","@id":"https:\/\/inclusivenews.com.br\/?p=23504#primaryimage","url":"","contentUrl":""},{"@type":"BreadcrumbList","@id":"https:\/\/inclusivenews.com.br\/?p=23504#breadcrumb","itemListElement":[{"@type":"ListItem","position":1,"name":"In\u00edcio","item":"https:\/\/inclusivenews.com.br\/"},{"@type":"ListItem","position":2,"name":"Massacres s\u00e3o di\u00e1rios, diz Pastoral Carcer\u00e1ria"}]},{"@type":"WebSite","@id":"https:\/\/inclusivenews.com.br\/#website","url":"https:\/\/inclusivenews.com.br\/","name":"Inclusive News","description":"Inclusive News","publisher":{"@id":"https:\/\/inclusivenews.com.br\/#organization"},"potentialAction":[{"@type":"SearchAction","target":{"@type":"EntryPoint","urlTemplate":"https:\/\/inclusivenews.com.br\/?s={search_term_string}"},"query-input":{"@type":"PropertyValueSpecification","valueRequired":true,"valueName":"search_term_string"}}],"inLanguage":"pt-PT"},{"@type":"Organization","@id":"https:\/\/inclusivenews.com.br\/#organization","name":"Inclusive - inclus\u00e3o e cidadania","url":"https:\/\/inclusivenews.com.br\/","logo":{"@type":"ImageObject","inLanguage":"pt-PT","@id":"https:\/\/inclusivenews.com.br\/#\/schema\/logo\/image\/","url":"https:\/\/inclusivenews.com.br\/wp-content\/uploads\/2024\/03\/@grandesite.png","contentUrl":"https:\/\/inclusivenews.com.br\/wp-content\/uploads\/2024\/03\/@grandesite.png","width":1080,"height":1080,"caption":"Inclusive - inclus\u00e3o e cidadania"},"image":{"@id":"https:\/\/inclusivenews.com.br\/#\/schema\/logo\/image\/"},"sameAs":["https:\/\/www.facebook.com\/agenciainclusive\/","https:\/\/www.instagram.com\/newsinclusive\/"]},{"@type":"Person","@id":"https:\/\/inclusivenews.com.br\/#\/schema\/person\/ae4ec7087559b8692fb33b6fffd2273b","name":"inclusivenews2024","image":{"@type":"ImageObject","inLanguage":"pt-PT","@id":"https:\/\/secure.gravatar.com\/avatar\/c5a7ef84c66fa914f55bc4f7ce26cfa275a3b9a1c5568b907bd184fb4dde7b40?s=96&d=mm&r=g","url":"https:\/\/secure.gravatar.com\/avatar\/c5a7ef84c66fa914f55bc4f7ce26cfa275a3b9a1c5568b907bd184fb4dde7b40?s=96&d=mm&r=g","contentUrl":"https:\/\/secure.gravatar.com\/avatar\/c5a7ef84c66fa914f55bc4f7ce26cfa275a3b9a1c5568b907bd184fb4dde7b40?s=96&d=mm&r=g","caption":"inclusivenews2024"},"sameAs":["https:\/\/inclusivenews.com.br"],"url":"https:\/\/inclusivenews.com.br\/?author=1"}]}},"_links":{"self":[{"href":"https:\/\/inclusivenews.com.br\/index.php?rest_route=\/wp\/v2\/posts\/23504","targetHints":{"allow":["GET"]}}],"collection":[{"href":"https:\/\/inclusivenews.com.br\/index.php?rest_route=\/wp\/v2\/posts"}],"about":[{"href":"https:\/\/inclusivenews.com.br\/index.php?rest_route=\/wp\/v2\/types\/post"}],"author":[{"embeddable":true,"href":"https:\/\/inclusivenews.com.br\/index.php?rest_route=\/wp\/v2\/users\/1"}],"replies":[{"embeddable":true,"href":"https:\/\/inclusivenews.com.br\/index.php?rest_route=%2Fwp%2Fv2%2Fcomments&post=23504"}],"version-history":[{"count":0,"href":"https:\/\/inclusivenews.com.br\/index.php?rest_route=\/wp\/v2\/posts\/23504\/revisions"}],"wp:attachment":[{"href":"https:\/\/inclusivenews.com.br\/index.php?rest_route=%2Fwp%2Fv2%2Fmedia&parent=23504"}],"wp:term":[{"taxonomy":"category","embeddable":true,"href":"https:\/\/inclusivenews.com.br\/index.php?rest_route=%2Fwp%2Fv2%2Fcategories&post=23504"},{"taxonomy":"post_tag","embeddable":true,"href":"https:\/\/inclusivenews.com.br\/index.php?rest_route=%2Fwp%2Fv2%2Ftags&post=23504"}],"curies":[{"name":"wp","href":"https:\/\/api.w.org\/{rel}","templated":true}]}}