{"id":23505,"date":"2012-09-26T15:33:15","date_gmt":"2012-09-26T18:33:15","guid":{"rendered":"http:\/\/www.inclusive.org.br\/?p=23505"},"modified":"2012-09-26T15:33:15","modified_gmt":"2012-09-26T18:33:15","slug":"dados-da-pnad-nao-representam-a-realidade-da-educacao-diz-especialista","status":"publish","type":"post","link":"https:\/\/inclusivenews.com.br\/?p=23505","title":{"rendered":"Dados da PNAD n\u00e3o representam a realidade da educa\u00e7\u00e3o, diz especialista"},"content":{"rendered":"<p><a rel=\"attachment wp-att-13969\" href=\"http:\/\/www.inclusive.org.br\/?attachment_id=13969\"><img loading=\"lazy\" decoding=\"async\" class=\"size-full wp-image-13969 alignleft\" title=\"Inclusive - problemas na educa\u00e7\u00e3o. A palavra educa\u00e7\u00e3o escrita com as letras invertidas e um aluno desolado em frente ao quadro negro.\" src=\"http:\/\/inclusivenews.com.br\/wp-content\/uploads\/2010\/02\/inclusive_educacao.jpg\" alt=\"Inclusive - problemas na educa\u00e7\u00e3o. A palavra educa\u00e7\u00e3o escrita com as letras invertidas e um aluno desolado em frente ao quadro negro.\" width=\"265\" height=\"200\" \/><\/a><\/p>\n<p>Apesar dos dados da Pesquisa Nacional por Amostra de Domic\u00edlios (Pnad) 2011, divulgada na \u00faltima sexta-feira (21) pelo Instituto Brasileiro de Geografia e Estat\u00edstica (IBGE), apontarem pequenos avan\u00e7os na \u00e1rea de educa\u00e7\u00e3o, a melhoria \u00e9 muito lenta para o patamar de qualidade em que o Brasil se encontra.<\/p>\n<p>A opini\u00e3o \u00e9 da diretora executiva do Movimento Todos pela Educa\u00e7\u00e3o (MTE), Priscila Cruz, advogada que atua na defesa da educa\u00e7\u00e3o de qualidade h\u00e1 dez anos. Segundo ela, o crit\u00e9rio usado pelo IBGE para definir analfabetismo n\u00e3o leva em conta o n\u00edvel de profici\u00eancia dos alunos em leitura e escrita.<\/p>\n<p>\u201cAlfabetiza\u00e7\u00e3o \u00e9 muito mais do que escolariza\u00e7\u00e3o. O IBGE olha os jovens e adultos com mais de 15 anos, aqueles que t\u00eam quatro anos ou mais de escolaridade j\u00e1 \u00e9 considerado alfabetizado. Mas como a gente tem uma qualidade de educa\u00e7\u00e3o muito ruim no Brasil, o que acontece \u00e9 que tem muita crian\u00e7a de 11, 12 anos, jovem que est\u00e1 no ensino m\u00e9dio com 15, 17 anos, que ainda \u00e9 analfabeto. Infelizmente isso ainda \u00e9 uma realidade no nosso pa\u00eds\u201d, explica Priscila.<\/p>\n<p>Ela disse que uma das metas do MTE \u00e9 que toda crian\u00e7a esteja plenamente alfabetizada aos 8 anos de idade, o que n\u00e3o ocorre atualmente. \u201cA Prova ABC (uma parceria da Organiza\u00e7\u00e3o N\u00e3o Governamental (ONG) Todos pela Educa\u00e7\u00e3o com o Instituto Paulo Montenegro, a Funda\u00e7\u00e3o Cesgranrio e o Instituto Nacional de Estudos e Pesquisas Educacionais) mostrou que, das crian\u00e7as de 8 anos no Brasil, s\u00f3 metade \u00e9 plenamente alfabetizada. \u00c9 um dado bem diferente daquele do IBGE. \u00c9 diferente fazer a prova e testar ou perguntar quantos anos de estudo tem e ela ser considerada alfabetizada\u201d.<\/p>\n<p>Priscila admite que houve avan\u00e7os. Por\u00e9m, eles ocorrem muito devagar. \u201cA gente vem melhorando s\u00f3 que num ritmo muito lento. Se a gente tivesse num patamar mais alto, melhorar lentamente n\u00e3o seria t\u00e3o ruim. A gente est\u00e1 num patamar muito baixo e melhorando muito lentamente, vai demorar muito pra gente conseguir garantir o direito de todos os alunos a ter educa\u00e7\u00e3o de qualidade\u201d.<\/p>\n<p>A diretora da ONG aponta que, apesar de 98,2% da popula\u00e7\u00e3o de 6 a 14 anos, correspondente ao ensino fundamental, estarem na escola, se for levado em conta desde a educa\u00e7\u00e3o infantil at\u00e9 o ensino m\u00e9dio, o Brasil tem 3,8 milh\u00f5es de crian\u00e7as e jovens fora da escola. A situa\u00e7\u00e3o \u00e9 pior entre os adolescentes de 15 a 17 anos, que deveriam estar no ensino m\u00e9dio. Nessa faixa et\u00e1ria, a taxa de escolariza\u00e7\u00e3o caiu de 85,2% em 2009 para 83,7% em 2011.<\/p>\n<p>\u201cO ensino m\u00e9dio vive uma crise de identidade: esses alunos n\u00e3o veem sentido nesse ensino m\u00e9dio, acabam evadindo, saem antes do tempo de se formarem e a gente est\u00e1 perdendo esses jovens. S\u00e3o jovens que, na sociedade atual, s\u00e9culo 21, sociedade do conhecimento, n\u00e3o conclu\u00edram nem o ensino m\u00e9dio, \u00e9 ter a\u00ed um exterm\u00ednio de jovens\u201d, alerta Priscila.<\/p>\n<p>A diretora executiva do Movimento Todos pela Educa\u00e7\u00e3o lembra que existem experi\u00eancias de outros pa\u00edses e tamb\u00e9m dentro do Brasil que apontam caminhos a serem seguidos para melhorar o desempenho dos alunos.<\/p>\n<p>\u201cAcho que tem de investir em professor: eles s\u00e3o muito mais formados para serem te\u00f3ricos da educa\u00e7\u00e3o. Tem que ter um maior n\u00famero de escolas em tempo integral, tem que ter avalia\u00e7\u00f5es que realmente ajudem os gestores a formularem suas pol\u00edticas e incorporar a avalia\u00e7\u00e3o como ferramenta para avan\u00e7ar\u201d.<\/p>\n<p>Fonte:\u00a0<a href=\"http:\/\/www.todospelaeducacao.org.br\/comunicacao-e-midia\/educacao-na-midia\/24196\/dados-da-pnad-nao-representam-a-realidade-da-educacao-diz-especialista\/\">http:\/\/www.todospelaeducacao.org.br\/comunicacao-e-midia\/educacao-na-midia\/24196\/dados-da-pnad-nao-representam-a-realidade-da-educacao-diz-especialista\/<\/a><\/p>\n","protected":false},"excerpt":{"rendered":"<p>Segundo Priscila Cruz, diretora executiva do Todos pela Educa\u00e7\u00e3o, o crit\u00e9rio usado pelo IBGE para definir analfabetismo n\u00e3o leva em conta o n\u00edvel de profici\u00eancia dos alunos em leitura e escrita.<\/p>\n","protected":false},"author":1,"featured_media":0,"comment_status":"open","ping_status":"open","sticky":false,"template":"","format":"standard","meta":{"site-container-style":"default","site-container-layout":"default","site-sidebar-layout":"default","disable-article-header":"default","disable-site-header":"default","disable-site-footer":"default","disable-content-area-spacing":"default","footnotes":""},"categories":[6,48],"tags":[],"class_list":["post-23505","post","type-post","status-publish","format-standard","hentry","category-educacao","category-inclusao"],"yoast_head":"<!-- This site is optimized with the Yoast SEO plugin v27.4 - https:\/\/yoast.com\/product\/yoast-seo-wordpress\/ -->\n<title>Dados da PNAD n\u00e3o representam a realidade da educa\u00e7\u00e3o, diz especialista -<\/title>\n<meta name=\"robots\" content=\"index, follow, max-snippet:-1, max-image-preview:large, max-video-preview:-1\" \/>\n<link rel=\"canonical\" href=\"https:\/\/inclusivenews.com.br\/?p=23505\" \/>\n<meta property=\"og:locale\" content=\"pt_PT\" \/>\n<meta property=\"og:type\" content=\"article\" \/>\n<meta property=\"og:title\" content=\"Dados da PNAD n\u00e3o representam a realidade da educa\u00e7\u00e3o, diz especialista -\" \/>\n<meta property=\"og:description\" content=\"Segundo Priscila Cruz, diretora executiva do Todos pela Educa\u00e7\u00e3o, o crit\u00e9rio usado pelo IBGE para definir analfabetismo n\u00e3o leva em conta o n\u00edvel de profici\u00eancia dos alunos em leitura e escrita.\" \/>\n<meta property=\"og:url\" content=\"https:\/\/inclusivenews.com.br\/?p=23505\" \/>\n<meta property=\"article:publisher\" content=\"https:\/\/www.facebook.com\/agenciainclusive\/\" \/>\n<meta property=\"article:published_time\" content=\"2012-09-26T18:33:15+00:00\" \/>\n<meta property=\"og:image\" content=\"http:\/\/inclusivenews.com.br\/wp-content\/uploads\/2010\/02\/inclusive_educacao.jpg\" \/>\n<meta name=\"author\" content=\"inclusivenews2024\" \/>\n<meta name=\"twitter:card\" content=\"summary_large_image\" \/>\n<meta name=\"twitter:label1\" content=\"Escrito por\" \/>\n\t<meta name=\"twitter:data1\" content=\"inclusivenews2024\" \/>\n\t<meta name=\"twitter:label2\" content=\"Tempo estimado de leitura\" \/>\n\t<meta name=\"twitter:data2\" content=\"3 minutos\" \/>\n<script type=\"application\/ld+json\" class=\"yoast-schema-graph\">{\"@context\":\"https:\\\/\\\/schema.org\",\"@graph\":[{\"@type\":\"Article\",\"@id\":\"https:\\\/\\\/inclusivenews.com.br\\\/?p=23505#article\",\"isPartOf\":{\"@id\":\"https:\\\/\\\/inclusivenews.com.br\\\/?p=23505\"},\"author\":{\"name\":\"inclusivenews2024\",\"@id\":\"https:\\\/\\\/inclusivenews.com.br\\\/#\\\/schema\\\/person\\\/ae4ec7087559b8692fb33b6fffd2273b\"},\"headline\":\"Dados da PNAD n\u00e3o representam a realidade da educa\u00e7\u00e3o, diz especialista\",\"datePublished\":\"2012-09-26T18:33:15+00:00\",\"mainEntityOfPage\":{\"@id\":\"https:\\\/\\\/inclusivenews.com.br\\\/?p=23505\"},\"wordCount\":609,\"commentCount\":0,\"publisher\":{\"@id\":\"https:\\\/\\\/inclusivenews.com.br\\\/#organization\"},\"image\":{\"@id\":\"https:\\\/\\\/inclusivenews.com.br\\\/?p=23505#primaryimage\"},\"thumbnailUrl\":\"http:\\\/\\\/inclusivenews.com.br\\\/wp-content\\\/uploads\\\/2010\\\/02\\\/inclusive_educacao.jpg\",\"articleSection\":[\"EDUCA\u00c7\u00c3O\",\"INCLUS\u00c3O SOCIAL\"],\"inLanguage\":\"pt-PT\",\"potentialAction\":[{\"@type\":\"CommentAction\",\"name\":\"Comment\",\"target\":[\"https:\\\/\\\/inclusivenews.com.br\\\/?p=23505#respond\"]}]},{\"@type\":\"WebPage\",\"@id\":\"https:\\\/\\\/inclusivenews.com.br\\\/?p=23505\",\"url\":\"https:\\\/\\\/inclusivenews.com.br\\\/?p=23505\",\"name\":\"Dados da PNAD n\u00e3o representam a realidade da educa\u00e7\u00e3o, diz especialista -\",\"isPartOf\":{\"@id\":\"https:\\\/\\\/inclusivenews.com.br\\\/#website\"},\"primaryImageOfPage\":{\"@id\":\"https:\\\/\\\/inclusivenews.com.br\\\/?p=23505#primaryimage\"},\"image\":{\"@id\":\"https:\\\/\\\/inclusivenews.com.br\\\/?p=23505#primaryimage\"},\"thumbnailUrl\":\"http:\\\/\\\/inclusivenews.com.br\\\/wp-content\\\/uploads\\\/2010\\\/02\\\/inclusive_educacao.jpg\",\"datePublished\":\"2012-09-26T18:33:15+00:00\",\"breadcrumb\":{\"@id\":\"https:\\\/\\\/inclusivenews.com.br\\\/?p=23505#breadcrumb\"},\"inLanguage\":\"pt-PT\",\"potentialAction\":[{\"@type\":\"ReadAction\",\"target\":[\"https:\\\/\\\/inclusivenews.com.br\\\/?p=23505\"]}]},{\"@type\":\"ImageObject\",\"inLanguage\":\"pt-PT\",\"@id\":\"https:\\\/\\\/inclusivenews.com.br\\\/?p=23505#primaryimage\",\"url\":\"\",\"contentUrl\":\"\"},{\"@type\":\"BreadcrumbList\",\"@id\":\"https:\\\/\\\/inclusivenews.com.br\\\/?p=23505#breadcrumb\",\"itemListElement\":[{\"@type\":\"ListItem\",\"position\":1,\"name\":\"In\u00edcio\",\"item\":\"https:\\\/\\\/inclusivenews.com.br\\\/\"},{\"@type\":\"ListItem\",\"position\":2,\"name\":\"Dados da PNAD n\u00e3o representam a realidade da educa\u00e7\u00e3o, diz especialista\"}]},{\"@type\":\"WebSite\",\"@id\":\"https:\\\/\\\/inclusivenews.com.br\\\/#website\",\"url\":\"https:\\\/\\\/inclusivenews.com.br\\\/\",\"name\":\"Inclusive News\",\"description\":\"Inclusive News\",\"publisher\":{\"@id\":\"https:\\\/\\\/inclusivenews.com.br\\\/#organization\"},\"potentialAction\":[{\"@type\":\"SearchAction\",\"target\":{\"@type\":\"EntryPoint\",\"urlTemplate\":\"https:\\\/\\\/inclusivenews.com.br\\\/?s={search_term_string}\"},\"query-input\":{\"@type\":\"PropertyValueSpecification\",\"valueRequired\":true,\"valueName\":\"search_term_string\"}}],\"inLanguage\":\"pt-PT\"},{\"@type\":\"Organization\",\"@id\":\"https:\\\/\\\/inclusivenews.com.br\\\/#organization\",\"name\":\"Inclusive - inclus\u00e3o e cidadania\",\"url\":\"https:\\\/\\\/inclusivenews.com.br\\\/\",\"logo\":{\"@type\":\"ImageObject\",\"inLanguage\":\"pt-PT\",\"@id\":\"https:\\\/\\\/inclusivenews.com.br\\\/#\\\/schema\\\/logo\\\/image\\\/\",\"url\":\"https:\\\/\\\/inclusivenews.com.br\\\/wp-content\\\/uploads\\\/2024\\\/03\\\/@grandesite.png\",\"contentUrl\":\"https:\\\/\\\/inclusivenews.com.br\\\/wp-content\\\/uploads\\\/2024\\\/03\\\/@grandesite.png\",\"width\":1080,\"height\":1080,\"caption\":\"Inclusive - inclus\u00e3o e cidadania\"},\"image\":{\"@id\":\"https:\\\/\\\/inclusivenews.com.br\\\/#\\\/schema\\\/logo\\\/image\\\/\"},\"sameAs\":[\"https:\\\/\\\/www.facebook.com\\\/agenciainclusive\\\/\",\"https:\\\/\\\/www.instagram.com\\\/newsinclusive\\\/\"]},{\"@type\":\"Person\",\"@id\":\"https:\\\/\\\/inclusivenews.com.br\\\/#\\\/schema\\\/person\\\/ae4ec7087559b8692fb33b6fffd2273b\",\"name\":\"inclusivenews2024\",\"image\":{\"@type\":\"ImageObject\",\"inLanguage\":\"pt-PT\",\"@id\":\"https:\\\/\\\/secure.gravatar.com\\\/avatar\\\/c5a7ef84c66fa914f55bc4f7ce26cfa275a3b9a1c5568b907bd184fb4dde7b40?s=96&d=mm&r=g\",\"url\":\"https:\\\/\\\/secure.gravatar.com\\\/avatar\\\/c5a7ef84c66fa914f55bc4f7ce26cfa275a3b9a1c5568b907bd184fb4dde7b40?s=96&d=mm&r=g\",\"contentUrl\":\"https:\\\/\\\/secure.gravatar.com\\\/avatar\\\/c5a7ef84c66fa914f55bc4f7ce26cfa275a3b9a1c5568b907bd184fb4dde7b40?s=96&d=mm&r=g\",\"caption\":\"inclusivenews2024\"},\"sameAs\":[\"https:\\\/\\\/inclusivenews.com.br\"],\"url\":\"https:\\\/\\\/inclusivenews.com.br\\\/?author=1\"}]}<\/script>\n<!-- \/ Yoast SEO plugin. -->","yoast_head_json":{"title":"Dados da PNAD n\u00e3o representam a realidade da educa\u00e7\u00e3o, diz especialista -","robots":{"index":"index","follow":"follow","max-snippet":"max-snippet:-1","max-image-preview":"max-image-preview:large","max-video-preview":"max-video-preview:-1"},"canonical":"https:\/\/inclusivenews.com.br\/?p=23505","og_locale":"pt_PT","og_type":"article","og_title":"Dados da PNAD n\u00e3o representam a realidade da educa\u00e7\u00e3o, diz especialista -","og_description":"Segundo Priscila Cruz, diretora executiva do Todos pela Educa\u00e7\u00e3o, o crit\u00e9rio usado pelo IBGE para definir analfabetismo n\u00e3o leva em conta o n\u00edvel de profici\u00eancia dos alunos em leitura e escrita.","og_url":"https:\/\/inclusivenews.com.br\/?p=23505","article_publisher":"https:\/\/www.facebook.com\/agenciainclusive\/","article_published_time":"2012-09-26T18:33:15+00:00","og_image":[{"url":"http:\/\/inclusivenews.com.br\/wp-content\/uploads\/2010\/02\/inclusive_educacao.jpg","type":"","width":"","height":""}],"author":"inclusivenews2024","twitter_card":"summary_large_image","twitter_misc":{"Escrito por":"inclusivenews2024","Tempo estimado de leitura":"3 minutos"},"schema":{"@context":"https:\/\/schema.org","@graph":[{"@type":"Article","@id":"https:\/\/inclusivenews.com.br\/?p=23505#article","isPartOf":{"@id":"https:\/\/inclusivenews.com.br\/?p=23505"},"author":{"name":"inclusivenews2024","@id":"https:\/\/inclusivenews.com.br\/#\/schema\/person\/ae4ec7087559b8692fb33b6fffd2273b"},"headline":"Dados da PNAD n\u00e3o representam a realidade da educa\u00e7\u00e3o, diz especialista","datePublished":"2012-09-26T18:33:15+00:00","mainEntityOfPage":{"@id":"https:\/\/inclusivenews.com.br\/?p=23505"},"wordCount":609,"commentCount":0,"publisher":{"@id":"https:\/\/inclusivenews.com.br\/#organization"},"image":{"@id":"https:\/\/inclusivenews.com.br\/?p=23505#primaryimage"},"thumbnailUrl":"http:\/\/inclusivenews.com.br\/wp-content\/uploads\/2010\/02\/inclusive_educacao.jpg","articleSection":["EDUCA\u00c7\u00c3O","INCLUS\u00c3O SOCIAL"],"inLanguage":"pt-PT","potentialAction":[{"@type":"CommentAction","name":"Comment","target":["https:\/\/inclusivenews.com.br\/?p=23505#respond"]}]},{"@type":"WebPage","@id":"https:\/\/inclusivenews.com.br\/?p=23505","url":"https:\/\/inclusivenews.com.br\/?p=23505","name":"Dados da PNAD n\u00e3o representam a realidade da educa\u00e7\u00e3o, diz especialista -","isPartOf":{"@id":"https:\/\/inclusivenews.com.br\/#website"},"primaryImageOfPage":{"@id":"https:\/\/inclusivenews.com.br\/?p=23505#primaryimage"},"image":{"@id":"https:\/\/inclusivenews.com.br\/?p=23505#primaryimage"},"thumbnailUrl":"http:\/\/inclusivenews.com.br\/wp-content\/uploads\/2010\/02\/inclusive_educacao.jpg","datePublished":"2012-09-26T18:33:15+00:00","breadcrumb":{"@id":"https:\/\/inclusivenews.com.br\/?p=23505#breadcrumb"},"inLanguage":"pt-PT","potentialAction":[{"@type":"ReadAction","target":["https:\/\/inclusivenews.com.br\/?p=23505"]}]},{"@type":"ImageObject","inLanguage":"pt-PT","@id":"https:\/\/inclusivenews.com.br\/?p=23505#primaryimage","url":"","contentUrl":""},{"@type":"BreadcrumbList","@id":"https:\/\/inclusivenews.com.br\/?p=23505#breadcrumb","itemListElement":[{"@type":"ListItem","position":1,"name":"In\u00edcio","item":"https:\/\/inclusivenews.com.br\/"},{"@type":"ListItem","position":2,"name":"Dados da PNAD n\u00e3o representam a realidade da educa\u00e7\u00e3o, diz especialista"}]},{"@type":"WebSite","@id":"https:\/\/inclusivenews.com.br\/#website","url":"https:\/\/inclusivenews.com.br\/","name":"Inclusive News","description":"Inclusive News","publisher":{"@id":"https:\/\/inclusivenews.com.br\/#organization"},"potentialAction":[{"@type":"SearchAction","target":{"@type":"EntryPoint","urlTemplate":"https:\/\/inclusivenews.com.br\/?s={search_term_string}"},"query-input":{"@type":"PropertyValueSpecification","valueRequired":true,"valueName":"search_term_string"}}],"inLanguage":"pt-PT"},{"@type":"Organization","@id":"https:\/\/inclusivenews.com.br\/#organization","name":"Inclusive - inclus\u00e3o e cidadania","url":"https:\/\/inclusivenews.com.br\/","logo":{"@type":"ImageObject","inLanguage":"pt-PT","@id":"https:\/\/inclusivenews.com.br\/#\/schema\/logo\/image\/","url":"https:\/\/inclusivenews.com.br\/wp-content\/uploads\/2024\/03\/@grandesite.png","contentUrl":"https:\/\/inclusivenews.com.br\/wp-content\/uploads\/2024\/03\/@grandesite.png","width":1080,"height":1080,"caption":"Inclusive - inclus\u00e3o e cidadania"},"image":{"@id":"https:\/\/inclusivenews.com.br\/#\/schema\/logo\/image\/"},"sameAs":["https:\/\/www.facebook.com\/agenciainclusive\/","https:\/\/www.instagram.com\/newsinclusive\/"]},{"@type":"Person","@id":"https:\/\/inclusivenews.com.br\/#\/schema\/person\/ae4ec7087559b8692fb33b6fffd2273b","name":"inclusivenews2024","image":{"@type":"ImageObject","inLanguage":"pt-PT","@id":"https:\/\/secure.gravatar.com\/avatar\/c5a7ef84c66fa914f55bc4f7ce26cfa275a3b9a1c5568b907bd184fb4dde7b40?s=96&d=mm&r=g","url":"https:\/\/secure.gravatar.com\/avatar\/c5a7ef84c66fa914f55bc4f7ce26cfa275a3b9a1c5568b907bd184fb4dde7b40?s=96&d=mm&r=g","contentUrl":"https:\/\/secure.gravatar.com\/avatar\/c5a7ef84c66fa914f55bc4f7ce26cfa275a3b9a1c5568b907bd184fb4dde7b40?s=96&d=mm&r=g","caption":"inclusivenews2024"},"sameAs":["https:\/\/inclusivenews.com.br"],"url":"https:\/\/inclusivenews.com.br\/?author=1"}]}},"_links":{"self":[{"href":"https:\/\/inclusivenews.com.br\/index.php?rest_route=\/wp\/v2\/posts\/23505","targetHints":{"allow":["GET"]}}],"collection":[{"href":"https:\/\/inclusivenews.com.br\/index.php?rest_route=\/wp\/v2\/posts"}],"about":[{"href":"https:\/\/inclusivenews.com.br\/index.php?rest_route=\/wp\/v2\/types\/post"}],"author":[{"embeddable":true,"href":"https:\/\/inclusivenews.com.br\/index.php?rest_route=\/wp\/v2\/users\/1"}],"replies":[{"embeddable":true,"href":"https:\/\/inclusivenews.com.br\/index.php?rest_route=%2Fwp%2Fv2%2Fcomments&post=23505"}],"version-history":[{"count":0,"href":"https:\/\/inclusivenews.com.br\/index.php?rest_route=\/wp\/v2\/posts\/23505\/revisions"}],"wp:attachment":[{"href":"https:\/\/inclusivenews.com.br\/index.php?rest_route=%2Fwp%2Fv2%2Fmedia&parent=23505"}],"wp:term":[{"taxonomy":"category","embeddable":true,"href":"https:\/\/inclusivenews.com.br\/index.php?rest_route=%2Fwp%2Fv2%2Fcategories&post=23505"},{"taxonomy":"post_tag","embeddable":true,"href":"https:\/\/inclusivenews.com.br\/index.php?rest_route=%2Fwp%2Fv2%2Ftags&post=23505"}],"curies":[{"name":"wp","href":"https:\/\/api.w.org\/{rel}","templated":true}]}}