{"id":23507,"date":"2012-09-26T15:33:26","date_gmt":"2012-09-26T18:33:26","guid":{"rendered":"http:\/\/www.inclusive.org.br\/?p=23507"},"modified":"2012-09-26T15:33:26","modified_gmt":"2012-09-26T18:33:26","slug":"parcela-de-jovens-na-escola-recua","status":"publish","type":"post","link":"https:\/\/inclusivenews.com.br\/?p=23507","title":{"rendered":"Parcela de jovens na escola recua"},"content":{"rendered":"<h4><img loading=\"lazy\" decoding=\"async\" class=\"size-full wp-image-21164 \" title=\"Exclus\u00e3o - um c\u00edrculo de prendedores de roupas iguais deixa de fora um diferente\" src=\"http:\/\/inclusivenews.com.br\/wp-content\/uploads\/exclusao.png\" alt=\"Exclus\u00e3o - um c\u00edrculo de prendedores de roupas iguais deixa de fora um diferente\" width=\"225\" height=\"169\" \/><\/h4>\n<h4>Percentual de estudantes entre 15 e 17 anos caiu para 83,7%: 1,72 milh\u00e3o est\u00e1 longe dos bancos escolares<\/h4>\n<p>Ao contr\u00e1rio do que acontece com as crian\u00e7as, h\u00e1 menos adolescentes na Escola. Segundo a Pesquisa Nacional por Amostra de Domic\u00edlios (Pnad), a taxa de Escolariza\u00e7\u00e3o do grupo de 15 a 17 anos de idade &#8211; que deveria estar no Ensino m\u00e9dio &#8211; caiu de 85,2% para 83,7% em dois anos. Com isso, o pa\u00eds convive com 1,72 milh\u00e3o de jovens fora da Escola. J\u00e1 na faixa de 4 a 5 anos, a Escolariza\u00e7\u00e3o cresceu, passando de 74,8% para 77,4%.<\/p>\n<p>&#8211; Como o n\u00edvel de ocupa\u00e7\u00e3o de 15 a 17 anos de idade tamb\u00e9m reduziu, eles n\u00e3o foram para o mercado de trabalho. A princ\u00edpio, eles n\u00e3o trabalham e n\u00e3o estudam &#8211; diz Maria Lucia Vieira, gerente da Pnad.<\/p>\n<p>Da evas\u00e3o Escolar ao desalento, passando pela gravidez precoce, n\u00e3o s\u00e3o poucos os motivos que &#8211; conforme mostrou reportagem do GLOBO no domingo passado &#8211; fazem com que grande parcela da juventude brasileira nem estude nem trabalhe, os &#8220;nem-nem&#8221;<\/p>\n<p>&#8211; O Brasil ainda n\u00e3o conseguiu universalizar o Ensino m\u00e9dio e, isso, sem d\u00favida, \u00e9 um quadro muito preocupante. \u00c9 uma gera\u00e7\u00e3o chave, que est\u00e1 desiludida quanto ao Ensino, e se perde. Contudo, houve avan\u00e7os que n\u00e3o podem ser subestimados &#8211; diz Na\u00e9rcio Menezes Filho, Professor do Insper.<\/p>\n<p>19,2 milh\u00f5es n\u00e3o t\u00eam instru\u00e7\u00e3o<br \/>\nPara Wasm\u00e1lia B\u00edvar, presidente do IBGE, essa popula\u00e7\u00e3o \u00e9 um desafio:<\/p>\n<p>&#8211; Ainda \u00e9 preciso incentivo de pol\u00edticas mais espec\u00edficas, para que a perman\u00eancia na Escola ocorra de fato. Estimulado pelo pr\u00f3prio aquecimento da economia (em 2010, o pa\u00eds cresceu 7,5%), o acesso ao trabalho remunera melhor. O desafio \u00e9 fazer o adolescente trocar a renda de hoje pela renda melhor no futuro.<\/p>\n<p>Sergei Soares, economista do Instituto de Pesquisa Econ\u00f4mica Aplicada (Ipea), destaca a import\u00e2ncia do crescimento da Pr\u00e9-Escola. A parcela de crian\u00e7as de 4 ou 5 anos na Escola cresceu de 74,8% para 77,4%:<\/p>\n<p>&#8211; Essa Escola atende \u00e0 popula\u00e7\u00e3o mais pobre.<\/p>\n<p>Ap\u00f3s considerar como &#8220;muito positivos para a Educa\u00e7\u00e3o&#8221; os dados da Pnad, o ministro da Educa\u00e7\u00e3o, Aloizio Mercadante, disse que o governo aposta em v\u00e1rias medidas para diminuir a evas\u00e3o, como a amplia\u00e7\u00e3o do Programa Bolsa Fam\u00edlia para quem tem filhos at\u00e9 17 anos, investimento no Ensino profissionalizante e a\u00e7\u00f5es para reduzir a gravidez na adolesc\u00eancia.<\/p>\n<p>&#8211; Estamos falando de mais de 300 mil meninas que ficam gr\u00e1vidas nessa faixa et\u00e1ria (do Ensino m\u00e9dio) &#8211; diz o ministro, que defende a reformula\u00e7\u00e3o do curr\u00edculo. &#8211; O Ensino m\u00e9dio \u00e9 uma estrutura enciclop\u00e9dica que precisa ser reavaliada.<br \/>\nDados da Pnad mostram que 19,2 milh\u00f5es de pessoas (11,5% do total) com mais de 10 anos n\u00e3o t\u00eam qualquer instru\u00e7\u00e3o ou estudaram por menos de um ano. Na outra ponta, s\u00f3 6,6 milh\u00f5es de brasileiros estavam matriculados no Ensino superior, sendo que 73,2% desse total estudavam na rede privada.<\/p>\n<p>&#8211; O futuro, dependente da forma\u00e7\u00e3o de riqueza humana, est\u00e1 comprometido com menos jovens matriculados nas Escolas. A pol\u00edtica de aumento de renda e emprego a curto prazo parece estar sendo delet\u00e9ria \u00e0 forma\u00e7\u00e3o de capital humano. O Aluno fora da Escola hoje significa o problema social amanh\u00e3 &#8211; diz Flavio Comim, consultor da Unesco do Brasil. &#8211; Essa Pnad mostra a miopia social do pa\u00eds que subinveste em bens p\u00fablicos e descuida da forma\u00e7\u00e3o de riqueza humana. O emprego de hoje n\u00e3o pode ser conseguido \u00e0s custas da redu\u00e7\u00e3o do capital humano do amanh\u00e3.<\/p>\n<p>Analfabetismo acentua queda<br \/>\nAinda que o pa\u00eds some 12,9 milh\u00f5es de pessoas que n\u00e3o sabem ler nem escrever, a taxa de Analfabetismo brasileira caiu de 11,4% em 2004 para 8,6% em 2011. Em 2009, a taxa foi de 9,7%. Ou seja, no ano passado, houve uma queda mais forte do que vinha sendo registrado anteriormente. E o Analfabetismo se concentra na popula\u00e7\u00e3o mais velha: mais de 60% dos Analfabetos t\u00eam mais de 50 anos.<\/p>\n<p>&#8211; A taxa de Analfabetismo vinha caindo muito lentamente. Entre 2009 e 2011, a redu\u00e7\u00e3o \u00e9 expressiva frente aos movimentos anteriores. Mostra a efetividade de pol\u00edticas que antes demoraram a aparecer &#8211; diz Wasm\u00e1lia.<\/p>\n<p>As estat\u00edsticas tamb\u00e9m d\u00e3o conta do Analfabetismo funcional, representado por pessoas com 15 anos ou mais que tenham menos de quatro anos de estudo completos. Neste caso, 20,4% das pessoas dessa faixa et\u00e1ria se encaixam neste perfil. Se comparada com os indicadores de 2009, a marca foi considerada est\u00e1vel.<\/p>\n<p>&#8211; A taxa de Analfabetismo cai em todas as unidades da federa\u00e7\u00e3o. Essa taxa est\u00e1 bastante concentrada no Nordeste, na popula\u00e7\u00e3o mais idosa. \u00c9 um problema de estoque. O desafio da Educa\u00e7\u00e3o est\u00e1 em sensibilizar a popula\u00e7\u00e3o com 50 anos ou mais a se Escolarizar. \u00c9 nesse grupo que se concentra a maior parte dos Analfabetos &#8211; diz Maria L\u00facia.<\/p>\n<p>Em anos de estudo, o avan\u00e7o foi mais lento. Os n\u00fameros mostraram que a popula\u00e7\u00e3o brasileira de 10 anos ou mais atingiu uma m\u00e9dia de 7,3 anos de estudo, contra 7,2 anos em 2009.<\/p>\n<p>Trabalhando na enxada desde os 8 anos em um s\u00edtio de Sair\u00e9, a 135 quil\u00f4metros de Recife, Maria do Carmo da Silva, 43, foi ser dom\u00e9stica na capital aos 11 anos. Em Recife, tentou conciliar Escola e trabalho, mas n\u00e3o conseguiu: desistiu, casou, teve dois filhos. Quando os meninos foram para a Escola, ela tentou estudar em casa pelas li\u00e7\u00f5es das crian\u00e7as. E aprendeu as primeiras letras e s\u00edlabas. Mas ler e escrever ela s\u00f3 conseguiu h\u00e1 dois anos, na Escola Estadual Santo Ant\u00f4nio:<\/p>\n<p>&#8211; Ler mesmo, entender tudo, escrever, posso dizer que foi aqui que aprendi, em 2010, na quarta s\u00e9rie.<br \/>\n<strong>Trabalho infantil ainda ocupa 3,7 milh\u00f5es entre 5 e 17 anos <\/strong><br \/>\nO Brasil tem 3,7 milh\u00f5es de crian\u00e7as e adolescentes entre 5 e 17 anos trabalhando. Apesar de alto, o n\u00famero \u00e9 inferior em 567 mil do que o de 2009. Na faixa de 5 a 9 anos, s\u00e3o 89 mil, contra 126 mil de 2009, mostrou a Pnad. Pelas previs\u00f5es de Renato Mendes, coordenador nacional do Programa Internacional para a Elimina\u00e7\u00e3o do Trabalho Infantil (Ipec), da Organiza\u00e7\u00e3o Internacional do Trabalho (OIT) no Brasil, o pa\u00eds deve erradicar o trabalho nessa faixa et\u00e1ria no pr\u00f3ximo ano:<br \/>\n&#8211; V\u00eam sendo intensificados os servi\u00e7os p\u00fablicos para essa faixa et\u00e1ria.<\/p>\n<p>Apesar da melhora no quadro nacional, na Regi\u00e3o Norte, houve alta de 25 mil para 31 mil no trabalho infantil na faixa et\u00e1ria de 5 a 9 anos. Para Mendes, um dos motivos para a piora na regi\u00e3o foi o fechamento de 20 mil Escolas no interior do Norte e do Nordeste nos \u00faltimos anos:<\/p>\n<p>&#8211; Ao fecharem as Escolas multiseriadas, as que ficaram foram insuficientes. Nas regi\u00f5es ribeirinhas e na floresta, n\u00e3o se pode deixar a crian\u00e7a sozinha. A fam\u00edlia acaba levando para o trabalho.<\/p>\n<p>Apesar de ter ca\u00eddo o n\u00famero dos menores entre 15 e 17 anos que trabalham, ainda h\u00e1 tr\u00eas milh\u00f5es nessa situa\u00e7\u00e3o. E a mis\u00e9ria n\u00e3o explica mais essa inser\u00e7\u00e3o precoce no mercado de trabalho. O rendimento domiciliar per capita dessas fam\u00edlias \u00e9 de R$ 520:<\/p>\n<p>&#8211; O que determina \u00e9 ter acesso aos bens de consumo. \u00c9 uma popula\u00e7\u00e3o candidata a engrossar o universo de desempregados &#8211; disse Mendes.<\/p>\n<p>Em Pernambuco, n\u00e3o \u00e9 raro encontrar trabalho infantil, sobretudo nas feiras do interior, onde crian\u00e7as atuam carregando frete. Em Recife, em domingos e feriados, crian\u00e7as a partir de seis anos vendem bugigangas em Boa Viagem e perto do Mercado S\u00e3o Jos\u00e9.<\/p>\n<p>Fonte: <a href=\"http:\/\/oglobo.globo.com\/economia\/parcela-de-jovens-nas-escolas-recua-6167964\" target=\"_blank\" rel=\"noopener\">O Globo<\/a><\/p>\n","protected":false},"excerpt":{"rendered":"<p>Adolescentes e jovens que deixaram a escola n\u00e3o foram para o mercado de trabalho: eles n\u00e3o estudam nem trabalham.<\/p>\n","protected":false},"author":1,"featured_media":0,"comment_status":"open","ping_status":"open","sticky":false,"template":"","format":"standard","meta":{"site-container-style":"default","site-container-layout":"default","site-sidebar-layout":"default","disable-article-header":"default","disable-site-header":"default","disable-site-footer":"default","disable-content-area-spacing":"default","footnotes":""},"categories":[6,48],"tags":[],"class_list":["post-23507","post","type-post","status-publish","format-standard","hentry","category-educacao","category-inclusao"],"yoast_head":"<!-- This site is optimized with the Yoast SEO plugin v27.4 - https:\/\/yoast.com\/product\/yoast-seo-wordpress\/ -->\n<title>Parcela de jovens na escola recua -<\/title>\n<meta name=\"robots\" content=\"index, follow, max-snippet:-1, max-image-preview:large, max-video-preview:-1\" \/>\n<link rel=\"canonical\" href=\"https:\/\/inclusivenews.com.br\/?p=23507\" \/>\n<meta property=\"og:locale\" content=\"pt_PT\" \/>\n<meta property=\"og:type\" content=\"article\" \/>\n<meta property=\"og:title\" content=\"Parcela de jovens na escola recua -\" \/>\n<meta property=\"og:description\" content=\"Adolescentes e jovens que deixaram a escola n\u00e3o foram para o mercado de trabalho: eles n\u00e3o estudam nem trabalham.\" \/>\n<meta property=\"og:url\" content=\"https:\/\/inclusivenews.com.br\/?p=23507\" \/>\n<meta property=\"article:publisher\" content=\"https:\/\/www.facebook.com\/agenciainclusive\/\" \/>\n<meta property=\"article:published_time\" content=\"2012-09-26T18:33:26+00:00\" \/>\n<meta property=\"og:image\" content=\"http:\/\/inclusivenews.com.br\/wp-content\/uploads\/exclusao.png\" \/>\n<meta name=\"author\" content=\"inclusivenews2024\" \/>\n<meta name=\"twitter:card\" content=\"summary_large_image\" \/>\n<meta name=\"twitter:label1\" content=\"Escrito por\" \/>\n\t<meta name=\"twitter:data1\" content=\"inclusivenews2024\" \/>\n\t<meta name=\"twitter:label2\" content=\"Tempo estimado de leitura\" \/>\n\t<meta name=\"twitter:data2\" content=\"6 minutos\" \/>\n<script type=\"application\/ld+json\" class=\"yoast-schema-graph\">{\"@context\":\"https:\\\/\\\/schema.org\",\"@graph\":[{\"@type\":\"Article\",\"@id\":\"https:\\\/\\\/inclusivenews.com.br\\\/?p=23507#article\",\"isPartOf\":{\"@id\":\"https:\\\/\\\/inclusivenews.com.br\\\/?p=23507\"},\"author\":{\"name\":\"inclusivenews2024\",\"@id\":\"https:\\\/\\\/inclusivenews.com.br\\\/#\\\/schema\\\/person\\\/ae4ec7087559b8692fb33b6fffd2273b\"},\"headline\":\"Parcela de jovens na escola recua\",\"datePublished\":\"2012-09-26T18:33:26+00:00\",\"mainEntityOfPage\":{\"@id\":\"https:\\\/\\\/inclusivenews.com.br\\\/?p=23507\"},\"wordCount\":1289,\"commentCount\":0,\"publisher\":{\"@id\":\"https:\\\/\\\/inclusivenews.com.br\\\/#organization\"},\"image\":{\"@id\":\"https:\\\/\\\/inclusivenews.com.br\\\/?p=23507#primaryimage\"},\"thumbnailUrl\":\"http:\\\/\\\/inclusivenews.com.br\\\/wp-content\\\/uploads\\\/exclusao.png\",\"articleSection\":[\"EDUCA\u00c7\u00c3O\",\"INCLUS\u00c3O SOCIAL\"],\"inLanguage\":\"pt-PT\",\"potentialAction\":[{\"@type\":\"CommentAction\",\"name\":\"Comment\",\"target\":[\"https:\\\/\\\/inclusivenews.com.br\\\/?p=23507#respond\"]}]},{\"@type\":\"WebPage\",\"@id\":\"https:\\\/\\\/inclusivenews.com.br\\\/?p=23507\",\"url\":\"https:\\\/\\\/inclusivenews.com.br\\\/?p=23507\",\"name\":\"Parcela de jovens na escola recua -\",\"isPartOf\":{\"@id\":\"https:\\\/\\\/inclusivenews.com.br\\\/#website\"},\"primaryImageOfPage\":{\"@id\":\"https:\\\/\\\/inclusivenews.com.br\\\/?p=23507#primaryimage\"},\"image\":{\"@id\":\"https:\\\/\\\/inclusivenews.com.br\\\/?p=23507#primaryimage\"},\"thumbnailUrl\":\"http:\\\/\\\/inclusivenews.com.br\\\/wp-content\\\/uploads\\\/exclusao.png\",\"datePublished\":\"2012-09-26T18:33:26+00:00\",\"breadcrumb\":{\"@id\":\"https:\\\/\\\/inclusivenews.com.br\\\/?p=23507#breadcrumb\"},\"inLanguage\":\"pt-PT\",\"potentialAction\":[{\"@type\":\"ReadAction\",\"target\":[\"https:\\\/\\\/inclusivenews.com.br\\\/?p=23507\"]}]},{\"@type\":\"ImageObject\",\"inLanguage\":\"pt-PT\",\"@id\":\"https:\\\/\\\/inclusivenews.com.br\\\/?p=23507#primaryimage\",\"url\":\"\",\"contentUrl\":\"\"},{\"@type\":\"BreadcrumbList\",\"@id\":\"https:\\\/\\\/inclusivenews.com.br\\\/?p=23507#breadcrumb\",\"itemListElement\":[{\"@type\":\"ListItem\",\"position\":1,\"name\":\"In\u00edcio\",\"item\":\"https:\\\/\\\/inclusivenews.com.br\\\/\"},{\"@type\":\"ListItem\",\"position\":2,\"name\":\"Parcela de jovens na escola recua\"}]},{\"@type\":\"WebSite\",\"@id\":\"https:\\\/\\\/inclusivenews.com.br\\\/#website\",\"url\":\"https:\\\/\\\/inclusivenews.com.br\\\/\",\"name\":\"Inclusive News\",\"description\":\"Inclusive News\",\"publisher\":{\"@id\":\"https:\\\/\\\/inclusivenews.com.br\\\/#organization\"},\"potentialAction\":[{\"@type\":\"SearchAction\",\"target\":{\"@type\":\"EntryPoint\",\"urlTemplate\":\"https:\\\/\\\/inclusivenews.com.br\\\/?s={search_term_string}\"},\"query-input\":{\"@type\":\"PropertyValueSpecification\",\"valueRequired\":true,\"valueName\":\"search_term_string\"}}],\"inLanguage\":\"pt-PT\"},{\"@type\":\"Organization\",\"@id\":\"https:\\\/\\\/inclusivenews.com.br\\\/#organization\",\"name\":\"Inclusive - inclus\u00e3o e cidadania\",\"url\":\"https:\\\/\\\/inclusivenews.com.br\\\/\",\"logo\":{\"@type\":\"ImageObject\",\"inLanguage\":\"pt-PT\",\"@id\":\"https:\\\/\\\/inclusivenews.com.br\\\/#\\\/schema\\\/logo\\\/image\\\/\",\"url\":\"https:\\\/\\\/inclusivenews.com.br\\\/wp-content\\\/uploads\\\/2024\\\/03\\\/@grandesite.png\",\"contentUrl\":\"https:\\\/\\\/inclusivenews.com.br\\\/wp-content\\\/uploads\\\/2024\\\/03\\\/@grandesite.png\",\"width\":1080,\"height\":1080,\"caption\":\"Inclusive - inclus\u00e3o e cidadania\"},\"image\":{\"@id\":\"https:\\\/\\\/inclusivenews.com.br\\\/#\\\/schema\\\/logo\\\/image\\\/\"},\"sameAs\":[\"https:\\\/\\\/www.facebook.com\\\/agenciainclusive\\\/\",\"https:\\\/\\\/www.instagram.com\\\/newsinclusive\\\/\"]},{\"@type\":\"Person\",\"@id\":\"https:\\\/\\\/inclusivenews.com.br\\\/#\\\/schema\\\/person\\\/ae4ec7087559b8692fb33b6fffd2273b\",\"name\":\"inclusivenews2024\",\"image\":{\"@type\":\"ImageObject\",\"inLanguage\":\"pt-PT\",\"@id\":\"https:\\\/\\\/secure.gravatar.com\\\/avatar\\\/c5a7ef84c66fa914f55bc4f7ce26cfa275a3b9a1c5568b907bd184fb4dde7b40?s=96&d=mm&r=g\",\"url\":\"https:\\\/\\\/secure.gravatar.com\\\/avatar\\\/c5a7ef84c66fa914f55bc4f7ce26cfa275a3b9a1c5568b907bd184fb4dde7b40?s=96&d=mm&r=g\",\"contentUrl\":\"https:\\\/\\\/secure.gravatar.com\\\/avatar\\\/c5a7ef84c66fa914f55bc4f7ce26cfa275a3b9a1c5568b907bd184fb4dde7b40?s=96&d=mm&r=g\",\"caption\":\"inclusivenews2024\"},\"sameAs\":[\"https:\\\/\\\/inclusivenews.com.br\"],\"url\":\"https:\\\/\\\/inclusivenews.com.br\\\/?author=1\"}]}<\/script>\n<!-- \/ Yoast SEO plugin. -->","yoast_head_json":{"title":"Parcela de jovens na escola recua -","robots":{"index":"index","follow":"follow","max-snippet":"max-snippet:-1","max-image-preview":"max-image-preview:large","max-video-preview":"max-video-preview:-1"},"canonical":"https:\/\/inclusivenews.com.br\/?p=23507","og_locale":"pt_PT","og_type":"article","og_title":"Parcela de jovens na escola recua -","og_description":"Adolescentes e jovens que deixaram a escola n\u00e3o foram para o mercado de trabalho: eles n\u00e3o estudam nem trabalham.","og_url":"https:\/\/inclusivenews.com.br\/?p=23507","article_publisher":"https:\/\/www.facebook.com\/agenciainclusive\/","article_published_time":"2012-09-26T18:33:26+00:00","og_image":[{"url":"http:\/\/inclusivenews.com.br\/wp-content\/uploads\/exclusao.png","type":"","width":"","height":""}],"author":"inclusivenews2024","twitter_card":"summary_large_image","twitter_misc":{"Escrito por":"inclusivenews2024","Tempo estimado de leitura":"6 minutos"},"schema":{"@context":"https:\/\/schema.org","@graph":[{"@type":"Article","@id":"https:\/\/inclusivenews.com.br\/?p=23507#article","isPartOf":{"@id":"https:\/\/inclusivenews.com.br\/?p=23507"},"author":{"name":"inclusivenews2024","@id":"https:\/\/inclusivenews.com.br\/#\/schema\/person\/ae4ec7087559b8692fb33b6fffd2273b"},"headline":"Parcela de jovens na escola recua","datePublished":"2012-09-26T18:33:26+00:00","mainEntityOfPage":{"@id":"https:\/\/inclusivenews.com.br\/?p=23507"},"wordCount":1289,"commentCount":0,"publisher":{"@id":"https:\/\/inclusivenews.com.br\/#organization"},"image":{"@id":"https:\/\/inclusivenews.com.br\/?p=23507#primaryimage"},"thumbnailUrl":"http:\/\/inclusivenews.com.br\/wp-content\/uploads\/exclusao.png","articleSection":["EDUCA\u00c7\u00c3O","INCLUS\u00c3O SOCIAL"],"inLanguage":"pt-PT","potentialAction":[{"@type":"CommentAction","name":"Comment","target":["https:\/\/inclusivenews.com.br\/?p=23507#respond"]}]},{"@type":"WebPage","@id":"https:\/\/inclusivenews.com.br\/?p=23507","url":"https:\/\/inclusivenews.com.br\/?p=23507","name":"Parcela de jovens na escola recua -","isPartOf":{"@id":"https:\/\/inclusivenews.com.br\/#website"},"primaryImageOfPage":{"@id":"https:\/\/inclusivenews.com.br\/?p=23507#primaryimage"},"image":{"@id":"https:\/\/inclusivenews.com.br\/?p=23507#primaryimage"},"thumbnailUrl":"http:\/\/inclusivenews.com.br\/wp-content\/uploads\/exclusao.png","datePublished":"2012-09-26T18:33:26+00:00","breadcrumb":{"@id":"https:\/\/inclusivenews.com.br\/?p=23507#breadcrumb"},"inLanguage":"pt-PT","potentialAction":[{"@type":"ReadAction","target":["https:\/\/inclusivenews.com.br\/?p=23507"]}]},{"@type":"ImageObject","inLanguage":"pt-PT","@id":"https:\/\/inclusivenews.com.br\/?p=23507#primaryimage","url":"","contentUrl":""},{"@type":"BreadcrumbList","@id":"https:\/\/inclusivenews.com.br\/?p=23507#breadcrumb","itemListElement":[{"@type":"ListItem","position":1,"name":"In\u00edcio","item":"https:\/\/inclusivenews.com.br\/"},{"@type":"ListItem","position":2,"name":"Parcela de jovens na escola recua"}]},{"@type":"WebSite","@id":"https:\/\/inclusivenews.com.br\/#website","url":"https:\/\/inclusivenews.com.br\/","name":"Inclusive News","description":"Inclusive News","publisher":{"@id":"https:\/\/inclusivenews.com.br\/#organization"},"potentialAction":[{"@type":"SearchAction","target":{"@type":"EntryPoint","urlTemplate":"https:\/\/inclusivenews.com.br\/?s={search_term_string}"},"query-input":{"@type":"PropertyValueSpecification","valueRequired":true,"valueName":"search_term_string"}}],"inLanguage":"pt-PT"},{"@type":"Organization","@id":"https:\/\/inclusivenews.com.br\/#organization","name":"Inclusive - inclus\u00e3o e cidadania","url":"https:\/\/inclusivenews.com.br\/","logo":{"@type":"ImageObject","inLanguage":"pt-PT","@id":"https:\/\/inclusivenews.com.br\/#\/schema\/logo\/image\/","url":"https:\/\/inclusivenews.com.br\/wp-content\/uploads\/2024\/03\/@grandesite.png","contentUrl":"https:\/\/inclusivenews.com.br\/wp-content\/uploads\/2024\/03\/@grandesite.png","width":1080,"height":1080,"caption":"Inclusive - inclus\u00e3o e cidadania"},"image":{"@id":"https:\/\/inclusivenews.com.br\/#\/schema\/logo\/image\/"},"sameAs":["https:\/\/www.facebook.com\/agenciainclusive\/","https:\/\/www.instagram.com\/newsinclusive\/"]},{"@type":"Person","@id":"https:\/\/inclusivenews.com.br\/#\/schema\/person\/ae4ec7087559b8692fb33b6fffd2273b","name":"inclusivenews2024","image":{"@type":"ImageObject","inLanguage":"pt-PT","@id":"https:\/\/secure.gravatar.com\/avatar\/c5a7ef84c66fa914f55bc4f7ce26cfa275a3b9a1c5568b907bd184fb4dde7b40?s=96&d=mm&r=g","url":"https:\/\/secure.gravatar.com\/avatar\/c5a7ef84c66fa914f55bc4f7ce26cfa275a3b9a1c5568b907bd184fb4dde7b40?s=96&d=mm&r=g","contentUrl":"https:\/\/secure.gravatar.com\/avatar\/c5a7ef84c66fa914f55bc4f7ce26cfa275a3b9a1c5568b907bd184fb4dde7b40?s=96&d=mm&r=g","caption":"inclusivenews2024"},"sameAs":["https:\/\/inclusivenews.com.br"],"url":"https:\/\/inclusivenews.com.br\/?author=1"}]}},"_links":{"self":[{"href":"https:\/\/inclusivenews.com.br\/index.php?rest_route=\/wp\/v2\/posts\/23507","targetHints":{"allow":["GET"]}}],"collection":[{"href":"https:\/\/inclusivenews.com.br\/index.php?rest_route=\/wp\/v2\/posts"}],"about":[{"href":"https:\/\/inclusivenews.com.br\/index.php?rest_route=\/wp\/v2\/types\/post"}],"author":[{"embeddable":true,"href":"https:\/\/inclusivenews.com.br\/index.php?rest_route=\/wp\/v2\/users\/1"}],"replies":[{"embeddable":true,"href":"https:\/\/inclusivenews.com.br\/index.php?rest_route=%2Fwp%2Fv2%2Fcomments&post=23507"}],"version-history":[{"count":0,"href":"https:\/\/inclusivenews.com.br\/index.php?rest_route=\/wp\/v2\/posts\/23507\/revisions"}],"wp:attachment":[{"href":"https:\/\/inclusivenews.com.br\/index.php?rest_route=%2Fwp%2Fv2%2Fmedia&parent=23507"}],"wp:term":[{"taxonomy":"category","embeddable":true,"href":"https:\/\/inclusivenews.com.br\/index.php?rest_route=%2Fwp%2Fv2%2Fcategories&post=23507"},{"taxonomy":"post_tag","embeddable":true,"href":"https:\/\/inclusivenews.com.br\/index.php?rest_route=%2Fwp%2Fv2%2Ftags&post=23507"}],"curies":[{"name":"wp","href":"https:\/\/api.w.org\/{rel}","templated":true}]}}