{"id":23509,"date":"2012-09-26T15:33:20","date_gmt":"2012-09-26T18:33:20","guid":{"rendered":"http:\/\/www.inclusive.org.br\/?p=23509"},"modified":"2012-09-26T15:33:20","modified_gmt":"2012-09-26T18:33:20","slug":"pesquisadora-da-unicamp-diz-que-as-escolas-do-pais-nao-ouvem-o-aluno","status":"publish","type":"post","link":"https:\/\/inclusivenews.com.br\/?p=23509","title":{"rendered":"Pesquisadora da Unicamp diz que as escolas do pa\u00eds n\u00e3o ouvem o aluno"},"content":{"rendered":"<figure id=\"attachment_19592\" aria-describedby=\"caption-attachment-19592\" style=\"width: 200px\" class=\"wp-caption alignnone\"><img loading=\"lazy\" decoding=\"async\" class=\"size-full wp-image-19592 \" title=\"ministerio-da-educacao-mec\" src=\"http:\/\/inclusivenews.com.br\/wp-content\/uploads\/ministerio-da-educacao-mec.jpg\" alt=\"Imagem de Crian\u00e7as em sala de aula, bandeira do Brasil no canto esquerdo superior - Texto - Educa\u00e7\u00e3o - Minist\u00e9rio da Educa\u00e7\u00e3o\" width=\"200\" height=\"126\" \/><figcaption id=\"caption-attachment-19592\" class=\"wp-caption-text\">Imagem de Crian\u00e7as em sala de aula, bandeira do Brasil no canto esquerdo superior - Texto - Educa\u00e7\u00e3o - Minist\u00e9rio da Educa\u00e7\u00e3o <\/figcaption><\/figure>\n<p>A parceria assinada na \u00faltima quinta-feira (20) entre o Minist\u00e9rio da Educa\u00e7\u00e3o (MEC) e o Conselho Federal de Psicologia para enfrentar a viol\u00eancia escolar tem como uma das virtudes a decis\u00e3o de ouvir os alunos para a constru\u00e7\u00e3o dessa pol\u00edtica p\u00fablica. O entendimento \u00e9 da psic\u00f3loga Angela Soligo, professora doutora da Faculdade de Educa\u00e7\u00e3o da Universidade Estadual de Campinas (Unicamp), que pesquisa processos de exclus\u00e3o na escola.<\/p>\n<p>\u201cH\u00e1 uma s\u00e9rie de conhecimentos que a academia j\u00e1 produziu que n\u00e3o dialogam com as pol\u00edticas p\u00fablicas. A pesquisa vai permitir ouvir alunos do pa\u00eds inteiro. Quem faz a pol\u00edtica precisa ouvir quem est\u00e1 na outra ponta. A gente ouve pouco o aluno\u201d, declarou a pesquisadora, ap\u00f3s participar na manh\u00e3 desta sexta-feira (21) do painel Psicologia e a Quest\u00e3o da Viol\u00eancia nas Escolas, da 2\u00aa Mostra Nacional de Pr\u00e1ticas de Psicologia, que ocorre at\u00e9 s\u00e1bado (22) no Anhembi, em S\u00e3o Paulo<\/p>\n<p>A parceria entre minist\u00e9rio e o conselho prev\u00ea um estudo sobre viol\u00eancia nas escolas, elabora\u00e7\u00e3o de materiais did\u00e1ticos e forma\u00e7\u00e3o de professores para o combate \u00e0 viol\u00eancia no ambiente escolar. No projeto, o MEC pretende abordar temas como enfrentamento \u00e0s drogas, gravidez precoce, homofobia, racismo, discrimina\u00e7\u00e3o, bullying e bullying eletr\u00f4nico (feito por meio das redes sociais).<\/p>\n<p>A professora acredita que, para mudar a realidade nas escolas, \u00e9 preciso construir rela\u00e7\u00f5es que n\u00e3o reproduzam a l\u00f3gica excludente e violenta da sociedade em geral. \u201cO ambiente escolar hoje \u00e9 mais um reprodutor do modelo social do que um instrumento de mudan\u00e7a. A escola tem essa obriga\u00e7\u00e3o de produzir outras formas de pensar o mundo, de problematizar. A escola sozinha n\u00e3o vai resolver nada, mas tem um papel, que \u00e9 a forma\u00e7\u00e3o do cidad\u00e3o\u201d, aponta.<\/p>\n<p>Para a pesquisadora, as pr\u00e1ticas violentas nas escolas ganharam destaque junto com o processo de inclus\u00e3o. \u201cTodo mundo est\u00e1 na escola e a escola n\u00e3o pode mais excluir aqueles alunos que a incomodam. H\u00e1 50 anos, isso era mais f\u00e1cil. A escola tem que lidar hoje com o aluno que ela n\u00e3o deseja. \u00c9 a esse estudante que a escola vai imputar as marcas da viol\u00eancia. E isso gera uma rea\u00e7\u00e3o\u201d, relata.<\/p>\n<p>De outro lado, o presidente da Associa\u00e7\u00e3o Brasileira de L\u00e9sbicas, Gays, Bissexuais, Travestis e Transexuais (ABGLT), Toni Reis, lembrou que a homofobia no cotidiano escolar traz graves consequ\u00eancias para o aprendizado. \u201cCrian\u00e7as e adolescentes que sofrem preconceito t\u00eam a sua inser\u00e7\u00e3o no mercado de trabalho dificultada. Al\u00e9m disso, as pr\u00e1ticas homof\u00f3bicas desumanizam, promovem inseguran\u00e7a e o isolamento dessas pessoas\u201d, aponta.<\/p>\n<p>Fonte:\u00a0<a href=\"http:\/\/www.dci.com.br\/servicos\/pesquisadora-da-unicamp-diz-que-as-escolas-do-pais-nao-ouvem-o-aluno-id312598.html\">http:\/\/www.dci.com.br\/servicos\/pesquisadora-da-unicamp-diz-que-as-escolas-do-pais-nao-ouvem-o-aluno-id312598.html<\/a><\/p>\n","protected":false},"excerpt":{"rendered":"<p>Parceria assinada entre o MEC e o Conselho Federal de Psicologia para enfrentar a viol\u00eancia escolar tem como uma das virtudes a decis\u00e3o de ouvir os alunos para a constru\u00e7\u00e3o de pol\u00edticas p\u00fablicas voltadas para a educa\u00e7\u00e3o. <\/p>\n","protected":false},"author":1,"featured_media":0,"comment_status":"open","ping_status":"open","sticky":false,"template":"","format":"standard","meta":{"site-container-style":"default","site-container-layout":"default","site-sidebar-layout":"default","disable-article-header":"default","disable-site-header":"default","disable-site-footer":"default","disable-content-area-spacing":"default","footnotes":""},"categories":[6,48],"tags":[],"class_list":["post-23509","post","type-post","status-publish","format-standard","hentry","category-educacao","category-inclusao"],"yoast_head":"<!-- This site is optimized with the Yoast SEO plugin v27.4 - https:\/\/yoast.com\/product\/yoast-seo-wordpress\/ -->\n<title>Pesquisadora da Unicamp diz que as escolas do pa\u00eds n\u00e3o ouvem o aluno -<\/title>\n<meta name=\"robots\" content=\"index, follow, max-snippet:-1, max-image-preview:large, max-video-preview:-1\" \/>\n<link rel=\"canonical\" href=\"https:\/\/inclusivenews.com.br\/?p=23509\" \/>\n<meta property=\"og:locale\" content=\"pt_PT\" \/>\n<meta property=\"og:type\" content=\"article\" \/>\n<meta property=\"og:title\" content=\"Pesquisadora da Unicamp diz que as escolas do pa\u00eds n\u00e3o ouvem o aluno -\" \/>\n<meta property=\"og:description\" content=\"Parceria assinada entre o MEC e o Conselho Federal de Psicologia para enfrentar a viol\u00eancia escolar tem como uma das virtudes a decis\u00e3o de ouvir os alunos para a constru\u00e7\u00e3o de pol\u00edticas p\u00fablicas voltadas para a educa\u00e7\u00e3o.\" \/>\n<meta property=\"og:url\" content=\"https:\/\/inclusivenews.com.br\/?p=23509\" \/>\n<meta property=\"article:publisher\" content=\"https:\/\/www.facebook.com\/agenciainclusive\/\" \/>\n<meta property=\"article:published_time\" content=\"2012-09-26T18:33:20+00:00\" \/>\n<meta property=\"og:image\" content=\"http:\/\/inclusivenews.com.br\/wp-content\/uploads\/ministerio-da-educacao-mec.jpg\" \/>\n<meta name=\"author\" content=\"inclusivenews2024\" \/>\n<meta name=\"twitter:card\" content=\"summary_large_image\" \/>\n<meta name=\"twitter:label1\" content=\"Escrito por\" \/>\n\t<meta name=\"twitter:data1\" content=\"inclusivenews2024\" \/>\n\t<meta name=\"twitter:label2\" content=\"Tempo estimado de leitura\" \/>\n\t<meta name=\"twitter:data2\" content=\"2 minutos\" \/>\n<script type=\"application\/ld+json\" class=\"yoast-schema-graph\">{\"@context\":\"https:\\\/\\\/schema.org\",\"@graph\":[{\"@type\":\"Article\",\"@id\":\"https:\\\/\\\/inclusivenews.com.br\\\/?p=23509#article\",\"isPartOf\":{\"@id\":\"https:\\\/\\\/inclusivenews.com.br\\\/?p=23509\"},\"author\":{\"name\":\"inclusivenews2024\",\"@id\":\"https:\\\/\\\/inclusivenews.com.br\\\/#\\\/schema\\\/person\\\/ae4ec7087559b8692fb33b6fffd2273b\"},\"headline\":\"Pesquisadora da Unicamp diz que as escolas do pa\u00eds n\u00e3o ouvem o aluno\",\"datePublished\":\"2012-09-26T18:33:20+00:00\",\"mainEntityOfPage\":{\"@id\":\"https:\\\/\\\/inclusivenews.com.br\\\/?p=23509\"},\"wordCount\":514,\"commentCount\":0,\"publisher\":{\"@id\":\"https:\\\/\\\/inclusivenews.com.br\\\/#organization\"},\"image\":{\"@id\":\"https:\\\/\\\/inclusivenews.com.br\\\/?p=23509#primaryimage\"},\"thumbnailUrl\":\"http:\\\/\\\/inclusivenews.com.br\\\/wp-content\\\/uploads\\\/ministerio-da-educacao-mec.jpg\",\"articleSection\":[\"EDUCA\u00c7\u00c3O\",\"INCLUS\u00c3O SOCIAL\"],\"inLanguage\":\"pt-PT\",\"potentialAction\":[{\"@type\":\"CommentAction\",\"name\":\"Comment\",\"target\":[\"https:\\\/\\\/inclusivenews.com.br\\\/?p=23509#respond\"]}]},{\"@type\":\"WebPage\",\"@id\":\"https:\\\/\\\/inclusivenews.com.br\\\/?p=23509\",\"url\":\"https:\\\/\\\/inclusivenews.com.br\\\/?p=23509\",\"name\":\"Pesquisadora da Unicamp diz que as escolas do pa\u00eds n\u00e3o ouvem o aluno -\",\"isPartOf\":{\"@id\":\"https:\\\/\\\/inclusivenews.com.br\\\/#website\"},\"primaryImageOfPage\":{\"@id\":\"https:\\\/\\\/inclusivenews.com.br\\\/?p=23509#primaryimage\"},\"image\":{\"@id\":\"https:\\\/\\\/inclusivenews.com.br\\\/?p=23509#primaryimage\"},\"thumbnailUrl\":\"http:\\\/\\\/inclusivenews.com.br\\\/wp-content\\\/uploads\\\/ministerio-da-educacao-mec.jpg\",\"datePublished\":\"2012-09-26T18:33:20+00:00\",\"breadcrumb\":{\"@id\":\"https:\\\/\\\/inclusivenews.com.br\\\/?p=23509#breadcrumb\"},\"inLanguage\":\"pt-PT\",\"potentialAction\":[{\"@type\":\"ReadAction\",\"target\":[\"https:\\\/\\\/inclusivenews.com.br\\\/?p=23509\"]}]},{\"@type\":\"ImageObject\",\"inLanguage\":\"pt-PT\",\"@id\":\"https:\\\/\\\/inclusivenews.com.br\\\/?p=23509#primaryimage\",\"url\":\"\",\"contentUrl\":\"\"},{\"@type\":\"BreadcrumbList\",\"@id\":\"https:\\\/\\\/inclusivenews.com.br\\\/?p=23509#breadcrumb\",\"itemListElement\":[{\"@type\":\"ListItem\",\"position\":1,\"name\":\"In\u00edcio\",\"item\":\"https:\\\/\\\/inclusivenews.com.br\\\/\"},{\"@type\":\"ListItem\",\"position\":2,\"name\":\"Pesquisadora da Unicamp diz que as escolas do pa\u00eds n\u00e3o ouvem o aluno\"}]},{\"@type\":\"WebSite\",\"@id\":\"https:\\\/\\\/inclusivenews.com.br\\\/#website\",\"url\":\"https:\\\/\\\/inclusivenews.com.br\\\/\",\"name\":\"Inclusive News\",\"description\":\"Inclusive News\",\"publisher\":{\"@id\":\"https:\\\/\\\/inclusivenews.com.br\\\/#organization\"},\"potentialAction\":[{\"@type\":\"SearchAction\",\"target\":{\"@type\":\"EntryPoint\",\"urlTemplate\":\"https:\\\/\\\/inclusivenews.com.br\\\/?s={search_term_string}\"},\"query-input\":{\"@type\":\"PropertyValueSpecification\",\"valueRequired\":true,\"valueName\":\"search_term_string\"}}],\"inLanguage\":\"pt-PT\"},{\"@type\":\"Organization\",\"@id\":\"https:\\\/\\\/inclusivenews.com.br\\\/#organization\",\"name\":\"Inclusive - inclus\u00e3o e cidadania\",\"url\":\"https:\\\/\\\/inclusivenews.com.br\\\/\",\"logo\":{\"@type\":\"ImageObject\",\"inLanguage\":\"pt-PT\",\"@id\":\"https:\\\/\\\/inclusivenews.com.br\\\/#\\\/schema\\\/logo\\\/image\\\/\",\"url\":\"https:\\\/\\\/inclusivenews.com.br\\\/wp-content\\\/uploads\\\/2024\\\/03\\\/@grandesite.png\",\"contentUrl\":\"https:\\\/\\\/inclusivenews.com.br\\\/wp-content\\\/uploads\\\/2024\\\/03\\\/@grandesite.png\",\"width\":1080,\"height\":1080,\"caption\":\"Inclusive - inclus\u00e3o e cidadania\"},\"image\":{\"@id\":\"https:\\\/\\\/inclusivenews.com.br\\\/#\\\/schema\\\/logo\\\/image\\\/\"},\"sameAs\":[\"https:\\\/\\\/www.facebook.com\\\/agenciainclusive\\\/\",\"https:\\\/\\\/www.instagram.com\\\/newsinclusive\\\/\"]},{\"@type\":\"Person\",\"@id\":\"https:\\\/\\\/inclusivenews.com.br\\\/#\\\/schema\\\/person\\\/ae4ec7087559b8692fb33b6fffd2273b\",\"name\":\"inclusivenews2024\",\"image\":{\"@type\":\"ImageObject\",\"inLanguage\":\"pt-PT\",\"@id\":\"https:\\\/\\\/secure.gravatar.com\\\/avatar\\\/c5a7ef84c66fa914f55bc4f7ce26cfa275a3b9a1c5568b907bd184fb4dde7b40?s=96&d=mm&r=g\",\"url\":\"https:\\\/\\\/secure.gravatar.com\\\/avatar\\\/c5a7ef84c66fa914f55bc4f7ce26cfa275a3b9a1c5568b907bd184fb4dde7b40?s=96&d=mm&r=g\",\"contentUrl\":\"https:\\\/\\\/secure.gravatar.com\\\/avatar\\\/c5a7ef84c66fa914f55bc4f7ce26cfa275a3b9a1c5568b907bd184fb4dde7b40?s=96&d=mm&r=g\",\"caption\":\"inclusivenews2024\"},\"sameAs\":[\"https:\\\/\\\/inclusivenews.com.br\"],\"url\":\"https:\\\/\\\/inclusivenews.com.br\\\/?author=1\"}]}<\/script>\n<!-- \/ Yoast SEO plugin. -->","yoast_head_json":{"title":"Pesquisadora da Unicamp diz que as escolas do pa\u00eds n\u00e3o ouvem o aluno -","robots":{"index":"index","follow":"follow","max-snippet":"max-snippet:-1","max-image-preview":"max-image-preview:large","max-video-preview":"max-video-preview:-1"},"canonical":"https:\/\/inclusivenews.com.br\/?p=23509","og_locale":"pt_PT","og_type":"article","og_title":"Pesquisadora da Unicamp diz que as escolas do pa\u00eds n\u00e3o ouvem o aluno -","og_description":"Parceria assinada entre o MEC e o Conselho Federal de Psicologia para enfrentar a viol\u00eancia escolar tem como uma das virtudes a decis\u00e3o de ouvir os alunos para a constru\u00e7\u00e3o de pol\u00edticas p\u00fablicas voltadas para a educa\u00e7\u00e3o.","og_url":"https:\/\/inclusivenews.com.br\/?p=23509","article_publisher":"https:\/\/www.facebook.com\/agenciainclusive\/","article_published_time":"2012-09-26T18:33:20+00:00","og_image":[{"url":"http:\/\/inclusivenews.com.br\/wp-content\/uploads\/ministerio-da-educacao-mec.jpg","type":"","width":"","height":""}],"author":"inclusivenews2024","twitter_card":"summary_large_image","twitter_misc":{"Escrito por":"inclusivenews2024","Tempo estimado de leitura":"2 minutos"},"schema":{"@context":"https:\/\/schema.org","@graph":[{"@type":"Article","@id":"https:\/\/inclusivenews.com.br\/?p=23509#article","isPartOf":{"@id":"https:\/\/inclusivenews.com.br\/?p=23509"},"author":{"name":"inclusivenews2024","@id":"https:\/\/inclusivenews.com.br\/#\/schema\/person\/ae4ec7087559b8692fb33b6fffd2273b"},"headline":"Pesquisadora da Unicamp diz que as escolas do pa\u00eds n\u00e3o ouvem o aluno","datePublished":"2012-09-26T18:33:20+00:00","mainEntityOfPage":{"@id":"https:\/\/inclusivenews.com.br\/?p=23509"},"wordCount":514,"commentCount":0,"publisher":{"@id":"https:\/\/inclusivenews.com.br\/#organization"},"image":{"@id":"https:\/\/inclusivenews.com.br\/?p=23509#primaryimage"},"thumbnailUrl":"http:\/\/inclusivenews.com.br\/wp-content\/uploads\/ministerio-da-educacao-mec.jpg","articleSection":["EDUCA\u00c7\u00c3O","INCLUS\u00c3O SOCIAL"],"inLanguage":"pt-PT","potentialAction":[{"@type":"CommentAction","name":"Comment","target":["https:\/\/inclusivenews.com.br\/?p=23509#respond"]}]},{"@type":"WebPage","@id":"https:\/\/inclusivenews.com.br\/?p=23509","url":"https:\/\/inclusivenews.com.br\/?p=23509","name":"Pesquisadora da Unicamp diz que as escolas do pa\u00eds n\u00e3o ouvem o aluno -","isPartOf":{"@id":"https:\/\/inclusivenews.com.br\/#website"},"primaryImageOfPage":{"@id":"https:\/\/inclusivenews.com.br\/?p=23509#primaryimage"},"image":{"@id":"https:\/\/inclusivenews.com.br\/?p=23509#primaryimage"},"thumbnailUrl":"http:\/\/inclusivenews.com.br\/wp-content\/uploads\/ministerio-da-educacao-mec.jpg","datePublished":"2012-09-26T18:33:20+00:00","breadcrumb":{"@id":"https:\/\/inclusivenews.com.br\/?p=23509#breadcrumb"},"inLanguage":"pt-PT","potentialAction":[{"@type":"ReadAction","target":["https:\/\/inclusivenews.com.br\/?p=23509"]}]},{"@type":"ImageObject","inLanguage":"pt-PT","@id":"https:\/\/inclusivenews.com.br\/?p=23509#primaryimage","url":"","contentUrl":""},{"@type":"BreadcrumbList","@id":"https:\/\/inclusivenews.com.br\/?p=23509#breadcrumb","itemListElement":[{"@type":"ListItem","position":1,"name":"In\u00edcio","item":"https:\/\/inclusivenews.com.br\/"},{"@type":"ListItem","position":2,"name":"Pesquisadora da Unicamp diz que as escolas do pa\u00eds n\u00e3o ouvem o aluno"}]},{"@type":"WebSite","@id":"https:\/\/inclusivenews.com.br\/#website","url":"https:\/\/inclusivenews.com.br\/","name":"Inclusive News","description":"Inclusive News","publisher":{"@id":"https:\/\/inclusivenews.com.br\/#organization"},"potentialAction":[{"@type":"SearchAction","target":{"@type":"EntryPoint","urlTemplate":"https:\/\/inclusivenews.com.br\/?s={search_term_string}"},"query-input":{"@type":"PropertyValueSpecification","valueRequired":true,"valueName":"search_term_string"}}],"inLanguage":"pt-PT"},{"@type":"Organization","@id":"https:\/\/inclusivenews.com.br\/#organization","name":"Inclusive - inclus\u00e3o e cidadania","url":"https:\/\/inclusivenews.com.br\/","logo":{"@type":"ImageObject","inLanguage":"pt-PT","@id":"https:\/\/inclusivenews.com.br\/#\/schema\/logo\/image\/","url":"https:\/\/inclusivenews.com.br\/wp-content\/uploads\/2024\/03\/@grandesite.png","contentUrl":"https:\/\/inclusivenews.com.br\/wp-content\/uploads\/2024\/03\/@grandesite.png","width":1080,"height":1080,"caption":"Inclusive - inclus\u00e3o e cidadania"},"image":{"@id":"https:\/\/inclusivenews.com.br\/#\/schema\/logo\/image\/"},"sameAs":["https:\/\/www.facebook.com\/agenciainclusive\/","https:\/\/www.instagram.com\/newsinclusive\/"]},{"@type":"Person","@id":"https:\/\/inclusivenews.com.br\/#\/schema\/person\/ae4ec7087559b8692fb33b6fffd2273b","name":"inclusivenews2024","image":{"@type":"ImageObject","inLanguage":"pt-PT","@id":"https:\/\/secure.gravatar.com\/avatar\/c5a7ef84c66fa914f55bc4f7ce26cfa275a3b9a1c5568b907bd184fb4dde7b40?s=96&d=mm&r=g","url":"https:\/\/secure.gravatar.com\/avatar\/c5a7ef84c66fa914f55bc4f7ce26cfa275a3b9a1c5568b907bd184fb4dde7b40?s=96&d=mm&r=g","contentUrl":"https:\/\/secure.gravatar.com\/avatar\/c5a7ef84c66fa914f55bc4f7ce26cfa275a3b9a1c5568b907bd184fb4dde7b40?s=96&d=mm&r=g","caption":"inclusivenews2024"},"sameAs":["https:\/\/inclusivenews.com.br"],"url":"https:\/\/inclusivenews.com.br\/?author=1"}]}},"_links":{"self":[{"href":"https:\/\/inclusivenews.com.br\/index.php?rest_route=\/wp\/v2\/posts\/23509","targetHints":{"allow":["GET"]}}],"collection":[{"href":"https:\/\/inclusivenews.com.br\/index.php?rest_route=\/wp\/v2\/posts"}],"about":[{"href":"https:\/\/inclusivenews.com.br\/index.php?rest_route=\/wp\/v2\/types\/post"}],"author":[{"embeddable":true,"href":"https:\/\/inclusivenews.com.br\/index.php?rest_route=\/wp\/v2\/users\/1"}],"replies":[{"embeddable":true,"href":"https:\/\/inclusivenews.com.br\/index.php?rest_route=%2Fwp%2Fv2%2Fcomments&post=23509"}],"version-history":[{"count":0,"href":"https:\/\/inclusivenews.com.br\/index.php?rest_route=\/wp\/v2\/posts\/23509\/revisions"}],"wp:attachment":[{"href":"https:\/\/inclusivenews.com.br\/index.php?rest_route=%2Fwp%2Fv2%2Fmedia&parent=23509"}],"wp:term":[{"taxonomy":"category","embeddable":true,"href":"https:\/\/inclusivenews.com.br\/index.php?rest_route=%2Fwp%2Fv2%2Fcategories&post=23509"},{"taxonomy":"post_tag","embeddable":true,"href":"https:\/\/inclusivenews.com.br\/index.php?rest_route=%2Fwp%2Fv2%2Ftags&post=23509"}],"curies":[{"name":"wp","href":"https:\/\/api.w.org\/{rel}","templated":true}]}}