{"id":23514,"date":"2012-09-26T15:31:24","date_gmt":"2012-09-26T18:31:24","guid":{"rendered":"http:\/\/www.inclusive.org.br\/?p=23514"},"modified":"2012-09-26T15:31:24","modified_gmt":"2012-09-26T18:31:24","slug":"surdos-dizem-o-que-esperam-dos-profissionais-de-saude","status":"publish","type":"post","link":"https:\/\/inclusivenews.com.br\/?p=23514","title":{"rendered":"Surdos dizem o que esperam dos profissionais de sa\u00fade"},"content":{"rendered":"<p>A Secretaria da Sa\u00fade do Estado realizar\u00e1 programa\u00e7\u00e3o na sexta-feira, 28 de setembro, para saber \u201co que os surdos t\u00eam a dizer aos profissionais de sa\u00fade\u201d. Esse \u00e9 o tema das atividades do Dia Nacional do Surdo, 26 de setembro, que pretendem discutir o acesso dos surdos aos servi\u00e7os de sa\u00fade e fomentar a difus\u00e3o da L\u00edngua Brasileira de Sinais (Libras). A programa\u00e7\u00e3o, que inclui exposi\u00e7\u00f5es dialogadas, relatos de experi\u00eancias e debate entre os participantes, acontecer\u00e1 no audit\u00f3rio Waldir Arcoverde, da Sesa, Avenida Almirante Barroso, 600, Praia de Iracema, das 8 \u00e0s 12 horas.<\/p>\n<p>O Decreto 5.626, de 2005, estabelece que o Sistema \u00danico de Sa\u00fade (SUS) deve garantir a aten\u00e7\u00e3o integral \u00e0 sa\u00fade da pessoa surda, nos diversos n\u00edveis de complexidade e especialidades m\u00e9dicas. Para tanto, determina \u201catendimento \u00e0s pessoas surdas ou com defici\u00eancia auditiva na rede de servi\u00e7os do SUS e das empresas que det\u00eam concess\u00e3o ou permiss\u00e3o de servi\u00e7os p\u00fablicos de assist\u00eancia \u00e0 sa\u00fade, por profissionais capacitados para o uso de Libras ou para sua tradu\u00e7\u00e3o e interpreta\u00e7\u00e3o\u201d e \u201capoio \u00e0 capacita\u00e7\u00e3o e forma\u00e7\u00e3o de profissionais da rede de servi\u00e7os do SUS para o uso de Libras e sua tradu\u00e7\u00e3o e interpreta\u00e7\u00e3o\u201d.<\/p>\n<p>No Cear\u00e1, desde 2009 a Sesa capacita profissionais dos servi\u00e7os de sa\u00fade no atendimento aos surdos. Em tr\u00eas cursos realizados, foram habilitados em Libras 94 profissionais de unidades de sa\u00fade de Fortaleza e munic\u00edpios da Regi\u00e3o Metropolitana, entre eles o Hospital Infantil Albert Sabin, o Hospital S\u00e3o Jos\u00e9, o Hospital C\u00e9sar Cals, o Centro de Sa\u00fade do Meireles, o Instituto de Preven\u00e7\u00e3o do C\u00e2ncer e Unidades B\u00e1sicas de Sa\u00fade. Os participantes do curso aprendem a receber o paciente nos diversos ambientes da \u00e1rea da sa\u00fade, como ambulat\u00f3rio, interna\u00e7\u00e3o e centro cir\u00fargico, comunicando-se por interm\u00e9dio da l\u00ednguagem de sinais. Em 13 hospitais p\u00fablicos da capital j\u00e1 existem profissionais preparados para entender os sinais das pessoas com defici\u00eancia auditiva.<\/p>\n<p><img loading=\"lazy\" decoding=\"async\" src=\"http:\/\/www.saude.ce.gov.br\/images\/stories\/artigos\/banner_implante_coclear.jpg\" alt=\"alt\" width=\"553\" height=\"279\" \/><\/p>\n<p><strong>Implante coclear<\/strong><\/p>\n<p>Na \u00e1rea da reabilita\u00e7\u00e3o, o Hospital Geral de Fortaleza, unidade da rede estadual, realiza, entre outras a\u00e7\u00f5es voltadas para a pessoa com defici\u00eancia auditiva, o implante coclear para deficientes auditivos. O HGF foi credenciado pelo Minist\u00e9rio da Sa\u00fade para realizar cirurgias de implante coclear em dezembro de 2009. O SUS fornece o ouvido bi\u00f4nico, uma pr\u00f3tese que \u00e9 implantada por meio de cirurgia no ouvido de pacientes com defici\u00eancia auditiva. O equipamento auxilia o c\u00e9rebro a interpretar os est\u00edmulos sonoros, devolvendo o sentido ao paciente.<\/p>\n<p>Fonte: <a href=\"http:\/\/www.saude.ce.gov.br\/index.php\/noticias\/45555-surdos-dizem-o-que-esperam-dos-profissionais-de-saude\">http:\/\/www.saude.ce.gov.br\/index.php\/noticias\/45555-surdos-dizem-o-que-esperam-dos-profissionais-de-saude<\/a><\/p>\n","protected":false},"excerpt":{"rendered":"<p>Fortaleza discute o acesso de pessoas surdas aos servi\u00e7os de sa\u00fade.<\/p>\n","protected":false},"author":1,"featured_media":0,"comment_status":"open","ping_status":"open","sticky":false,"template":"","format":"standard","meta":{"site-container-style":"default","site-container-layout":"default","site-sidebar-layout":"default","disable-article-header":"default","disable-site-header":"default","disable-site-footer":"default","disable-content-area-spacing":"default","footnotes":""},"categories":[38,48,37],"tags":[],"class_list":["post-23514","post","type-post","status-publish","format-standard","hentry","category-deficiencia","category-inclusao","category-saude"],"yoast_head":"<!-- This site is optimized with the Yoast SEO plugin v27.4 - https:\/\/yoast.com\/product\/yoast-seo-wordpress\/ -->\n<title>Surdos dizem o que esperam dos profissionais de sa\u00fade -<\/title>\n<meta name=\"robots\" content=\"index, follow, max-snippet:-1, max-image-preview:large, max-video-preview:-1\" \/>\n<link rel=\"canonical\" href=\"https:\/\/inclusivenews.com.br\/?p=23514\" \/>\n<meta property=\"og:locale\" content=\"pt_PT\" \/>\n<meta property=\"og:type\" content=\"article\" \/>\n<meta property=\"og:title\" content=\"Surdos dizem o que esperam dos profissionais de sa\u00fade -\" \/>\n<meta property=\"og:description\" content=\"Fortaleza discute o acesso de pessoas surdas aos servi\u00e7os de sa\u00fade.\" \/>\n<meta property=\"og:url\" content=\"https:\/\/inclusivenews.com.br\/?p=23514\" \/>\n<meta property=\"article:publisher\" content=\"https:\/\/www.facebook.com\/agenciainclusive\/\" \/>\n<meta property=\"article:published_time\" content=\"2012-09-26T18:31:24+00:00\" \/>\n<meta property=\"og:image\" content=\"http:\/\/www.saude.ce.gov.br\/images\/stories\/artigos\/banner_implante_coclear.jpg\" \/>\n<meta name=\"author\" content=\"inclusivenews2024\" \/>\n<meta name=\"twitter:card\" content=\"summary_large_image\" \/>\n<meta name=\"twitter:label1\" content=\"Escrito por\" \/>\n\t<meta name=\"twitter:data1\" content=\"inclusivenews2024\" \/>\n\t<meta name=\"twitter:label2\" content=\"Tempo estimado de leitura\" \/>\n\t<meta name=\"twitter:data2\" content=\"2 minutos\" \/>\n<script type=\"application\/ld+json\" class=\"yoast-schema-graph\">{\"@context\":\"https:\\\/\\\/schema.org\",\"@graph\":[{\"@type\":\"Article\",\"@id\":\"https:\\\/\\\/inclusivenews.com.br\\\/?p=23514#article\",\"isPartOf\":{\"@id\":\"https:\\\/\\\/inclusivenews.com.br\\\/?p=23514\"},\"author\":{\"name\":\"inclusivenews2024\",\"@id\":\"https:\\\/\\\/inclusivenews.com.br\\\/#\\\/schema\\\/person\\\/ae4ec7087559b8692fb33b6fffd2273b\"},\"headline\":\"Surdos dizem o que esperam dos profissionais de sa\u00fade\",\"datePublished\":\"2012-09-26T18:31:24+00:00\",\"mainEntityOfPage\":{\"@id\":\"https:\\\/\\\/inclusivenews.com.br\\\/?p=23514\"},\"wordCount\":468,\"commentCount\":0,\"publisher\":{\"@id\":\"https:\\\/\\\/inclusivenews.com.br\\\/#organization\"},\"image\":{\"@id\":\"https:\\\/\\\/inclusivenews.com.br\\\/?p=23514#primaryimage\"},\"thumbnailUrl\":\"http:\\\/\\\/www.saude.ce.gov.br\\\/images\\\/stories\\\/artigos\\\/banner_implante_coclear.jpg\",\"articleSection\":[\"Defici\u00eancia\",\"INCLUS\u00c3O SOCIAL\",\"Sa\u00fade\"],\"inLanguage\":\"pt-PT\",\"potentialAction\":[{\"@type\":\"CommentAction\",\"name\":\"Comment\",\"target\":[\"https:\\\/\\\/inclusivenews.com.br\\\/?p=23514#respond\"]}]},{\"@type\":\"WebPage\",\"@id\":\"https:\\\/\\\/inclusivenews.com.br\\\/?p=23514\",\"url\":\"https:\\\/\\\/inclusivenews.com.br\\\/?p=23514\",\"name\":\"Surdos dizem o que esperam dos profissionais de sa\u00fade -\",\"isPartOf\":{\"@id\":\"https:\\\/\\\/inclusivenews.com.br\\\/#website\"},\"primaryImageOfPage\":{\"@id\":\"https:\\\/\\\/inclusivenews.com.br\\\/?p=23514#primaryimage\"},\"image\":{\"@id\":\"https:\\\/\\\/inclusivenews.com.br\\\/?p=23514#primaryimage\"},\"thumbnailUrl\":\"http:\\\/\\\/www.saude.ce.gov.br\\\/images\\\/stories\\\/artigos\\\/banner_implante_coclear.jpg\",\"datePublished\":\"2012-09-26T18:31:24+00:00\",\"breadcrumb\":{\"@id\":\"https:\\\/\\\/inclusivenews.com.br\\\/?p=23514#breadcrumb\"},\"inLanguage\":\"pt-PT\",\"potentialAction\":[{\"@type\":\"ReadAction\",\"target\":[\"https:\\\/\\\/inclusivenews.com.br\\\/?p=23514\"]}]},{\"@type\":\"ImageObject\",\"inLanguage\":\"pt-PT\",\"@id\":\"https:\\\/\\\/inclusivenews.com.br\\\/?p=23514#primaryimage\",\"url\":\"http:\\\/\\\/www.saude.ce.gov.br\\\/images\\\/stories\\\/artigos\\\/banner_implante_coclear.jpg\",\"contentUrl\":\"http:\\\/\\\/www.saude.ce.gov.br\\\/images\\\/stories\\\/artigos\\\/banner_implante_coclear.jpg\"},{\"@type\":\"BreadcrumbList\",\"@id\":\"https:\\\/\\\/inclusivenews.com.br\\\/?p=23514#breadcrumb\",\"itemListElement\":[{\"@type\":\"ListItem\",\"position\":1,\"name\":\"In\u00edcio\",\"item\":\"https:\\\/\\\/inclusivenews.com.br\\\/\"},{\"@type\":\"ListItem\",\"position\":2,\"name\":\"Surdos dizem o que esperam dos profissionais de sa\u00fade\"}]},{\"@type\":\"WebSite\",\"@id\":\"https:\\\/\\\/inclusivenews.com.br\\\/#website\",\"url\":\"https:\\\/\\\/inclusivenews.com.br\\\/\",\"name\":\"Inclusive News\",\"description\":\"Inclusive News\",\"publisher\":{\"@id\":\"https:\\\/\\\/inclusivenews.com.br\\\/#organization\"},\"potentialAction\":[{\"@type\":\"SearchAction\",\"target\":{\"@type\":\"EntryPoint\",\"urlTemplate\":\"https:\\\/\\\/inclusivenews.com.br\\\/?s={search_term_string}\"},\"query-input\":{\"@type\":\"PropertyValueSpecification\",\"valueRequired\":true,\"valueName\":\"search_term_string\"}}],\"inLanguage\":\"pt-PT\"},{\"@type\":\"Organization\",\"@id\":\"https:\\\/\\\/inclusivenews.com.br\\\/#organization\",\"name\":\"Inclusive - inclus\u00e3o e cidadania\",\"url\":\"https:\\\/\\\/inclusivenews.com.br\\\/\",\"logo\":{\"@type\":\"ImageObject\",\"inLanguage\":\"pt-PT\",\"@id\":\"https:\\\/\\\/inclusivenews.com.br\\\/#\\\/schema\\\/logo\\\/image\\\/\",\"url\":\"https:\\\/\\\/inclusivenews.com.br\\\/wp-content\\\/uploads\\\/2024\\\/03\\\/@grandesite.png\",\"contentUrl\":\"https:\\\/\\\/inclusivenews.com.br\\\/wp-content\\\/uploads\\\/2024\\\/03\\\/@grandesite.png\",\"width\":1080,\"height\":1080,\"caption\":\"Inclusive - inclus\u00e3o e cidadania\"},\"image\":{\"@id\":\"https:\\\/\\\/inclusivenews.com.br\\\/#\\\/schema\\\/logo\\\/image\\\/\"},\"sameAs\":[\"https:\\\/\\\/www.facebook.com\\\/agenciainclusive\\\/\",\"https:\\\/\\\/www.instagram.com\\\/newsinclusive\\\/\"]},{\"@type\":\"Person\",\"@id\":\"https:\\\/\\\/inclusivenews.com.br\\\/#\\\/schema\\\/person\\\/ae4ec7087559b8692fb33b6fffd2273b\",\"name\":\"inclusivenews2024\",\"image\":{\"@type\":\"ImageObject\",\"inLanguage\":\"pt-PT\",\"@id\":\"https:\\\/\\\/secure.gravatar.com\\\/avatar\\\/c5a7ef84c66fa914f55bc4f7ce26cfa275a3b9a1c5568b907bd184fb4dde7b40?s=96&d=mm&r=g\",\"url\":\"https:\\\/\\\/secure.gravatar.com\\\/avatar\\\/c5a7ef84c66fa914f55bc4f7ce26cfa275a3b9a1c5568b907bd184fb4dde7b40?s=96&d=mm&r=g\",\"contentUrl\":\"https:\\\/\\\/secure.gravatar.com\\\/avatar\\\/c5a7ef84c66fa914f55bc4f7ce26cfa275a3b9a1c5568b907bd184fb4dde7b40?s=96&d=mm&r=g\",\"caption\":\"inclusivenews2024\"},\"sameAs\":[\"https:\\\/\\\/inclusivenews.com.br\"],\"url\":\"https:\\\/\\\/inclusivenews.com.br\\\/?author=1\"}]}<\/script>\n<!-- \/ Yoast SEO plugin. -->","yoast_head_json":{"title":"Surdos dizem o que esperam dos profissionais de sa\u00fade -","robots":{"index":"index","follow":"follow","max-snippet":"max-snippet:-1","max-image-preview":"max-image-preview:large","max-video-preview":"max-video-preview:-1"},"canonical":"https:\/\/inclusivenews.com.br\/?p=23514","og_locale":"pt_PT","og_type":"article","og_title":"Surdos dizem o que esperam dos profissionais de sa\u00fade -","og_description":"Fortaleza discute o acesso de pessoas surdas aos servi\u00e7os de sa\u00fade.","og_url":"https:\/\/inclusivenews.com.br\/?p=23514","article_publisher":"https:\/\/www.facebook.com\/agenciainclusive\/","article_published_time":"2012-09-26T18:31:24+00:00","og_image":[{"url":"http:\/\/www.saude.ce.gov.br\/images\/stories\/artigos\/banner_implante_coclear.jpg","type":"","width":"","height":""}],"author":"inclusivenews2024","twitter_card":"summary_large_image","twitter_misc":{"Escrito por":"inclusivenews2024","Tempo estimado de leitura":"2 minutos"},"schema":{"@context":"https:\/\/schema.org","@graph":[{"@type":"Article","@id":"https:\/\/inclusivenews.com.br\/?p=23514#article","isPartOf":{"@id":"https:\/\/inclusivenews.com.br\/?p=23514"},"author":{"name":"inclusivenews2024","@id":"https:\/\/inclusivenews.com.br\/#\/schema\/person\/ae4ec7087559b8692fb33b6fffd2273b"},"headline":"Surdos dizem o que esperam dos profissionais de sa\u00fade","datePublished":"2012-09-26T18:31:24+00:00","mainEntityOfPage":{"@id":"https:\/\/inclusivenews.com.br\/?p=23514"},"wordCount":468,"commentCount":0,"publisher":{"@id":"https:\/\/inclusivenews.com.br\/#organization"},"image":{"@id":"https:\/\/inclusivenews.com.br\/?p=23514#primaryimage"},"thumbnailUrl":"http:\/\/www.saude.ce.gov.br\/images\/stories\/artigos\/banner_implante_coclear.jpg","articleSection":["Defici\u00eancia","INCLUS\u00c3O SOCIAL","Sa\u00fade"],"inLanguage":"pt-PT","potentialAction":[{"@type":"CommentAction","name":"Comment","target":["https:\/\/inclusivenews.com.br\/?p=23514#respond"]}]},{"@type":"WebPage","@id":"https:\/\/inclusivenews.com.br\/?p=23514","url":"https:\/\/inclusivenews.com.br\/?p=23514","name":"Surdos dizem o que esperam dos profissionais de sa\u00fade -","isPartOf":{"@id":"https:\/\/inclusivenews.com.br\/#website"},"primaryImageOfPage":{"@id":"https:\/\/inclusivenews.com.br\/?p=23514#primaryimage"},"image":{"@id":"https:\/\/inclusivenews.com.br\/?p=23514#primaryimage"},"thumbnailUrl":"http:\/\/www.saude.ce.gov.br\/images\/stories\/artigos\/banner_implante_coclear.jpg","datePublished":"2012-09-26T18:31:24+00:00","breadcrumb":{"@id":"https:\/\/inclusivenews.com.br\/?p=23514#breadcrumb"},"inLanguage":"pt-PT","potentialAction":[{"@type":"ReadAction","target":["https:\/\/inclusivenews.com.br\/?p=23514"]}]},{"@type":"ImageObject","inLanguage":"pt-PT","@id":"https:\/\/inclusivenews.com.br\/?p=23514#primaryimage","url":"http:\/\/www.saude.ce.gov.br\/images\/stories\/artigos\/banner_implante_coclear.jpg","contentUrl":"http:\/\/www.saude.ce.gov.br\/images\/stories\/artigos\/banner_implante_coclear.jpg"},{"@type":"BreadcrumbList","@id":"https:\/\/inclusivenews.com.br\/?p=23514#breadcrumb","itemListElement":[{"@type":"ListItem","position":1,"name":"In\u00edcio","item":"https:\/\/inclusivenews.com.br\/"},{"@type":"ListItem","position":2,"name":"Surdos dizem o que esperam dos profissionais de sa\u00fade"}]},{"@type":"WebSite","@id":"https:\/\/inclusivenews.com.br\/#website","url":"https:\/\/inclusivenews.com.br\/","name":"Inclusive News","description":"Inclusive News","publisher":{"@id":"https:\/\/inclusivenews.com.br\/#organization"},"potentialAction":[{"@type":"SearchAction","target":{"@type":"EntryPoint","urlTemplate":"https:\/\/inclusivenews.com.br\/?s={search_term_string}"},"query-input":{"@type":"PropertyValueSpecification","valueRequired":true,"valueName":"search_term_string"}}],"inLanguage":"pt-PT"},{"@type":"Organization","@id":"https:\/\/inclusivenews.com.br\/#organization","name":"Inclusive - inclus\u00e3o e cidadania","url":"https:\/\/inclusivenews.com.br\/","logo":{"@type":"ImageObject","inLanguage":"pt-PT","@id":"https:\/\/inclusivenews.com.br\/#\/schema\/logo\/image\/","url":"https:\/\/inclusivenews.com.br\/wp-content\/uploads\/2024\/03\/@grandesite.png","contentUrl":"https:\/\/inclusivenews.com.br\/wp-content\/uploads\/2024\/03\/@grandesite.png","width":1080,"height":1080,"caption":"Inclusive - inclus\u00e3o e cidadania"},"image":{"@id":"https:\/\/inclusivenews.com.br\/#\/schema\/logo\/image\/"},"sameAs":["https:\/\/www.facebook.com\/agenciainclusive\/","https:\/\/www.instagram.com\/newsinclusive\/"]},{"@type":"Person","@id":"https:\/\/inclusivenews.com.br\/#\/schema\/person\/ae4ec7087559b8692fb33b6fffd2273b","name":"inclusivenews2024","image":{"@type":"ImageObject","inLanguage":"pt-PT","@id":"https:\/\/secure.gravatar.com\/avatar\/c5a7ef84c66fa914f55bc4f7ce26cfa275a3b9a1c5568b907bd184fb4dde7b40?s=96&d=mm&r=g","url":"https:\/\/secure.gravatar.com\/avatar\/c5a7ef84c66fa914f55bc4f7ce26cfa275a3b9a1c5568b907bd184fb4dde7b40?s=96&d=mm&r=g","contentUrl":"https:\/\/secure.gravatar.com\/avatar\/c5a7ef84c66fa914f55bc4f7ce26cfa275a3b9a1c5568b907bd184fb4dde7b40?s=96&d=mm&r=g","caption":"inclusivenews2024"},"sameAs":["https:\/\/inclusivenews.com.br"],"url":"https:\/\/inclusivenews.com.br\/?author=1"}]}},"_links":{"self":[{"href":"https:\/\/inclusivenews.com.br\/index.php?rest_route=\/wp\/v2\/posts\/23514","targetHints":{"allow":["GET"]}}],"collection":[{"href":"https:\/\/inclusivenews.com.br\/index.php?rest_route=\/wp\/v2\/posts"}],"about":[{"href":"https:\/\/inclusivenews.com.br\/index.php?rest_route=\/wp\/v2\/types\/post"}],"author":[{"embeddable":true,"href":"https:\/\/inclusivenews.com.br\/index.php?rest_route=\/wp\/v2\/users\/1"}],"replies":[{"embeddable":true,"href":"https:\/\/inclusivenews.com.br\/index.php?rest_route=%2Fwp%2Fv2%2Fcomments&post=23514"}],"version-history":[{"count":0,"href":"https:\/\/inclusivenews.com.br\/index.php?rest_route=\/wp\/v2\/posts\/23514\/revisions"}],"wp:attachment":[{"href":"https:\/\/inclusivenews.com.br\/index.php?rest_route=%2Fwp%2Fv2%2Fmedia&parent=23514"}],"wp:term":[{"taxonomy":"category","embeddable":true,"href":"https:\/\/inclusivenews.com.br\/index.php?rest_route=%2Fwp%2Fv2%2Fcategories&post=23514"},{"taxonomy":"post_tag","embeddable":true,"href":"https:\/\/inclusivenews.com.br\/index.php?rest_route=%2Fwp%2Fv2%2Ftags&post=23514"}],"curies":[{"name":"wp","href":"https:\/\/api.w.org\/{rel}","templated":true}]}}