{"id":23534,"date":"2012-10-03T15:22:13","date_gmt":"2012-10-03T18:22:13","guid":{"rendered":"http:\/\/www.inclusive.org.br\/?p=23534"},"modified":"2012-10-03T15:22:13","modified_gmt":"2012-10-03T18:22:13","slug":"planeta-educacao-oferece-e-book-sobre-a-diversidade-e-o-direito-a-inclusao","status":"publish","type":"post","link":"https:\/\/inclusivenews.com.br\/?p=23534","title":{"rendered":"Planeta Educa\u00e7\u00e3o oferece e-book sobre a diversidade e o direito \u00e0 inclus\u00e3o"},"content":{"rendered":"<p><a href=\"http:\/\/www.inclusivenews.com.br\/wp-content\/uploads\/2009\/10\/logotipo_PlanetaEducacao.jpg\"><img loading=\"lazy\" decoding=\"async\" class=\"alignleft size-full wp-image-12135\" title=\"Logotipo do Planeta Educacao, um globo terrestre formado pela letra E\" src=\"http:\/\/inclusivenews.com.br\/wp-content\/uploads\/2009\/10\/logotipo_PlanetaEducacao.jpg\" alt=\"\" width=\"185\" height=\"120\" \/><\/a><\/p>\n<p>Os interessados nos temas inclus\u00e3o e diversidade j\u00e1 podem fazer download do livro Celebrando a Diversidade &#8211; Pessoas com Defici\u00eancia e Direito \u00e0 Inclus\u00e3o, publicado pelo site Planeta Educa\u00e7\u00e3o, portal educacional da empresa Vitae Futurekids.<\/p>\n<p>Basta clicar <a href=\"http:\/\/www.planetaeducacao.com.br\/portal\/Celebrando-Diversidade.pdf\" target=\"_blank\" rel=\"noopener\">neste link<\/a> para ler os 26 textos produzidos por uma equipe multidisciplinar, integrada por nomes reconhecidos nacional e internacionalmente.<\/p>\n<p>Na apresenta\u00e7\u00e3o, \u00e9 ressaltado que os autores s\u00e3o &#8220;especialistas em in\u00fameras \u00e1reas do conhecimento, com distintas profiss\u00f5es e diferentes cidadanias&#8221;. Muitos articulistas s\u00e3o pessoas com defici\u00eancia ou t\u00eam familiares com defici\u00eancia. Todos est\u00e3o unidos na luta por um mundo mais justo e solid\u00e1rio.<\/p>\n<p>A arquiteta Flavia Boni Licht, uma das organizadoras da obra, juntamente com a jornalista Nubia Silveira, afirma que &#8220;a constru\u00e7\u00e3o de uma sociedade efetivamente democr\u00e1tica e solid\u00e1ria n\u00e3o exclui ningu\u00e9m por suas defici\u00eancias&#8221;. Ao contr\u00e1rio, diz Flavia, autora do artigo Acessibilidade e Cultura: Por que sim? Por que n\u00e3o?, &#8220;inclui a todos e a cada um por suas capacidades&#8221;.<\/p>\n<p>Celebrando a Diversidade pretende contribuir com o debate sobre a inclus\u00e3o das pessoas com defici\u00eancia, por meio da sensibiliza\u00e7\u00e3o da sociedade, buscando mudar o modo de pensar da popula\u00e7\u00e3o e a elimina\u00e7\u00e3o de pr\u00e1ticas discriminat\u00f3rias.<\/p>\n<p>Celebrando a Diversidade est\u00e1 dividido em 11 cap\u00edtulos:<\/p>\n<p>Pela discuss\u00e3o de paradigmas, Pela defesa da cidadania, Pela atua\u00e7\u00e3o na sociedade, Pela educa\u00e7\u00e3o para todos, Pela dissemina\u00e7\u00e3o da informa\u00e7\u00e3o, Pela inser\u00e7\u00e3o no trabalho, Pela elabora\u00e7\u00e3o de leis e normas t\u00e9cnicas, Pelo desenvolvimento de novas tecnologias, Pela express\u00e3o na cultura, no turismo e no lazer, Pelo uso dos espa\u00e7os e Pelo papel da universidade na forma\u00e7\u00e3o dos novos profissionais.<\/p>\n<p>Os autores desses artigos s\u00e3o:<\/p>\n<p>Adriane Giugni da Silva, Alice Brasileiro, Anile Carruyo, Claudia Sanchez, Cristina Velarte, Cristiane Rose Duarte, Dinah Bromberg de Gonzalez, Eduardo Alvarez, Eduardo Joly, Enrique Rovira-Beleta Cuy\u00e1s, Ethel Rosenfeld, F\u00e1bio Adiron, F\u00e1bio Meirelles, Flavia Boni Licht, Gildo Magalh\u00e3es dos Santos, Isabel Loureiro Maior, Jos\u00e9 Antonio Borges, Jos\u00e9 Antonio Junc\u00e1 Ubierna, Jos\u00e9 Antonio Lanchoti, Luciane Tabbal, Luiz Enrique L\u00f3pez Cardiel, Maria Beatriz Barbosa, Maria de Mello, Marta Gil, Miren Elorriaga, Regina Cohen, Rita de C\u00e1ssia Ten\u00f3rio Mendon\u00e7a, Rosane Weber Licht, Silvana Serafino Cambiaghi, Silvia Coriat e Ver\u00f4nica Camis\u00e3o.<\/p>\n<p>O livro foi desenvolvido em S\u00e3o Paulo, no ano de 2010.<\/p>\n","protected":false},"excerpt":{"rendered":"<p>Os interessados nos temas inclus\u00e3o e diversidade j\u00e1 podem fazer download do livro Celebrando a Diversidade &#8211; Pessoas com Defici\u00eancia e Direito \u00e0 Inclus\u00e3o, publicado pelo site Planeta Educa\u00e7\u00e3o, portal educacional da empresa Vitae Futurekids.<\/p>\n","protected":false},"author":1,"featured_media":0,"comment_status":"open","ping_status":"open","sticky":false,"template":"","format":"standard","meta":{"site-container-style":"default","site-container-layout":"default","site-sidebar-layout":"default","disable-article-header":"default","disable-site-header":"default","disable-site-footer":"default","disable-content-area-spacing":"default","footnotes":""},"categories":[52,51,4,10],"tags":[],"class_list":["post-23534","post","type-post","status-publish","format-standard","hentry","category-downloadables","category-livros","category-noticias","category-publicacoes"],"yoast_head":"<!-- This site is optimized with the Yoast SEO plugin v27.4 - https:\/\/yoast.com\/product\/yoast-seo-wordpress\/ -->\n<title>Planeta Educa\u00e7\u00e3o oferece e-book sobre a diversidade e o direito \u00e0 inclus\u00e3o -<\/title>\n<meta name=\"robots\" content=\"index, follow, max-snippet:-1, max-image-preview:large, max-video-preview:-1\" \/>\n<link rel=\"canonical\" href=\"https:\/\/inclusivenews.com.br\/?p=23534\" \/>\n<meta property=\"og:locale\" content=\"pt_PT\" \/>\n<meta property=\"og:type\" content=\"article\" \/>\n<meta property=\"og:title\" content=\"Planeta Educa\u00e7\u00e3o oferece e-book sobre a diversidade e o direito \u00e0 inclus\u00e3o -\" \/>\n<meta property=\"og:description\" content=\"Os interessados nos temas inclus\u00e3o e diversidade j\u00e1 podem fazer download do livro Celebrando a Diversidade - Pessoas com Defici\u00eancia e Direito \u00e0 Inclus\u00e3o, publicado pelo site Planeta Educa\u00e7\u00e3o, portal educacional da empresa Vitae Futurekids.\" \/>\n<meta property=\"og:url\" content=\"https:\/\/inclusivenews.com.br\/?p=23534\" \/>\n<meta property=\"article:publisher\" content=\"https:\/\/www.facebook.com\/agenciainclusive\/\" \/>\n<meta property=\"article:published_time\" content=\"2012-10-03T18:22:13+00:00\" \/>\n<meta property=\"og:image\" content=\"http:\/\/inclusivenews.com.br\/wp-content\/uploads\/2009\/10\/logotipo_PlanetaEducacao.jpg\" \/>\n<meta name=\"author\" content=\"inclusivenews2024\" \/>\n<meta name=\"twitter:card\" content=\"summary_large_image\" \/>\n<meta name=\"twitter:label1\" content=\"Escrito por\" \/>\n\t<meta name=\"twitter:data1\" content=\"inclusivenews2024\" \/>\n\t<meta name=\"twitter:label2\" content=\"Tempo estimado de leitura\" \/>\n\t<meta name=\"twitter:data2\" content=\"2 minutos\" \/>\n<script type=\"application\/ld+json\" class=\"yoast-schema-graph\">{\"@context\":\"https:\\\/\\\/schema.org\",\"@graph\":[{\"@type\":\"Article\",\"@id\":\"https:\\\/\\\/inclusivenews.com.br\\\/?p=23534#article\",\"isPartOf\":{\"@id\":\"https:\\\/\\\/inclusivenews.com.br\\\/?p=23534\"},\"author\":{\"name\":\"inclusivenews2024\",\"@id\":\"https:\\\/\\\/inclusivenews.com.br\\\/#\\\/schema\\\/person\\\/ae4ec7087559b8692fb33b6fffd2273b\"},\"headline\":\"Planeta Educa\u00e7\u00e3o oferece e-book sobre a diversidade e o direito \u00e0 inclus\u00e3o\",\"datePublished\":\"2012-10-03T18:22:13+00:00\",\"mainEntityOfPage\":{\"@id\":\"https:\\\/\\\/inclusivenews.com.br\\\/?p=23534\"},\"wordCount\":423,\"commentCount\":0,\"publisher\":{\"@id\":\"https:\\\/\\\/inclusivenews.com.br\\\/#organization\"},\"image\":{\"@id\":\"https:\\\/\\\/inclusivenews.com.br\\\/?p=23534#primaryimage\"},\"thumbnailUrl\":\"http:\\\/\\\/inclusivenews.com.br\\\/wp-content\\\/uploads\\\/2009\\\/10\\\/logotipo_PlanetaEducacao.jpg\",\"articleSection\":[\"Downloadables\",\"Livros\",\"NOT\u00cdCIAS\",\"PUBLICA\u00c7\u00d5ES\"],\"inLanguage\":\"pt-PT\",\"potentialAction\":[{\"@type\":\"CommentAction\",\"name\":\"Comment\",\"target\":[\"https:\\\/\\\/inclusivenews.com.br\\\/?p=23534#respond\"]}]},{\"@type\":\"WebPage\",\"@id\":\"https:\\\/\\\/inclusivenews.com.br\\\/?p=23534\",\"url\":\"https:\\\/\\\/inclusivenews.com.br\\\/?p=23534\",\"name\":\"Planeta Educa\u00e7\u00e3o oferece e-book sobre a diversidade e o direito \u00e0 inclus\u00e3o -\",\"isPartOf\":{\"@id\":\"https:\\\/\\\/inclusivenews.com.br\\\/#website\"},\"primaryImageOfPage\":{\"@id\":\"https:\\\/\\\/inclusivenews.com.br\\\/?p=23534#primaryimage\"},\"image\":{\"@id\":\"https:\\\/\\\/inclusivenews.com.br\\\/?p=23534#primaryimage\"},\"thumbnailUrl\":\"http:\\\/\\\/inclusivenews.com.br\\\/wp-content\\\/uploads\\\/2009\\\/10\\\/logotipo_PlanetaEducacao.jpg\",\"datePublished\":\"2012-10-03T18:22:13+00:00\",\"breadcrumb\":{\"@id\":\"https:\\\/\\\/inclusivenews.com.br\\\/?p=23534#breadcrumb\"},\"inLanguage\":\"pt-PT\",\"potentialAction\":[{\"@type\":\"ReadAction\",\"target\":[\"https:\\\/\\\/inclusivenews.com.br\\\/?p=23534\"]}]},{\"@type\":\"ImageObject\",\"inLanguage\":\"pt-PT\",\"@id\":\"https:\\\/\\\/inclusivenews.com.br\\\/?p=23534#primaryimage\",\"url\":\"https:\\\/\\\/inclusivenews.com.br\\\/wp-content\\\/uploads\\\/2009\\\/10\\\/logotipo_PlanetaEducacao.jpg\",\"contentUrl\":\"https:\\\/\\\/inclusivenews.com.br\\\/wp-content\\\/uploads\\\/2009\\\/10\\\/logotipo_PlanetaEducacao.jpg\",\"width\":185,\"height\":120},{\"@type\":\"BreadcrumbList\",\"@id\":\"https:\\\/\\\/inclusivenews.com.br\\\/?p=23534#breadcrumb\",\"itemListElement\":[{\"@type\":\"ListItem\",\"position\":1,\"name\":\"In\u00edcio\",\"item\":\"https:\\\/\\\/inclusivenews.com.br\\\/\"},{\"@type\":\"ListItem\",\"position\":2,\"name\":\"Planeta Educa\u00e7\u00e3o oferece e-book sobre a diversidade e o direito \u00e0 inclus\u00e3o\"}]},{\"@type\":\"WebSite\",\"@id\":\"https:\\\/\\\/inclusivenews.com.br\\\/#website\",\"url\":\"https:\\\/\\\/inclusivenews.com.br\\\/\",\"name\":\"Inclusive News\",\"description\":\"Inclusive News\",\"publisher\":{\"@id\":\"https:\\\/\\\/inclusivenews.com.br\\\/#organization\"},\"potentialAction\":[{\"@type\":\"SearchAction\",\"target\":{\"@type\":\"EntryPoint\",\"urlTemplate\":\"https:\\\/\\\/inclusivenews.com.br\\\/?s={search_term_string}\"},\"query-input\":{\"@type\":\"PropertyValueSpecification\",\"valueRequired\":true,\"valueName\":\"search_term_string\"}}],\"inLanguage\":\"pt-PT\"},{\"@type\":\"Organization\",\"@id\":\"https:\\\/\\\/inclusivenews.com.br\\\/#organization\",\"name\":\"Inclusive - inclus\u00e3o e cidadania\",\"url\":\"https:\\\/\\\/inclusivenews.com.br\\\/\",\"logo\":{\"@type\":\"ImageObject\",\"inLanguage\":\"pt-PT\",\"@id\":\"https:\\\/\\\/inclusivenews.com.br\\\/#\\\/schema\\\/logo\\\/image\\\/\",\"url\":\"https:\\\/\\\/inclusivenews.com.br\\\/wp-content\\\/uploads\\\/2024\\\/03\\\/@grandesite.png\",\"contentUrl\":\"https:\\\/\\\/inclusivenews.com.br\\\/wp-content\\\/uploads\\\/2024\\\/03\\\/@grandesite.png\",\"width\":1080,\"height\":1080,\"caption\":\"Inclusive - inclus\u00e3o e cidadania\"},\"image\":{\"@id\":\"https:\\\/\\\/inclusivenews.com.br\\\/#\\\/schema\\\/logo\\\/image\\\/\"},\"sameAs\":[\"https:\\\/\\\/www.facebook.com\\\/agenciainclusive\\\/\",\"https:\\\/\\\/www.instagram.com\\\/newsinclusive\\\/\"]},{\"@type\":\"Person\",\"@id\":\"https:\\\/\\\/inclusivenews.com.br\\\/#\\\/schema\\\/person\\\/ae4ec7087559b8692fb33b6fffd2273b\",\"name\":\"inclusivenews2024\",\"image\":{\"@type\":\"ImageObject\",\"inLanguage\":\"pt-PT\",\"@id\":\"https:\\\/\\\/secure.gravatar.com\\\/avatar\\\/c5a7ef84c66fa914f55bc4f7ce26cfa275a3b9a1c5568b907bd184fb4dde7b40?s=96&d=mm&r=g\",\"url\":\"https:\\\/\\\/secure.gravatar.com\\\/avatar\\\/c5a7ef84c66fa914f55bc4f7ce26cfa275a3b9a1c5568b907bd184fb4dde7b40?s=96&d=mm&r=g\",\"contentUrl\":\"https:\\\/\\\/secure.gravatar.com\\\/avatar\\\/c5a7ef84c66fa914f55bc4f7ce26cfa275a3b9a1c5568b907bd184fb4dde7b40?s=96&d=mm&r=g\",\"caption\":\"inclusivenews2024\"},\"sameAs\":[\"https:\\\/\\\/inclusivenews.com.br\"],\"url\":\"https:\\\/\\\/inclusivenews.com.br\\\/?author=1\"}]}<\/script>\n<!-- \/ Yoast SEO plugin. -->","yoast_head_json":{"title":"Planeta Educa\u00e7\u00e3o oferece e-book sobre a diversidade e o direito \u00e0 inclus\u00e3o -","robots":{"index":"index","follow":"follow","max-snippet":"max-snippet:-1","max-image-preview":"max-image-preview:large","max-video-preview":"max-video-preview:-1"},"canonical":"https:\/\/inclusivenews.com.br\/?p=23534","og_locale":"pt_PT","og_type":"article","og_title":"Planeta Educa\u00e7\u00e3o oferece e-book sobre a diversidade e o direito \u00e0 inclus\u00e3o -","og_description":"Os interessados nos temas inclus\u00e3o e diversidade j\u00e1 podem fazer download do livro Celebrando a Diversidade - Pessoas com Defici\u00eancia e Direito \u00e0 Inclus\u00e3o, publicado pelo site Planeta Educa\u00e7\u00e3o, portal educacional da empresa Vitae Futurekids.","og_url":"https:\/\/inclusivenews.com.br\/?p=23534","article_publisher":"https:\/\/www.facebook.com\/agenciainclusive\/","article_published_time":"2012-10-03T18:22:13+00:00","og_image":[{"url":"http:\/\/inclusivenews.com.br\/wp-content\/uploads\/2009\/10\/logotipo_PlanetaEducacao.jpg","type":"","width":"","height":""}],"author":"inclusivenews2024","twitter_card":"summary_large_image","twitter_misc":{"Escrito por":"inclusivenews2024","Tempo estimado de leitura":"2 minutos"},"schema":{"@context":"https:\/\/schema.org","@graph":[{"@type":"Article","@id":"https:\/\/inclusivenews.com.br\/?p=23534#article","isPartOf":{"@id":"https:\/\/inclusivenews.com.br\/?p=23534"},"author":{"name":"inclusivenews2024","@id":"https:\/\/inclusivenews.com.br\/#\/schema\/person\/ae4ec7087559b8692fb33b6fffd2273b"},"headline":"Planeta Educa\u00e7\u00e3o oferece e-book sobre a diversidade e o direito \u00e0 inclus\u00e3o","datePublished":"2012-10-03T18:22:13+00:00","mainEntityOfPage":{"@id":"https:\/\/inclusivenews.com.br\/?p=23534"},"wordCount":423,"commentCount":0,"publisher":{"@id":"https:\/\/inclusivenews.com.br\/#organization"},"image":{"@id":"https:\/\/inclusivenews.com.br\/?p=23534#primaryimage"},"thumbnailUrl":"http:\/\/inclusivenews.com.br\/wp-content\/uploads\/2009\/10\/logotipo_PlanetaEducacao.jpg","articleSection":["Downloadables","Livros","NOT\u00cdCIAS","PUBLICA\u00c7\u00d5ES"],"inLanguage":"pt-PT","potentialAction":[{"@type":"CommentAction","name":"Comment","target":["https:\/\/inclusivenews.com.br\/?p=23534#respond"]}]},{"@type":"WebPage","@id":"https:\/\/inclusivenews.com.br\/?p=23534","url":"https:\/\/inclusivenews.com.br\/?p=23534","name":"Planeta Educa\u00e7\u00e3o oferece e-book sobre a diversidade e o direito \u00e0 inclus\u00e3o -","isPartOf":{"@id":"https:\/\/inclusivenews.com.br\/#website"},"primaryImageOfPage":{"@id":"https:\/\/inclusivenews.com.br\/?p=23534#primaryimage"},"image":{"@id":"https:\/\/inclusivenews.com.br\/?p=23534#primaryimage"},"thumbnailUrl":"http:\/\/inclusivenews.com.br\/wp-content\/uploads\/2009\/10\/logotipo_PlanetaEducacao.jpg","datePublished":"2012-10-03T18:22:13+00:00","breadcrumb":{"@id":"https:\/\/inclusivenews.com.br\/?p=23534#breadcrumb"},"inLanguage":"pt-PT","potentialAction":[{"@type":"ReadAction","target":["https:\/\/inclusivenews.com.br\/?p=23534"]}]},{"@type":"ImageObject","inLanguage":"pt-PT","@id":"https:\/\/inclusivenews.com.br\/?p=23534#primaryimage","url":"https:\/\/inclusivenews.com.br\/wp-content\/uploads\/2009\/10\/logotipo_PlanetaEducacao.jpg","contentUrl":"https:\/\/inclusivenews.com.br\/wp-content\/uploads\/2009\/10\/logotipo_PlanetaEducacao.jpg","width":185,"height":120},{"@type":"BreadcrumbList","@id":"https:\/\/inclusivenews.com.br\/?p=23534#breadcrumb","itemListElement":[{"@type":"ListItem","position":1,"name":"In\u00edcio","item":"https:\/\/inclusivenews.com.br\/"},{"@type":"ListItem","position":2,"name":"Planeta Educa\u00e7\u00e3o oferece e-book sobre a diversidade e o direito \u00e0 inclus\u00e3o"}]},{"@type":"WebSite","@id":"https:\/\/inclusivenews.com.br\/#website","url":"https:\/\/inclusivenews.com.br\/","name":"Inclusive News","description":"Inclusive News","publisher":{"@id":"https:\/\/inclusivenews.com.br\/#organization"},"potentialAction":[{"@type":"SearchAction","target":{"@type":"EntryPoint","urlTemplate":"https:\/\/inclusivenews.com.br\/?s={search_term_string}"},"query-input":{"@type":"PropertyValueSpecification","valueRequired":true,"valueName":"search_term_string"}}],"inLanguage":"pt-PT"},{"@type":"Organization","@id":"https:\/\/inclusivenews.com.br\/#organization","name":"Inclusive - inclus\u00e3o e cidadania","url":"https:\/\/inclusivenews.com.br\/","logo":{"@type":"ImageObject","inLanguage":"pt-PT","@id":"https:\/\/inclusivenews.com.br\/#\/schema\/logo\/image\/","url":"https:\/\/inclusivenews.com.br\/wp-content\/uploads\/2024\/03\/@grandesite.png","contentUrl":"https:\/\/inclusivenews.com.br\/wp-content\/uploads\/2024\/03\/@grandesite.png","width":1080,"height":1080,"caption":"Inclusive - inclus\u00e3o e cidadania"},"image":{"@id":"https:\/\/inclusivenews.com.br\/#\/schema\/logo\/image\/"},"sameAs":["https:\/\/www.facebook.com\/agenciainclusive\/","https:\/\/www.instagram.com\/newsinclusive\/"]},{"@type":"Person","@id":"https:\/\/inclusivenews.com.br\/#\/schema\/person\/ae4ec7087559b8692fb33b6fffd2273b","name":"inclusivenews2024","image":{"@type":"ImageObject","inLanguage":"pt-PT","@id":"https:\/\/secure.gravatar.com\/avatar\/c5a7ef84c66fa914f55bc4f7ce26cfa275a3b9a1c5568b907bd184fb4dde7b40?s=96&d=mm&r=g","url":"https:\/\/secure.gravatar.com\/avatar\/c5a7ef84c66fa914f55bc4f7ce26cfa275a3b9a1c5568b907bd184fb4dde7b40?s=96&d=mm&r=g","contentUrl":"https:\/\/secure.gravatar.com\/avatar\/c5a7ef84c66fa914f55bc4f7ce26cfa275a3b9a1c5568b907bd184fb4dde7b40?s=96&d=mm&r=g","caption":"inclusivenews2024"},"sameAs":["https:\/\/inclusivenews.com.br"],"url":"https:\/\/inclusivenews.com.br\/?author=1"}]}},"_links":{"self":[{"href":"https:\/\/inclusivenews.com.br\/index.php?rest_route=\/wp\/v2\/posts\/23534","targetHints":{"allow":["GET"]}}],"collection":[{"href":"https:\/\/inclusivenews.com.br\/index.php?rest_route=\/wp\/v2\/posts"}],"about":[{"href":"https:\/\/inclusivenews.com.br\/index.php?rest_route=\/wp\/v2\/types\/post"}],"author":[{"embeddable":true,"href":"https:\/\/inclusivenews.com.br\/index.php?rest_route=\/wp\/v2\/users\/1"}],"replies":[{"embeddable":true,"href":"https:\/\/inclusivenews.com.br\/index.php?rest_route=%2Fwp%2Fv2%2Fcomments&post=23534"}],"version-history":[{"count":0,"href":"https:\/\/inclusivenews.com.br\/index.php?rest_route=\/wp\/v2\/posts\/23534\/revisions"}],"wp:attachment":[{"href":"https:\/\/inclusivenews.com.br\/index.php?rest_route=%2Fwp%2Fv2%2Fmedia&parent=23534"}],"wp:term":[{"taxonomy":"category","embeddable":true,"href":"https:\/\/inclusivenews.com.br\/index.php?rest_route=%2Fwp%2Fv2%2Fcategories&post=23534"},{"taxonomy":"post_tag","embeddable":true,"href":"https:\/\/inclusivenews.com.br\/index.php?rest_route=%2Fwp%2Fv2%2Ftags&post=23534"}],"curies":[{"name":"wp","href":"https:\/\/api.w.org\/{rel}","templated":true}]}}