{"id":23542,"date":"2012-10-03T15:23:25","date_gmt":"2012-10-03T18:23:25","guid":{"rendered":"http:\/\/www.inclusive.org.br\/?p=23542"},"modified":"2012-10-03T15:23:25","modified_gmt":"2012-10-03T18:23:25","slug":"mais-atencao-e-menos-brinquedos","status":"publish","type":"post","link":"https:\/\/inclusivenews.com.br\/?p=23542","title":{"rendered":"Mais aten\u00e7\u00e3o e menos brinquedos"},"content":{"rendered":"<figure style=\"width: 235px\" class=\"wp-caption alignleft\"><img loading=\"lazy\" decoding=\"async\" title=\"eu apoio inf\u00e2ncia livre de consumismo\" src=\"http:\/\/infancialivredeconsumismo.com\/infancialivredeconsumismo\/wp-content\/uploads\/2015\/04\/seloinfancialivreeuapoio-235x300.jpg\" alt=\"eu apoio inf\u00e2ncia livre de consumismo\" width=\"235\" height=\"300\" \/><figcaption class=\"wp-caption-text\"> <\/figcaption><\/figure>\n<p><a href=\"http:\/\/infancialivredeconsumismo.com\/index.php\/no-dia-das-criancas-quem-e-que-manda\/\" target=\"_blank\" rel=\"noopener\">&#8216;Qual Dia das Crian\u00e7as vamos dar para nossos filhos?<\/a>&#8216; \u00e9 o questionamento feito pelo <a href=\"http:\/\/www.infancialivredeconsumismo.com.br\/\" target=\"_blank\" rel=\"noopener\">Coletivo Inf\u00e2ncia Livre de Consumismo<\/a>, que convida os pais a refletir sobre o que dar aos seus filhos nessa data comemorativa. Tudo isso porque a data se aproxima e j\u00e1 \u00e9 poss\u00edvel perceber a profus\u00e3o de apelos publicit\u00e1rios querendo transformar um produto qualquer no sonho de consumo da garotada.<\/p>\n<p>O Coletivo explica que nessa data, os pais ficam ansiosos, na expectativa de sair \u00e0s compras, com cart\u00e3o de cr\u00e9dito em punho e at\u00e9 dispostos a encarar mais um parcelamento para realizar o sonho de seus pequenos. Contudo, mal conseguem lembrar qual presente deram no ano passado.<\/p>\n<p>Para fazer dessa data um momento de aproxima\u00e7\u00e3o entre pais e filhos, o Coletivo prop\u00f5e a realiza\u00e7\u00e3o de um dia das crian\u00e7as diferente: experi\u00eancias do brincar criativo em fam\u00edlia. Sendo assim, convidam os pais para uma postarem textos e imagens at\u00e9 o dia 12 de outubro com o tema &#8220;Dia das crian\u00e7as: compartilhe brincadeiras&#8221;.<\/p>\n<p>O objetivo da campanha \u00e9inspirar m\u00e3es, pais e outros adultos importantes na vida das crian\u00e7as a experimentarem um Dia das Crian\u00e7as mais divertido, bem como registrar os momentos de brincadeiras de suas crian\u00e7as -esse registro pode ser um texto, uma foto ou um desenho &#8211; ou v\u00e1rios, e usar o facebook ou o blog para falar sobre o assunto.<\/p>\n<p>Para saber mais, acesse: <a href=\"http:\/\/www.infancialivredeconsumismo.com\">www.infancialivredeconsumismo.com<\/a><\/p>\n","protected":false},"excerpt":{"rendered":"<p>Para fazer dessa data um momento de aproxima\u00e7\u00e3o entre pais e filhos, o Coletivo prop\u00f5e a realiza\u00e7\u00e3o de um dia das crian\u00e7as diferente: experi\u00eancias do brincar criativo em fam\u00edlia.<\/p>\n","protected":false},"author":1,"featured_media":0,"comment_status":"open","ping_status":"open","sticky":false,"template":"","format":"standard","meta":{"site-container-style":"default","site-container-layout":"default","site-sidebar-layout":"default","disable-article-header":"default","disable-site-header":"default","disable-site-footer":"default","disable-content-area-spacing":"default","footnotes":""},"categories":[4],"tags":[60],"class_list":["post-23542","post","type-post","status-publish","format-standard","hentry","category-noticias","tag-infancia"],"yoast_head":"<!-- This site is optimized with the Yoast SEO plugin v27.4 - https:\/\/yoast.com\/product\/yoast-seo-wordpress\/ -->\n<title>Mais aten\u00e7\u00e3o e menos brinquedos -<\/title>\n<meta name=\"robots\" content=\"index, follow, max-snippet:-1, max-image-preview:large, max-video-preview:-1\" \/>\n<link rel=\"canonical\" href=\"https:\/\/inclusivenews.com.br\/?p=23542\" \/>\n<meta property=\"og:locale\" content=\"pt_PT\" \/>\n<meta property=\"og:type\" content=\"article\" \/>\n<meta property=\"og:title\" content=\"Mais aten\u00e7\u00e3o e menos brinquedos -\" \/>\n<meta property=\"og:description\" content=\"Para fazer dessa data um momento de aproxima\u00e7\u00e3o entre pais e filhos, o Coletivo prop\u00f5e a realiza\u00e7\u00e3o de um dia das crian\u00e7as diferente: experi\u00eancias do brincar criativo em fam\u00edlia.\" \/>\n<meta property=\"og:url\" content=\"https:\/\/inclusivenews.com.br\/?p=23542\" \/>\n<meta property=\"article:publisher\" content=\"https:\/\/www.facebook.com\/agenciainclusive\/\" \/>\n<meta property=\"article:published_time\" content=\"2012-10-03T18:23:25+00:00\" \/>\n<meta property=\"og:image\" content=\"http:\/\/infancialivredeconsumismo.com\/infancialivredeconsumismo\/wp-content\/uploads\/2015\/04\/seloinfancialivreeuapoio-235x300.jpg\" \/>\n<meta name=\"author\" content=\"inclusivenews2024\" \/>\n<meta name=\"twitter:card\" content=\"summary_large_image\" \/>\n<meta name=\"twitter:label1\" content=\"Escrito por\" \/>\n\t<meta name=\"twitter:data1\" content=\"inclusivenews2024\" \/>\n\t<meta name=\"twitter:label2\" content=\"Tempo estimado de leitura\" \/>\n\t<meta name=\"twitter:data2\" content=\"1 minuto\" \/>\n<script type=\"application\/ld+json\" class=\"yoast-schema-graph\">{\"@context\":\"https:\\\/\\\/schema.org\",\"@graph\":[{\"@type\":\"Article\",\"@id\":\"https:\\\/\\\/inclusivenews.com.br\\\/?p=23542#article\",\"isPartOf\":{\"@id\":\"https:\\\/\\\/inclusivenews.com.br\\\/?p=23542\"},\"author\":{\"name\":\"inclusivenews2024\",\"@id\":\"https:\\\/\\\/inclusivenews.com.br\\\/#\\\/schema\\\/person\\\/ae4ec7087559b8692fb33b6fffd2273b\"},\"headline\":\"Mais aten\u00e7\u00e3o e menos brinquedos\",\"datePublished\":\"2012-10-03T18:23:25+00:00\",\"mainEntityOfPage\":{\"@id\":\"https:\\\/\\\/inclusivenews.com.br\\\/?p=23542\"},\"wordCount\":259,\"commentCount\":0,\"publisher\":{\"@id\":\"https:\\\/\\\/inclusivenews.com.br\\\/#organization\"},\"image\":{\"@id\":\"https:\\\/\\\/inclusivenews.com.br\\\/?p=23542#primaryimage\"},\"thumbnailUrl\":\"http:\\\/\\\/infancialivredeconsumismo.com\\\/infancialivredeconsumismo\\\/wp-content\\\/uploads\\\/2015\\\/04\\\/seloinfancialivreeuapoio-235x300.jpg\",\"keywords\":[\"Inf\u00e2ncia\"],\"articleSection\":[\"NOT\u00cdCIAS\"],\"inLanguage\":\"pt-PT\",\"potentialAction\":[{\"@type\":\"CommentAction\",\"name\":\"Comment\",\"target\":[\"https:\\\/\\\/inclusivenews.com.br\\\/?p=23542#respond\"]}]},{\"@type\":\"WebPage\",\"@id\":\"https:\\\/\\\/inclusivenews.com.br\\\/?p=23542\",\"url\":\"https:\\\/\\\/inclusivenews.com.br\\\/?p=23542\",\"name\":\"Mais aten\u00e7\u00e3o e menos brinquedos -\",\"isPartOf\":{\"@id\":\"https:\\\/\\\/inclusivenews.com.br\\\/#website\"},\"primaryImageOfPage\":{\"@id\":\"https:\\\/\\\/inclusivenews.com.br\\\/?p=23542#primaryimage\"},\"image\":{\"@id\":\"https:\\\/\\\/inclusivenews.com.br\\\/?p=23542#primaryimage\"},\"thumbnailUrl\":\"http:\\\/\\\/infancialivredeconsumismo.com\\\/infancialivredeconsumismo\\\/wp-content\\\/uploads\\\/2015\\\/04\\\/seloinfancialivreeuapoio-235x300.jpg\",\"datePublished\":\"2012-10-03T18:23:25+00:00\",\"breadcrumb\":{\"@id\":\"https:\\\/\\\/inclusivenews.com.br\\\/?p=23542#breadcrumb\"},\"inLanguage\":\"pt-PT\",\"potentialAction\":[{\"@type\":\"ReadAction\",\"target\":[\"https:\\\/\\\/inclusivenews.com.br\\\/?p=23542\"]}]},{\"@type\":\"ImageObject\",\"inLanguage\":\"pt-PT\",\"@id\":\"https:\\\/\\\/inclusivenews.com.br\\\/?p=23542#primaryimage\",\"url\":\"http:\\\/\\\/infancialivredeconsumismo.com\\\/infancialivredeconsumismo\\\/wp-content\\\/uploads\\\/2015\\\/04\\\/seloinfancialivreeuapoio-235x300.jpg\",\"contentUrl\":\"http:\\\/\\\/infancialivredeconsumismo.com\\\/infancialivredeconsumismo\\\/wp-content\\\/uploads\\\/2015\\\/04\\\/seloinfancialivreeuapoio-235x300.jpg\"},{\"@type\":\"BreadcrumbList\",\"@id\":\"https:\\\/\\\/inclusivenews.com.br\\\/?p=23542#breadcrumb\",\"itemListElement\":[{\"@type\":\"ListItem\",\"position\":1,\"name\":\"In\u00edcio\",\"item\":\"https:\\\/\\\/inclusivenews.com.br\\\/\"},{\"@type\":\"ListItem\",\"position\":2,\"name\":\"Mais aten\u00e7\u00e3o e menos brinquedos\"}]},{\"@type\":\"WebSite\",\"@id\":\"https:\\\/\\\/inclusivenews.com.br\\\/#website\",\"url\":\"https:\\\/\\\/inclusivenews.com.br\\\/\",\"name\":\"Inclusive News\",\"description\":\"Inclusive News\",\"publisher\":{\"@id\":\"https:\\\/\\\/inclusivenews.com.br\\\/#organization\"},\"potentialAction\":[{\"@type\":\"SearchAction\",\"target\":{\"@type\":\"EntryPoint\",\"urlTemplate\":\"https:\\\/\\\/inclusivenews.com.br\\\/?s={search_term_string}\"},\"query-input\":{\"@type\":\"PropertyValueSpecification\",\"valueRequired\":true,\"valueName\":\"search_term_string\"}}],\"inLanguage\":\"pt-PT\"},{\"@type\":\"Organization\",\"@id\":\"https:\\\/\\\/inclusivenews.com.br\\\/#organization\",\"name\":\"Inclusive - inclus\u00e3o e cidadania\",\"url\":\"https:\\\/\\\/inclusivenews.com.br\\\/\",\"logo\":{\"@type\":\"ImageObject\",\"inLanguage\":\"pt-PT\",\"@id\":\"https:\\\/\\\/inclusivenews.com.br\\\/#\\\/schema\\\/logo\\\/image\\\/\",\"url\":\"https:\\\/\\\/inclusivenews.com.br\\\/wp-content\\\/uploads\\\/2024\\\/03\\\/@grandesite.png\",\"contentUrl\":\"https:\\\/\\\/inclusivenews.com.br\\\/wp-content\\\/uploads\\\/2024\\\/03\\\/@grandesite.png\",\"width\":1080,\"height\":1080,\"caption\":\"Inclusive - inclus\u00e3o e cidadania\"},\"image\":{\"@id\":\"https:\\\/\\\/inclusivenews.com.br\\\/#\\\/schema\\\/logo\\\/image\\\/\"},\"sameAs\":[\"https:\\\/\\\/www.facebook.com\\\/agenciainclusive\\\/\",\"https:\\\/\\\/www.instagram.com\\\/newsinclusive\\\/\"]},{\"@type\":\"Person\",\"@id\":\"https:\\\/\\\/inclusivenews.com.br\\\/#\\\/schema\\\/person\\\/ae4ec7087559b8692fb33b6fffd2273b\",\"name\":\"inclusivenews2024\",\"image\":{\"@type\":\"ImageObject\",\"inLanguage\":\"pt-PT\",\"@id\":\"https:\\\/\\\/secure.gravatar.com\\\/avatar\\\/c5a7ef84c66fa914f55bc4f7ce26cfa275a3b9a1c5568b907bd184fb4dde7b40?s=96&d=mm&r=g\",\"url\":\"https:\\\/\\\/secure.gravatar.com\\\/avatar\\\/c5a7ef84c66fa914f55bc4f7ce26cfa275a3b9a1c5568b907bd184fb4dde7b40?s=96&d=mm&r=g\",\"contentUrl\":\"https:\\\/\\\/secure.gravatar.com\\\/avatar\\\/c5a7ef84c66fa914f55bc4f7ce26cfa275a3b9a1c5568b907bd184fb4dde7b40?s=96&d=mm&r=g\",\"caption\":\"inclusivenews2024\"},\"sameAs\":[\"https:\\\/\\\/inclusivenews.com.br\"],\"url\":\"https:\\\/\\\/inclusivenews.com.br\\\/?author=1\"}]}<\/script>\n<!-- \/ Yoast SEO plugin. -->","yoast_head_json":{"title":"Mais aten\u00e7\u00e3o e menos brinquedos -","robots":{"index":"index","follow":"follow","max-snippet":"max-snippet:-1","max-image-preview":"max-image-preview:large","max-video-preview":"max-video-preview:-1"},"canonical":"https:\/\/inclusivenews.com.br\/?p=23542","og_locale":"pt_PT","og_type":"article","og_title":"Mais aten\u00e7\u00e3o e menos brinquedos -","og_description":"Para fazer dessa data um momento de aproxima\u00e7\u00e3o entre pais e filhos, o Coletivo prop\u00f5e a realiza\u00e7\u00e3o de um dia das crian\u00e7as diferente: experi\u00eancias do brincar criativo em fam\u00edlia.","og_url":"https:\/\/inclusivenews.com.br\/?p=23542","article_publisher":"https:\/\/www.facebook.com\/agenciainclusive\/","article_published_time":"2012-10-03T18:23:25+00:00","og_image":[{"url":"http:\/\/infancialivredeconsumismo.com\/infancialivredeconsumismo\/wp-content\/uploads\/2015\/04\/seloinfancialivreeuapoio-235x300.jpg","type":"","width":"","height":""}],"author":"inclusivenews2024","twitter_card":"summary_large_image","twitter_misc":{"Escrito por":"inclusivenews2024","Tempo estimado de leitura":"1 minuto"},"schema":{"@context":"https:\/\/schema.org","@graph":[{"@type":"Article","@id":"https:\/\/inclusivenews.com.br\/?p=23542#article","isPartOf":{"@id":"https:\/\/inclusivenews.com.br\/?p=23542"},"author":{"name":"inclusivenews2024","@id":"https:\/\/inclusivenews.com.br\/#\/schema\/person\/ae4ec7087559b8692fb33b6fffd2273b"},"headline":"Mais aten\u00e7\u00e3o e menos brinquedos","datePublished":"2012-10-03T18:23:25+00:00","mainEntityOfPage":{"@id":"https:\/\/inclusivenews.com.br\/?p=23542"},"wordCount":259,"commentCount":0,"publisher":{"@id":"https:\/\/inclusivenews.com.br\/#organization"},"image":{"@id":"https:\/\/inclusivenews.com.br\/?p=23542#primaryimage"},"thumbnailUrl":"http:\/\/infancialivredeconsumismo.com\/infancialivredeconsumismo\/wp-content\/uploads\/2015\/04\/seloinfancialivreeuapoio-235x300.jpg","keywords":["Inf\u00e2ncia"],"articleSection":["NOT\u00cdCIAS"],"inLanguage":"pt-PT","potentialAction":[{"@type":"CommentAction","name":"Comment","target":["https:\/\/inclusivenews.com.br\/?p=23542#respond"]}]},{"@type":"WebPage","@id":"https:\/\/inclusivenews.com.br\/?p=23542","url":"https:\/\/inclusivenews.com.br\/?p=23542","name":"Mais aten\u00e7\u00e3o e menos brinquedos -","isPartOf":{"@id":"https:\/\/inclusivenews.com.br\/#website"},"primaryImageOfPage":{"@id":"https:\/\/inclusivenews.com.br\/?p=23542#primaryimage"},"image":{"@id":"https:\/\/inclusivenews.com.br\/?p=23542#primaryimage"},"thumbnailUrl":"http:\/\/infancialivredeconsumismo.com\/infancialivredeconsumismo\/wp-content\/uploads\/2015\/04\/seloinfancialivreeuapoio-235x300.jpg","datePublished":"2012-10-03T18:23:25+00:00","breadcrumb":{"@id":"https:\/\/inclusivenews.com.br\/?p=23542#breadcrumb"},"inLanguage":"pt-PT","potentialAction":[{"@type":"ReadAction","target":["https:\/\/inclusivenews.com.br\/?p=23542"]}]},{"@type":"ImageObject","inLanguage":"pt-PT","@id":"https:\/\/inclusivenews.com.br\/?p=23542#primaryimage","url":"http:\/\/infancialivredeconsumismo.com\/infancialivredeconsumismo\/wp-content\/uploads\/2015\/04\/seloinfancialivreeuapoio-235x300.jpg","contentUrl":"http:\/\/infancialivredeconsumismo.com\/infancialivredeconsumismo\/wp-content\/uploads\/2015\/04\/seloinfancialivreeuapoio-235x300.jpg"},{"@type":"BreadcrumbList","@id":"https:\/\/inclusivenews.com.br\/?p=23542#breadcrumb","itemListElement":[{"@type":"ListItem","position":1,"name":"In\u00edcio","item":"https:\/\/inclusivenews.com.br\/"},{"@type":"ListItem","position":2,"name":"Mais aten\u00e7\u00e3o e menos brinquedos"}]},{"@type":"WebSite","@id":"https:\/\/inclusivenews.com.br\/#website","url":"https:\/\/inclusivenews.com.br\/","name":"Inclusive News","description":"Inclusive News","publisher":{"@id":"https:\/\/inclusivenews.com.br\/#organization"},"potentialAction":[{"@type":"SearchAction","target":{"@type":"EntryPoint","urlTemplate":"https:\/\/inclusivenews.com.br\/?s={search_term_string}"},"query-input":{"@type":"PropertyValueSpecification","valueRequired":true,"valueName":"search_term_string"}}],"inLanguage":"pt-PT"},{"@type":"Organization","@id":"https:\/\/inclusivenews.com.br\/#organization","name":"Inclusive - inclus\u00e3o e cidadania","url":"https:\/\/inclusivenews.com.br\/","logo":{"@type":"ImageObject","inLanguage":"pt-PT","@id":"https:\/\/inclusivenews.com.br\/#\/schema\/logo\/image\/","url":"https:\/\/inclusivenews.com.br\/wp-content\/uploads\/2024\/03\/@grandesite.png","contentUrl":"https:\/\/inclusivenews.com.br\/wp-content\/uploads\/2024\/03\/@grandesite.png","width":1080,"height":1080,"caption":"Inclusive - inclus\u00e3o e cidadania"},"image":{"@id":"https:\/\/inclusivenews.com.br\/#\/schema\/logo\/image\/"},"sameAs":["https:\/\/www.facebook.com\/agenciainclusive\/","https:\/\/www.instagram.com\/newsinclusive\/"]},{"@type":"Person","@id":"https:\/\/inclusivenews.com.br\/#\/schema\/person\/ae4ec7087559b8692fb33b6fffd2273b","name":"inclusivenews2024","image":{"@type":"ImageObject","inLanguage":"pt-PT","@id":"https:\/\/secure.gravatar.com\/avatar\/c5a7ef84c66fa914f55bc4f7ce26cfa275a3b9a1c5568b907bd184fb4dde7b40?s=96&d=mm&r=g","url":"https:\/\/secure.gravatar.com\/avatar\/c5a7ef84c66fa914f55bc4f7ce26cfa275a3b9a1c5568b907bd184fb4dde7b40?s=96&d=mm&r=g","contentUrl":"https:\/\/secure.gravatar.com\/avatar\/c5a7ef84c66fa914f55bc4f7ce26cfa275a3b9a1c5568b907bd184fb4dde7b40?s=96&d=mm&r=g","caption":"inclusivenews2024"},"sameAs":["https:\/\/inclusivenews.com.br"],"url":"https:\/\/inclusivenews.com.br\/?author=1"}]}},"_links":{"self":[{"href":"https:\/\/inclusivenews.com.br\/index.php?rest_route=\/wp\/v2\/posts\/23542","targetHints":{"allow":["GET"]}}],"collection":[{"href":"https:\/\/inclusivenews.com.br\/index.php?rest_route=\/wp\/v2\/posts"}],"about":[{"href":"https:\/\/inclusivenews.com.br\/index.php?rest_route=\/wp\/v2\/types\/post"}],"author":[{"embeddable":true,"href":"https:\/\/inclusivenews.com.br\/index.php?rest_route=\/wp\/v2\/users\/1"}],"replies":[{"embeddable":true,"href":"https:\/\/inclusivenews.com.br\/index.php?rest_route=%2Fwp%2Fv2%2Fcomments&post=23542"}],"version-history":[{"count":0,"href":"https:\/\/inclusivenews.com.br\/index.php?rest_route=\/wp\/v2\/posts\/23542\/revisions"}],"wp:attachment":[{"href":"https:\/\/inclusivenews.com.br\/index.php?rest_route=%2Fwp%2Fv2%2Fmedia&parent=23542"}],"wp:term":[{"taxonomy":"category","embeddable":true,"href":"https:\/\/inclusivenews.com.br\/index.php?rest_route=%2Fwp%2Fv2%2Fcategories&post=23542"},{"taxonomy":"post_tag","embeddable":true,"href":"https:\/\/inclusivenews.com.br\/index.php?rest_route=%2Fwp%2Fv2%2Ftags&post=23542"}],"curies":[{"name":"wp","href":"https:\/\/api.w.org\/{rel}","templated":true}]}}