{"id":23552,"date":"2012-10-03T15:21:52","date_gmt":"2012-10-03T18:21:52","guid":{"rendered":"http:\/\/www.inclusive.org.br\/?p=23552"},"modified":"2012-10-03T15:21:52","modified_gmt":"2012-10-03T18:21:52","slug":"segundo-o-mec-em-10-anos-o-numero-de-matriculas-de-alunos-com-deficiencia-subiu-9336","status":"publish","type":"post","link":"https:\/\/inclusivenews.com.br\/?p=23552","title":{"rendered":"Segundo o MEC, em 10 anos o n\u00famero de matr\u00edculas de alunos com defici\u00eancia subiu 933,6%"},"content":{"rendered":"<p><a href=\"http:\/\/www.inclusivenews.com.br\/wp-content\/uploads\/2011\/04\/inclusive_inclusao.jpg\"><img loading=\"lazy\" decoding=\"async\" class=\"alignleft size-full wp-image-18995\" title=\"Inclusive - inclus\u00e3o - v\u00e1rias figuras multicoloridas de m\u00e3os dadas: um cadeirante, um muito alto, um muito baixo e outros olhando para dire\u00e7\u00f5es diversas\" src=\"http:\/\/inclusivenews.com.br\/wp-content\/uploads\/2011\/04\/inclusive_inclusao.jpg\" alt=\"Inclusive - inclus\u00e3o - v\u00e1rias figuras multicoloridas de m\u00e3os dadas: um cadeirante, um muito alto, um muito baixo e outros olhando para dire\u00e7\u00f5es diversas\" width=\"232\" height=\"126\" \/><\/a><\/p>\n<p>A quantidade de matr\u00edculas de pessoas com defici\u00eancia na educa\u00e7\u00e3o superior aumentou 933,6% entre 2000 e 2010. Estudantes com defici\u00eancia passaram de 2.173 no come\u00e7o do per\u00edodo para 20.287 em 2010 &#8211; 6.884 na rede p\u00fablica e 13.403 na particular. O n\u00famero de institui\u00e7\u00f5es de educa\u00e7\u00e3o superior que atendem alunos com defici\u00eancia mais que duplicou no per\u00edodo, ao passar de 1.180 no fim do s\u00e9culo passado para 2.378 em 2010. Destas, 1.948 contam com estrutura de acessibilidade para os estudantes.<\/p>\n<p>No or\u00e7amento de 2013, o governo federal vai destinar R$ 11 milh\u00f5es a universidades federais para adequa\u00e7\u00e3o de espa\u00e7os f\u00edsicos e material did\u00e1tico a estudantes com defici\u00eancia, por meio do programa Incluir. O valor \u00e9 quase quatro vezes maior em rela\u00e7\u00e3o ao investimento deste ano, de R$ 3 milh\u00f5es.<\/p>\n<p>O Incluir <a href=\"http:\/\/portal.mec.gov.br\/index.php?Itemid=495&amp;id=12257&amp;option=com_content&amp;view=article\">http:\/\/portal.mec.gov.br\/index.php?Itemid=495&amp;id=12257&amp;option=com_content&amp;view=article<\/a> tem como objetivo promover a\u00e7\u00f5es para eliminar barreiras f\u00edsicas, pedag\u00f3gicas e de comunica\u00e7\u00e3o, a fim de assegurar o acesso e a perman\u00eancia de pessoas com defici\u00eancia nas institui\u00e7\u00f5es p\u00fablicas de ensino superior. At\u00e9 2011, o programa foi executado por meio de chamadas p\u00fablicas. Desde 2012, os recursos s\u00e3o repassados diretamente \u00e0s universidades, por meio dos n\u00facleos de acessibilidade. O valor destinado a cada uma \u00e9 proporcional ao n\u00famero de alunos.<\/p>\n<p>Entre 2013 e 2014, o governo vai abrir 27 cursos de letras com habilita\u00e7\u00e3o em l\u00edngua brasileira de sinais (libras) nas universidades federais, uma em cada unidade da Federa\u00e7\u00e3o. Al\u00e9m disso, o Instituto Nacional de Educa\u00e7\u00e3o de Surdos (Ines) vai ofertar mais 12 cursos de educa\u00e7\u00e3o bil\u00edngue (portugu\u00eas&#8211;libras) a partir do pr\u00f3ximo ano.<\/p>\n<p>Para dar suporte de recursos humanos aos novos cursos nas universidades federais, ser\u00e1 autorizada a abertura de 229 vagas de professores e 286 de t\u00e9cnicos administrativos. As a\u00e7\u00f5es fazem parte do eixo educa\u00e7\u00e3o do Plano Nacional dos Direitos da Pessoa com Defici\u00eancia &#8212; Viver sem Limite, que envolve diversos minist\u00e9rios para promover a inclus\u00e3o, autonomia e direitos das pessoas com defici\u00eancia.<\/p>\n<p>Fonte: <a href=\"http:\/\/portal.mec.gov.br\/index.php?option=com_content&amp;view=article&amp;id=18124\" target=\"_blank\" rel=\"noopener\">MEC<\/a><\/p>\n","protected":false},"excerpt":{"rendered":"<p>A quantidade de matr\u00edculas de pessoas com defici\u00eancia na educa\u00e7\u00e3o superior teria aumentado 933,6% entre 2000 e 2010. Estudantes com defici\u00eancia passaram de 2.173 no come\u00e7o do per\u00edodo para 20.287 em 2010 &#8211; 6.884 na rede p\u00fablica e 13.403 na particular. Informa\u00e7\u00e3o vem do MEC.<\/p>\n","protected":false},"author":1,"featured_media":0,"comment_status":"open","ping_status":"open","sticky":false,"template":"","format":"standard","meta":{"site-container-style":"default","site-container-layout":"default","site-sidebar-layout":"default","disable-article-header":"default","disable-site-header":"default","disable-site-footer":"default","disable-content-area-spacing":"default","footnotes":""},"categories":[6,48,4],"tags":[],"class_list":["post-23552","post","type-post","status-publish","format-standard","hentry","category-educacao","category-inclusao","category-noticias"],"yoast_head":"<!-- This site is optimized with the Yoast SEO plugin v27.4 - https:\/\/yoast.com\/product\/yoast-seo-wordpress\/ -->\n<title>Segundo o MEC, em 10 anos o n\u00famero de matr\u00edculas de alunos com defici\u00eancia subiu 933,6% -<\/title>\n<meta name=\"robots\" content=\"index, follow, max-snippet:-1, max-image-preview:large, max-video-preview:-1\" \/>\n<link rel=\"canonical\" href=\"https:\/\/inclusivenews.com.br\/?p=23552\" \/>\n<meta property=\"og:locale\" content=\"pt_PT\" \/>\n<meta property=\"og:type\" content=\"article\" \/>\n<meta property=\"og:title\" content=\"Segundo o MEC, em 10 anos o n\u00famero de matr\u00edculas de alunos com defici\u00eancia subiu 933,6% -\" \/>\n<meta property=\"og:description\" content=\"A quantidade de matr\u00edculas de pessoas com defici\u00eancia na educa\u00e7\u00e3o superior teria aumentado 933,6% entre 2000 e 2010. Estudantes com defici\u00eancia passaram de 2.173 no come\u00e7o do per\u00edodo para 20.287 em 2010 - 6.884 na rede p\u00fablica e 13.403 na particular. Informa\u00e7\u00e3o vem do MEC.\" \/>\n<meta property=\"og:url\" content=\"https:\/\/inclusivenews.com.br\/?p=23552\" \/>\n<meta property=\"article:publisher\" content=\"https:\/\/www.facebook.com\/agenciainclusive\/\" \/>\n<meta property=\"article:published_time\" content=\"2012-10-03T18:21:52+00:00\" \/>\n<meta property=\"og:image\" content=\"http:\/\/inclusivenews.com.br\/wp-content\/uploads\/2011\/04\/inclusive_inclusao.jpg\" \/>\n<meta name=\"author\" content=\"inclusivenews2024\" \/>\n<meta name=\"twitter:card\" content=\"summary_large_image\" \/>\n<meta name=\"twitter:label1\" content=\"Escrito por\" \/>\n\t<meta name=\"twitter:data1\" content=\"inclusivenews2024\" \/>\n\t<meta name=\"twitter:label2\" content=\"Tempo estimado de leitura\" \/>\n\t<meta name=\"twitter:data2\" content=\"2 minutos\" \/>\n<script type=\"application\/ld+json\" class=\"yoast-schema-graph\">{\"@context\":\"https:\\\/\\\/schema.org\",\"@graph\":[{\"@type\":\"Article\",\"@id\":\"https:\\\/\\\/inclusivenews.com.br\\\/?p=23552#article\",\"isPartOf\":{\"@id\":\"https:\\\/\\\/inclusivenews.com.br\\\/?p=23552\"},\"author\":{\"name\":\"inclusivenews2024\",\"@id\":\"https:\\\/\\\/inclusivenews.com.br\\\/#\\\/schema\\\/person\\\/ae4ec7087559b8692fb33b6fffd2273b\"},\"headline\":\"Segundo o MEC, em 10 anos o n\u00famero de matr\u00edculas de alunos com defici\u00eancia subiu 933,6%\",\"datePublished\":\"2012-10-03T18:21:52+00:00\",\"mainEntityOfPage\":{\"@id\":\"https:\\\/\\\/inclusivenews.com.br\\\/?p=23552\"},\"wordCount\":376,\"commentCount\":0,\"publisher\":{\"@id\":\"https:\\\/\\\/inclusivenews.com.br\\\/#organization\"},\"image\":{\"@id\":\"https:\\\/\\\/inclusivenews.com.br\\\/?p=23552#primaryimage\"},\"thumbnailUrl\":\"http:\\\/\\\/inclusivenews.com.br\\\/wp-content\\\/uploads\\\/2011\\\/04\\\/inclusive_inclusao.jpg\",\"articleSection\":[\"EDUCA\u00c7\u00c3O\",\"INCLUS\u00c3O SOCIAL\",\"NOT\u00cdCIAS\"],\"inLanguage\":\"pt-PT\",\"potentialAction\":[{\"@type\":\"CommentAction\",\"name\":\"Comment\",\"target\":[\"https:\\\/\\\/inclusivenews.com.br\\\/?p=23552#respond\"]}]},{\"@type\":\"WebPage\",\"@id\":\"https:\\\/\\\/inclusivenews.com.br\\\/?p=23552\",\"url\":\"https:\\\/\\\/inclusivenews.com.br\\\/?p=23552\",\"name\":\"Segundo o MEC, em 10 anos o n\u00famero de matr\u00edculas de alunos com defici\u00eancia subiu 933,6% -\",\"isPartOf\":{\"@id\":\"https:\\\/\\\/inclusivenews.com.br\\\/#website\"},\"primaryImageOfPage\":{\"@id\":\"https:\\\/\\\/inclusivenews.com.br\\\/?p=23552#primaryimage\"},\"image\":{\"@id\":\"https:\\\/\\\/inclusivenews.com.br\\\/?p=23552#primaryimage\"},\"thumbnailUrl\":\"http:\\\/\\\/inclusivenews.com.br\\\/wp-content\\\/uploads\\\/2011\\\/04\\\/inclusive_inclusao.jpg\",\"datePublished\":\"2012-10-03T18:21:52+00:00\",\"breadcrumb\":{\"@id\":\"https:\\\/\\\/inclusivenews.com.br\\\/?p=23552#breadcrumb\"},\"inLanguage\":\"pt-PT\",\"potentialAction\":[{\"@type\":\"ReadAction\",\"target\":[\"https:\\\/\\\/inclusivenews.com.br\\\/?p=23552\"]}]},{\"@type\":\"ImageObject\",\"inLanguage\":\"pt-PT\",\"@id\":\"https:\\\/\\\/inclusivenews.com.br\\\/?p=23552#primaryimage\",\"url\":\"\",\"contentUrl\":\"\"},{\"@type\":\"BreadcrumbList\",\"@id\":\"https:\\\/\\\/inclusivenews.com.br\\\/?p=23552#breadcrumb\",\"itemListElement\":[{\"@type\":\"ListItem\",\"position\":1,\"name\":\"In\u00edcio\",\"item\":\"https:\\\/\\\/inclusivenews.com.br\\\/\"},{\"@type\":\"ListItem\",\"position\":2,\"name\":\"Segundo o MEC, em 10 anos o n\u00famero de matr\u00edculas de alunos com defici\u00eancia subiu 933,6%\"}]},{\"@type\":\"WebSite\",\"@id\":\"https:\\\/\\\/inclusivenews.com.br\\\/#website\",\"url\":\"https:\\\/\\\/inclusivenews.com.br\\\/\",\"name\":\"Inclusive News\",\"description\":\"Inclusive News\",\"publisher\":{\"@id\":\"https:\\\/\\\/inclusivenews.com.br\\\/#organization\"},\"potentialAction\":[{\"@type\":\"SearchAction\",\"target\":{\"@type\":\"EntryPoint\",\"urlTemplate\":\"https:\\\/\\\/inclusivenews.com.br\\\/?s={search_term_string}\"},\"query-input\":{\"@type\":\"PropertyValueSpecification\",\"valueRequired\":true,\"valueName\":\"search_term_string\"}}],\"inLanguage\":\"pt-PT\"},{\"@type\":\"Organization\",\"@id\":\"https:\\\/\\\/inclusivenews.com.br\\\/#organization\",\"name\":\"Inclusive - inclus\u00e3o e cidadania\",\"url\":\"https:\\\/\\\/inclusivenews.com.br\\\/\",\"logo\":{\"@type\":\"ImageObject\",\"inLanguage\":\"pt-PT\",\"@id\":\"https:\\\/\\\/inclusivenews.com.br\\\/#\\\/schema\\\/logo\\\/image\\\/\",\"url\":\"https:\\\/\\\/inclusivenews.com.br\\\/wp-content\\\/uploads\\\/2024\\\/03\\\/@grandesite.png\",\"contentUrl\":\"https:\\\/\\\/inclusivenews.com.br\\\/wp-content\\\/uploads\\\/2024\\\/03\\\/@grandesite.png\",\"width\":1080,\"height\":1080,\"caption\":\"Inclusive - inclus\u00e3o e cidadania\"},\"image\":{\"@id\":\"https:\\\/\\\/inclusivenews.com.br\\\/#\\\/schema\\\/logo\\\/image\\\/\"},\"sameAs\":[\"https:\\\/\\\/www.facebook.com\\\/agenciainclusive\\\/\",\"https:\\\/\\\/www.instagram.com\\\/newsinclusive\\\/\"]},{\"@type\":\"Person\",\"@id\":\"https:\\\/\\\/inclusivenews.com.br\\\/#\\\/schema\\\/person\\\/ae4ec7087559b8692fb33b6fffd2273b\",\"name\":\"inclusivenews2024\",\"image\":{\"@type\":\"ImageObject\",\"inLanguage\":\"pt-PT\",\"@id\":\"https:\\\/\\\/secure.gravatar.com\\\/avatar\\\/c5a7ef84c66fa914f55bc4f7ce26cfa275a3b9a1c5568b907bd184fb4dde7b40?s=96&d=mm&r=g\",\"url\":\"https:\\\/\\\/secure.gravatar.com\\\/avatar\\\/c5a7ef84c66fa914f55bc4f7ce26cfa275a3b9a1c5568b907bd184fb4dde7b40?s=96&d=mm&r=g\",\"contentUrl\":\"https:\\\/\\\/secure.gravatar.com\\\/avatar\\\/c5a7ef84c66fa914f55bc4f7ce26cfa275a3b9a1c5568b907bd184fb4dde7b40?s=96&d=mm&r=g\",\"caption\":\"inclusivenews2024\"},\"sameAs\":[\"https:\\\/\\\/inclusivenews.com.br\"],\"url\":\"https:\\\/\\\/inclusivenews.com.br\\\/?author=1\"}]}<\/script>\n<!-- \/ Yoast SEO plugin. -->","yoast_head_json":{"title":"Segundo o MEC, em 10 anos o n\u00famero de matr\u00edculas de alunos com defici\u00eancia subiu 933,6% -","robots":{"index":"index","follow":"follow","max-snippet":"max-snippet:-1","max-image-preview":"max-image-preview:large","max-video-preview":"max-video-preview:-1"},"canonical":"https:\/\/inclusivenews.com.br\/?p=23552","og_locale":"pt_PT","og_type":"article","og_title":"Segundo o MEC, em 10 anos o n\u00famero de matr\u00edculas de alunos com defici\u00eancia subiu 933,6% -","og_description":"A quantidade de matr\u00edculas de pessoas com defici\u00eancia na educa\u00e7\u00e3o superior teria aumentado 933,6% entre 2000 e 2010. Estudantes com defici\u00eancia passaram de 2.173 no come\u00e7o do per\u00edodo para 20.287 em 2010 - 6.884 na rede p\u00fablica e 13.403 na particular. Informa\u00e7\u00e3o vem do MEC.","og_url":"https:\/\/inclusivenews.com.br\/?p=23552","article_publisher":"https:\/\/www.facebook.com\/agenciainclusive\/","article_published_time":"2012-10-03T18:21:52+00:00","og_image":[{"url":"http:\/\/inclusivenews.com.br\/wp-content\/uploads\/2011\/04\/inclusive_inclusao.jpg","type":"","width":"","height":""}],"author":"inclusivenews2024","twitter_card":"summary_large_image","twitter_misc":{"Escrito por":"inclusivenews2024","Tempo estimado de leitura":"2 minutos"},"schema":{"@context":"https:\/\/schema.org","@graph":[{"@type":"Article","@id":"https:\/\/inclusivenews.com.br\/?p=23552#article","isPartOf":{"@id":"https:\/\/inclusivenews.com.br\/?p=23552"},"author":{"name":"inclusivenews2024","@id":"https:\/\/inclusivenews.com.br\/#\/schema\/person\/ae4ec7087559b8692fb33b6fffd2273b"},"headline":"Segundo o MEC, em 10 anos o n\u00famero de matr\u00edculas de alunos com defici\u00eancia subiu 933,6%","datePublished":"2012-10-03T18:21:52+00:00","mainEntityOfPage":{"@id":"https:\/\/inclusivenews.com.br\/?p=23552"},"wordCount":376,"commentCount":0,"publisher":{"@id":"https:\/\/inclusivenews.com.br\/#organization"},"image":{"@id":"https:\/\/inclusivenews.com.br\/?p=23552#primaryimage"},"thumbnailUrl":"http:\/\/inclusivenews.com.br\/wp-content\/uploads\/2011\/04\/inclusive_inclusao.jpg","articleSection":["EDUCA\u00c7\u00c3O","INCLUS\u00c3O SOCIAL","NOT\u00cdCIAS"],"inLanguage":"pt-PT","potentialAction":[{"@type":"CommentAction","name":"Comment","target":["https:\/\/inclusivenews.com.br\/?p=23552#respond"]}]},{"@type":"WebPage","@id":"https:\/\/inclusivenews.com.br\/?p=23552","url":"https:\/\/inclusivenews.com.br\/?p=23552","name":"Segundo o MEC, em 10 anos o n\u00famero de matr\u00edculas de alunos com defici\u00eancia subiu 933,6% -","isPartOf":{"@id":"https:\/\/inclusivenews.com.br\/#website"},"primaryImageOfPage":{"@id":"https:\/\/inclusivenews.com.br\/?p=23552#primaryimage"},"image":{"@id":"https:\/\/inclusivenews.com.br\/?p=23552#primaryimage"},"thumbnailUrl":"http:\/\/inclusivenews.com.br\/wp-content\/uploads\/2011\/04\/inclusive_inclusao.jpg","datePublished":"2012-10-03T18:21:52+00:00","breadcrumb":{"@id":"https:\/\/inclusivenews.com.br\/?p=23552#breadcrumb"},"inLanguage":"pt-PT","potentialAction":[{"@type":"ReadAction","target":["https:\/\/inclusivenews.com.br\/?p=23552"]}]},{"@type":"ImageObject","inLanguage":"pt-PT","@id":"https:\/\/inclusivenews.com.br\/?p=23552#primaryimage","url":"","contentUrl":""},{"@type":"BreadcrumbList","@id":"https:\/\/inclusivenews.com.br\/?p=23552#breadcrumb","itemListElement":[{"@type":"ListItem","position":1,"name":"In\u00edcio","item":"https:\/\/inclusivenews.com.br\/"},{"@type":"ListItem","position":2,"name":"Segundo o MEC, em 10 anos o n\u00famero de matr\u00edculas de alunos com defici\u00eancia subiu 933,6%"}]},{"@type":"WebSite","@id":"https:\/\/inclusivenews.com.br\/#website","url":"https:\/\/inclusivenews.com.br\/","name":"Inclusive News","description":"Inclusive News","publisher":{"@id":"https:\/\/inclusivenews.com.br\/#organization"},"potentialAction":[{"@type":"SearchAction","target":{"@type":"EntryPoint","urlTemplate":"https:\/\/inclusivenews.com.br\/?s={search_term_string}"},"query-input":{"@type":"PropertyValueSpecification","valueRequired":true,"valueName":"search_term_string"}}],"inLanguage":"pt-PT"},{"@type":"Organization","@id":"https:\/\/inclusivenews.com.br\/#organization","name":"Inclusive - inclus\u00e3o e cidadania","url":"https:\/\/inclusivenews.com.br\/","logo":{"@type":"ImageObject","inLanguage":"pt-PT","@id":"https:\/\/inclusivenews.com.br\/#\/schema\/logo\/image\/","url":"https:\/\/inclusivenews.com.br\/wp-content\/uploads\/2024\/03\/@grandesite.png","contentUrl":"https:\/\/inclusivenews.com.br\/wp-content\/uploads\/2024\/03\/@grandesite.png","width":1080,"height":1080,"caption":"Inclusive - inclus\u00e3o e cidadania"},"image":{"@id":"https:\/\/inclusivenews.com.br\/#\/schema\/logo\/image\/"},"sameAs":["https:\/\/www.facebook.com\/agenciainclusive\/","https:\/\/www.instagram.com\/newsinclusive\/"]},{"@type":"Person","@id":"https:\/\/inclusivenews.com.br\/#\/schema\/person\/ae4ec7087559b8692fb33b6fffd2273b","name":"inclusivenews2024","image":{"@type":"ImageObject","inLanguage":"pt-PT","@id":"https:\/\/secure.gravatar.com\/avatar\/c5a7ef84c66fa914f55bc4f7ce26cfa275a3b9a1c5568b907bd184fb4dde7b40?s=96&d=mm&r=g","url":"https:\/\/secure.gravatar.com\/avatar\/c5a7ef84c66fa914f55bc4f7ce26cfa275a3b9a1c5568b907bd184fb4dde7b40?s=96&d=mm&r=g","contentUrl":"https:\/\/secure.gravatar.com\/avatar\/c5a7ef84c66fa914f55bc4f7ce26cfa275a3b9a1c5568b907bd184fb4dde7b40?s=96&d=mm&r=g","caption":"inclusivenews2024"},"sameAs":["https:\/\/inclusivenews.com.br"],"url":"https:\/\/inclusivenews.com.br\/?author=1"}]}},"_links":{"self":[{"href":"https:\/\/inclusivenews.com.br\/index.php?rest_route=\/wp\/v2\/posts\/23552","targetHints":{"allow":["GET"]}}],"collection":[{"href":"https:\/\/inclusivenews.com.br\/index.php?rest_route=\/wp\/v2\/posts"}],"about":[{"href":"https:\/\/inclusivenews.com.br\/index.php?rest_route=\/wp\/v2\/types\/post"}],"author":[{"embeddable":true,"href":"https:\/\/inclusivenews.com.br\/index.php?rest_route=\/wp\/v2\/users\/1"}],"replies":[{"embeddable":true,"href":"https:\/\/inclusivenews.com.br\/index.php?rest_route=%2Fwp%2Fv2%2Fcomments&post=23552"}],"version-history":[{"count":0,"href":"https:\/\/inclusivenews.com.br\/index.php?rest_route=\/wp\/v2\/posts\/23552\/revisions"}],"wp:attachment":[{"href":"https:\/\/inclusivenews.com.br\/index.php?rest_route=%2Fwp%2Fv2%2Fmedia&parent=23552"}],"wp:term":[{"taxonomy":"category","embeddable":true,"href":"https:\/\/inclusivenews.com.br\/index.php?rest_route=%2Fwp%2Fv2%2Fcategories&post=23552"},{"taxonomy":"post_tag","embeddable":true,"href":"https:\/\/inclusivenews.com.br\/index.php?rest_route=%2Fwp%2Fv2%2Ftags&post=23552"}],"curies":[{"name":"wp","href":"https:\/\/api.w.org\/{rel}","templated":true}]}}