{"id":23554,"date":"2012-10-03T15:23:12","date_gmt":"2012-10-03T18:23:12","guid":{"rendered":"http:\/\/www.inclusive.org.br\/?p=23554"},"modified":"2012-10-03T15:23:12","modified_gmt":"2012-10-03T18:23:12","slug":"pacto-pela-infancia","status":"publish","type":"post","link":"https:\/\/inclusivenews.com.br\/?p=23554","title":{"rendered":"Pacto pela inf\u00e2ncia"},"content":{"rendered":"<p><a href=\"http:\/\/www.inclusivenews.com.br\/wp-content\/uploads\/letras.jpg\"><img loading=\"lazy\" decoding=\"async\" class=\"alignleft size-full wp-image-23580\" title=\"Alfabetiza\u00e7\u00e3o - letras\" src=\"http:\/\/inclusivenews.com.br\/wp-content\/uploads\/letras.jpg\" alt=\"Alfabetiza\u00e7\u00e3o - letras\" width=\"277\" height=\"182\" \/><\/a><\/p>\n<p><em>Por Sueli Pecci Passerini<br \/>\nno Estado de S\u00e3o Paulo<\/em><\/p>\n<p><em>Alfabetizar precocemente significa empurrar a crian\u00e7a para o mundo adulto antes da hora, analisa psicopedagoga.<\/em><\/p>\n<p>\u00c9 poss\u00edvel alfabetizar uma crian\u00e7a com menos de 7, 6 ou at\u00e9 5 anos de idade? Sim, \u00e9 poss\u00edvel alfabetizar muito cedo uma crian\u00e7a. Mas ser\u00e1 uma alfabetiza\u00e7\u00e3o significativa? Que comprometimentos podem advir do que entendemos como acelera\u00e7\u00e3o da alfabetiza\u00e7\u00e3o? Qual \u00e9 o ganho efetivo para a crian\u00e7a?<\/p>\n<p>Ou\u00e7o muitas vezes no consult\u00f3rio os pais preocupados com o futuro caminho profissional definido pelo vestibular de seu filho ou filha de apenas 3, 4, 5 anos. Quando pergunto aos pais o que eles entendem do brincar de sua crian\u00e7a, geralmente respondem que \u00e9 apenas um passatempo, exceto pelos jogos de racioc\u00ednio. Eles consideram importante preparar a sua crian\u00e7a para a vida, para a competi\u00e7\u00e3o do mundo, para uma profiss\u00e3o que lhe d\u00ea &#8220;felicidade&#8221;- palavra quase sempre atrelada a &#8220;dinheiro&#8221;.<\/p>\n<p>No entanto, se olhamos a crian\u00e7a quando ela est\u00e1 brincando, fantasiando, subindo em \u00e1rvores ou correndo com outras crian\u00e7as, verificamos um universo muito particular no qual ela desenvolve capacidades e uma confian\u00e7a que, muitas vezes, n\u00e3o encontramos no universo dos adultos bem sucedidos. \u00c9 por esse motivo que nas escolas Waldorf n\u00f3s defendemos que at\u00e9 pelo menos os 6 ou 7 anos a crian\u00e7a simplesmente&#8230; brinque. O tempo que alguns julgam que ela &#8220;perde&#8221; por n\u00e3o ser rapidamente alfabetizada, ela na verdade ganha, acumulando for\u00e7as e mecanismos internos para poder enfrentar o mundo que \u00e0s vezes tanto preocupa os adultos.<\/p>\n<p>H\u00e1 quase 100 anos da funda\u00e7\u00e3o da primeira escola Waldorf na Alemanha, cuja concep\u00e7\u00e3o, denominada Antroposofia, foi elaborada pelo fil\u00f3sofo Rudolf Steiner, acreditamos cada vez mais nessa pr\u00e1tica, hoje disseminada em mais de 3 mil institui\u00e7\u00f5es em todo o mundo, orientando educadores quanto a essa quest\u00e3o. A antropologia antropos\u00f3fica reconhece a import\u00e2ncia do desenvolvimento f\u00edsico, an\u00edmico e espiritual do ser humano em forma\u00e7\u00e3o. E os sete primeiros anos da crian\u00e7a, por exemplo, representam uma fase de grande disp\u00eandio de energia para preparar toda uma condi\u00e7\u00e3o f\u00edsica. Isso se evidencia no princ\u00edpio da troca dos dentes e em um desenvolvimento neurol\u00f3gico e sensorial que tem sua express\u00e3o no dom\u00ednio corporal, na linguagem oral, na fantasia, na intelig\u00eancia.<\/p>\n<p>Contudo, \u00e9 na atividade do brincar que essas capacidades s\u00e3o desenvolvidas com alegria e seriedade, com aten\u00e7\u00e3o e responsabilidade, com seguran\u00e7a e confian\u00e7a em um mundo bom, que n\u00e3o exige da crian\u00e7a al\u00e9m de suas possibilidades, ou seja, uma entrada precoce no mundo adulto. E alfabetizar precocemente significa empurrar a crian\u00e7a para o mundo adulto (para o qual ela n\u00e3o est\u00e1 preparada, portanto) antes da hora, um gasto de energia que poder\u00e1 fazer falta na vida futura dela.<\/p>\n<p>Em minha experi\u00eancia docente, assim como psicopedag\u00f3gica, sempre constato que, para uma crian\u00e7a pequena, o c\u00f3digo alfab\u00e9tico \u00e9 est\u00e9ril, sem cor, sem beleza, pois \u00e9 abstrato e desconhecido. Mesmo depois de alfabetizada, \u00e9 o desenho que representa t\u00e3o significativamente as suas viv\u00eancias. Podemos verificar tal condi\u00e7\u00e3o quando estudamos a escrita de nossos antepassados e a forma de comunica\u00e7\u00e3o de nossas crian\u00e7as, o desenho. A escrita do povo eg\u00edpcio, os hier\u00f3glifos, \u00e9 a representa\u00e7\u00e3o objetiva da realidade, ou seja, a re(a)presenta\u00e7\u00e3o do mundo sens\u00f3rio pelo desenho. Mas quando em 3.000 a.C. surgiu a escrita fon\u00e9tica dos fen\u00edcios, ocorreu um distanciamento dessa forma de express\u00e3o, porque o fonema n\u00e3o tem mais rela\u00e7\u00e3o direta com os elementos do mundo circundante.<\/p>\n<p>O desenho da crian\u00e7a \u00e9, portanto, a sua forma de comunica\u00e7\u00e3o natural, semelhante aos antigos eg\u00edpcios, que revela seu universo infantil com o c\u00f3digo que lhe \u00e9 caro e pr\u00f3prio. Quando a sua crian\u00e7a lhe mostra um desenho que tenha feito, ela est\u00e1 lhe contando como v\u00ea o mundo, como se sente, se est\u00e1 alegre ou triste. N\u00e3o \u00e9 s\u00f3 a escrita que \u00e9 capaz disso.<\/p>\n<p>Nas escolas Waldorf a alfabetiza\u00e7\u00e3o pelo c\u00f3digo fon\u00e9tico inicia-se pelo desenho, de forma lenta e gradual, a partir dos 6 anos, mas o desenho e a pintura correm em paralelo por toda a escolaridade, como uma forma de comunica\u00e7\u00e3o t\u00e3o importante quanto nossa linguagem escrita.<\/p>\n<p>A pedagogia Waldorf pressup\u00f5e que o professor, realizador dessa pedagogia, conhe\u00e7a o ser humano em seu desenvolvimento geral, respeite o contexto sociocultural em que o aluno est\u00e1 inserido e saiba organizar seu ensino privilegiando a brincadeira, o canto, a dan\u00e7a, para que a alfabetiza\u00e7\u00e3o (e qualquer outro conte\u00fado de ensino) tenha significado e seja efetiva.<\/p>\n<p>Entendemos o brincar como o princ\u00edpio l\u00fadico que embasa as atividades art\u00edsticas e orienta toda a pr\u00e1tica docente,masque tamb\u00e9m significa ou re-significa o ensino-aprendizado, pois \u00e9 o motivo, o v\u00ednculo afetivo como professor e com o conte\u00fado.Termino coma frase do fil\u00f3sofo Friedrich Schiller:&#8221;O homem s\u00f3 brinca ou joga enquanto \u00e9 homem no pleno sentido da palavra, e s\u00f3 \u00e9 homem enquanto brinca ou joga&#8221;.<\/p>\n<p><em>* Doutora em psicologia pela USP, professora da FAAP e autora de O Fio de Ariadne &#8211; Um Caminho para A Narra\u00e7\u00e3o de Hist\u00f3rias. Coordena cursos de p\u00f3s-gradua\u00e7\u00e3o em pedagogia Waldorf e integra a Alian\u00e7a pela Inf\u00e2ncia.<\/em><\/p>\n","protected":false},"excerpt":{"rendered":"<p>Alfabetizar precocemente significa empurrar a crian\u00e7a para o mundo adulto antes da hora, analisa psicopedagoga. Opini\u00e3o foi publicada no Estado de S\u00e3o Paulo.<\/p>\n","protected":false},"author":1,"featured_media":0,"comment_status":"open","ping_status":"open","sticky":false,"template":"","format":"standard","meta":{"site-container-style":"default","site-container-layout":"default","site-sidebar-layout":"default","disable-article-header":"default","disable-site-header":"default","disable-site-footer":"default","disable-content-area-spacing":"default","footnotes":""},"categories":[8],"tags":[60],"class_list":["post-23554","post","type-post","status-publish","format-standard","hentry","category-textos-e-artigos","tag-infancia"],"yoast_head":"<!-- This site is optimized with the Yoast SEO plugin v27.4 - https:\/\/yoast.com\/product\/yoast-seo-wordpress\/ -->\n<title>Pacto pela inf\u00e2ncia -<\/title>\n<meta name=\"robots\" content=\"index, follow, max-snippet:-1, max-image-preview:large, max-video-preview:-1\" \/>\n<link rel=\"canonical\" href=\"https:\/\/inclusivenews.com.br\/?p=23554\" \/>\n<meta property=\"og:locale\" content=\"pt_PT\" \/>\n<meta property=\"og:type\" content=\"article\" \/>\n<meta property=\"og:title\" content=\"Pacto pela inf\u00e2ncia -\" \/>\n<meta property=\"og:description\" content=\"Alfabetizar precocemente significa empurrar a crian\u00e7a para o mundo adulto antes da hora, analisa psicopedagoga. Opini\u00e3o foi publicada no Estado de S\u00e3o Paulo.\" \/>\n<meta property=\"og:url\" content=\"https:\/\/inclusivenews.com.br\/?p=23554\" \/>\n<meta property=\"article:publisher\" content=\"https:\/\/www.facebook.com\/agenciainclusive\/\" \/>\n<meta property=\"article:published_time\" content=\"2012-10-03T18:23:12+00:00\" \/>\n<meta property=\"og:image\" content=\"http:\/\/inclusivenews.com.br\/wp-content\/uploads\/letras.jpg\" \/>\n<meta name=\"author\" content=\"inclusivenews2024\" \/>\n<meta name=\"twitter:card\" content=\"summary_large_image\" \/>\n<meta name=\"twitter:label1\" content=\"Escrito por\" \/>\n\t<meta name=\"twitter:data1\" content=\"inclusivenews2024\" \/>\n\t<meta name=\"twitter:label2\" content=\"Tempo estimado de leitura\" \/>\n\t<meta name=\"twitter:data2\" content=\"5 minutos\" \/>\n<script type=\"application\/ld+json\" class=\"yoast-schema-graph\">{\"@context\":\"https:\\\/\\\/schema.org\",\"@graph\":[{\"@type\":\"Article\",\"@id\":\"https:\\\/\\\/inclusivenews.com.br\\\/?p=23554#article\",\"isPartOf\":{\"@id\":\"https:\\\/\\\/inclusivenews.com.br\\\/?p=23554\"},\"author\":{\"name\":\"inclusivenews2024\",\"@id\":\"https:\\\/\\\/inclusivenews.com.br\\\/#\\\/schema\\\/person\\\/ae4ec7087559b8692fb33b6fffd2273b\"},\"headline\":\"Pacto pela inf\u00e2ncia\",\"datePublished\":\"2012-10-03T18:23:12+00:00\",\"mainEntityOfPage\":{\"@id\":\"https:\\\/\\\/inclusivenews.com.br\\\/?p=23554\"},\"wordCount\":917,\"commentCount\":0,\"publisher\":{\"@id\":\"https:\\\/\\\/inclusivenews.com.br\\\/#organization\"},\"image\":{\"@id\":\"https:\\\/\\\/inclusivenews.com.br\\\/?p=23554#primaryimage\"},\"thumbnailUrl\":\"http:\\\/\\\/inclusivenews.com.br\\\/wp-content\\\/uploads\\\/letras.jpg\",\"keywords\":[\"Inf\u00e2ncia\"],\"articleSection\":[\"OPINI\u00c3O\"],\"inLanguage\":\"pt-PT\",\"potentialAction\":[{\"@type\":\"CommentAction\",\"name\":\"Comment\",\"target\":[\"https:\\\/\\\/inclusivenews.com.br\\\/?p=23554#respond\"]}]},{\"@type\":\"WebPage\",\"@id\":\"https:\\\/\\\/inclusivenews.com.br\\\/?p=23554\",\"url\":\"https:\\\/\\\/inclusivenews.com.br\\\/?p=23554\",\"name\":\"Pacto pela inf\u00e2ncia -\",\"isPartOf\":{\"@id\":\"https:\\\/\\\/inclusivenews.com.br\\\/#website\"},\"primaryImageOfPage\":{\"@id\":\"https:\\\/\\\/inclusivenews.com.br\\\/?p=23554#primaryimage\"},\"image\":{\"@id\":\"https:\\\/\\\/inclusivenews.com.br\\\/?p=23554#primaryimage\"},\"thumbnailUrl\":\"http:\\\/\\\/inclusivenews.com.br\\\/wp-content\\\/uploads\\\/letras.jpg\",\"datePublished\":\"2012-10-03T18:23:12+00:00\",\"breadcrumb\":{\"@id\":\"https:\\\/\\\/inclusivenews.com.br\\\/?p=23554#breadcrumb\"},\"inLanguage\":\"pt-PT\",\"potentialAction\":[{\"@type\":\"ReadAction\",\"target\":[\"https:\\\/\\\/inclusivenews.com.br\\\/?p=23554\"]}]},{\"@type\":\"ImageObject\",\"inLanguage\":\"pt-PT\",\"@id\":\"https:\\\/\\\/inclusivenews.com.br\\\/?p=23554#primaryimage\",\"url\":\"\",\"contentUrl\":\"\"},{\"@type\":\"BreadcrumbList\",\"@id\":\"https:\\\/\\\/inclusivenews.com.br\\\/?p=23554#breadcrumb\",\"itemListElement\":[{\"@type\":\"ListItem\",\"position\":1,\"name\":\"In\u00edcio\",\"item\":\"https:\\\/\\\/inclusivenews.com.br\\\/\"},{\"@type\":\"ListItem\",\"position\":2,\"name\":\"Pacto pela inf\u00e2ncia\"}]},{\"@type\":\"WebSite\",\"@id\":\"https:\\\/\\\/inclusivenews.com.br\\\/#website\",\"url\":\"https:\\\/\\\/inclusivenews.com.br\\\/\",\"name\":\"Inclusive News\",\"description\":\"Inclusive News\",\"publisher\":{\"@id\":\"https:\\\/\\\/inclusivenews.com.br\\\/#organization\"},\"potentialAction\":[{\"@type\":\"SearchAction\",\"target\":{\"@type\":\"EntryPoint\",\"urlTemplate\":\"https:\\\/\\\/inclusivenews.com.br\\\/?s={search_term_string}\"},\"query-input\":{\"@type\":\"PropertyValueSpecification\",\"valueRequired\":true,\"valueName\":\"search_term_string\"}}],\"inLanguage\":\"pt-PT\"},{\"@type\":\"Organization\",\"@id\":\"https:\\\/\\\/inclusivenews.com.br\\\/#organization\",\"name\":\"Inclusive - inclus\u00e3o e cidadania\",\"url\":\"https:\\\/\\\/inclusivenews.com.br\\\/\",\"logo\":{\"@type\":\"ImageObject\",\"inLanguage\":\"pt-PT\",\"@id\":\"https:\\\/\\\/inclusivenews.com.br\\\/#\\\/schema\\\/logo\\\/image\\\/\",\"url\":\"https:\\\/\\\/inclusivenews.com.br\\\/wp-content\\\/uploads\\\/2024\\\/03\\\/@grandesite.png\",\"contentUrl\":\"https:\\\/\\\/inclusivenews.com.br\\\/wp-content\\\/uploads\\\/2024\\\/03\\\/@grandesite.png\",\"width\":1080,\"height\":1080,\"caption\":\"Inclusive - inclus\u00e3o e cidadania\"},\"image\":{\"@id\":\"https:\\\/\\\/inclusivenews.com.br\\\/#\\\/schema\\\/logo\\\/image\\\/\"},\"sameAs\":[\"https:\\\/\\\/www.facebook.com\\\/agenciainclusive\\\/\",\"https:\\\/\\\/www.instagram.com\\\/newsinclusive\\\/\"]},{\"@type\":\"Person\",\"@id\":\"https:\\\/\\\/inclusivenews.com.br\\\/#\\\/schema\\\/person\\\/ae4ec7087559b8692fb33b6fffd2273b\",\"name\":\"inclusivenews2024\",\"image\":{\"@type\":\"ImageObject\",\"inLanguage\":\"pt-PT\",\"@id\":\"https:\\\/\\\/secure.gravatar.com\\\/avatar\\\/c5a7ef84c66fa914f55bc4f7ce26cfa275a3b9a1c5568b907bd184fb4dde7b40?s=96&d=mm&r=g\",\"url\":\"https:\\\/\\\/secure.gravatar.com\\\/avatar\\\/c5a7ef84c66fa914f55bc4f7ce26cfa275a3b9a1c5568b907bd184fb4dde7b40?s=96&d=mm&r=g\",\"contentUrl\":\"https:\\\/\\\/secure.gravatar.com\\\/avatar\\\/c5a7ef84c66fa914f55bc4f7ce26cfa275a3b9a1c5568b907bd184fb4dde7b40?s=96&d=mm&r=g\",\"caption\":\"inclusivenews2024\"},\"sameAs\":[\"https:\\\/\\\/inclusivenews.com.br\"],\"url\":\"https:\\\/\\\/inclusivenews.com.br\\\/?author=1\"}]}<\/script>\n<!-- \/ Yoast SEO plugin. -->","yoast_head_json":{"title":"Pacto pela inf\u00e2ncia -","robots":{"index":"index","follow":"follow","max-snippet":"max-snippet:-1","max-image-preview":"max-image-preview:large","max-video-preview":"max-video-preview:-1"},"canonical":"https:\/\/inclusivenews.com.br\/?p=23554","og_locale":"pt_PT","og_type":"article","og_title":"Pacto pela inf\u00e2ncia -","og_description":"Alfabetizar precocemente significa empurrar a crian\u00e7a para o mundo adulto antes da hora, analisa psicopedagoga. Opini\u00e3o foi publicada no Estado de S\u00e3o Paulo.","og_url":"https:\/\/inclusivenews.com.br\/?p=23554","article_publisher":"https:\/\/www.facebook.com\/agenciainclusive\/","article_published_time":"2012-10-03T18:23:12+00:00","og_image":[{"url":"http:\/\/inclusivenews.com.br\/wp-content\/uploads\/letras.jpg","type":"","width":"","height":""}],"author":"inclusivenews2024","twitter_card":"summary_large_image","twitter_misc":{"Escrito por":"inclusivenews2024","Tempo estimado de leitura":"5 minutos"},"schema":{"@context":"https:\/\/schema.org","@graph":[{"@type":"Article","@id":"https:\/\/inclusivenews.com.br\/?p=23554#article","isPartOf":{"@id":"https:\/\/inclusivenews.com.br\/?p=23554"},"author":{"name":"inclusivenews2024","@id":"https:\/\/inclusivenews.com.br\/#\/schema\/person\/ae4ec7087559b8692fb33b6fffd2273b"},"headline":"Pacto pela inf\u00e2ncia","datePublished":"2012-10-03T18:23:12+00:00","mainEntityOfPage":{"@id":"https:\/\/inclusivenews.com.br\/?p=23554"},"wordCount":917,"commentCount":0,"publisher":{"@id":"https:\/\/inclusivenews.com.br\/#organization"},"image":{"@id":"https:\/\/inclusivenews.com.br\/?p=23554#primaryimage"},"thumbnailUrl":"http:\/\/inclusivenews.com.br\/wp-content\/uploads\/letras.jpg","keywords":["Inf\u00e2ncia"],"articleSection":["OPINI\u00c3O"],"inLanguage":"pt-PT","potentialAction":[{"@type":"CommentAction","name":"Comment","target":["https:\/\/inclusivenews.com.br\/?p=23554#respond"]}]},{"@type":"WebPage","@id":"https:\/\/inclusivenews.com.br\/?p=23554","url":"https:\/\/inclusivenews.com.br\/?p=23554","name":"Pacto pela inf\u00e2ncia -","isPartOf":{"@id":"https:\/\/inclusivenews.com.br\/#website"},"primaryImageOfPage":{"@id":"https:\/\/inclusivenews.com.br\/?p=23554#primaryimage"},"image":{"@id":"https:\/\/inclusivenews.com.br\/?p=23554#primaryimage"},"thumbnailUrl":"http:\/\/inclusivenews.com.br\/wp-content\/uploads\/letras.jpg","datePublished":"2012-10-03T18:23:12+00:00","breadcrumb":{"@id":"https:\/\/inclusivenews.com.br\/?p=23554#breadcrumb"},"inLanguage":"pt-PT","potentialAction":[{"@type":"ReadAction","target":["https:\/\/inclusivenews.com.br\/?p=23554"]}]},{"@type":"ImageObject","inLanguage":"pt-PT","@id":"https:\/\/inclusivenews.com.br\/?p=23554#primaryimage","url":"","contentUrl":""},{"@type":"BreadcrumbList","@id":"https:\/\/inclusivenews.com.br\/?p=23554#breadcrumb","itemListElement":[{"@type":"ListItem","position":1,"name":"In\u00edcio","item":"https:\/\/inclusivenews.com.br\/"},{"@type":"ListItem","position":2,"name":"Pacto pela inf\u00e2ncia"}]},{"@type":"WebSite","@id":"https:\/\/inclusivenews.com.br\/#website","url":"https:\/\/inclusivenews.com.br\/","name":"Inclusive News","description":"Inclusive News","publisher":{"@id":"https:\/\/inclusivenews.com.br\/#organization"},"potentialAction":[{"@type":"SearchAction","target":{"@type":"EntryPoint","urlTemplate":"https:\/\/inclusivenews.com.br\/?s={search_term_string}"},"query-input":{"@type":"PropertyValueSpecification","valueRequired":true,"valueName":"search_term_string"}}],"inLanguage":"pt-PT"},{"@type":"Organization","@id":"https:\/\/inclusivenews.com.br\/#organization","name":"Inclusive - inclus\u00e3o e cidadania","url":"https:\/\/inclusivenews.com.br\/","logo":{"@type":"ImageObject","inLanguage":"pt-PT","@id":"https:\/\/inclusivenews.com.br\/#\/schema\/logo\/image\/","url":"https:\/\/inclusivenews.com.br\/wp-content\/uploads\/2024\/03\/@grandesite.png","contentUrl":"https:\/\/inclusivenews.com.br\/wp-content\/uploads\/2024\/03\/@grandesite.png","width":1080,"height":1080,"caption":"Inclusive - inclus\u00e3o e cidadania"},"image":{"@id":"https:\/\/inclusivenews.com.br\/#\/schema\/logo\/image\/"},"sameAs":["https:\/\/www.facebook.com\/agenciainclusive\/","https:\/\/www.instagram.com\/newsinclusive\/"]},{"@type":"Person","@id":"https:\/\/inclusivenews.com.br\/#\/schema\/person\/ae4ec7087559b8692fb33b6fffd2273b","name":"inclusivenews2024","image":{"@type":"ImageObject","inLanguage":"pt-PT","@id":"https:\/\/secure.gravatar.com\/avatar\/c5a7ef84c66fa914f55bc4f7ce26cfa275a3b9a1c5568b907bd184fb4dde7b40?s=96&d=mm&r=g","url":"https:\/\/secure.gravatar.com\/avatar\/c5a7ef84c66fa914f55bc4f7ce26cfa275a3b9a1c5568b907bd184fb4dde7b40?s=96&d=mm&r=g","contentUrl":"https:\/\/secure.gravatar.com\/avatar\/c5a7ef84c66fa914f55bc4f7ce26cfa275a3b9a1c5568b907bd184fb4dde7b40?s=96&d=mm&r=g","caption":"inclusivenews2024"},"sameAs":["https:\/\/inclusivenews.com.br"],"url":"https:\/\/inclusivenews.com.br\/?author=1"}]}},"_links":{"self":[{"href":"https:\/\/inclusivenews.com.br\/index.php?rest_route=\/wp\/v2\/posts\/23554","targetHints":{"allow":["GET"]}}],"collection":[{"href":"https:\/\/inclusivenews.com.br\/index.php?rest_route=\/wp\/v2\/posts"}],"about":[{"href":"https:\/\/inclusivenews.com.br\/index.php?rest_route=\/wp\/v2\/types\/post"}],"author":[{"embeddable":true,"href":"https:\/\/inclusivenews.com.br\/index.php?rest_route=\/wp\/v2\/users\/1"}],"replies":[{"embeddable":true,"href":"https:\/\/inclusivenews.com.br\/index.php?rest_route=%2Fwp%2Fv2%2Fcomments&post=23554"}],"version-history":[{"count":0,"href":"https:\/\/inclusivenews.com.br\/index.php?rest_route=\/wp\/v2\/posts\/23554\/revisions"}],"wp:attachment":[{"href":"https:\/\/inclusivenews.com.br\/index.php?rest_route=%2Fwp%2Fv2%2Fmedia&parent=23554"}],"wp:term":[{"taxonomy":"category","embeddable":true,"href":"https:\/\/inclusivenews.com.br\/index.php?rest_route=%2Fwp%2Fv2%2Fcategories&post=23554"},{"taxonomy":"post_tag","embeddable":true,"href":"https:\/\/inclusivenews.com.br\/index.php?rest_route=%2Fwp%2Fv2%2Ftags&post=23554"}],"curies":[{"name":"wp","href":"https:\/\/api.w.org\/{rel}","templated":true}]}}