{"id":23560,"date":"2012-10-03T15:21:17","date_gmt":"2012-10-03T18:21:17","guid":{"rendered":"http:\/\/www.inclusive.org.br\/?p=23560"},"modified":"2012-10-03T15:21:17","modified_gmt":"2012-10-03T18:21:17","slug":"gordofobia-um-assunto-serio","status":"publish","type":"post","link":"https:\/\/inclusivenews.com.br\/?p=23560","title":{"rendered":"Gordofobia: um assunto s\u00e9rio"},"content":{"rendered":"<figure id=\"attachment_23576\" aria-describedby=\"caption-attachment-23576\" style=\"width: 210px\" class=\"wp-caption alignleft\"><a href=\"http:\/\/www.inclusivenews.com.br\/wp-content\/uploads\/gordofobia.jpg\"><img loading=\"lazy\" decoding=\"async\" class=\"size-medium wp-image-23576\" title=\"Gordofobia - gordura proibida\" src=\"http:\/\/inclusivenews.com.br\/wp-content\/uploads\/gordofobia-300x300.jpg\" alt=\"Gordofobia - gordura proibida\" width=\"210\" height=\"210\" \/><\/a><figcaption id=\"caption-attachment-23576\" class=\"wp-caption-text\"> <\/figcaption><\/figure>\n<p><em>Por Jarid Arraes<br \/>\nno Blogueiras Feministas<\/em><\/p>\n<p>O policiamento dos corpos e a imposi\u00e7\u00e3o de um padr\u00e3o de beleza \u00e9 um problema que atinge todas as pessoas. A ind\u00fastria dos cosm\u00e9ticos est\u00e1 sempre em busca de expandir seus horizontes, procurando bombardear cada vez mais caracter\u00edsticas f\u00edsicas como sin\u00f4nimo de feiura. As regras variam tanto de modo quanto intensidade de acordo com a idade, g\u00eanero ou ra\u00e7a da pessoa: diz-se indesej\u00e1vel a presen\u00e7a de rugas, espinhas, cicatrizes, celulites ou estrias; s\u00e3o oferecidos servi\u00e7os de depila\u00e7\u00e3o a laser, implante capilar ou at\u00e9 clareamento de pele nas partes mais inimagin\u00e1veis do corpo. Uma das caracter\u00edsticas tidas como mais abomin\u00e1veis para a manuten\u00e7\u00e3o da apar\u00eancia \u00e9 a gordura: a magreza excessiva \u00e9 incentivada desde a mais tenra idade e a intoler\u00e2ncia contra pessoas gordas \u00e9 um problema s\u00e9rio.<\/p>\n<p>N\u00e3o \u00e9 necess\u00e1rio nenhum esfor\u00e7o extraordin\u00e1rio para compreender a gordofobia; a pr\u00f3pria palavra sugere um acentuado desconforto e sentimento de repulsa contra pessoas gordas. Tal postura \u00e9 t\u00e3o enraizada em nossa cultura que a maioria das pessoas imediatamente remete pensamentos gordof\u00f3bicos \u00e0s mais variadas imagens e situa\u00e7\u00f5es: por exemplo, acham inaceit\u00e1vel uma mulher gorda vestir roupas justas ou frequentar a praia de biqu\u00edni; sentem desprezo por um homem obeso que come prazerosamente na pra\u00e7a de alimenta\u00e7\u00e3o do shopping. H\u00e1 um vasto leque de imagens negativas que demonstram como pessoas gordas s\u00e3o percebidas na sociedade, quase sempre representadas como desagrad\u00e1veis e repulsivas.<\/p>\n<p>Para as mulheres, \u00e9 excepcionalmente dif\u00edcil ser gorda em meio ao culto dos corpos magros sem odiar a si mesma ou ser odiada. N\u00e3o gostar de si mesma j\u00e1 \u00e9 praticamente uma exig\u00eancia social para toda mulher, cujo valor \u00e9 inteiramente atribu\u00eddo \u00e0 sua apar\u00eancia; o que dizer ent\u00e3o para as mulheres gordas. S\u00e3o aconselhadas uma infinidade de modifica\u00e7\u00f5es corporais e recomendadas centenas de dietas especiais. Para aquelas que sempre foram &#8220;gordinhas&#8221; desde a inf\u00e2ncia, \u00e9 incrivelmente comum crescer com \u00f3dio internalizado de si mesma: s\u00e3o muitos anos de bullying e cobran\u00e7as sociais, que acontecem n\u00e3o apenas no ambiente escolar, como tamb\u00e9m na televis\u00e3o, nas revistas, nos c\u00edrculos sociais de amizades ou no n\u00facleo familiar. Dificilmente uma crian\u00e7a gorda n\u00e3o ouvir\u00e1 de seus pr\u00f3prios parentes que \u00e9 pregui\u00e7osa, come demais e precisa &#8220;se cuidar&#8221;. A press\u00e3o para emagrecer \u00e9 gigantesca de tal modo que \u00e9 muito improv\u00e1vel uma pessoa gorda n\u00e3o ter um hist\u00f3rico de transtornos alimentares ou problemas psicol\u00f3gicos causados pela autoestima severamente prejudicada.<\/p>\n<p>As pessoas gordas vivem cercadas de barreiras extremamente fechadas pela vilig\u00e2ncia alheia, sempre atenta ao que devem vestir, comer ou como devem se comportar. O n\u00famero na balan\u00e7a \u00e9 quase diretamente proporcial \u00e0 quantidade de proibi\u00e7\u00f5es; os cerceamentos s\u00e3o tantos que, n\u00e3o raramente, as pessoas gordas passam a acreditar que s\u00e3o essencialmente inferiores e incapazes. Atividades simples como sair de casa, nadar, dan\u00e7ar ou fazer compras, bem como tantas outras atividades prazerosas do dia a dia, s\u00e3o deixadas de lado por humilha\u00e7\u00e3o e vergonha. Se relacionar afetivamente se torna uma miss\u00e3o quase imposs\u00edvel; sexualmente, ent\u00e3o, nem pensar.<\/p>\n<p>Mesmo para quem rejeita o \u00f3dio internalizado, a batalha di\u00e1ria travada contra tantos estigmas e rep\u00fadio da sociedade \u00e9 \u00e1rdua. \u00c9 culturalmente inimagin\u00e1vel que uma pessoa obesa possa demonstrar o menor sinal de auto-aceita\u00e7\u00e3o ou amor pr\u00f3prio. A m\u00eddia e a ind\u00fastria n\u00e3o s\u00f3 d\u00e1 \u00e0s pessoas a sensa\u00e7\u00e3o de direito de inferiorizar pessoas obesas ou fora do padr\u00e3o, como tamb\u00e9m instiga o \u00f3dio internalizado; tudo sob a pretens\u00e3o de &#8220;preocupa\u00e7\u00e3o com a sa\u00fade&#8221;. Toda refei\u00e7\u00e3o \u00e9 transformada em oportunidade para constranger pessoas gordas, que s\u00e3o lecionadas sobre o que elas t\u00eam direito de comer para ficarem magras &#8212; o que \u00e9 presumivelmente o maior objetivo da vida de toda pessoa gorda.<\/p>\n<p>A maior quantidade de gordura n\u00e3o significa necessariamente menos sa\u00fade; h\u00e1 at\u00e9 mesmo pesquisas atuais que sugerem o efeito contr\u00e1rio em algumas situa\u00e7\u00f5es (leia aqui, em ingl\u00eas). \u00c9 importante observar que sedentarismo e m\u00e1 alimenta\u00e7\u00e3o n\u00e3o est\u00e3o necessariamente associados \u00e0 obesidade, havendo uma infinidade de pessoas gordas ativas e saud\u00e1veis, al\u00e9m de pessoas magras com a sa\u00fade potencialmente debilitada por diversos fatores. Al\u00e9m disso, muitas pessoas n\u00e3o percebem a falta de coer\u00eancia quando dizem se preocupar com a sa\u00fade alheia, a come\u00e7ar pelo fato de que n\u00e3o existe um medidor universal de sa\u00fade. H\u00e1 infinitas dificuldades m\u00e9dicas que uma pessoa pode enfrentar e n\u00e3o existe f\u00f3rmula m\u00e1gica pra calcular com exatid\u00e3o a &#8220;quantidade&#8221;, ou mesmo a &#8220;qualidade&#8221; da sa\u00fade de algu\u00e9m. Enquanto manter uma alimenta\u00e7\u00e3o saud\u00e1vel e praticar exerc\u00edcios f\u00edsicos pode ser uma boa medida para prevenir ataques card\u00edacos, humilhar uma pessoa n\u00e3o vai atenuar em nada sua sa\u00fade psicol\u00f3gica ou emocional. O \u00fanico modo de verificar a sa\u00fade de algu\u00e9m \u00e9 realizando exames extensivos e tendo os resultados avaliados por algu\u00e9m profissional, que dever\u00e1 dizer onde exatamente a sa\u00fade est\u00e1 falhando. N\u00e3o se pode concluir o estilo de vida de uma pessoa baseando-se unicamente no seu corpo, ou mesmo deduzir que esse seja uma representa\u00e7\u00e3o da sua sa\u00fade ou qualidade de vida.<\/p>\n<p>\u00c9 tamb\u00e9m papel do feminismo combater esse discurso de \u00f3dio e m\u00e1 f\u00e9 disfar\u00e7ado de preocupa\u00e7\u00e3o com o bem estar; \u00e9 necess\u00e1rio lutar contra a imposi\u00e7\u00e3o de padr\u00f5es, seja de apar\u00eancia, roupas ou comportamentos. Cuidar de si mesma e amar outras pessoas significa n\u00e3o constrang\u00ea-las e envergonh\u00e1-las. Ningu\u00e9m jamais deveria imp\u00f4r \u00e0 outra pessoa, n\u00e3o importa quem seja, nenhum tipo de roupa, alimenta\u00e7\u00e3o ou comportamento. Faz-se extremamente necess\u00e1rio o empoderamento das pessoas gordas na sociedade e \u00e9 nosso papel, como seres humanos, colaborar com o importante processo de valoriza\u00e7\u00e3o e reconstru\u00e7\u00e3o de autoestima que elas merecem. Todas as pessoas devem ter o direito de viver plenamente.<\/p>\n","protected":false},"excerpt":{"rendered":"<p>N\u00e3o \u00e9 necess\u00e1rio nenhum esfor\u00e7o extraordin\u00e1rio para compreender a gordofobia; a pr\u00f3pria palavra sugere um acentuado desconforto e sentimento de repulsa contra pessoas gordas. Do blog Blogueiras Feministas.<\/p>\n","protected":false},"author":1,"featured_media":0,"comment_status":"open","ping_status":"open","sticky":false,"template":"","format":"standard","meta":{"site-container-style":"default","site-container-layout":"default","site-sidebar-layout":"default","disable-article-header":"default","disable-site-header":"default","disable-site-footer":"default","disable-content-area-spacing":"default","footnotes":""},"categories":[41],"tags":[202],"class_list":["post-23560","post","type-post","status-publish","format-standard","hentry","category-preconceito","tag-gordofobia"],"yoast_head":"<!-- This site is optimized with the Yoast SEO plugin v27.4 - https:\/\/yoast.com\/product\/yoast-seo-wordpress\/ -->\n<title>Gordofobia: um assunto s\u00e9rio -<\/title>\n<meta name=\"robots\" content=\"index, follow, max-snippet:-1, max-image-preview:large, max-video-preview:-1\" \/>\n<link rel=\"canonical\" href=\"https:\/\/inclusivenews.com.br\/?p=23560\" \/>\n<meta property=\"og:locale\" content=\"pt_PT\" \/>\n<meta property=\"og:type\" content=\"article\" \/>\n<meta property=\"og:title\" content=\"Gordofobia: um assunto s\u00e9rio -\" \/>\n<meta property=\"og:description\" content=\"N\u00e3o \u00e9 necess\u00e1rio nenhum esfor\u00e7o extraordin\u00e1rio para compreender a gordofobia; a pr\u00f3pria palavra sugere um acentuado desconforto e sentimento de repulsa contra pessoas gordas. Do blog Blogueiras Feministas.\" \/>\n<meta property=\"og:url\" content=\"https:\/\/inclusivenews.com.br\/?p=23560\" \/>\n<meta property=\"article:publisher\" content=\"https:\/\/www.facebook.com\/agenciainclusive\/\" \/>\n<meta property=\"article:published_time\" content=\"2012-10-03T18:21:17+00:00\" \/>\n<meta property=\"og:image\" content=\"http:\/\/inclusivenews.com.br\/wp-content\/uploads\/gordofobia-300x300.jpg\" \/>\n<meta name=\"author\" content=\"inclusivenews2024\" \/>\n<meta name=\"twitter:card\" content=\"summary_large_image\" \/>\n<meta name=\"twitter:label1\" content=\"Escrito por\" \/>\n\t<meta name=\"twitter:data1\" content=\"inclusivenews2024\" \/>\n\t<meta name=\"twitter:label2\" content=\"Tempo estimado de leitura\" \/>\n\t<meta name=\"twitter:data2\" content=\"5 minutos\" \/>\n<script type=\"application\/ld+json\" class=\"yoast-schema-graph\">{\"@context\":\"https:\\\/\\\/schema.org\",\"@graph\":[{\"@type\":\"Article\",\"@id\":\"https:\\\/\\\/inclusivenews.com.br\\\/?p=23560#article\",\"isPartOf\":{\"@id\":\"https:\\\/\\\/inclusivenews.com.br\\\/?p=23560\"},\"author\":{\"name\":\"inclusivenews2024\",\"@id\":\"https:\\\/\\\/inclusivenews.com.br\\\/#\\\/schema\\\/person\\\/ae4ec7087559b8692fb33b6fffd2273b\"},\"headline\":\"Gordofobia: um assunto s\u00e9rio\",\"datePublished\":\"2012-10-03T18:21:17+00:00\",\"mainEntityOfPage\":{\"@id\":\"https:\\\/\\\/inclusivenews.com.br\\\/?p=23560\"},\"wordCount\":1060,\"commentCount\":0,\"publisher\":{\"@id\":\"https:\\\/\\\/inclusivenews.com.br\\\/#organization\"},\"image\":{\"@id\":\"https:\\\/\\\/inclusivenews.com.br\\\/?p=23560#primaryimage\"},\"thumbnailUrl\":\"http:\\\/\\\/inclusivenews.com.br\\\/wp-content\\\/uploads\\\/gordofobia-300x300.jpg\",\"keywords\":[\"Gordofobia\"],\"articleSection\":[\"Preconceito\"],\"inLanguage\":\"pt-PT\",\"potentialAction\":[{\"@type\":\"CommentAction\",\"name\":\"Comment\",\"target\":[\"https:\\\/\\\/inclusivenews.com.br\\\/?p=23560#respond\"]}]},{\"@type\":\"WebPage\",\"@id\":\"https:\\\/\\\/inclusivenews.com.br\\\/?p=23560\",\"url\":\"https:\\\/\\\/inclusivenews.com.br\\\/?p=23560\",\"name\":\"Gordofobia: um assunto s\u00e9rio -\",\"isPartOf\":{\"@id\":\"https:\\\/\\\/inclusivenews.com.br\\\/#website\"},\"primaryImageOfPage\":{\"@id\":\"https:\\\/\\\/inclusivenews.com.br\\\/?p=23560#primaryimage\"},\"image\":{\"@id\":\"https:\\\/\\\/inclusivenews.com.br\\\/?p=23560#primaryimage\"},\"thumbnailUrl\":\"http:\\\/\\\/inclusivenews.com.br\\\/wp-content\\\/uploads\\\/gordofobia-300x300.jpg\",\"datePublished\":\"2012-10-03T18:21:17+00:00\",\"breadcrumb\":{\"@id\":\"https:\\\/\\\/inclusivenews.com.br\\\/?p=23560#breadcrumb\"},\"inLanguage\":\"pt-PT\",\"potentialAction\":[{\"@type\":\"ReadAction\",\"target\":[\"https:\\\/\\\/inclusivenews.com.br\\\/?p=23560\"]}]},{\"@type\":\"ImageObject\",\"inLanguage\":\"pt-PT\",\"@id\":\"https:\\\/\\\/inclusivenews.com.br\\\/?p=23560#primaryimage\",\"url\":\"\",\"contentUrl\":\"\"},{\"@type\":\"BreadcrumbList\",\"@id\":\"https:\\\/\\\/inclusivenews.com.br\\\/?p=23560#breadcrumb\",\"itemListElement\":[{\"@type\":\"ListItem\",\"position\":1,\"name\":\"In\u00edcio\",\"item\":\"https:\\\/\\\/inclusivenews.com.br\\\/\"},{\"@type\":\"ListItem\",\"position\":2,\"name\":\"Gordofobia: um assunto s\u00e9rio\"}]},{\"@type\":\"WebSite\",\"@id\":\"https:\\\/\\\/inclusivenews.com.br\\\/#website\",\"url\":\"https:\\\/\\\/inclusivenews.com.br\\\/\",\"name\":\"Inclusive News\",\"description\":\"Inclusive News\",\"publisher\":{\"@id\":\"https:\\\/\\\/inclusivenews.com.br\\\/#organization\"},\"potentialAction\":[{\"@type\":\"SearchAction\",\"target\":{\"@type\":\"EntryPoint\",\"urlTemplate\":\"https:\\\/\\\/inclusivenews.com.br\\\/?s={search_term_string}\"},\"query-input\":{\"@type\":\"PropertyValueSpecification\",\"valueRequired\":true,\"valueName\":\"search_term_string\"}}],\"inLanguage\":\"pt-PT\"},{\"@type\":\"Organization\",\"@id\":\"https:\\\/\\\/inclusivenews.com.br\\\/#organization\",\"name\":\"Inclusive - inclus\u00e3o e cidadania\",\"url\":\"https:\\\/\\\/inclusivenews.com.br\\\/\",\"logo\":{\"@type\":\"ImageObject\",\"inLanguage\":\"pt-PT\",\"@id\":\"https:\\\/\\\/inclusivenews.com.br\\\/#\\\/schema\\\/logo\\\/image\\\/\",\"url\":\"https:\\\/\\\/inclusivenews.com.br\\\/wp-content\\\/uploads\\\/2024\\\/03\\\/@grandesite.png\",\"contentUrl\":\"https:\\\/\\\/inclusivenews.com.br\\\/wp-content\\\/uploads\\\/2024\\\/03\\\/@grandesite.png\",\"width\":1080,\"height\":1080,\"caption\":\"Inclusive - inclus\u00e3o e cidadania\"},\"image\":{\"@id\":\"https:\\\/\\\/inclusivenews.com.br\\\/#\\\/schema\\\/logo\\\/image\\\/\"},\"sameAs\":[\"https:\\\/\\\/www.facebook.com\\\/agenciainclusive\\\/\",\"https:\\\/\\\/www.instagram.com\\\/newsinclusive\\\/\"]},{\"@type\":\"Person\",\"@id\":\"https:\\\/\\\/inclusivenews.com.br\\\/#\\\/schema\\\/person\\\/ae4ec7087559b8692fb33b6fffd2273b\",\"name\":\"inclusivenews2024\",\"image\":{\"@type\":\"ImageObject\",\"inLanguage\":\"pt-PT\",\"@id\":\"https:\\\/\\\/secure.gravatar.com\\\/avatar\\\/c5a7ef84c66fa914f55bc4f7ce26cfa275a3b9a1c5568b907bd184fb4dde7b40?s=96&d=mm&r=g\",\"url\":\"https:\\\/\\\/secure.gravatar.com\\\/avatar\\\/c5a7ef84c66fa914f55bc4f7ce26cfa275a3b9a1c5568b907bd184fb4dde7b40?s=96&d=mm&r=g\",\"contentUrl\":\"https:\\\/\\\/secure.gravatar.com\\\/avatar\\\/c5a7ef84c66fa914f55bc4f7ce26cfa275a3b9a1c5568b907bd184fb4dde7b40?s=96&d=mm&r=g\",\"caption\":\"inclusivenews2024\"},\"sameAs\":[\"https:\\\/\\\/inclusivenews.com.br\"],\"url\":\"https:\\\/\\\/inclusivenews.com.br\\\/?author=1\"}]}<\/script>\n<!-- \/ Yoast SEO plugin. -->","yoast_head_json":{"title":"Gordofobia: um assunto s\u00e9rio -","robots":{"index":"index","follow":"follow","max-snippet":"max-snippet:-1","max-image-preview":"max-image-preview:large","max-video-preview":"max-video-preview:-1"},"canonical":"https:\/\/inclusivenews.com.br\/?p=23560","og_locale":"pt_PT","og_type":"article","og_title":"Gordofobia: um assunto s\u00e9rio -","og_description":"N\u00e3o \u00e9 necess\u00e1rio nenhum esfor\u00e7o extraordin\u00e1rio para compreender a gordofobia; a pr\u00f3pria palavra sugere um acentuado desconforto e sentimento de repulsa contra pessoas gordas. Do blog Blogueiras Feministas.","og_url":"https:\/\/inclusivenews.com.br\/?p=23560","article_publisher":"https:\/\/www.facebook.com\/agenciainclusive\/","article_published_time":"2012-10-03T18:21:17+00:00","og_image":[{"url":"http:\/\/inclusivenews.com.br\/wp-content\/uploads\/gordofobia-300x300.jpg","type":"","width":"","height":""}],"author":"inclusivenews2024","twitter_card":"summary_large_image","twitter_misc":{"Escrito por":"inclusivenews2024","Tempo estimado de leitura":"5 minutos"},"schema":{"@context":"https:\/\/schema.org","@graph":[{"@type":"Article","@id":"https:\/\/inclusivenews.com.br\/?p=23560#article","isPartOf":{"@id":"https:\/\/inclusivenews.com.br\/?p=23560"},"author":{"name":"inclusivenews2024","@id":"https:\/\/inclusivenews.com.br\/#\/schema\/person\/ae4ec7087559b8692fb33b6fffd2273b"},"headline":"Gordofobia: um assunto s\u00e9rio","datePublished":"2012-10-03T18:21:17+00:00","mainEntityOfPage":{"@id":"https:\/\/inclusivenews.com.br\/?p=23560"},"wordCount":1060,"commentCount":0,"publisher":{"@id":"https:\/\/inclusivenews.com.br\/#organization"},"image":{"@id":"https:\/\/inclusivenews.com.br\/?p=23560#primaryimage"},"thumbnailUrl":"http:\/\/inclusivenews.com.br\/wp-content\/uploads\/gordofobia-300x300.jpg","keywords":["Gordofobia"],"articleSection":["Preconceito"],"inLanguage":"pt-PT","potentialAction":[{"@type":"CommentAction","name":"Comment","target":["https:\/\/inclusivenews.com.br\/?p=23560#respond"]}]},{"@type":"WebPage","@id":"https:\/\/inclusivenews.com.br\/?p=23560","url":"https:\/\/inclusivenews.com.br\/?p=23560","name":"Gordofobia: um assunto s\u00e9rio -","isPartOf":{"@id":"https:\/\/inclusivenews.com.br\/#website"},"primaryImageOfPage":{"@id":"https:\/\/inclusivenews.com.br\/?p=23560#primaryimage"},"image":{"@id":"https:\/\/inclusivenews.com.br\/?p=23560#primaryimage"},"thumbnailUrl":"http:\/\/inclusivenews.com.br\/wp-content\/uploads\/gordofobia-300x300.jpg","datePublished":"2012-10-03T18:21:17+00:00","breadcrumb":{"@id":"https:\/\/inclusivenews.com.br\/?p=23560#breadcrumb"},"inLanguage":"pt-PT","potentialAction":[{"@type":"ReadAction","target":["https:\/\/inclusivenews.com.br\/?p=23560"]}]},{"@type":"ImageObject","inLanguage":"pt-PT","@id":"https:\/\/inclusivenews.com.br\/?p=23560#primaryimage","url":"","contentUrl":""},{"@type":"BreadcrumbList","@id":"https:\/\/inclusivenews.com.br\/?p=23560#breadcrumb","itemListElement":[{"@type":"ListItem","position":1,"name":"In\u00edcio","item":"https:\/\/inclusivenews.com.br\/"},{"@type":"ListItem","position":2,"name":"Gordofobia: um assunto s\u00e9rio"}]},{"@type":"WebSite","@id":"https:\/\/inclusivenews.com.br\/#website","url":"https:\/\/inclusivenews.com.br\/","name":"Inclusive News","description":"Inclusive News","publisher":{"@id":"https:\/\/inclusivenews.com.br\/#organization"},"potentialAction":[{"@type":"SearchAction","target":{"@type":"EntryPoint","urlTemplate":"https:\/\/inclusivenews.com.br\/?s={search_term_string}"},"query-input":{"@type":"PropertyValueSpecification","valueRequired":true,"valueName":"search_term_string"}}],"inLanguage":"pt-PT"},{"@type":"Organization","@id":"https:\/\/inclusivenews.com.br\/#organization","name":"Inclusive - inclus\u00e3o e cidadania","url":"https:\/\/inclusivenews.com.br\/","logo":{"@type":"ImageObject","inLanguage":"pt-PT","@id":"https:\/\/inclusivenews.com.br\/#\/schema\/logo\/image\/","url":"https:\/\/inclusivenews.com.br\/wp-content\/uploads\/2024\/03\/@grandesite.png","contentUrl":"https:\/\/inclusivenews.com.br\/wp-content\/uploads\/2024\/03\/@grandesite.png","width":1080,"height":1080,"caption":"Inclusive - inclus\u00e3o e cidadania"},"image":{"@id":"https:\/\/inclusivenews.com.br\/#\/schema\/logo\/image\/"},"sameAs":["https:\/\/www.facebook.com\/agenciainclusive\/","https:\/\/www.instagram.com\/newsinclusive\/"]},{"@type":"Person","@id":"https:\/\/inclusivenews.com.br\/#\/schema\/person\/ae4ec7087559b8692fb33b6fffd2273b","name":"inclusivenews2024","image":{"@type":"ImageObject","inLanguage":"pt-PT","@id":"https:\/\/secure.gravatar.com\/avatar\/c5a7ef84c66fa914f55bc4f7ce26cfa275a3b9a1c5568b907bd184fb4dde7b40?s=96&d=mm&r=g","url":"https:\/\/secure.gravatar.com\/avatar\/c5a7ef84c66fa914f55bc4f7ce26cfa275a3b9a1c5568b907bd184fb4dde7b40?s=96&d=mm&r=g","contentUrl":"https:\/\/secure.gravatar.com\/avatar\/c5a7ef84c66fa914f55bc4f7ce26cfa275a3b9a1c5568b907bd184fb4dde7b40?s=96&d=mm&r=g","caption":"inclusivenews2024"},"sameAs":["https:\/\/inclusivenews.com.br"],"url":"https:\/\/inclusivenews.com.br\/?author=1"}]}},"_links":{"self":[{"href":"https:\/\/inclusivenews.com.br\/index.php?rest_route=\/wp\/v2\/posts\/23560","targetHints":{"allow":["GET"]}}],"collection":[{"href":"https:\/\/inclusivenews.com.br\/index.php?rest_route=\/wp\/v2\/posts"}],"about":[{"href":"https:\/\/inclusivenews.com.br\/index.php?rest_route=\/wp\/v2\/types\/post"}],"author":[{"embeddable":true,"href":"https:\/\/inclusivenews.com.br\/index.php?rest_route=\/wp\/v2\/users\/1"}],"replies":[{"embeddable":true,"href":"https:\/\/inclusivenews.com.br\/index.php?rest_route=%2Fwp%2Fv2%2Fcomments&post=23560"}],"version-history":[{"count":0,"href":"https:\/\/inclusivenews.com.br\/index.php?rest_route=\/wp\/v2\/posts\/23560\/revisions"}],"wp:attachment":[{"href":"https:\/\/inclusivenews.com.br\/index.php?rest_route=%2Fwp%2Fv2%2Fmedia&parent=23560"}],"wp:term":[{"taxonomy":"category","embeddable":true,"href":"https:\/\/inclusivenews.com.br\/index.php?rest_route=%2Fwp%2Fv2%2Fcategories&post=23560"},{"taxonomy":"post_tag","embeddable":true,"href":"https:\/\/inclusivenews.com.br\/index.php?rest_route=%2Fwp%2Fv2%2Ftags&post=23560"}],"curies":[{"name":"wp","href":"https:\/\/api.w.org\/{rel}","templated":true}]}}