{"id":23582,"date":"2012-10-03T15:22:02","date_gmt":"2012-10-03T18:22:02","guid":{"rendered":"http:\/\/www.inclusive.org.br\/?p=23582"},"modified":"2012-10-03T15:22:02","modified_gmt":"2012-10-03T18:22:02","slug":"deficit-de-atencao-e-dislexia-na-escola","status":"publish","type":"post","link":"https:\/\/inclusivenews.com.br\/?p=23582","title":{"rendered":"D\u00e9ficit de aten\u00e7\u00e3o e dislexia na escola"},"content":{"rendered":"<p><a href=\"http:\/\/www.inclusivenews.com.br\/wp-content\/uploads\/dislexia-infantil.jpg\"><img loading=\"lazy\" decoding=\"async\" class=\"alignleft size-full wp-image-23588\" title=\"Dislexia infantil: dois bonecos de m\u00e3os dadas sob a palavra dislexia escrita espelhadamente\" src=\"http:\/\/inclusivenews.com.br\/wp-content\/uploads\/dislexia-infantil.jpg\" alt=\"Dislexia infantil: dois bonecos de m\u00e3os dadas sob a palavra dislexia escrita espelhadamente\" width=\"300\" height=\"289\" \/><\/a><\/p>\n<p><em>Dra. Priscila S. Martins<\/em> &#8211; ELO UFRJ<\/p>\n<p>As dificuldades escolares s\u00e3o diversas e multifatoriais, dificultando, muitas vezes, delimita\u00e7\u00f5es mais precisas. No entanto, o comprometimento de habilidades estrat\u00e9gicas para o aprendizado, como aten\u00e7\u00e3o e leitura, pode determinar preju\u00edzos persistentes e difusos, justificando uma avalia\u00e7\u00e3o mais sistem\u00e1tica e aprofundada destas fun\u00e7\u00f5es. O avan\u00e7o no conhecimento sobre transtornos como o TDAH e a Dislexia tem melhorado a compreens\u00e3o geral sobre estas fun\u00e7\u00f5es, orientando ainda estrat\u00e9gias mais espec\u00edficas e eficazes de interven\u00e7\u00e3o.<\/p>\n<p>A aten\u00e7\u00e3o \u00e9 a porta de entrada da informa\u00e7\u00e3o, devendo selecionar o que \u00e9 relevante e controlar seu processamento pelo c\u00e9rebro. Entre outros efeitos, a aten\u00e7\u00e3o facilita a percep\u00e7\u00e3o, a mem\u00f3ria e a resposta motora, tendo papel central no aprendizado (seja uma habilidade ou um conte\u00fado).<\/p>\n<p>A leitura, ao contr\u00e1rio da fala, n\u00e3o \u00e9 aprendida de forma natural ou intuitiva. Esse processo pode ser favorecido por um trabalho sequencial das habilidades envolvidas. A leitura tem como finalidade a compreens\u00e3o, e depende da decodifica\u00e7\u00e3o (convers\u00e3o de letras em sons) adequada, al\u00e9m do dom\u00ednio da l\u00edngua (habilidades da linguagem oral). Presumida a sua aquisi\u00e7\u00e3o, a linguagem escrita se torna a principal (quase exclusiva) ferramenta de acesso e avalia\u00e7\u00e3o dos conte\u00fados escolares, o que \u00e9 potencialmente problem\u00e1tico. Separar as demandas de leitura\/escrita daquelas pr\u00f3prias da disciplina pode ajudar a delimitar eventuais d\u00e9ficits, al\u00e9m de enriquecer o aprendizado de todos os alunos.<\/p>\n<p>O Transtorno do D\u00e9ficit de Aten\u00e7\u00e3o e Hiperatividade (TDAH) \u00e9 definido pela presen\u00e7a de sintomas prim\u00e1rios e persistentes de desaten\u00e7\u00e3o, hiperatividade e impulsividade em n\u00edveis disfuncionais. Dificuldades de organiza\u00e7\u00e3o e planejamento (disfun\u00e7\u00e3o executiva) s\u00e3o tamb\u00e9m muito frequentes. A dislexia \u00e9 um transtorno espec\u00edfico da aprendizagem no qual h\u00e1 uma dificuldade significativa e persistente na leitura, resultante de um d\u00e9ficit na decodifica\u00e7\u00e3o. A compreens\u00e3o da linguagem oral encontra-se preservada, diferente do que \u00e9 observado nas dificuldades prim\u00e1rias de compreens\u00e3o.<\/p>\n<p>O TDAH e a dislexia s\u00e3o condi\u00e7\u00f5es prevalentes na inf\u00e2ncia (acometem cerca de 5% das crian\u00e7as), com impactos na vida escolar, social e familiar. A possibilidade de diagn\u00f3sticos adicionais (comorbidades) \u00e9 a regra \u2013 n\u00e3o a exce\u00e7\u00e3o \u2013 nestes quadros, devendo ser investigados (sintomas de outros transtornos do neurodesenvolvimento, altera\u00e7\u00f5es do humor, ansiedade, entre outros). A taxa de comorbidade entre TDAH e Dislexia \u00e9 elevada e bidirecional (25 a 40% apresentam sintomas do outro transtorno, independente do inicial). Esta associa\u00e7\u00e3o, muito estudada, envolve complexos mecanismos que s\u00e3o compartilhados por estes transtornos (gen\u00e9ticos, ambientais, comportamentais, cognitivos, etc.). Situa\u00e7\u00f5es com\u00f3rbidas evoluem, em geral, com maiores preju\u00edzos, n\u00e3o s\u00f3 acad\u00eamicos como globais (\u00edndices de reprova\u00e7\u00e3o e evas\u00e3o escolar, baixa autoestima, problemas de comportamento, etc.). Ambos os transtornos devem ser diagnosticados e tratados. O reconhecimento desta associa\u00e7\u00e3o \u00e9 uma tarefa muitas vezes dif\u00edcil, e requer a avalia\u00e7\u00e3o cuidadosa e a colabora\u00e7\u00e3o de todos os envolvidos.<\/p>\n<p>Aten\u00e7\u00e3o e leitura s\u00e3o habilidades m\u00faltiplas e complexas, que variam muito entre as pessoas (s\u00e3o dimensionais). Avaliar adequadamente e entender os diversos perfis de funcionamento s\u00e3o grandes desafios para as Neuroci\u00eancias. A dificuldade de leitura na comorbidade parece se relacionar mais com a desaten\u00e7\u00e3o do que com os outros sintomas do TDAH. Em algumas crian\u00e7as, a impulsividade favorece muito o uso da adivinha\u00e7\u00e3o como estrat\u00e9gia compensat\u00f3ria. Caso o comportamento de desaten\u00e7\u00e3o esteja presente somente nos momentos de leitura, o diagn\u00f3stico de TDAH se torna mais improv\u00e1vel. O papel da aten\u00e7\u00e3o visual na dislexia \u00e9 foco recente de pesquisas, al\u00e9m de outros par\u00e2metros j\u00e1 identificados (velocidade de processamento, mem\u00f3ria operacional, etc.).<\/p>\n<p>Estrat\u00e9gias de identifica\u00e7\u00e3o precoce, preven\u00e7\u00e3o e interven\u00e7\u00e3o t\u00eam sido desenhadas a partir deste conhecimento, abrindo interessantes perspectivas. No entanto, h\u00e1 limita\u00e7\u00f5es para a generaliza\u00e7\u00e3o destes resultados, que devem estar claras (diferen\u00e7as entre as l\u00ednguas, varia\u00e7\u00f5es culturais, etc.). A transpar\u00eancia \u00e9 a marca da boa ci\u00eancia. Um olhar individualizado e bom senso s\u00e3o imprescind\u00edveis em todos os casos. Seguem algumas estrat\u00e9gias gerais em fun\u00e7\u00e3o dos aspectos sinalizados.<\/p>\n<p><strong>HABILIDADES IMPORTANTES PARA A LEITURA<\/strong><\/p>\n<p><strong> <\/strong><\/p>\n<p><strong>\u2192 Consci\u00eancia fonol\u00f3gica:\u00a0<em>capacidade de perceber e manipular sons da fala<\/em><\/strong><\/p>\n<p><strong>&#8211;<\/strong><em> <\/em>reconhecer os sons das palavras (usar palmas);<strong><em> <\/em><\/strong><\/p>\n<p><strong>&#8211;<em> <\/em><\/strong>fazer rimas, acrescentar e retirar partes das palavras, formando outras.<\/p>\n<p><strong>\u2192 Nomea\u00e7\u00e3o de letras e associa\u00e7\u00e3o letra-som<\/strong><\/p>\n<p><strong>&#8211;<\/strong> usar jogos ou m\u00fasicas para facilitar a memoriza\u00e7\u00e3o;<\/p>\n<p><strong>&#8211;<\/strong> usar letra bast\u00e3o, evitando informa\u00e7\u00f5es conflitantes antes da consolida\u00e7\u00e3o desta fase (letra cursiva);<\/p>\n<p><strong>&#8211;<\/strong> evitar exposi\u00e7\u00e3o a uma segunda l\u00edngua quando houver dificuldade.<\/p>\n<p><strong>\u2192Decodifica\u00e7\u00e3o fluente (convers\u00e3o letra-som)<\/strong><\/p>\n<p><strong>&#8211;<\/strong> come\u00e7ar com palavras simples e regulares;<\/p>\n<p><strong>&#8211;<\/strong> aumentar progressivamente a complexidade (palavras maiores, irregulares, frases curtas, etc.)<\/p>\n<p><strong><em> <\/em><\/strong><\/p>\n<p><strong>\u2192 Dom\u00ednio da l\u00edngua (aspectos estruturais e sem\u00e2nticos) e narrativa oral<\/strong><\/p>\n<p><strong> <\/strong><\/p>\n<p><strong>&#8211; <\/strong>vocabul\u00e1rio (sentido literal e figurado); palavras derivadas;<\/p>\n<p><strong>&#8211;<\/strong> estrutura frasal e rela\u00e7\u00e3o entre as frases;<\/p>\n<p><strong>&#8211;<\/strong> pistas do contexto e infer\u00eancias;<\/p>\n<p><strong>&#8211;<\/strong> ideia central (personagens e fatos principais);<\/p>\n<p><strong>&#8211;<\/strong> sequ\u00eancia temporal e os termos indicativos;<\/p>\n<p><strong>&#8211;<\/strong> informa\u00e7\u00f5es impl\u00edcitas (o que o personagem pensou ou sentiu; o que poderia ser diferente).<\/p>\n<p><strong>ACOMODA\u00c7\u00d5ES DE LEITURA NA ESCOLA<\/strong><\/p>\n<p><strong> <\/strong> <strong>\u2192<\/strong> A dislexia \u00e9 uma dificuldade\u00a0<strong>persistente<\/strong> de leitura, que \u00e9 sempre mais dif\u00edcil e cansativa. Embora o desempenho melhore com a pr\u00e1tica, as demandas escolares crescentes (textos e enunciados mais extensos e complexos em v\u00e1rias disciplinas) podem manter eventuais lacunas. Al\u00e9m disso, a leitura deve ser estimulada como atividade de prazer, praticada tamb\u00e9m fora da escola. Para isso, \u00e9 fundamental possibilitar outras formas de aprendizado, evitando poss\u00edveis sobrecargas.<\/p>\n<p><strong>ESTRAT\u00c9GIAS GERAIS:<\/strong><\/p>\n<p>\u2192dar mais tempo para o aluno nas atividades que envolvem leitura;<\/p>\n<p>\u2192aumentar o espa\u00e7o entre as letras e destacar as partes mais importantes (aten\u00e7\u00e3o visual);<\/p>\n<p>\u2192possibilitar leitura em voz alta dos textos e enunciados quando necess\u00e1rio;<\/p>\n<p>\u2192 esclarecer as d\u00favidas sobre textos\/enunciados (antes de presumir falhas de conte\u00fado);<\/p>\n<p>\u2192 erros ortogr\u00e1ficos at\u00edpicos fazem parte do quadro e n\u00e3o devem ser descontados;<\/p>\n<p>\u2192 usar recursos visuais para apresentar ou resumir os conte\u00fados (desenhos, figuras ou esquemas);<\/p>\n<p>\u2192 permitir que o aluno responda oralmente ou atrav\u00e9s de recursos visuais;<\/p>\n<p>\u2192 atividades alternativas de aprendizado (museus, exposi\u00e7\u00f5es, filmes, etc.);<\/p>\n<p>\u2192 permitir a grava\u00e7\u00e3o das aulas e\/ou indica\u00e7\u00e3o material audiovisual sobre o conte\u00fado*<\/p>\n<p>Fonte:\u00a0<a href=\"http:\/\/www.tdah.org.br\/br\/textos\/textos\/item\/374-d%C3%A9ficit-de-aten%C3%A7%C3%A3o-e-dislexia-na-escola.html\" target=\"_blank\" rel=\"noopener\">TDAH<\/a><\/p>\n","protected":false},"excerpt":{"rendered":"<p>O avan\u00e7o no conhecimento sobre transtornos como o TDAH e a Dislexia tem melhorado a compreens\u00e3o geral sobre estas fun\u00e7\u00f5es, orientando ainda estrat\u00e9gias mais espec\u00edficas e eficazes de interven\u00e7\u00e3o.<\/p>\n","protected":false},"author":1,"featured_media":0,"comment_status":"open","ping_status":"open","sticky":false,"template":"","format":"standard","meta":{"site-container-style":"default","site-container-layout":"default","site-sidebar-layout":"default","disable-article-header":"default","disable-site-header":"default","disable-site-footer":"default","disable-content-area-spacing":"default","footnotes":""},"categories":[6],"tags":[31,203],"class_list":["post-23582","post","type-post","status-publish","format-standard","hentry","category-educacao","tag-dislexia","tag-tdah"],"yoast_head":"<!-- This site is optimized with the Yoast SEO plugin v27.4 - https:\/\/yoast.com\/product\/yoast-seo-wordpress\/ -->\n<title>D\u00e9ficit de aten\u00e7\u00e3o e dislexia na escola -<\/title>\n<meta name=\"robots\" content=\"index, follow, max-snippet:-1, max-image-preview:large, max-video-preview:-1\" \/>\n<link rel=\"canonical\" href=\"https:\/\/inclusivenews.com.br\/?p=23582\" \/>\n<meta property=\"og:locale\" content=\"pt_PT\" \/>\n<meta property=\"og:type\" content=\"article\" \/>\n<meta property=\"og:title\" content=\"D\u00e9ficit de aten\u00e7\u00e3o e dislexia na escola -\" \/>\n<meta property=\"og:description\" content=\"O avan\u00e7o no conhecimento sobre transtornos como o TDAH e a Dislexia tem melhorado a compreens\u00e3o geral sobre estas fun\u00e7\u00f5es, orientando ainda estrat\u00e9gias mais espec\u00edficas e eficazes de interven\u00e7\u00e3o.\" \/>\n<meta property=\"og:url\" content=\"https:\/\/inclusivenews.com.br\/?p=23582\" \/>\n<meta property=\"article:publisher\" content=\"https:\/\/www.facebook.com\/agenciainclusive\/\" \/>\n<meta property=\"article:published_time\" content=\"2012-10-03T18:22:02+00:00\" \/>\n<meta property=\"og:image\" content=\"http:\/\/inclusivenews.com.br\/wp-content\/uploads\/dislexia-infantil.jpg\" \/>\n<meta name=\"author\" content=\"inclusivenews2024\" \/>\n<meta name=\"twitter:card\" content=\"summary_large_image\" \/>\n<meta name=\"twitter:label1\" content=\"Escrito por\" \/>\n\t<meta name=\"twitter:data1\" content=\"inclusivenews2024\" \/>\n\t<meta name=\"twitter:label2\" content=\"Tempo estimado de leitura\" \/>\n\t<meta name=\"twitter:data2\" content=\"6 minutos\" \/>\n<script type=\"application\/ld+json\" class=\"yoast-schema-graph\">{\"@context\":\"https:\\\/\\\/schema.org\",\"@graph\":[{\"@type\":\"Article\",\"@id\":\"https:\\\/\\\/inclusivenews.com.br\\\/?p=23582#article\",\"isPartOf\":{\"@id\":\"https:\\\/\\\/inclusivenews.com.br\\\/?p=23582\"},\"author\":{\"name\":\"inclusivenews2024\",\"@id\":\"https:\\\/\\\/inclusivenews.com.br\\\/#\\\/schema\\\/person\\\/ae4ec7087559b8692fb33b6fffd2273b\"},\"headline\":\"D\u00e9ficit de aten\u00e7\u00e3o e dislexia na escola\",\"datePublished\":\"2012-10-03T18:22:02+00:00\",\"mainEntityOfPage\":{\"@id\":\"https:\\\/\\\/inclusivenews.com.br\\\/?p=23582\"},\"wordCount\":1112,\"commentCount\":0,\"publisher\":{\"@id\":\"https:\\\/\\\/inclusivenews.com.br\\\/#organization\"},\"image\":{\"@id\":\"https:\\\/\\\/inclusivenews.com.br\\\/?p=23582#primaryimage\"},\"thumbnailUrl\":\"http:\\\/\\\/inclusivenews.com.br\\\/wp-content\\\/uploads\\\/dislexia-infantil.jpg\",\"keywords\":[\"Dislexia\",\"TDAH\"],\"articleSection\":[\"EDUCA\u00c7\u00c3O\"],\"inLanguage\":\"pt-PT\",\"potentialAction\":[{\"@type\":\"CommentAction\",\"name\":\"Comment\",\"target\":[\"https:\\\/\\\/inclusivenews.com.br\\\/?p=23582#respond\"]}]},{\"@type\":\"WebPage\",\"@id\":\"https:\\\/\\\/inclusivenews.com.br\\\/?p=23582\",\"url\":\"https:\\\/\\\/inclusivenews.com.br\\\/?p=23582\",\"name\":\"D\u00e9ficit de aten\u00e7\u00e3o e dislexia na escola -\",\"isPartOf\":{\"@id\":\"https:\\\/\\\/inclusivenews.com.br\\\/#website\"},\"primaryImageOfPage\":{\"@id\":\"https:\\\/\\\/inclusivenews.com.br\\\/?p=23582#primaryimage\"},\"image\":{\"@id\":\"https:\\\/\\\/inclusivenews.com.br\\\/?p=23582#primaryimage\"},\"thumbnailUrl\":\"http:\\\/\\\/inclusivenews.com.br\\\/wp-content\\\/uploads\\\/dislexia-infantil.jpg\",\"datePublished\":\"2012-10-03T18:22:02+00:00\",\"breadcrumb\":{\"@id\":\"https:\\\/\\\/inclusivenews.com.br\\\/?p=23582#breadcrumb\"},\"inLanguage\":\"pt-PT\",\"potentialAction\":[{\"@type\":\"ReadAction\",\"target\":[\"https:\\\/\\\/inclusivenews.com.br\\\/?p=23582\"]}]},{\"@type\":\"ImageObject\",\"inLanguage\":\"pt-PT\",\"@id\":\"https:\\\/\\\/inclusivenews.com.br\\\/?p=23582#primaryimage\",\"url\":\"\",\"contentUrl\":\"\"},{\"@type\":\"BreadcrumbList\",\"@id\":\"https:\\\/\\\/inclusivenews.com.br\\\/?p=23582#breadcrumb\",\"itemListElement\":[{\"@type\":\"ListItem\",\"position\":1,\"name\":\"In\u00edcio\",\"item\":\"https:\\\/\\\/inclusivenews.com.br\\\/\"},{\"@type\":\"ListItem\",\"position\":2,\"name\":\"D\u00e9ficit de aten\u00e7\u00e3o e dislexia na escola\"}]},{\"@type\":\"WebSite\",\"@id\":\"https:\\\/\\\/inclusivenews.com.br\\\/#website\",\"url\":\"https:\\\/\\\/inclusivenews.com.br\\\/\",\"name\":\"Inclusive News\",\"description\":\"Inclusive News\",\"publisher\":{\"@id\":\"https:\\\/\\\/inclusivenews.com.br\\\/#organization\"},\"potentialAction\":[{\"@type\":\"SearchAction\",\"target\":{\"@type\":\"EntryPoint\",\"urlTemplate\":\"https:\\\/\\\/inclusivenews.com.br\\\/?s={search_term_string}\"},\"query-input\":{\"@type\":\"PropertyValueSpecification\",\"valueRequired\":true,\"valueName\":\"search_term_string\"}}],\"inLanguage\":\"pt-PT\"},{\"@type\":\"Organization\",\"@id\":\"https:\\\/\\\/inclusivenews.com.br\\\/#organization\",\"name\":\"Inclusive - inclus\u00e3o e cidadania\",\"url\":\"https:\\\/\\\/inclusivenews.com.br\\\/\",\"logo\":{\"@type\":\"ImageObject\",\"inLanguage\":\"pt-PT\",\"@id\":\"https:\\\/\\\/inclusivenews.com.br\\\/#\\\/schema\\\/logo\\\/image\\\/\",\"url\":\"https:\\\/\\\/inclusivenews.com.br\\\/wp-content\\\/uploads\\\/2024\\\/03\\\/@grandesite.png\",\"contentUrl\":\"https:\\\/\\\/inclusivenews.com.br\\\/wp-content\\\/uploads\\\/2024\\\/03\\\/@grandesite.png\",\"width\":1080,\"height\":1080,\"caption\":\"Inclusive - inclus\u00e3o e cidadania\"},\"image\":{\"@id\":\"https:\\\/\\\/inclusivenews.com.br\\\/#\\\/schema\\\/logo\\\/image\\\/\"},\"sameAs\":[\"https:\\\/\\\/www.facebook.com\\\/agenciainclusive\\\/\",\"https:\\\/\\\/www.instagram.com\\\/newsinclusive\\\/\"]},{\"@type\":\"Person\",\"@id\":\"https:\\\/\\\/inclusivenews.com.br\\\/#\\\/schema\\\/person\\\/ae4ec7087559b8692fb33b6fffd2273b\",\"name\":\"inclusivenews2024\",\"image\":{\"@type\":\"ImageObject\",\"inLanguage\":\"pt-PT\",\"@id\":\"https:\\\/\\\/secure.gravatar.com\\\/avatar\\\/c5a7ef84c66fa914f55bc4f7ce26cfa275a3b9a1c5568b907bd184fb4dde7b40?s=96&d=mm&r=g\",\"url\":\"https:\\\/\\\/secure.gravatar.com\\\/avatar\\\/c5a7ef84c66fa914f55bc4f7ce26cfa275a3b9a1c5568b907bd184fb4dde7b40?s=96&d=mm&r=g\",\"contentUrl\":\"https:\\\/\\\/secure.gravatar.com\\\/avatar\\\/c5a7ef84c66fa914f55bc4f7ce26cfa275a3b9a1c5568b907bd184fb4dde7b40?s=96&d=mm&r=g\",\"caption\":\"inclusivenews2024\"},\"sameAs\":[\"https:\\\/\\\/inclusivenews.com.br\"],\"url\":\"https:\\\/\\\/inclusivenews.com.br\\\/?author=1\"}]}<\/script>\n<!-- \/ Yoast SEO plugin. -->","yoast_head_json":{"title":"D\u00e9ficit de aten\u00e7\u00e3o e dislexia na escola -","robots":{"index":"index","follow":"follow","max-snippet":"max-snippet:-1","max-image-preview":"max-image-preview:large","max-video-preview":"max-video-preview:-1"},"canonical":"https:\/\/inclusivenews.com.br\/?p=23582","og_locale":"pt_PT","og_type":"article","og_title":"D\u00e9ficit de aten\u00e7\u00e3o e dislexia na escola -","og_description":"O avan\u00e7o no conhecimento sobre transtornos como o TDAH e a Dislexia tem melhorado a compreens\u00e3o geral sobre estas fun\u00e7\u00f5es, orientando ainda estrat\u00e9gias mais espec\u00edficas e eficazes de interven\u00e7\u00e3o.","og_url":"https:\/\/inclusivenews.com.br\/?p=23582","article_publisher":"https:\/\/www.facebook.com\/agenciainclusive\/","article_published_time":"2012-10-03T18:22:02+00:00","og_image":[{"url":"http:\/\/inclusivenews.com.br\/wp-content\/uploads\/dislexia-infantil.jpg","type":"","width":"","height":""}],"author":"inclusivenews2024","twitter_card":"summary_large_image","twitter_misc":{"Escrito por":"inclusivenews2024","Tempo estimado de leitura":"6 minutos"},"schema":{"@context":"https:\/\/schema.org","@graph":[{"@type":"Article","@id":"https:\/\/inclusivenews.com.br\/?p=23582#article","isPartOf":{"@id":"https:\/\/inclusivenews.com.br\/?p=23582"},"author":{"name":"inclusivenews2024","@id":"https:\/\/inclusivenews.com.br\/#\/schema\/person\/ae4ec7087559b8692fb33b6fffd2273b"},"headline":"D\u00e9ficit de aten\u00e7\u00e3o e dislexia na escola","datePublished":"2012-10-03T18:22:02+00:00","mainEntityOfPage":{"@id":"https:\/\/inclusivenews.com.br\/?p=23582"},"wordCount":1112,"commentCount":0,"publisher":{"@id":"https:\/\/inclusivenews.com.br\/#organization"},"image":{"@id":"https:\/\/inclusivenews.com.br\/?p=23582#primaryimage"},"thumbnailUrl":"http:\/\/inclusivenews.com.br\/wp-content\/uploads\/dislexia-infantil.jpg","keywords":["Dislexia","TDAH"],"articleSection":["EDUCA\u00c7\u00c3O"],"inLanguage":"pt-PT","potentialAction":[{"@type":"CommentAction","name":"Comment","target":["https:\/\/inclusivenews.com.br\/?p=23582#respond"]}]},{"@type":"WebPage","@id":"https:\/\/inclusivenews.com.br\/?p=23582","url":"https:\/\/inclusivenews.com.br\/?p=23582","name":"D\u00e9ficit de aten\u00e7\u00e3o e dislexia na escola -","isPartOf":{"@id":"https:\/\/inclusivenews.com.br\/#website"},"primaryImageOfPage":{"@id":"https:\/\/inclusivenews.com.br\/?p=23582#primaryimage"},"image":{"@id":"https:\/\/inclusivenews.com.br\/?p=23582#primaryimage"},"thumbnailUrl":"http:\/\/inclusivenews.com.br\/wp-content\/uploads\/dislexia-infantil.jpg","datePublished":"2012-10-03T18:22:02+00:00","breadcrumb":{"@id":"https:\/\/inclusivenews.com.br\/?p=23582#breadcrumb"},"inLanguage":"pt-PT","potentialAction":[{"@type":"ReadAction","target":["https:\/\/inclusivenews.com.br\/?p=23582"]}]},{"@type":"ImageObject","inLanguage":"pt-PT","@id":"https:\/\/inclusivenews.com.br\/?p=23582#primaryimage","url":"","contentUrl":""},{"@type":"BreadcrumbList","@id":"https:\/\/inclusivenews.com.br\/?p=23582#breadcrumb","itemListElement":[{"@type":"ListItem","position":1,"name":"In\u00edcio","item":"https:\/\/inclusivenews.com.br\/"},{"@type":"ListItem","position":2,"name":"D\u00e9ficit de aten\u00e7\u00e3o e dislexia na escola"}]},{"@type":"WebSite","@id":"https:\/\/inclusivenews.com.br\/#website","url":"https:\/\/inclusivenews.com.br\/","name":"Inclusive News","description":"Inclusive News","publisher":{"@id":"https:\/\/inclusivenews.com.br\/#organization"},"potentialAction":[{"@type":"SearchAction","target":{"@type":"EntryPoint","urlTemplate":"https:\/\/inclusivenews.com.br\/?s={search_term_string}"},"query-input":{"@type":"PropertyValueSpecification","valueRequired":true,"valueName":"search_term_string"}}],"inLanguage":"pt-PT"},{"@type":"Organization","@id":"https:\/\/inclusivenews.com.br\/#organization","name":"Inclusive - inclus\u00e3o e cidadania","url":"https:\/\/inclusivenews.com.br\/","logo":{"@type":"ImageObject","inLanguage":"pt-PT","@id":"https:\/\/inclusivenews.com.br\/#\/schema\/logo\/image\/","url":"https:\/\/inclusivenews.com.br\/wp-content\/uploads\/2024\/03\/@grandesite.png","contentUrl":"https:\/\/inclusivenews.com.br\/wp-content\/uploads\/2024\/03\/@grandesite.png","width":1080,"height":1080,"caption":"Inclusive - inclus\u00e3o e cidadania"},"image":{"@id":"https:\/\/inclusivenews.com.br\/#\/schema\/logo\/image\/"},"sameAs":["https:\/\/www.facebook.com\/agenciainclusive\/","https:\/\/www.instagram.com\/newsinclusive\/"]},{"@type":"Person","@id":"https:\/\/inclusivenews.com.br\/#\/schema\/person\/ae4ec7087559b8692fb33b6fffd2273b","name":"inclusivenews2024","image":{"@type":"ImageObject","inLanguage":"pt-PT","@id":"https:\/\/secure.gravatar.com\/avatar\/c5a7ef84c66fa914f55bc4f7ce26cfa275a3b9a1c5568b907bd184fb4dde7b40?s=96&d=mm&r=g","url":"https:\/\/secure.gravatar.com\/avatar\/c5a7ef84c66fa914f55bc4f7ce26cfa275a3b9a1c5568b907bd184fb4dde7b40?s=96&d=mm&r=g","contentUrl":"https:\/\/secure.gravatar.com\/avatar\/c5a7ef84c66fa914f55bc4f7ce26cfa275a3b9a1c5568b907bd184fb4dde7b40?s=96&d=mm&r=g","caption":"inclusivenews2024"},"sameAs":["https:\/\/inclusivenews.com.br"],"url":"https:\/\/inclusivenews.com.br\/?author=1"}]}},"_links":{"self":[{"href":"https:\/\/inclusivenews.com.br\/index.php?rest_route=\/wp\/v2\/posts\/23582","targetHints":{"allow":["GET"]}}],"collection":[{"href":"https:\/\/inclusivenews.com.br\/index.php?rest_route=\/wp\/v2\/posts"}],"about":[{"href":"https:\/\/inclusivenews.com.br\/index.php?rest_route=\/wp\/v2\/types\/post"}],"author":[{"embeddable":true,"href":"https:\/\/inclusivenews.com.br\/index.php?rest_route=\/wp\/v2\/users\/1"}],"replies":[{"embeddable":true,"href":"https:\/\/inclusivenews.com.br\/index.php?rest_route=%2Fwp%2Fv2%2Fcomments&post=23582"}],"version-history":[{"count":0,"href":"https:\/\/inclusivenews.com.br\/index.php?rest_route=\/wp\/v2\/posts\/23582\/revisions"}],"wp:attachment":[{"href":"https:\/\/inclusivenews.com.br\/index.php?rest_route=%2Fwp%2Fv2%2Fmedia&parent=23582"}],"wp:term":[{"taxonomy":"category","embeddable":true,"href":"https:\/\/inclusivenews.com.br\/index.php?rest_route=%2Fwp%2Fv2%2Fcategories&post=23582"},{"taxonomy":"post_tag","embeddable":true,"href":"https:\/\/inclusivenews.com.br\/index.php?rest_route=%2Fwp%2Fv2%2Ftags&post=23582"}],"curies":[{"name":"wp","href":"https:\/\/api.w.org\/{rel}","templated":true}]}}