{"id":23603,"date":"2012-10-10T14:44:36","date_gmt":"2012-10-10T17:44:36","guid":{"rendered":"http:\/\/www.inclusive.org.br\/?p=23603"},"modified":"2012-10-10T14:44:36","modified_gmt":"2012-10-10T17:44:36","slug":"edital-para-negros-divide-meio-cultural","status":"publish","type":"post","link":"https:\/\/inclusivenews.com.br\/?p=23603","title":{"rendered":"Edital para negros divide meio cultural"},"content":{"rendered":"<figure id=\"attachment_22388\" aria-describedby=\"caption-attachment-22388\" style=\"width: 270px\" class=\"wp-caption alignleft\"><a href=\"http:\/\/www.inclusivenews.com.br\/wp-content\/uploads\/duvidas.jpg\"><img loading=\"lazy\" decoding=\"async\" class=\"size-medium wp-image-22388\" title=\"Um homem diante de uma por\u00e7\u00e3o de pontos de interroga\u00e7\u00e3o.\" src=\"http:\/\/inclusivenews.com.br\/wp-content\/uploads\/duvidas-300x199.jpg\" alt=\"Um homem diante de uma por\u00e7\u00e3o de pontos de interroga\u00e7\u00e3o.\" width=\"270\" height=\"179\" \/><\/a><figcaption id=\"caption-attachment-22388\" class=\"wp-caption-text\"> <\/figcaption><\/figure>\n<p><em>Por Matheus Magenta e Lucas Nobile<br \/>\nna Folha de S\u00e3o Paulo<\/em><\/p>\n<p>O an\u00fancio do lan\u00e7amento de editais exclusivos para criadores e produtores negros, feito pelo Minist\u00e9rio da Cultura, dividiu opini\u00f5es entre acad\u00eamicos e artistas brasileiros.<\/p>\n<p>MinC anuncia edital para negros e gera debate no meio cultural; leia repercuss\u00e3o<\/p>\n<p>Enquanto parte defende os editais, que devem ser lan\u00e7ados no Dia da Consci\u00eancia Negra (20\/11), outros os consideram preconceituosos.<\/p>\n<p>&#8220;\u00c9 um absurdo. Se eu fosse negro, ficaria muito puto. \u00c9 uma coisa de dem\u00eancia, ligada \u00e0 culpa crist\u00e3 de classe m\u00e9dia branca. \u00c9 s\u00f3 um passo a mais pelo \u00f3dio racial que est\u00e1 sendo potencializado desde que o PT entrou no poder&#8221;, disse o cantor Lob\u00e3o.<\/p>\n<p>Para o autor de &#8220;Cidade de Deus&#8221;, Paulo Lins, a medida anunciada pela ministra Marta Suplicy \u00e9 boa e necess\u00e1ria.<\/p>\n<p>&#8220;O negro tem que ter privil\u00e9gio e inclus\u00e3o em tudo. Ele foi sacrificado durante 400 anos de escravid\u00e3o no pa\u00eds.&#8221;<\/p>\n<p>KL Jay, do Racionais MC&#8217;s, concorda com Lins sobre a d\u00edvida que o Brasil tem com os descendentes de escravos. &#8220;O pa\u00eds me deve muito mais.&#8221;<\/p>\n<p>J\u00e1 o cineasta Zelito Viana, que produziu &#8220;Terra em Transe&#8221; (1967) e &#8220;Cabra Marcado Para Morrer&#8221; (1985), considera a medida &#8220;racista&#8221;. &#8220;Agora haver\u00e1 editais tamb\u00e9m para an\u00e3o e para mulher?&#8221;<\/p>\n<p>Para o professor de ci\u00eancia pol\u00edtica da Uerj (Universidade Estadual do Rio de Janeiro) Jo\u00e3o Feres J\u00fanior, a medida \u00e9 importante porque a cultura brasileira \u00e9 &#8220;extremamente branco-c\u00eantrica&#8221;.<\/p>\n<p>&#8220;Os produtores de narrativas s\u00e3o quase que exclusivamente brancos ou falam de uma perspectiva da qual a quest\u00e3o do racismo e da discrimina\u00e7\u00e3o \u00e9 invis\u00edvel.&#8221;<\/p>\n<p>O compositor, pesquisador e escritor Nei Lopes concorda com Feres J\u00fanior.<\/p>\n<p>&#8220;H\u00e1 uma grande &#8216;invisibiliza\u00e7\u00e3o&#8217; da produ\u00e7\u00e3o do povo negro nos circuitos da a\u00e7\u00e3o cultural&#8221;, afirmou Lopes.<\/p>\n<p>Danilo Miranda, diretor do Sesc-SP, disse ter inicialmente se assustado com o an\u00fancio. &#8220;Achei que seria inadequado para um pa\u00eds que respeita a igualdade. Mas, depois, achei que se tratava de algo adequado para tornar o Brasil um pa\u00eds mais justo.&#8221;<\/p>\n<p>LEGALIDADE<\/p>\n<p>Para o soci\u00f3logo Dem\u00e9trio Magnoli, a medida \u00e9 discriminat\u00f3ria porque viola a igualdade constitucional entre os cidad\u00e3os, mas hoje &#8220;infelizmente&#8221; \u00e9 legal gra\u00e7as \u00e0 decis\u00e3o do Supremo Tribunal Federal a favor das cotas raciais no vestibular da universidade de Bras\u00edlia (UnB).<\/p>\n<p>Em agosto, a presidente Dilma Rousseff aprovou um sistema cotas sociais, mas n\u00e3o raciais, na rede federal de ensino superior.<\/p>\n<p>Sobre o edital anunciado pelo MinC, o advogado Sebasti\u00e3o Ventura da Paix\u00e3o Jr disse que a medida pode ser &#8220;inconstitucional&#8221; caso o crit\u00e9rio de sele\u00e7\u00e3o seja racial.<\/p>\n<p>&#8220;O governo deve ter muito cuidado para que, na \u00e2nsia de resolver um problema social, n\u00e3o fa\u00e7a um ato despido do necess\u00e1rio equil\u00edbrio constitucional&#8221;, afirmou.<\/p>\n<p>Gisele Jord\u00e3o, respons\u00e1vel por um estudo sobre a produ\u00e7\u00e3o cultural no Brasil, diz que o debate \u00e9 anterior ao de ra\u00e7a: 63% dos produtores do pa\u00eds n\u00e3o conseguem viver da profiss\u00e3o. Segundo ela, projetos com tema afro-brasileiro t\u00eam mais dificuldade em captar recursos via Lei Rouanet que a m\u00e9dia do pa\u00eds.<\/p>\n<p>&#8220;Quando li a not\u00edcia, fiquei em choque: estou no Brasil ou na \u00c1frica do Sul de 30 anos atr\u00e1s? Isso \u00e9 discrimina\u00e7\u00e3o.&#8221;<\/p>\n<p>GL\u00d3RIA MARIA, apresentadora de TV<\/p>\n<p>&#8220;O negro, do jeito que foi exclu\u00eddo por 400 anos, tem de ter privil\u00e9gio e inclus\u00e3o em tudo. Eu acho [o projeto] bom.&#8221;<\/p>\n<p>PAULO LINS, escritor<\/p>\n<p>&#8220;Que absurdo! O governo deveria se preocupar em incluir classes pobres, gente que nem sabe que existem editais.&#8221;<\/p>\n<p>CLEMENTE, da banda punk Inocentes<\/p>\n<p>&#8220;[A iniciativa] \u00e9 uma posi\u00e7\u00e3o pol\u00edtica muito bem-vinda. Do jeito que est\u00e1 [a cultura], o Brasil parece a Dinamarca.&#8221;<\/p>\n<p>EMANOEL ARAUJO, artista pl\u00e1stico<\/p>\n<p>&#8220;N\u00e3o sou a favor de cotas, pois j\u00e1 h\u00e1 preconceito nisso a\u00ed. Ent\u00e3o, tudo depende dos crit\u00e9rios de sele\u00e7\u00e3o de projetos.&#8221;<\/p>\n<p>WILSON DAS NEVES, m\u00fasico<\/p>\n<p>&#8220;Acho ben\u00e9fico, porque o Brasil me deve muitas oportunidades. Os editais s\u00e3o 1% do que o pa\u00eds me deve.&#8221;<\/p>\n<p>KL Jay, integrante do Racionais MC&#8217;s<\/p>\n<p>Fonte: Folha online<\/p>\n","protected":false},"excerpt":{"rendered":"<p>O an\u00fancio do lan\u00e7amento de editais exclusivos para criadores e produtores negros, feito pelo Minist\u00e9rio da Cultura, dividiu opini\u00f5es entre acad\u00eamicos e artistas brasileiros.<\/p>\n","protected":false},"author":1,"featured_media":0,"comment_status":"open","ping_status":"open","sticky":false,"template":"","format":"standard","meta":{"site-container-style":"default","site-container-layout":"default","site-sidebar-layout":"default","disable-article-header":"default","disable-site-header":"default","disable-site-footer":"default","disable-content-area-spacing":"default","footnotes":""},"categories":[56,11,4],"tags":[],"class_list":["post-23603","post","type-post","status-publish","format-standard","hentry","category-acoes-afirmativas","category-direitos-humanos","category-noticias"],"yoast_head":"<!-- This site is optimized with the Yoast SEO plugin v27.4 - https:\/\/yoast.com\/product\/yoast-seo-wordpress\/ -->\n<title>Edital para negros divide meio cultural -<\/title>\n<meta name=\"robots\" content=\"index, follow, max-snippet:-1, max-image-preview:large, max-video-preview:-1\" \/>\n<link rel=\"canonical\" href=\"https:\/\/inclusivenews.com.br\/?p=23603\" \/>\n<meta property=\"og:locale\" content=\"pt_PT\" \/>\n<meta property=\"og:type\" content=\"article\" \/>\n<meta property=\"og:title\" content=\"Edital para negros divide meio cultural -\" \/>\n<meta property=\"og:description\" content=\"O an\u00fancio do lan\u00e7amento de editais exclusivos para criadores e produtores negros, feito pelo Minist\u00e9rio da Cultura, dividiu opini\u00f5es entre acad\u00eamicos e artistas brasileiros.\" \/>\n<meta property=\"og:url\" content=\"https:\/\/inclusivenews.com.br\/?p=23603\" \/>\n<meta property=\"article:publisher\" content=\"https:\/\/www.facebook.com\/agenciainclusive\/\" \/>\n<meta property=\"article:published_time\" content=\"2012-10-10T17:44:36+00:00\" \/>\n<meta property=\"og:image\" content=\"http:\/\/inclusivenews.com.br\/wp-content\/uploads\/duvidas-300x199.jpg\" \/>\n<meta name=\"author\" content=\"inclusivenews2024\" \/>\n<meta name=\"twitter:card\" content=\"summary_large_image\" \/>\n<meta name=\"twitter:label1\" content=\"Escrito por\" \/>\n\t<meta name=\"twitter:data1\" content=\"inclusivenews2024\" \/>\n\t<meta name=\"twitter:label2\" content=\"Tempo estimado de leitura\" \/>\n\t<meta name=\"twitter:data2\" content=\"4 minutos\" \/>\n<script type=\"application\/ld+json\" class=\"yoast-schema-graph\">{\"@context\":\"https:\\\/\\\/schema.org\",\"@graph\":[{\"@type\":\"Article\",\"@id\":\"https:\\\/\\\/inclusivenews.com.br\\\/?p=23603#article\",\"isPartOf\":{\"@id\":\"https:\\\/\\\/inclusivenews.com.br\\\/?p=23603\"},\"author\":{\"name\":\"inclusivenews2024\",\"@id\":\"https:\\\/\\\/inclusivenews.com.br\\\/#\\\/schema\\\/person\\\/ae4ec7087559b8692fb33b6fffd2273b\"},\"headline\":\"Edital para negros divide meio cultural\",\"datePublished\":\"2012-10-10T17:44:36+00:00\",\"mainEntityOfPage\":{\"@id\":\"https:\\\/\\\/inclusivenews.com.br\\\/?p=23603\"},\"wordCount\":723,\"commentCount\":0,\"publisher\":{\"@id\":\"https:\\\/\\\/inclusivenews.com.br\\\/#organization\"},\"image\":{\"@id\":\"https:\\\/\\\/inclusivenews.com.br\\\/?p=23603#primaryimage\"},\"thumbnailUrl\":\"http:\\\/\\\/inclusivenews.com.br\\\/wp-content\\\/uploads\\\/duvidas-300x199.jpg\",\"articleSection\":[\"A\u00e7\u00f5es afirmativas\",\"DIREITOS HUMANOS\",\"NOT\u00cdCIAS\"],\"inLanguage\":\"pt-PT\",\"potentialAction\":[{\"@type\":\"CommentAction\",\"name\":\"Comment\",\"target\":[\"https:\\\/\\\/inclusivenews.com.br\\\/?p=23603#respond\"]}]},{\"@type\":\"WebPage\",\"@id\":\"https:\\\/\\\/inclusivenews.com.br\\\/?p=23603\",\"url\":\"https:\\\/\\\/inclusivenews.com.br\\\/?p=23603\",\"name\":\"Edital para negros divide meio cultural -\",\"isPartOf\":{\"@id\":\"https:\\\/\\\/inclusivenews.com.br\\\/#website\"},\"primaryImageOfPage\":{\"@id\":\"https:\\\/\\\/inclusivenews.com.br\\\/?p=23603#primaryimage\"},\"image\":{\"@id\":\"https:\\\/\\\/inclusivenews.com.br\\\/?p=23603#primaryimage\"},\"thumbnailUrl\":\"http:\\\/\\\/inclusivenews.com.br\\\/wp-content\\\/uploads\\\/duvidas-300x199.jpg\",\"datePublished\":\"2012-10-10T17:44:36+00:00\",\"breadcrumb\":{\"@id\":\"https:\\\/\\\/inclusivenews.com.br\\\/?p=23603#breadcrumb\"},\"inLanguage\":\"pt-PT\",\"potentialAction\":[{\"@type\":\"ReadAction\",\"target\":[\"https:\\\/\\\/inclusivenews.com.br\\\/?p=23603\"]}]},{\"@type\":\"ImageObject\",\"inLanguage\":\"pt-PT\",\"@id\":\"https:\\\/\\\/inclusivenews.com.br\\\/?p=23603#primaryimage\",\"url\":\"\",\"contentUrl\":\"\"},{\"@type\":\"BreadcrumbList\",\"@id\":\"https:\\\/\\\/inclusivenews.com.br\\\/?p=23603#breadcrumb\",\"itemListElement\":[{\"@type\":\"ListItem\",\"position\":1,\"name\":\"In\u00edcio\",\"item\":\"https:\\\/\\\/inclusivenews.com.br\\\/\"},{\"@type\":\"ListItem\",\"position\":2,\"name\":\"Edital para negros divide meio cultural\"}]},{\"@type\":\"WebSite\",\"@id\":\"https:\\\/\\\/inclusivenews.com.br\\\/#website\",\"url\":\"https:\\\/\\\/inclusivenews.com.br\\\/\",\"name\":\"Inclusive News\",\"description\":\"Inclusive News\",\"publisher\":{\"@id\":\"https:\\\/\\\/inclusivenews.com.br\\\/#organization\"},\"potentialAction\":[{\"@type\":\"SearchAction\",\"target\":{\"@type\":\"EntryPoint\",\"urlTemplate\":\"https:\\\/\\\/inclusivenews.com.br\\\/?s={search_term_string}\"},\"query-input\":{\"@type\":\"PropertyValueSpecification\",\"valueRequired\":true,\"valueName\":\"search_term_string\"}}],\"inLanguage\":\"pt-PT\"},{\"@type\":\"Organization\",\"@id\":\"https:\\\/\\\/inclusivenews.com.br\\\/#organization\",\"name\":\"Inclusive - inclus\u00e3o e cidadania\",\"url\":\"https:\\\/\\\/inclusivenews.com.br\\\/\",\"logo\":{\"@type\":\"ImageObject\",\"inLanguage\":\"pt-PT\",\"@id\":\"https:\\\/\\\/inclusivenews.com.br\\\/#\\\/schema\\\/logo\\\/image\\\/\",\"url\":\"https:\\\/\\\/inclusivenews.com.br\\\/wp-content\\\/uploads\\\/2024\\\/03\\\/@grandesite.png\",\"contentUrl\":\"https:\\\/\\\/inclusivenews.com.br\\\/wp-content\\\/uploads\\\/2024\\\/03\\\/@grandesite.png\",\"width\":1080,\"height\":1080,\"caption\":\"Inclusive - inclus\u00e3o e cidadania\"},\"image\":{\"@id\":\"https:\\\/\\\/inclusivenews.com.br\\\/#\\\/schema\\\/logo\\\/image\\\/\"},\"sameAs\":[\"https:\\\/\\\/www.facebook.com\\\/agenciainclusive\\\/\",\"https:\\\/\\\/www.instagram.com\\\/newsinclusive\\\/\"]},{\"@type\":\"Person\",\"@id\":\"https:\\\/\\\/inclusivenews.com.br\\\/#\\\/schema\\\/person\\\/ae4ec7087559b8692fb33b6fffd2273b\",\"name\":\"inclusivenews2024\",\"image\":{\"@type\":\"ImageObject\",\"inLanguage\":\"pt-PT\",\"@id\":\"https:\\\/\\\/secure.gravatar.com\\\/avatar\\\/c5a7ef84c66fa914f55bc4f7ce26cfa275a3b9a1c5568b907bd184fb4dde7b40?s=96&d=mm&r=g\",\"url\":\"https:\\\/\\\/secure.gravatar.com\\\/avatar\\\/c5a7ef84c66fa914f55bc4f7ce26cfa275a3b9a1c5568b907bd184fb4dde7b40?s=96&d=mm&r=g\",\"contentUrl\":\"https:\\\/\\\/secure.gravatar.com\\\/avatar\\\/c5a7ef84c66fa914f55bc4f7ce26cfa275a3b9a1c5568b907bd184fb4dde7b40?s=96&d=mm&r=g\",\"caption\":\"inclusivenews2024\"},\"sameAs\":[\"https:\\\/\\\/inclusivenews.com.br\"],\"url\":\"https:\\\/\\\/inclusivenews.com.br\\\/?author=1\"}]}<\/script>\n<!-- \/ Yoast SEO plugin. -->","yoast_head_json":{"title":"Edital para negros divide meio cultural -","robots":{"index":"index","follow":"follow","max-snippet":"max-snippet:-1","max-image-preview":"max-image-preview:large","max-video-preview":"max-video-preview:-1"},"canonical":"https:\/\/inclusivenews.com.br\/?p=23603","og_locale":"pt_PT","og_type":"article","og_title":"Edital para negros divide meio cultural -","og_description":"O an\u00fancio do lan\u00e7amento de editais exclusivos para criadores e produtores negros, feito pelo Minist\u00e9rio da Cultura, dividiu opini\u00f5es entre acad\u00eamicos e artistas brasileiros.","og_url":"https:\/\/inclusivenews.com.br\/?p=23603","article_publisher":"https:\/\/www.facebook.com\/agenciainclusive\/","article_published_time":"2012-10-10T17:44:36+00:00","og_image":[{"url":"http:\/\/inclusivenews.com.br\/wp-content\/uploads\/duvidas-300x199.jpg","type":"","width":"","height":""}],"author":"inclusivenews2024","twitter_card":"summary_large_image","twitter_misc":{"Escrito por":"inclusivenews2024","Tempo estimado de leitura":"4 minutos"},"schema":{"@context":"https:\/\/schema.org","@graph":[{"@type":"Article","@id":"https:\/\/inclusivenews.com.br\/?p=23603#article","isPartOf":{"@id":"https:\/\/inclusivenews.com.br\/?p=23603"},"author":{"name":"inclusivenews2024","@id":"https:\/\/inclusivenews.com.br\/#\/schema\/person\/ae4ec7087559b8692fb33b6fffd2273b"},"headline":"Edital para negros divide meio cultural","datePublished":"2012-10-10T17:44:36+00:00","mainEntityOfPage":{"@id":"https:\/\/inclusivenews.com.br\/?p=23603"},"wordCount":723,"commentCount":0,"publisher":{"@id":"https:\/\/inclusivenews.com.br\/#organization"},"image":{"@id":"https:\/\/inclusivenews.com.br\/?p=23603#primaryimage"},"thumbnailUrl":"http:\/\/inclusivenews.com.br\/wp-content\/uploads\/duvidas-300x199.jpg","articleSection":["A\u00e7\u00f5es afirmativas","DIREITOS HUMANOS","NOT\u00cdCIAS"],"inLanguage":"pt-PT","potentialAction":[{"@type":"CommentAction","name":"Comment","target":["https:\/\/inclusivenews.com.br\/?p=23603#respond"]}]},{"@type":"WebPage","@id":"https:\/\/inclusivenews.com.br\/?p=23603","url":"https:\/\/inclusivenews.com.br\/?p=23603","name":"Edital para negros divide meio cultural -","isPartOf":{"@id":"https:\/\/inclusivenews.com.br\/#website"},"primaryImageOfPage":{"@id":"https:\/\/inclusivenews.com.br\/?p=23603#primaryimage"},"image":{"@id":"https:\/\/inclusivenews.com.br\/?p=23603#primaryimage"},"thumbnailUrl":"http:\/\/inclusivenews.com.br\/wp-content\/uploads\/duvidas-300x199.jpg","datePublished":"2012-10-10T17:44:36+00:00","breadcrumb":{"@id":"https:\/\/inclusivenews.com.br\/?p=23603#breadcrumb"},"inLanguage":"pt-PT","potentialAction":[{"@type":"ReadAction","target":["https:\/\/inclusivenews.com.br\/?p=23603"]}]},{"@type":"ImageObject","inLanguage":"pt-PT","@id":"https:\/\/inclusivenews.com.br\/?p=23603#primaryimage","url":"","contentUrl":""},{"@type":"BreadcrumbList","@id":"https:\/\/inclusivenews.com.br\/?p=23603#breadcrumb","itemListElement":[{"@type":"ListItem","position":1,"name":"In\u00edcio","item":"https:\/\/inclusivenews.com.br\/"},{"@type":"ListItem","position":2,"name":"Edital para negros divide meio cultural"}]},{"@type":"WebSite","@id":"https:\/\/inclusivenews.com.br\/#website","url":"https:\/\/inclusivenews.com.br\/","name":"Inclusive News","description":"Inclusive News","publisher":{"@id":"https:\/\/inclusivenews.com.br\/#organization"},"potentialAction":[{"@type":"SearchAction","target":{"@type":"EntryPoint","urlTemplate":"https:\/\/inclusivenews.com.br\/?s={search_term_string}"},"query-input":{"@type":"PropertyValueSpecification","valueRequired":true,"valueName":"search_term_string"}}],"inLanguage":"pt-PT"},{"@type":"Organization","@id":"https:\/\/inclusivenews.com.br\/#organization","name":"Inclusive - inclus\u00e3o e cidadania","url":"https:\/\/inclusivenews.com.br\/","logo":{"@type":"ImageObject","inLanguage":"pt-PT","@id":"https:\/\/inclusivenews.com.br\/#\/schema\/logo\/image\/","url":"https:\/\/inclusivenews.com.br\/wp-content\/uploads\/2024\/03\/@grandesite.png","contentUrl":"https:\/\/inclusivenews.com.br\/wp-content\/uploads\/2024\/03\/@grandesite.png","width":1080,"height":1080,"caption":"Inclusive - inclus\u00e3o e cidadania"},"image":{"@id":"https:\/\/inclusivenews.com.br\/#\/schema\/logo\/image\/"},"sameAs":["https:\/\/www.facebook.com\/agenciainclusive\/","https:\/\/www.instagram.com\/newsinclusive\/"]},{"@type":"Person","@id":"https:\/\/inclusivenews.com.br\/#\/schema\/person\/ae4ec7087559b8692fb33b6fffd2273b","name":"inclusivenews2024","image":{"@type":"ImageObject","inLanguage":"pt-PT","@id":"https:\/\/secure.gravatar.com\/avatar\/c5a7ef84c66fa914f55bc4f7ce26cfa275a3b9a1c5568b907bd184fb4dde7b40?s=96&d=mm&r=g","url":"https:\/\/secure.gravatar.com\/avatar\/c5a7ef84c66fa914f55bc4f7ce26cfa275a3b9a1c5568b907bd184fb4dde7b40?s=96&d=mm&r=g","contentUrl":"https:\/\/secure.gravatar.com\/avatar\/c5a7ef84c66fa914f55bc4f7ce26cfa275a3b9a1c5568b907bd184fb4dde7b40?s=96&d=mm&r=g","caption":"inclusivenews2024"},"sameAs":["https:\/\/inclusivenews.com.br"],"url":"https:\/\/inclusivenews.com.br\/?author=1"}]}},"_links":{"self":[{"href":"https:\/\/inclusivenews.com.br\/index.php?rest_route=\/wp\/v2\/posts\/23603","targetHints":{"allow":["GET"]}}],"collection":[{"href":"https:\/\/inclusivenews.com.br\/index.php?rest_route=\/wp\/v2\/posts"}],"about":[{"href":"https:\/\/inclusivenews.com.br\/index.php?rest_route=\/wp\/v2\/types\/post"}],"author":[{"embeddable":true,"href":"https:\/\/inclusivenews.com.br\/index.php?rest_route=\/wp\/v2\/users\/1"}],"replies":[{"embeddable":true,"href":"https:\/\/inclusivenews.com.br\/index.php?rest_route=%2Fwp%2Fv2%2Fcomments&post=23603"}],"version-history":[{"count":0,"href":"https:\/\/inclusivenews.com.br\/index.php?rest_route=\/wp\/v2\/posts\/23603\/revisions"}],"wp:attachment":[{"href":"https:\/\/inclusivenews.com.br\/index.php?rest_route=%2Fwp%2Fv2%2Fmedia&parent=23603"}],"wp:term":[{"taxonomy":"category","embeddable":true,"href":"https:\/\/inclusivenews.com.br\/index.php?rest_route=%2Fwp%2Fv2%2Fcategories&post=23603"},{"taxonomy":"post_tag","embeddable":true,"href":"https:\/\/inclusivenews.com.br\/index.php?rest_route=%2Fwp%2Fv2%2Ftags&post=23603"}],"curies":[{"name":"wp","href":"https:\/\/api.w.org\/{rel}","templated":true}]}}