{"id":23625,"date":"2012-10-10T15:02:17","date_gmt":"2012-10-10T18:02:17","guid":{"rendered":"http:\/\/www.inclusive.org.br\/?p=23625"},"modified":"2012-10-10T15:02:17","modified_gmt":"2012-10-10T18:02:17","slug":"a-realidade-dos-abrigos-descaso-ou-prioridade","status":"publish","type":"post","link":"https:\/\/inclusivenews.com.br\/?p=23625","title":{"rendered":"A realidade dos abrigos: descaso ou prioridade?"},"content":{"rendered":"<figure id=\"attachment_23626\" aria-describedby=\"caption-attachment-23626\" style=\"width: 389px\" class=\"wp-caption alignnone\"><a href=\"http:\/\/www.inclusivenews.com.br\/wp-content\/uploads\/image0013.jpg\"><img loading=\"lazy\" decoding=\"async\" class=\"size-full wp-image-23626 \" title=\"Descri\u00e7\u00e3o a seguir\" src=\"http:\/\/inclusivenews.com.br\/wp-content\/uploads\/image0013.jpg\" alt=\"Descri\u00e7\u00e3o a seguir\" width=\"389\" height=\"260\" \/><\/a><figcaption id=\"caption-attachment-23626\" class=\"wp-caption-text\">  A autora S\u00edlvia Gomara Daffre, com os coautores e a Zagodani Editora convidam para o coquetel de lan\u00e7amento do livro A Realidade dos Abrigos: descaso ou prioridade? - 18 de outubro (quinta-feira), das 19h \u00e0s 21h30 - Livraria da Vila - Rua Fradique Coutinho, 915 - Pinheiros\/S\u00e3o Paulo\/SP - Telefone: (11) 3814-5811<\/figcaption><\/figure>\n<p>S\u00e3o muitas as perguntas suscitadas sobre as institui\u00e7\u00f5es de acolhimento.<\/p>\n<p>O que \u00e9 um abrigo? Como funciona e se sustenta? Quem s\u00e3o os respons\u00e1veis pelo abrigo?<\/p>\n<p>S\u00e3o quest\u00f5es que este livro tenta contemplar, apresentando um panorama a respeito das complexas e diferentes raz\u00f5es que levam beb\u00eas, crian\u00e7as e m\u00e3es adolescentes \u00e0s institui\u00e7\u00f5es de acolhimento.<\/p>\n<p>O objetivo \u00e9 tamb\u00e9m dar visibilidade \u00e0 delicada condi\u00e7\u00e3o destas institui\u00e7\u00f5es e seus habitantes, aproximando a sociedade de uma situa\u00e7\u00e3o marcada predominantemente pelo abandono e mostrando caminhos poss\u00edveis para a transforma\u00e7\u00e3o do abrigo.<\/p>\n<p>Apresenta\u00e7\u00e3o: <em>Cl\u00e1udia Mascarenhas Fernandes \u2013<\/em><\/p>\n<p>Introdu\u00e7\u00e3o: <em>S\u00edlvia G. Daffre<\/em><\/p>\n<ol>\n<li>As leis e a realidade de uma institui\u00e7\u00e3o de acolhimento \u2013 <em>Silvia G. Daffre<\/em><\/li>\n<li>Beb\u00eas em institui\u00e7\u00f5es de acolhimento e as condi\u00e7\u00f5es para seu bom desenvolvimento \u2013 <em>S\u00edlvia G. Daffre<\/em><\/li>\n<li>Palavra de Beb\u00ea: a import\u00e2ncia da hist\u00f3ria de vida no acolhimento institucional de beb\u00eas e m\u00e3es adolescentes \u2013 <em>Fernanda Nogueira <\/em><\/li>\n<li>Projeto Correspondentes: desafios para a desconstru\u00e7\u00e3o do assistencialismo social &#8211; <em>Gislaine M.R. Passarini, L\u00edgia Fromer, Mariana B. Ferreira<\/em><\/li>\n<li>Hist\u00f3rias que n\u00e3o se contam sobre o desacolhimento de crian\u00e7as: (im)possibilidades de discuss\u00e3o com o Poder Judici\u00e1rio \u2013 <em>Sandro Andrade<\/em><\/li>\n<li>Pol\u00edticas P\u00fablicas e a garantia de atendimento de qualidade nos abrigos &#8211; <em>Oded Grajew<\/em><\/li>\n<\/ol>\n","protected":false},"excerpt":{"rendered":"<p>A autora S\u00edlvia Gomara Daffre, com os coautores e a Zagodani Editora convidam para o coquetel de lan\u00e7amento do livro A Realidade dos Abrigos: descaso ou prioridade?<\/p>\n","protected":false},"author":1,"featured_media":0,"comment_status":"open","ping_status":"open","sticky":false,"template":"","format":"standard","meta":{"site-container-style":"default","site-container-layout":"default","site-sidebar-layout":"default","disable-article-header":"default","disable-site-header":"default","disable-site-footer":"default","disable-content-area-spacing":"default","footnotes":""},"categories":[50,51],"tags":[204,60],"class_list":["post-23625","post","type-post","status-publish","format-standard","hentry","category-lancamentos","category-livros","tag-abrigos","tag-infancia"],"yoast_head":"<!-- This site is optimized with the Yoast SEO plugin v27.4 - https:\/\/yoast.com\/product\/yoast-seo-wordpress\/ -->\n<title>A realidade dos abrigos: descaso ou prioridade? -<\/title>\n<meta name=\"robots\" content=\"index, follow, max-snippet:-1, max-image-preview:large, max-video-preview:-1\" \/>\n<link rel=\"canonical\" href=\"https:\/\/inclusivenews.com.br\/?p=23625\" \/>\n<meta property=\"og:locale\" content=\"pt_PT\" \/>\n<meta property=\"og:type\" content=\"article\" \/>\n<meta property=\"og:title\" content=\"A realidade dos abrigos: descaso ou prioridade? -\" \/>\n<meta property=\"og:description\" content=\"A autora S\u00edlvia Gomara Daffre, com os coautores e a Zagodani Editora convidam para o coquetel de lan\u00e7amento do livro A Realidade dos Abrigos: descaso ou prioridade?\" \/>\n<meta property=\"og:url\" content=\"https:\/\/inclusivenews.com.br\/?p=23625\" \/>\n<meta property=\"article:publisher\" content=\"https:\/\/www.facebook.com\/agenciainclusive\/\" \/>\n<meta property=\"article:published_time\" content=\"2012-10-10T18:02:17+00:00\" \/>\n<meta property=\"og:image\" content=\"http:\/\/inclusivenews.com.br\/wp-content\/uploads\/image0013.jpg\" \/>\n<meta name=\"author\" content=\"inclusivenews2024\" \/>\n<meta name=\"twitter:card\" content=\"summary_large_image\" \/>\n<meta name=\"twitter:label1\" content=\"Escrito por\" \/>\n\t<meta name=\"twitter:data1\" content=\"inclusivenews2024\" \/>\n\t<meta name=\"twitter:label2\" content=\"Tempo estimado de leitura\" \/>\n\t<meta name=\"twitter:data2\" content=\"1 minuto\" \/>\n<script type=\"application\/ld+json\" class=\"yoast-schema-graph\">{\"@context\":\"https:\\\/\\\/schema.org\",\"@graph\":[{\"@type\":\"Article\",\"@id\":\"https:\\\/\\\/inclusivenews.com.br\\\/?p=23625#article\",\"isPartOf\":{\"@id\":\"https:\\\/\\\/inclusivenews.com.br\\\/?p=23625\"},\"author\":{\"name\":\"inclusivenews2024\",\"@id\":\"https:\\\/\\\/inclusivenews.com.br\\\/#\\\/schema\\\/person\\\/ae4ec7087559b8692fb33b6fffd2273b\"},\"headline\":\"A realidade dos abrigos: descaso ou prioridade?\",\"datePublished\":\"2012-10-10T18:02:17+00:00\",\"mainEntityOfPage\":{\"@id\":\"https:\\\/\\\/inclusivenews.com.br\\\/?p=23625\"},\"wordCount\":300,\"commentCount\":0,\"publisher\":{\"@id\":\"https:\\\/\\\/inclusivenews.com.br\\\/#organization\"},\"image\":{\"@id\":\"https:\\\/\\\/inclusivenews.com.br\\\/?p=23625#primaryimage\"},\"thumbnailUrl\":\"http:\\\/\\\/inclusivenews.com.br\\\/wp-content\\\/uploads\\\/image0013.jpg\",\"keywords\":[\"Abrigos\",\"Inf\u00e2ncia\"],\"articleSection\":[\"Lan\u00e7amentos\",\"Livros\"],\"inLanguage\":\"pt-PT\",\"potentialAction\":[{\"@type\":\"CommentAction\",\"name\":\"Comment\",\"target\":[\"https:\\\/\\\/inclusivenews.com.br\\\/?p=23625#respond\"]}]},{\"@type\":\"WebPage\",\"@id\":\"https:\\\/\\\/inclusivenews.com.br\\\/?p=23625\",\"url\":\"https:\\\/\\\/inclusivenews.com.br\\\/?p=23625\",\"name\":\"A realidade dos abrigos: descaso ou prioridade? -\",\"isPartOf\":{\"@id\":\"https:\\\/\\\/inclusivenews.com.br\\\/#website\"},\"primaryImageOfPage\":{\"@id\":\"https:\\\/\\\/inclusivenews.com.br\\\/?p=23625#primaryimage\"},\"image\":{\"@id\":\"https:\\\/\\\/inclusivenews.com.br\\\/?p=23625#primaryimage\"},\"thumbnailUrl\":\"http:\\\/\\\/inclusivenews.com.br\\\/wp-content\\\/uploads\\\/image0013.jpg\",\"datePublished\":\"2012-10-10T18:02:17+00:00\",\"breadcrumb\":{\"@id\":\"https:\\\/\\\/inclusivenews.com.br\\\/?p=23625#breadcrumb\"},\"inLanguage\":\"pt-PT\",\"potentialAction\":[{\"@type\":\"ReadAction\",\"target\":[\"https:\\\/\\\/inclusivenews.com.br\\\/?p=23625\"]}]},{\"@type\":\"ImageObject\",\"inLanguage\":\"pt-PT\",\"@id\":\"https:\\\/\\\/inclusivenews.com.br\\\/?p=23625#primaryimage\",\"url\":\"\",\"contentUrl\":\"\"},{\"@type\":\"BreadcrumbList\",\"@id\":\"https:\\\/\\\/inclusivenews.com.br\\\/?p=23625#breadcrumb\",\"itemListElement\":[{\"@type\":\"ListItem\",\"position\":1,\"name\":\"In\u00edcio\",\"item\":\"https:\\\/\\\/inclusivenews.com.br\\\/\"},{\"@type\":\"ListItem\",\"position\":2,\"name\":\"A realidade dos abrigos: descaso ou prioridade?\"}]},{\"@type\":\"WebSite\",\"@id\":\"https:\\\/\\\/inclusivenews.com.br\\\/#website\",\"url\":\"https:\\\/\\\/inclusivenews.com.br\\\/\",\"name\":\"Inclusive News\",\"description\":\"Inclusive News\",\"publisher\":{\"@id\":\"https:\\\/\\\/inclusivenews.com.br\\\/#organization\"},\"potentialAction\":[{\"@type\":\"SearchAction\",\"target\":{\"@type\":\"EntryPoint\",\"urlTemplate\":\"https:\\\/\\\/inclusivenews.com.br\\\/?s={search_term_string}\"},\"query-input\":{\"@type\":\"PropertyValueSpecification\",\"valueRequired\":true,\"valueName\":\"search_term_string\"}}],\"inLanguage\":\"pt-PT\"},{\"@type\":\"Organization\",\"@id\":\"https:\\\/\\\/inclusivenews.com.br\\\/#organization\",\"name\":\"Inclusive - inclus\u00e3o e cidadania\",\"url\":\"https:\\\/\\\/inclusivenews.com.br\\\/\",\"logo\":{\"@type\":\"ImageObject\",\"inLanguage\":\"pt-PT\",\"@id\":\"https:\\\/\\\/inclusivenews.com.br\\\/#\\\/schema\\\/logo\\\/image\\\/\",\"url\":\"https:\\\/\\\/inclusivenews.com.br\\\/wp-content\\\/uploads\\\/2024\\\/03\\\/@grandesite.png\",\"contentUrl\":\"https:\\\/\\\/inclusivenews.com.br\\\/wp-content\\\/uploads\\\/2024\\\/03\\\/@grandesite.png\",\"width\":1080,\"height\":1080,\"caption\":\"Inclusive - inclus\u00e3o e cidadania\"},\"image\":{\"@id\":\"https:\\\/\\\/inclusivenews.com.br\\\/#\\\/schema\\\/logo\\\/image\\\/\"},\"sameAs\":[\"https:\\\/\\\/www.facebook.com\\\/agenciainclusive\\\/\",\"https:\\\/\\\/www.instagram.com\\\/newsinclusive\\\/\"]},{\"@type\":\"Person\",\"@id\":\"https:\\\/\\\/inclusivenews.com.br\\\/#\\\/schema\\\/person\\\/ae4ec7087559b8692fb33b6fffd2273b\",\"name\":\"inclusivenews2024\",\"image\":{\"@type\":\"ImageObject\",\"inLanguage\":\"pt-PT\",\"@id\":\"https:\\\/\\\/secure.gravatar.com\\\/avatar\\\/c5a7ef84c66fa914f55bc4f7ce26cfa275a3b9a1c5568b907bd184fb4dde7b40?s=96&d=mm&r=g\",\"url\":\"https:\\\/\\\/secure.gravatar.com\\\/avatar\\\/c5a7ef84c66fa914f55bc4f7ce26cfa275a3b9a1c5568b907bd184fb4dde7b40?s=96&d=mm&r=g\",\"contentUrl\":\"https:\\\/\\\/secure.gravatar.com\\\/avatar\\\/c5a7ef84c66fa914f55bc4f7ce26cfa275a3b9a1c5568b907bd184fb4dde7b40?s=96&d=mm&r=g\",\"caption\":\"inclusivenews2024\"},\"sameAs\":[\"https:\\\/\\\/inclusivenews.com.br\"],\"url\":\"https:\\\/\\\/inclusivenews.com.br\\\/?author=1\"}]}<\/script>\n<!-- \/ Yoast SEO plugin. -->","yoast_head_json":{"title":"A realidade dos abrigos: descaso ou prioridade? -","robots":{"index":"index","follow":"follow","max-snippet":"max-snippet:-1","max-image-preview":"max-image-preview:large","max-video-preview":"max-video-preview:-1"},"canonical":"https:\/\/inclusivenews.com.br\/?p=23625","og_locale":"pt_PT","og_type":"article","og_title":"A realidade dos abrigos: descaso ou prioridade? -","og_description":"A autora S\u00edlvia Gomara Daffre, com os coautores e a Zagodani Editora convidam para o coquetel de lan\u00e7amento do livro A Realidade dos Abrigos: descaso ou prioridade?","og_url":"https:\/\/inclusivenews.com.br\/?p=23625","article_publisher":"https:\/\/www.facebook.com\/agenciainclusive\/","article_published_time":"2012-10-10T18:02:17+00:00","og_image":[{"url":"http:\/\/inclusivenews.com.br\/wp-content\/uploads\/image0013.jpg","type":"","width":"","height":""}],"author":"inclusivenews2024","twitter_card":"summary_large_image","twitter_misc":{"Escrito por":"inclusivenews2024","Tempo estimado de leitura":"1 minuto"},"schema":{"@context":"https:\/\/schema.org","@graph":[{"@type":"Article","@id":"https:\/\/inclusivenews.com.br\/?p=23625#article","isPartOf":{"@id":"https:\/\/inclusivenews.com.br\/?p=23625"},"author":{"name":"inclusivenews2024","@id":"https:\/\/inclusivenews.com.br\/#\/schema\/person\/ae4ec7087559b8692fb33b6fffd2273b"},"headline":"A realidade dos abrigos: descaso ou prioridade?","datePublished":"2012-10-10T18:02:17+00:00","mainEntityOfPage":{"@id":"https:\/\/inclusivenews.com.br\/?p=23625"},"wordCount":300,"commentCount":0,"publisher":{"@id":"https:\/\/inclusivenews.com.br\/#organization"},"image":{"@id":"https:\/\/inclusivenews.com.br\/?p=23625#primaryimage"},"thumbnailUrl":"http:\/\/inclusivenews.com.br\/wp-content\/uploads\/image0013.jpg","keywords":["Abrigos","Inf\u00e2ncia"],"articleSection":["Lan\u00e7amentos","Livros"],"inLanguage":"pt-PT","potentialAction":[{"@type":"CommentAction","name":"Comment","target":["https:\/\/inclusivenews.com.br\/?p=23625#respond"]}]},{"@type":"WebPage","@id":"https:\/\/inclusivenews.com.br\/?p=23625","url":"https:\/\/inclusivenews.com.br\/?p=23625","name":"A realidade dos abrigos: descaso ou prioridade? -","isPartOf":{"@id":"https:\/\/inclusivenews.com.br\/#website"},"primaryImageOfPage":{"@id":"https:\/\/inclusivenews.com.br\/?p=23625#primaryimage"},"image":{"@id":"https:\/\/inclusivenews.com.br\/?p=23625#primaryimage"},"thumbnailUrl":"http:\/\/inclusivenews.com.br\/wp-content\/uploads\/image0013.jpg","datePublished":"2012-10-10T18:02:17+00:00","breadcrumb":{"@id":"https:\/\/inclusivenews.com.br\/?p=23625#breadcrumb"},"inLanguage":"pt-PT","potentialAction":[{"@type":"ReadAction","target":["https:\/\/inclusivenews.com.br\/?p=23625"]}]},{"@type":"ImageObject","inLanguage":"pt-PT","@id":"https:\/\/inclusivenews.com.br\/?p=23625#primaryimage","url":"","contentUrl":""},{"@type":"BreadcrumbList","@id":"https:\/\/inclusivenews.com.br\/?p=23625#breadcrumb","itemListElement":[{"@type":"ListItem","position":1,"name":"In\u00edcio","item":"https:\/\/inclusivenews.com.br\/"},{"@type":"ListItem","position":2,"name":"A realidade dos abrigos: descaso ou prioridade?"}]},{"@type":"WebSite","@id":"https:\/\/inclusivenews.com.br\/#website","url":"https:\/\/inclusivenews.com.br\/","name":"Inclusive News","description":"Inclusive News","publisher":{"@id":"https:\/\/inclusivenews.com.br\/#organization"},"potentialAction":[{"@type":"SearchAction","target":{"@type":"EntryPoint","urlTemplate":"https:\/\/inclusivenews.com.br\/?s={search_term_string}"},"query-input":{"@type":"PropertyValueSpecification","valueRequired":true,"valueName":"search_term_string"}}],"inLanguage":"pt-PT"},{"@type":"Organization","@id":"https:\/\/inclusivenews.com.br\/#organization","name":"Inclusive - inclus\u00e3o e cidadania","url":"https:\/\/inclusivenews.com.br\/","logo":{"@type":"ImageObject","inLanguage":"pt-PT","@id":"https:\/\/inclusivenews.com.br\/#\/schema\/logo\/image\/","url":"https:\/\/inclusivenews.com.br\/wp-content\/uploads\/2024\/03\/@grandesite.png","contentUrl":"https:\/\/inclusivenews.com.br\/wp-content\/uploads\/2024\/03\/@grandesite.png","width":1080,"height":1080,"caption":"Inclusive - inclus\u00e3o e cidadania"},"image":{"@id":"https:\/\/inclusivenews.com.br\/#\/schema\/logo\/image\/"},"sameAs":["https:\/\/www.facebook.com\/agenciainclusive\/","https:\/\/www.instagram.com\/newsinclusive\/"]},{"@type":"Person","@id":"https:\/\/inclusivenews.com.br\/#\/schema\/person\/ae4ec7087559b8692fb33b6fffd2273b","name":"inclusivenews2024","image":{"@type":"ImageObject","inLanguage":"pt-PT","@id":"https:\/\/secure.gravatar.com\/avatar\/c5a7ef84c66fa914f55bc4f7ce26cfa275a3b9a1c5568b907bd184fb4dde7b40?s=96&d=mm&r=g","url":"https:\/\/secure.gravatar.com\/avatar\/c5a7ef84c66fa914f55bc4f7ce26cfa275a3b9a1c5568b907bd184fb4dde7b40?s=96&d=mm&r=g","contentUrl":"https:\/\/secure.gravatar.com\/avatar\/c5a7ef84c66fa914f55bc4f7ce26cfa275a3b9a1c5568b907bd184fb4dde7b40?s=96&d=mm&r=g","caption":"inclusivenews2024"},"sameAs":["https:\/\/inclusivenews.com.br"],"url":"https:\/\/inclusivenews.com.br\/?author=1"}]}},"_links":{"self":[{"href":"https:\/\/inclusivenews.com.br\/index.php?rest_route=\/wp\/v2\/posts\/23625","targetHints":{"allow":["GET"]}}],"collection":[{"href":"https:\/\/inclusivenews.com.br\/index.php?rest_route=\/wp\/v2\/posts"}],"about":[{"href":"https:\/\/inclusivenews.com.br\/index.php?rest_route=\/wp\/v2\/types\/post"}],"author":[{"embeddable":true,"href":"https:\/\/inclusivenews.com.br\/index.php?rest_route=\/wp\/v2\/users\/1"}],"replies":[{"embeddable":true,"href":"https:\/\/inclusivenews.com.br\/index.php?rest_route=%2Fwp%2Fv2%2Fcomments&post=23625"}],"version-history":[{"count":0,"href":"https:\/\/inclusivenews.com.br\/index.php?rest_route=\/wp\/v2\/posts\/23625\/revisions"}],"wp:attachment":[{"href":"https:\/\/inclusivenews.com.br\/index.php?rest_route=%2Fwp%2Fv2%2Fmedia&parent=23625"}],"wp:term":[{"taxonomy":"category","embeddable":true,"href":"https:\/\/inclusivenews.com.br\/index.php?rest_route=%2Fwp%2Fv2%2Fcategories&post=23625"},{"taxonomy":"post_tag","embeddable":true,"href":"https:\/\/inclusivenews.com.br\/index.php?rest_route=%2Fwp%2Fv2%2Ftags&post=23625"}],"curies":[{"name":"wp","href":"https:\/\/api.w.org\/{rel}","templated":true}]}}