{"id":23627,"date":"2012-10-10T15:31:02","date_gmt":"2012-10-10T18:31:02","guid":{"rendered":"http:\/\/www.inclusive.org.br\/?p=23627"},"modified":"2012-10-10T15:31:02","modified_gmt":"2012-10-10T18:31:02","slug":"eleicoes-2012-e-a-conversao-inclusiva","status":"publish","type":"post","link":"https:\/\/inclusivenews.com.br\/?p=23627","title":{"rendered":"Elei\u00e7\u00f5es 2012 e a convers\u00e3o inclusiva"},"content":{"rendered":"<p><a href=\"http:\/\/www.inclusivenews.com.br\/wp-content\/uploads\/cadeiras.jpg\"><img loading=\"lazy\" decoding=\"async\" class=\"size-full wp-image-23628  alignleft\" title=\"Cadeiras feitas de placas de tr\u00e2nsito\" src=\"http:\/\/inclusivenews.com.br\/wp-content\/uploads\/cadeiras.jpg\" alt=\"Cadeiras feitas de placas de tr\u00e2nsito\" width=\"320\" height=\"204\" \/><\/a><em>Por Lucio Carvalho *<\/em><\/p>\n<p>A julgar pela campanha eleitoral que terminou sua primeira fase no \u00faltimo fim de semana, com o fim do primeiro turno, nunca houve tanta preocupa\u00e7\u00e3o com a inclus\u00e3o social em solo p\u00e1trio como antes. A migra\u00e7\u00e3o dos discursos, \u00e0 direita e \u00e0 esquerda, para o tema da &#8220;inclus\u00e3o social&#8221;, longe de representar compromissos imediatos e efetivos de redu\u00e7\u00e3o das condi\u00e7\u00f5es desiguais de acesso \u00e0 cidadania, significa que o termo popularizou-se definitivamente. Se, por um lado, trata-se de um fato positivo, tendo em vista que ajuda a evidenciar as necessidades concretas de muitos setores da popula\u00e7\u00e3o, por outro, se corre o risco de que o termo reste apenas como mais um entre os tantos argumentos da demagogia eleitoral, esvaziando-se de significado e de resultados efetivos.<\/p>\n<p>A &#8220;inclus\u00e3o social&#8221; n\u00e3o \u00e9, de forma alguma, a primeira v\u00edtima da demagogia pol\u00edtica. Antes dela, o conceito da &#8220;sustentabilidade&#8221; fora sucateado em discursos que na pr\u00e1tica se mostraram muito pouco sustent\u00e1veis e o pr\u00f3prio conceito de &#8220;desenvolvimento&#8221; usado como forma de justificar pol\u00edticas e decis\u00f5es arbitr\u00e1rias dos governos. Agora parece que chegou a vez da &#8220;inclus\u00e3o social&#8221; assumir o papel m\u00e1gico de convers\u00e3o de eleitores.<\/p>\n<p>\u00c9 pouco prov\u00e1vel que atrav\u00e9s de uma agenda feita de compromissos vazios chegue-se a algum lugar, entretanto a realidade social exige pensar os termos da &#8220;inclus\u00e3o social&#8221; para al\u00e9m de meros ajustes a um modelo social que a todo o momento gera novas exclus\u00f5es. O que a &#8220;inclus\u00e3o social&#8221; quer e necessita s\u00e3o de pol\u00edticas p\u00fablicas e iniciativas capazes de fomentar a emancipa\u00e7\u00e3o social das pessoas, como investimentos em educa\u00e7\u00e3o e no acesso ao trabalho, por exemplo. O fato \u00e9 que a &#8220;inclus\u00e3o social&#8221; n\u00e3o merece mais ser encarada como uma f\u00f3rmula m\u00e1gica e simplificadora, mas como uma necessidade expressa para todos aqueles que v\u00eam sendo marginalizados nos j\u00e1 tradicionais e nos nov\u00edssimos processos de desenvolvimento.<\/p>\n<p>A comemorar-se h\u00e1 o fato de que muitos candidatos identificados como minorias sociais foram eleitos em v\u00e1rios lugares do pa\u00eds, das mais diferentes legendas partid\u00e1rias. Mesmo que isso n\u00e3o signifique necessariamente mandatos representativos ou compromissos t\u00e1citos com a &#8220;inclus\u00e3o social&#8221;, n\u00e3o deixa de ser um sinal de que a sociedade passa a considerar como dignos de representa\u00e7\u00e3o pol\u00edtica pessoas identificadas com setores socialmente marginalizados. Se a \u201cinclus\u00e3o social\u201d lograr, ao fim dos pr\u00f3ximos quatro anos, escapar do mero discurso de ocasi\u00e3o, pode ser ent\u00e3o que mais pessoas passem a reconhecer que os direitos de todos devam ser garantidos e promovidos e tamb\u00e9m a exigir que, nas urnas, a &#8220;inclus\u00e3o social&#8221; abandone o campo ret\u00f3rico para entrar de vez na vida real das pessoas.<\/p>\n<p>* Coordenador-Geral da <em>Inclusive \u2013 revista digital de diritos humanos, cidadania e inclus\u00e3o social.<\/em><\/p>\n","protected":false},"excerpt":{"rendered":"<p>Agora parece que chegou a vez da &#8220;inclus\u00e3o social&#8221; assumir o papel m\u00e1gico de convers\u00e3o de eleitores. Por Lucio Carvalho.<\/p>\n","protected":false},"author":1,"featured_media":0,"comment_status":"open","ping_status":"open","sticky":false,"template":"","format":"standard","meta":{"site-container-style":"default","site-container-layout":"default","site-sidebar-layout":"default","disable-article-header":"default","disable-site-header":"default","disable-site-footer":"default","disable-content-area-spacing":"default","footnotes":""},"categories":[35,48,8],"tags":[],"class_list":["post-23627","post","type-post","status-publish","format-standard","hentry","category-de-nossa-parte","category-inclusao","category-textos-e-artigos"],"yoast_head":"<!-- This site is optimized with the Yoast SEO plugin v27.4 - https:\/\/yoast.com\/product\/yoast-seo-wordpress\/ -->\n<title>Elei\u00e7\u00f5es 2012 e a convers\u00e3o inclusiva -<\/title>\n<meta name=\"robots\" content=\"index, follow, max-snippet:-1, max-image-preview:large, max-video-preview:-1\" \/>\n<link rel=\"canonical\" href=\"https:\/\/inclusivenews.com.br\/?p=23627\" \/>\n<meta property=\"og:locale\" content=\"pt_PT\" \/>\n<meta property=\"og:type\" content=\"article\" \/>\n<meta property=\"og:title\" content=\"Elei\u00e7\u00f5es 2012 e a convers\u00e3o inclusiva -\" \/>\n<meta property=\"og:description\" content=\"Agora parece que chegou a vez da &quot;inclus\u00e3o social&quot; assumir o papel m\u00e1gico de convers\u00e3o de eleitores. Por Lucio Carvalho.\" \/>\n<meta property=\"og:url\" content=\"https:\/\/inclusivenews.com.br\/?p=23627\" \/>\n<meta property=\"article:publisher\" content=\"https:\/\/www.facebook.com\/agenciainclusive\/\" \/>\n<meta property=\"article:published_time\" content=\"2012-10-10T18:31:02+00:00\" \/>\n<meta property=\"og:image\" content=\"http:\/\/inclusivenews.com.br\/wp-content\/uploads\/cadeiras.jpg\" \/>\n<meta name=\"author\" content=\"inclusivenews2024\" \/>\n<meta name=\"twitter:card\" content=\"summary_large_image\" \/>\n<meta name=\"twitter:label1\" content=\"Escrito por\" \/>\n\t<meta name=\"twitter:data1\" content=\"inclusivenews2024\" \/>\n\t<meta name=\"twitter:label2\" content=\"Tempo estimado de leitura\" \/>\n\t<meta name=\"twitter:data2\" content=\"2 minutos\" \/>\n<script type=\"application\/ld+json\" class=\"yoast-schema-graph\">{\"@context\":\"https:\\\/\\\/schema.org\",\"@graph\":[{\"@type\":\"Article\",\"@id\":\"https:\\\/\\\/inclusivenews.com.br\\\/?p=23627#article\",\"isPartOf\":{\"@id\":\"https:\\\/\\\/inclusivenews.com.br\\\/?p=23627\"},\"author\":{\"name\":\"inclusivenews2024\",\"@id\":\"https:\\\/\\\/inclusivenews.com.br\\\/#\\\/schema\\\/person\\\/ae4ec7087559b8692fb33b6fffd2273b\"},\"headline\":\"Elei\u00e7\u00f5es 2012 e a convers\u00e3o inclusiva\",\"datePublished\":\"2012-10-10T18:31:02+00:00\",\"mainEntityOfPage\":{\"@id\":\"https:\\\/\\\/inclusivenews.com.br\\\/?p=23627\"},\"wordCount\":500,\"commentCount\":1,\"publisher\":{\"@id\":\"https:\\\/\\\/inclusivenews.com.br\\\/#organization\"},\"image\":{\"@id\":\"https:\\\/\\\/inclusivenews.com.br\\\/?p=23627#primaryimage\"},\"thumbnailUrl\":\"http:\\\/\\\/inclusivenews.com.br\\\/wp-content\\\/uploads\\\/cadeiras.jpg\",\"articleSection\":[\"+ De nossa parte\",\"INCLUS\u00c3O SOCIAL\",\"OPINI\u00c3O\"],\"inLanguage\":\"pt-PT\",\"potentialAction\":[{\"@type\":\"CommentAction\",\"name\":\"Comment\",\"target\":[\"https:\\\/\\\/inclusivenews.com.br\\\/?p=23627#respond\"]}]},{\"@type\":\"WebPage\",\"@id\":\"https:\\\/\\\/inclusivenews.com.br\\\/?p=23627\",\"url\":\"https:\\\/\\\/inclusivenews.com.br\\\/?p=23627\",\"name\":\"Elei\u00e7\u00f5es 2012 e a convers\u00e3o inclusiva -\",\"isPartOf\":{\"@id\":\"https:\\\/\\\/inclusivenews.com.br\\\/#website\"},\"primaryImageOfPage\":{\"@id\":\"https:\\\/\\\/inclusivenews.com.br\\\/?p=23627#primaryimage\"},\"image\":{\"@id\":\"https:\\\/\\\/inclusivenews.com.br\\\/?p=23627#primaryimage\"},\"thumbnailUrl\":\"http:\\\/\\\/inclusivenews.com.br\\\/wp-content\\\/uploads\\\/cadeiras.jpg\",\"datePublished\":\"2012-10-10T18:31:02+00:00\",\"breadcrumb\":{\"@id\":\"https:\\\/\\\/inclusivenews.com.br\\\/?p=23627#breadcrumb\"},\"inLanguage\":\"pt-PT\",\"potentialAction\":[{\"@type\":\"ReadAction\",\"target\":[\"https:\\\/\\\/inclusivenews.com.br\\\/?p=23627\"]}]},{\"@type\":\"ImageObject\",\"inLanguage\":\"pt-PT\",\"@id\":\"https:\\\/\\\/inclusivenews.com.br\\\/?p=23627#primaryimage\",\"url\":\"\",\"contentUrl\":\"\"},{\"@type\":\"BreadcrumbList\",\"@id\":\"https:\\\/\\\/inclusivenews.com.br\\\/?p=23627#breadcrumb\",\"itemListElement\":[{\"@type\":\"ListItem\",\"position\":1,\"name\":\"In\u00edcio\",\"item\":\"https:\\\/\\\/inclusivenews.com.br\\\/\"},{\"@type\":\"ListItem\",\"position\":2,\"name\":\"Elei\u00e7\u00f5es 2012 e a convers\u00e3o inclusiva\"}]},{\"@type\":\"WebSite\",\"@id\":\"https:\\\/\\\/inclusivenews.com.br\\\/#website\",\"url\":\"https:\\\/\\\/inclusivenews.com.br\\\/\",\"name\":\"Inclusive News\",\"description\":\"Inclusive News\",\"publisher\":{\"@id\":\"https:\\\/\\\/inclusivenews.com.br\\\/#organization\"},\"potentialAction\":[{\"@type\":\"SearchAction\",\"target\":{\"@type\":\"EntryPoint\",\"urlTemplate\":\"https:\\\/\\\/inclusivenews.com.br\\\/?s={search_term_string}\"},\"query-input\":{\"@type\":\"PropertyValueSpecification\",\"valueRequired\":true,\"valueName\":\"search_term_string\"}}],\"inLanguage\":\"pt-PT\"},{\"@type\":\"Organization\",\"@id\":\"https:\\\/\\\/inclusivenews.com.br\\\/#organization\",\"name\":\"Inclusive - inclus\u00e3o e cidadania\",\"url\":\"https:\\\/\\\/inclusivenews.com.br\\\/\",\"logo\":{\"@type\":\"ImageObject\",\"inLanguage\":\"pt-PT\",\"@id\":\"https:\\\/\\\/inclusivenews.com.br\\\/#\\\/schema\\\/logo\\\/image\\\/\",\"url\":\"https:\\\/\\\/inclusivenews.com.br\\\/wp-content\\\/uploads\\\/2024\\\/03\\\/@grandesite.png\",\"contentUrl\":\"https:\\\/\\\/inclusivenews.com.br\\\/wp-content\\\/uploads\\\/2024\\\/03\\\/@grandesite.png\",\"width\":1080,\"height\":1080,\"caption\":\"Inclusive - inclus\u00e3o e cidadania\"},\"image\":{\"@id\":\"https:\\\/\\\/inclusivenews.com.br\\\/#\\\/schema\\\/logo\\\/image\\\/\"},\"sameAs\":[\"https:\\\/\\\/www.facebook.com\\\/agenciainclusive\\\/\",\"https:\\\/\\\/www.instagram.com\\\/newsinclusive\\\/\"]},{\"@type\":\"Person\",\"@id\":\"https:\\\/\\\/inclusivenews.com.br\\\/#\\\/schema\\\/person\\\/ae4ec7087559b8692fb33b6fffd2273b\",\"name\":\"inclusivenews2024\",\"image\":{\"@type\":\"ImageObject\",\"inLanguage\":\"pt-PT\",\"@id\":\"https:\\\/\\\/secure.gravatar.com\\\/avatar\\\/c5a7ef84c66fa914f55bc4f7ce26cfa275a3b9a1c5568b907bd184fb4dde7b40?s=96&d=mm&r=g\",\"url\":\"https:\\\/\\\/secure.gravatar.com\\\/avatar\\\/c5a7ef84c66fa914f55bc4f7ce26cfa275a3b9a1c5568b907bd184fb4dde7b40?s=96&d=mm&r=g\",\"contentUrl\":\"https:\\\/\\\/secure.gravatar.com\\\/avatar\\\/c5a7ef84c66fa914f55bc4f7ce26cfa275a3b9a1c5568b907bd184fb4dde7b40?s=96&d=mm&r=g\",\"caption\":\"inclusivenews2024\"},\"sameAs\":[\"https:\\\/\\\/inclusivenews.com.br\"],\"url\":\"https:\\\/\\\/inclusivenews.com.br\\\/?author=1\"}]}<\/script>\n<!-- \/ Yoast SEO plugin. -->","yoast_head_json":{"title":"Elei\u00e7\u00f5es 2012 e a convers\u00e3o inclusiva -","robots":{"index":"index","follow":"follow","max-snippet":"max-snippet:-1","max-image-preview":"max-image-preview:large","max-video-preview":"max-video-preview:-1"},"canonical":"https:\/\/inclusivenews.com.br\/?p=23627","og_locale":"pt_PT","og_type":"article","og_title":"Elei\u00e7\u00f5es 2012 e a convers\u00e3o inclusiva -","og_description":"Agora parece que chegou a vez da \"inclus\u00e3o social\" assumir o papel m\u00e1gico de convers\u00e3o de eleitores. Por Lucio Carvalho.","og_url":"https:\/\/inclusivenews.com.br\/?p=23627","article_publisher":"https:\/\/www.facebook.com\/agenciainclusive\/","article_published_time":"2012-10-10T18:31:02+00:00","og_image":[{"url":"http:\/\/inclusivenews.com.br\/wp-content\/uploads\/cadeiras.jpg","type":"","width":"","height":""}],"author":"inclusivenews2024","twitter_card":"summary_large_image","twitter_misc":{"Escrito por":"inclusivenews2024","Tempo estimado de leitura":"2 minutos"},"schema":{"@context":"https:\/\/schema.org","@graph":[{"@type":"Article","@id":"https:\/\/inclusivenews.com.br\/?p=23627#article","isPartOf":{"@id":"https:\/\/inclusivenews.com.br\/?p=23627"},"author":{"name":"inclusivenews2024","@id":"https:\/\/inclusivenews.com.br\/#\/schema\/person\/ae4ec7087559b8692fb33b6fffd2273b"},"headline":"Elei\u00e7\u00f5es 2012 e a convers\u00e3o inclusiva","datePublished":"2012-10-10T18:31:02+00:00","mainEntityOfPage":{"@id":"https:\/\/inclusivenews.com.br\/?p=23627"},"wordCount":500,"commentCount":1,"publisher":{"@id":"https:\/\/inclusivenews.com.br\/#organization"},"image":{"@id":"https:\/\/inclusivenews.com.br\/?p=23627#primaryimage"},"thumbnailUrl":"http:\/\/inclusivenews.com.br\/wp-content\/uploads\/cadeiras.jpg","articleSection":["+ De nossa parte","INCLUS\u00c3O SOCIAL","OPINI\u00c3O"],"inLanguage":"pt-PT","potentialAction":[{"@type":"CommentAction","name":"Comment","target":["https:\/\/inclusivenews.com.br\/?p=23627#respond"]}]},{"@type":"WebPage","@id":"https:\/\/inclusivenews.com.br\/?p=23627","url":"https:\/\/inclusivenews.com.br\/?p=23627","name":"Elei\u00e7\u00f5es 2012 e a convers\u00e3o inclusiva -","isPartOf":{"@id":"https:\/\/inclusivenews.com.br\/#website"},"primaryImageOfPage":{"@id":"https:\/\/inclusivenews.com.br\/?p=23627#primaryimage"},"image":{"@id":"https:\/\/inclusivenews.com.br\/?p=23627#primaryimage"},"thumbnailUrl":"http:\/\/inclusivenews.com.br\/wp-content\/uploads\/cadeiras.jpg","datePublished":"2012-10-10T18:31:02+00:00","breadcrumb":{"@id":"https:\/\/inclusivenews.com.br\/?p=23627#breadcrumb"},"inLanguage":"pt-PT","potentialAction":[{"@type":"ReadAction","target":["https:\/\/inclusivenews.com.br\/?p=23627"]}]},{"@type":"ImageObject","inLanguage":"pt-PT","@id":"https:\/\/inclusivenews.com.br\/?p=23627#primaryimage","url":"","contentUrl":""},{"@type":"BreadcrumbList","@id":"https:\/\/inclusivenews.com.br\/?p=23627#breadcrumb","itemListElement":[{"@type":"ListItem","position":1,"name":"In\u00edcio","item":"https:\/\/inclusivenews.com.br\/"},{"@type":"ListItem","position":2,"name":"Elei\u00e7\u00f5es 2012 e a convers\u00e3o inclusiva"}]},{"@type":"WebSite","@id":"https:\/\/inclusivenews.com.br\/#website","url":"https:\/\/inclusivenews.com.br\/","name":"Inclusive News","description":"Inclusive News","publisher":{"@id":"https:\/\/inclusivenews.com.br\/#organization"},"potentialAction":[{"@type":"SearchAction","target":{"@type":"EntryPoint","urlTemplate":"https:\/\/inclusivenews.com.br\/?s={search_term_string}"},"query-input":{"@type":"PropertyValueSpecification","valueRequired":true,"valueName":"search_term_string"}}],"inLanguage":"pt-PT"},{"@type":"Organization","@id":"https:\/\/inclusivenews.com.br\/#organization","name":"Inclusive - inclus\u00e3o e cidadania","url":"https:\/\/inclusivenews.com.br\/","logo":{"@type":"ImageObject","inLanguage":"pt-PT","@id":"https:\/\/inclusivenews.com.br\/#\/schema\/logo\/image\/","url":"https:\/\/inclusivenews.com.br\/wp-content\/uploads\/2024\/03\/@grandesite.png","contentUrl":"https:\/\/inclusivenews.com.br\/wp-content\/uploads\/2024\/03\/@grandesite.png","width":1080,"height":1080,"caption":"Inclusive - inclus\u00e3o e cidadania"},"image":{"@id":"https:\/\/inclusivenews.com.br\/#\/schema\/logo\/image\/"},"sameAs":["https:\/\/www.facebook.com\/agenciainclusive\/","https:\/\/www.instagram.com\/newsinclusive\/"]},{"@type":"Person","@id":"https:\/\/inclusivenews.com.br\/#\/schema\/person\/ae4ec7087559b8692fb33b6fffd2273b","name":"inclusivenews2024","image":{"@type":"ImageObject","inLanguage":"pt-PT","@id":"https:\/\/secure.gravatar.com\/avatar\/c5a7ef84c66fa914f55bc4f7ce26cfa275a3b9a1c5568b907bd184fb4dde7b40?s=96&d=mm&r=g","url":"https:\/\/secure.gravatar.com\/avatar\/c5a7ef84c66fa914f55bc4f7ce26cfa275a3b9a1c5568b907bd184fb4dde7b40?s=96&d=mm&r=g","contentUrl":"https:\/\/secure.gravatar.com\/avatar\/c5a7ef84c66fa914f55bc4f7ce26cfa275a3b9a1c5568b907bd184fb4dde7b40?s=96&d=mm&r=g","caption":"inclusivenews2024"},"sameAs":["https:\/\/inclusivenews.com.br"],"url":"https:\/\/inclusivenews.com.br\/?author=1"}]}},"_links":{"self":[{"href":"https:\/\/inclusivenews.com.br\/index.php?rest_route=\/wp\/v2\/posts\/23627","targetHints":{"allow":["GET"]}}],"collection":[{"href":"https:\/\/inclusivenews.com.br\/index.php?rest_route=\/wp\/v2\/posts"}],"about":[{"href":"https:\/\/inclusivenews.com.br\/index.php?rest_route=\/wp\/v2\/types\/post"}],"author":[{"embeddable":true,"href":"https:\/\/inclusivenews.com.br\/index.php?rest_route=\/wp\/v2\/users\/1"}],"replies":[{"embeddable":true,"href":"https:\/\/inclusivenews.com.br\/index.php?rest_route=%2Fwp%2Fv2%2Fcomments&post=23627"}],"version-history":[{"count":0,"href":"https:\/\/inclusivenews.com.br\/index.php?rest_route=\/wp\/v2\/posts\/23627\/revisions"}],"wp:attachment":[{"href":"https:\/\/inclusivenews.com.br\/index.php?rest_route=%2Fwp%2Fv2%2Fmedia&parent=23627"}],"wp:term":[{"taxonomy":"category","embeddable":true,"href":"https:\/\/inclusivenews.com.br\/index.php?rest_route=%2Fwp%2Fv2%2Fcategories&post=23627"},{"taxonomy":"post_tag","embeddable":true,"href":"https:\/\/inclusivenews.com.br\/index.php?rest_route=%2Fwp%2Fv2%2Ftags&post=23627"}],"curies":[{"name":"wp","href":"https:\/\/api.w.org\/{rel}","templated":true}]}}