{"id":23634,"date":"2012-10-13T10:46:15","date_gmt":"2012-10-13T13:46:15","guid":{"rendered":"http:\/\/www.inclusive.org.br\/?p=23634"},"modified":"2012-10-13T10:46:15","modified_gmt":"2012-10-13T13:46:15","slug":"23634","status":"publish","type":"post","link":"https:\/\/inclusivenews.com.br\/?p=23634","title":{"rendered":"Direitos, independ\u00eancia e inclus\u00e3o: saiba tudo sobre o segundo dia do Congresso Brasileiro de S\u00edndrome de Down"},"content":{"rendered":"<p style=\"text-align: justify;\">A luta pelos direitos das pessoas com defici\u00eancia, os avan\u00e7os e desafios das pol\u00edticas de inclus\u00e3o e discuss\u00f5es sobre independ\u00eancia marcaram o segundo dia do VI Congresso Brasileiro sobre S\u00edndrome de Down, que acontece no Centro de Conven\u00e7\u00f5es de Olinda, em Pernambuco.<\/p>\n<figure style=\"width: 371px\" class=\"wp-caption alignleft\"><img loading=\"lazy\" decoding=\"async\" title=\"Breno Viola falando no Congresso\" src=\"http:\/\/www.movimentodown.org.br\/sites\/default\/files\/pictures\/congresso_dia2_legenda.jpg\" alt=\"\" width=\"371\" height=\"279\" \/><figcaption class=\"wp-caption-text\"> <\/figcaption><\/figure>\n<p style=\"text-align: justify;\"><img decoding=\"async\" src=\"\/sites\/default\/files\/pictures\/congresso_dia2_legenda.jpg\" alt=\"\" \/>Breno Viola, coordenador de Conte\u00fado Acess\u00edvel do Movimento Down, fez parte da mesa &#8220;Na era dos direitos: a Conven\u00e7\u00e3o sobre os Direitos das Pessoas com Defici\u00eancia&#8221;. Viola, que voltaria a se apresentar durante a tarde, falou sobre os principais artigos da Conven\u00e7\u00e3o da ONU e se emocionou ao final de sua apresenta\u00e7\u00e3o. &#8220;Quero agradecer \u00e0 todas as pessoas com s\u00edndrome de Down que est\u00e3o me assistindo&#8221;.<\/p>\n<p style=\"text-align: justify;\">Rebecca Nunes, do Minist\u00e9rio P\u00fablico do Rio Grande do Norte, explicou que a Conven\u00e7\u00e3o foi aprovada no Brasil como se fizesse parte da Constitui\u00e7\u00e3o Federal, uma vit\u00f3ria importante na luta contra o preconceito. Para ela, a grande inova\u00e7\u00e3o do documento foi enfatizar a necessidade de dar oportunidades para que as pessoas com defici\u00eancia sejam inclu\u00eddas na sociedade com autonomia e independ\u00eancia. &#8220;As pessoas com defici\u00eancia eram aceitas pela sociedade desde que alcan\u00e7assem um determinado padr\u00e3o de &#8220;normalidade&#8221;. Essa Conven\u00e7\u00e3o trouxe um modelo social. A sociedade \u00e9 que tem que adaptar e oferecer servi\u00e7os diferenciados para que essas pessoas tenham igualdade de oportunidades em rela\u00e7\u00e3o \u00e0s outras pessoas que n\u00e3o t\u00eam defici\u00eancia&#8221;.<\/p>\n<p style=\"text-align: justify;\"><strong>Mo\u00e7\u00e3o aprovada em defesa da educa\u00e7\u00e3o inclusiva<\/strong><\/p>\n<p style=\"text-align: justify;\">Na mesma mesa, Eug\u00eania Gonzaga, procuradora da Rep\u00fablica de S\u00e3o Paulo, ressaltou a import\u00e2ncia da Conven\u00e7\u00e3o para a educa\u00e7\u00e3o inclusiva. &#8220;Depois de tantos anos de debates sobre educa\u00e7\u00e3o inclusiva, se uma escola diz que n\u00e3o est\u00e1 preparada, ela n\u00e3o quer estar preparada. Quero refor\u00e7ar que o direito \u00e0 educa\u00e7\u00e3o presente na Conven\u00e7\u00e3o \u00e9 inviol\u00e1vel&#8221;, afirmou.<\/p>\n<p style=\"text-align: justify;\">Tamb\u00e9m em defesa de uma educa\u00e7\u00e3o de qualidade e acesso a todos, Waldir Macieira, Promotor do Minist\u00e9rio P\u00fablico do Par\u00e1, prop\u00f4s e aprovou uma mo\u00e7\u00e3o pedindo a reformula\u00e7\u00e3o na meta 4 do texto sobre o Plano Nacional de Educa\u00e7\u00e3o, que dever\u00e1 ser votado pelo Senado em breve. &#8220;O texto anterior previa a universaliza\u00e7\u00e3o do atendimento escolar especializado em toda a rede p\u00fablica, o atual n\u00e3o garante essa estrutura&#8221;, destacou.<\/p>\n<figure style=\"width: 180px\" class=\"wp-caption alignright\"><img loading=\"lazy\" decoding=\"async\" title=\"Waldir Macieira\" src=\"http:\/\/www.movimentodown.org.br\/sites\/default\/files\/pictures\/waldirmacieira.JPG\" alt=\"\" width=\"180\" height=\"180\" \/><figcaption class=\"wp-caption-text\"> <\/figcaption><\/figure>\n<p style=\"text-align: justify;\">\n<p style=\"text-align: justify;\"><strong>Filme \u201cCromossomo 21\u201d busca recursos para lan\u00e7amento nacional<\/strong><\/p>\n<p style=\"text-align: justify;\">O segundo dia do Congresso come\u00e7ou com a apresenta\u00e7\u00e3o do trailer do filme &#8220;Cromossomo 21&#8221;, que narra a hist\u00f3ria de amor entre uma menina com s\u00edndrome de Down e um rapaz sem a s\u00edndrome. Adriele Lopes, que interpreta a protagonista do filme, contou que esteve envolvida com as filmagens por dois anos e adorou o resultado de seu trabalho. &#8220;N\u00e3o \u00e9 f\u00e1cil atuar, mas foi maravilhoso participar do filme. Tem que ter muito profissionalismo e t\u00e9cnica. Para fazer um filme, tem que ter garra, coragem e ir \u00e0 luta&#8221;. Neste momento, a produ\u00e7\u00e3o busca recursos para que haja um lan\u00e7amento nacional.<\/p>\n<p style=\"text-align: justify;\"><strong>Movimento Down em pauta<\/strong><\/p>\n<p style=\"text-align: justify;\">A tarde contou com uma mesa tem\u00e1tica sobre a experi\u00eancia do Movimento Down. Debora Mascarenhas, que atua na coordena\u00e7\u00e3o do Movimento, falou ao p\u00fablico sobre a atua\u00e7\u00e3o do projeto em diversas frentes, como a difus\u00e3o de informa\u00e7\u00f5es no portal\u00a0<a href=\"http:\/\/www.movimentodown.org.br\">www.movimentodown.org.br<\/a>, o censo sobre a trissomia na Mar\u00e9 (RJ) e o relacionamento com diferentes p\u00fablicos por meio do e-mail <a href=\"mailto:contato@movimentodown.org.br\">contato@movimentodown.org.br<\/a> e do Facebook, al\u00e9m do compromisso com a comunica\u00e7\u00e3o acess\u00edvel.<\/p>\n<p style=\"text-align: justify;\">Por falar nisso, Breno Viola, nosso coordenador de Conte\u00fado Acess\u00edvel, voltou a se apresentar e arrancou aplausos da plateia ao falar sobre sua atua\u00e7\u00e3o no Movimento Down e sobre a necessidade de autonomia para todas as pessoas que t\u00eam s\u00edndrome de Down. &#8220;Temos que falar por n\u00f3s mesmos, ser independentes e lutar pelos nossos sonhos&#8221;.<\/p>\n<p style=\"text-align: justify;\"><strong>Inclus\u00e3o e diversidade<\/strong><\/p>\n<p style=\"text-align: justify;\">\n<figure style=\"width: 180px\" class=\"wp-caption alignleft\"><img loading=\"lazy\" decoding=\"async\" title=\"Claudia Werneck\" src=\"http:\/\/www.movimentodown.org.br\/sites\/default\/files\/pictures\/ClaudiaWerneck.jpg\" alt=\"\" width=\"180\" height=\"180\" \/><figcaption class=\"wp-caption-text\"> <\/figcaption><\/figure>\n<p>Na palestra seguinte, Claudia Werneck, Presidente da Escola de Gente, lan\u00e7ou uma provoca\u00e7\u00e3o: &#8220;Quanto mais inteligente for uma pessoa, mais humana ela ser\u00e1?&#8221;.<\/p>\n<p style=\"text-align: justify;\">Para Werneck, \u00e9 preciso construir uma sociedade inclusiva a partir da realidade, sem omitir as particularidades e limita\u00e7\u00f5es de cada um. &#8220;At\u00e9 hoje, estamos tentando fazer a inclus\u00e3o com base em pessoas que s\u00f3 existem na nossa imagina\u00e7\u00e3o. Se eu pudesse, acrescentaria um direito aos direitos humanos: que toda crian\u00e7a pudesse conhecer a humanidade como ela \u00e9&#8221;.<\/p>\n<p style=\"text-align: justify;\">Entre os demais destaques da programa\u00e7\u00e3o, houve palestras sobre moradias assistidas, qualidade de vida na terceira idade, aprendizagem profissional como instrumento de inclus\u00e3o no trabalho, sexualidade da pessoa com s\u00edndrome de Down e o valor do esporte para a sa\u00fade f\u00edsica e mental. O Congresso Brasileiro sobre S\u00edndrome de Down termina neste s\u00e1bado.<\/p>\n<p style=\"text-align: justify;\">Fonte: <a href=\"http:\/\/www.movimentodown.org.br\/conteudo\/direitos-independ\u00eancia-e-inclus\u00e3o-saiba-tudo-sobre-o-segundo-dia-do-congresso-brasileiro\" target=\"_blank\" rel=\"noopener\">Movimento Down<\/a><\/p>\n","protected":false},"excerpt":{"rendered":"<p>A luta pelos direitos das pessoas com defici\u00eancia, os avan\u00e7os e desafios das pol\u00edticas de inclus\u00e3o e discuss\u00f5es sobre independ\u00eancia marcaram o segundo dia do VI Congresso Brasileiro sobre S\u00edndrome de Down, que acontece no Centro de Conven\u00e7\u00f5es de Olinda, em Pernambuco.<\/p>\n","protected":false},"author":1,"featured_media":0,"comment_status":"open","ping_status":"open","sticky":false,"template":"","format":"standard","meta":{"site-container-style":"default","site-container-layout":"default","site-sidebar-layout":"default","disable-article-header":"default","disable-site-header":"default","disable-site-footer":"default","disable-content-area-spacing":"default","footnotes":""},"categories":[4],"tags":[112],"class_list":["post-23634","post","type-post","status-publish","format-standard","hentry","category-noticias","tag-sindrome-de-down"],"yoast_head":"<!-- This site is optimized with the Yoast SEO plugin v27.4 - https:\/\/yoast.com\/product\/yoast-seo-wordpress\/ -->\n<title>Direitos, independ\u00eancia e inclus\u00e3o: saiba tudo sobre o segundo dia do Congresso Brasileiro de S\u00edndrome de Down -<\/title>\n<meta name=\"robots\" content=\"index, follow, max-snippet:-1, max-image-preview:large, max-video-preview:-1\" \/>\n<link rel=\"canonical\" href=\"https:\/\/inclusivenews.com.br\/?p=23634\" \/>\n<meta property=\"og:locale\" content=\"pt_PT\" \/>\n<meta property=\"og:type\" content=\"article\" \/>\n<meta property=\"og:title\" content=\"Direitos, independ\u00eancia e inclus\u00e3o: saiba tudo sobre o segundo dia do Congresso Brasileiro de S\u00edndrome de Down -\" \/>\n<meta property=\"og:description\" content=\"A luta pelos direitos das pessoas com defici\u00eancia, os avan\u00e7os e desafios das pol\u00edticas de inclus\u00e3o e discuss\u00f5es sobre independ\u00eancia marcaram o segundo dia do VI Congresso Brasileiro sobre S\u00edndrome de Down, que acontece no Centro de Conven\u00e7\u00f5es de Olinda, em Pernambuco.\" \/>\n<meta property=\"og:url\" content=\"https:\/\/inclusivenews.com.br\/?p=23634\" \/>\n<meta property=\"article:publisher\" content=\"https:\/\/www.facebook.com\/agenciainclusive\/\" \/>\n<meta property=\"article:published_time\" content=\"2012-10-13T13:46:15+00:00\" \/>\n<meta property=\"og:image\" content=\"http:\/\/www.movimentodown.org.br\/sites\/default\/files\/pictures\/congresso_dia2_legenda.jpg\" \/>\n<meta name=\"author\" content=\"inclusivenews2024\" \/>\n<meta name=\"twitter:card\" content=\"summary_large_image\" \/>\n<meta name=\"twitter:label1\" content=\"Escrito por\" \/>\n\t<meta name=\"twitter:data1\" content=\"inclusivenews2024\" \/>\n\t<meta name=\"twitter:label2\" content=\"Tempo estimado de leitura\" \/>\n\t<meta name=\"twitter:data2\" content=\"4 minutos\" \/>\n<script type=\"application\/ld+json\" class=\"yoast-schema-graph\">{\"@context\":\"https:\\\/\\\/schema.org\",\"@graph\":[{\"@type\":\"Article\",\"@id\":\"https:\\\/\\\/inclusivenews.com.br\\\/?p=23634#article\",\"isPartOf\":{\"@id\":\"https:\\\/\\\/inclusivenews.com.br\\\/?p=23634\"},\"author\":{\"name\":\"inclusivenews2024\",\"@id\":\"https:\\\/\\\/inclusivenews.com.br\\\/#\\\/schema\\\/person\\\/ae4ec7087559b8692fb33b6fffd2273b\"},\"headline\":\"Direitos, independ\u00eancia e inclus\u00e3o: saiba tudo sobre o segundo dia do Congresso Brasileiro de S\u00edndrome de Down\",\"datePublished\":\"2012-10-13T13:46:15+00:00\",\"mainEntityOfPage\":{\"@id\":\"https:\\\/\\\/inclusivenews.com.br\\\/?p=23634\"},\"wordCount\":864,\"commentCount\":1,\"publisher\":{\"@id\":\"https:\\\/\\\/inclusivenews.com.br\\\/#organization\"},\"image\":{\"@id\":\"https:\\\/\\\/inclusivenews.com.br\\\/?p=23634#primaryimage\"},\"thumbnailUrl\":\"http:\\\/\\\/www.movimentodown.org.br\\\/sites\\\/default\\\/files\\\/pictures\\\/congresso_dia2_legenda.jpg\",\"keywords\":[\"S\u00edndrome de Down\"],\"articleSection\":[\"NOT\u00cdCIAS\"],\"inLanguage\":\"pt-PT\",\"potentialAction\":[{\"@type\":\"CommentAction\",\"name\":\"Comment\",\"target\":[\"https:\\\/\\\/inclusivenews.com.br\\\/?p=23634#respond\"]}]},{\"@type\":\"WebPage\",\"@id\":\"https:\\\/\\\/inclusivenews.com.br\\\/?p=23634\",\"url\":\"https:\\\/\\\/inclusivenews.com.br\\\/?p=23634\",\"name\":\"Direitos, independ\u00eancia e inclus\u00e3o: saiba tudo sobre o segundo dia do Congresso Brasileiro de S\u00edndrome de Down -\",\"isPartOf\":{\"@id\":\"https:\\\/\\\/inclusivenews.com.br\\\/#website\"},\"primaryImageOfPage\":{\"@id\":\"https:\\\/\\\/inclusivenews.com.br\\\/?p=23634#primaryimage\"},\"image\":{\"@id\":\"https:\\\/\\\/inclusivenews.com.br\\\/?p=23634#primaryimage\"},\"thumbnailUrl\":\"http:\\\/\\\/www.movimentodown.org.br\\\/sites\\\/default\\\/files\\\/pictures\\\/congresso_dia2_legenda.jpg\",\"datePublished\":\"2012-10-13T13:46:15+00:00\",\"breadcrumb\":{\"@id\":\"https:\\\/\\\/inclusivenews.com.br\\\/?p=23634#breadcrumb\"},\"inLanguage\":\"pt-PT\",\"potentialAction\":[{\"@type\":\"ReadAction\",\"target\":[\"https:\\\/\\\/inclusivenews.com.br\\\/?p=23634\"]}]},{\"@type\":\"ImageObject\",\"inLanguage\":\"pt-PT\",\"@id\":\"https:\\\/\\\/inclusivenews.com.br\\\/?p=23634#primaryimage\",\"url\":\"http:\\\/\\\/www.movimentodown.org.br\\\/sites\\\/default\\\/files\\\/pictures\\\/congresso_dia2_legenda.jpg\",\"contentUrl\":\"http:\\\/\\\/www.movimentodown.org.br\\\/sites\\\/default\\\/files\\\/pictures\\\/congresso_dia2_legenda.jpg\"},{\"@type\":\"BreadcrumbList\",\"@id\":\"https:\\\/\\\/inclusivenews.com.br\\\/?p=23634#breadcrumb\",\"itemListElement\":[{\"@type\":\"ListItem\",\"position\":1,\"name\":\"In\u00edcio\",\"item\":\"https:\\\/\\\/inclusivenews.com.br\\\/\"},{\"@type\":\"ListItem\",\"position\":2,\"name\":\"Direitos, independ\u00eancia e inclus\u00e3o: saiba tudo sobre o segundo dia do Congresso Brasileiro de S\u00edndrome de Down\"}]},{\"@type\":\"WebSite\",\"@id\":\"https:\\\/\\\/inclusivenews.com.br\\\/#website\",\"url\":\"https:\\\/\\\/inclusivenews.com.br\\\/\",\"name\":\"Inclusive News\",\"description\":\"Inclusive News\",\"publisher\":{\"@id\":\"https:\\\/\\\/inclusivenews.com.br\\\/#organization\"},\"potentialAction\":[{\"@type\":\"SearchAction\",\"target\":{\"@type\":\"EntryPoint\",\"urlTemplate\":\"https:\\\/\\\/inclusivenews.com.br\\\/?s={search_term_string}\"},\"query-input\":{\"@type\":\"PropertyValueSpecification\",\"valueRequired\":true,\"valueName\":\"search_term_string\"}}],\"inLanguage\":\"pt-PT\"},{\"@type\":\"Organization\",\"@id\":\"https:\\\/\\\/inclusivenews.com.br\\\/#organization\",\"name\":\"Inclusive - inclus\u00e3o e cidadania\",\"url\":\"https:\\\/\\\/inclusivenews.com.br\\\/\",\"logo\":{\"@type\":\"ImageObject\",\"inLanguage\":\"pt-PT\",\"@id\":\"https:\\\/\\\/inclusivenews.com.br\\\/#\\\/schema\\\/logo\\\/image\\\/\",\"url\":\"https:\\\/\\\/inclusivenews.com.br\\\/wp-content\\\/uploads\\\/2024\\\/03\\\/@grandesite.png\",\"contentUrl\":\"https:\\\/\\\/inclusivenews.com.br\\\/wp-content\\\/uploads\\\/2024\\\/03\\\/@grandesite.png\",\"width\":1080,\"height\":1080,\"caption\":\"Inclusive - inclus\u00e3o e cidadania\"},\"image\":{\"@id\":\"https:\\\/\\\/inclusivenews.com.br\\\/#\\\/schema\\\/logo\\\/image\\\/\"},\"sameAs\":[\"https:\\\/\\\/www.facebook.com\\\/agenciainclusive\\\/\",\"https:\\\/\\\/www.instagram.com\\\/newsinclusive\\\/\"]},{\"@type\":\"Person\",\"@id\":\"https:\\\/\\\/inclusivenews.com.br\\\/#\\\/schema\\\/person\\\/ae4ec7087559b8692fb33b6fffd2273b\",\"name\":\"inclusivenews2024\",\"image\":{\"@type\":\"ImageObject\",\"inLanguage\":\"pt-PT\",\"@id\":\"https:\\\/\\\/secure.gravatar.com\\\/avatar\\\/c5a7ef84c66fa914f55bc4f7ce26cfa275a3b9a1c5568b907bd184fb4dde7b40?s=96&d=mm&r=g\",\"url\":\"https:\\\/\\\/secure.gravatar.com\\\/avatar\\\/c5a7ef84c66fa914f55bc4f7ce26cfa275a3b9a1c5568b907bd184fb4dde7b40?s=96&d=mm&r=g\",\"contentUrl\":\"https:\\\/\\\/secure.gravatar.com\\\/avatar\\\/c5a7ef84c66fa914f55bc4f7ce26cfa275a3b9a1c5568b907bd184fb4dde7b40?s=96&d=mm&r=g\",\"caption\":\"inclusivenews2024\"},\"sameAs\":[\"https:\\\/\\\/inclusivenews.com.br\"],\"url\":\"https:\\\/\\\/inclusivenews.com.br\\\/?author=1\"}]}<\/script>\n<!-- \/ Yoast SEO plugin. -->","yoast_head_json":{"title":"Direitos, independ\u00eancia e inclus\u00e3o: saiba tudo sobre o segundo dia do Congresso Brasileiro de S\u00edndrome de Down -","robots":{"index":"index","follow":"follow","max-snippet":"max-snippet:-1","max-image-preview":"max-image-preview:large","max-video-preview":"max-video-preview:-1"},"canonical":"https:\/\/inclusivenews.com.br\/?p=23634","og_locale":"pt_PT","og_type":"article","og_title":"Direitos, independ\u00eancia e inclus\u00e3o: saiba tudo sobre o segundo dia do Congresso Brasileiro de S\u00edndrome de Down -","og_description":"A luta pelos direitos das pessoas com defici\u00eancia, os avan\u00e7os e desafios das pol\u00edticas de inclus\u00e3o e discuss\u00f5es sobre independ\u00eancia marcaram o segundo dia do VI Congresso Brasileiro sobre S\u00edndrome de Down, que acontece no Centro de Conven\u00e7\u00f5es de Olinda, em Pernambuco.","og_url":"https:\/\/inclusivenews.com.br\/?p=23634","article_publisher":"https:\/\/www.facebook.com\/agenciainclusive\/","article_published_time":"2012-10-13T13:46:15+00:00","og_image":[{"url":"http:\/\/www.movimentodown.org.br\/sites\/default\/files\/pictures\/congresso_dia2_legenda.jpg","type":"","width":"","height":""}],"author":"inclusivenews2024","twitter_card":"summary_large_image","twitter_misc":{"Escrito por":"inclusivenews2024","Tempo estimado de leitura":"4 minutos"},"schema":{"@context":"https:\/\/schema.org","@graph":[{"@type":"Article","@id":"https:\/\/inclusivenews.com.br\/?p=23634#article","isPartOf":{"@id":"https:\/\/inclusivenews.com.br\/?p=23634"},"author":{"name":"inclusivenews2024","@id":"https:\/\/inclusivenews.com.br\/#\/schema\/person\/ae4ec7087559b8692fb33b6fffd2273b"},"headline":"Direitos, independ\u00eancia e inclus\u00e3o: saiba tudo sobre o segundo dia do Congresso Brasileiro de S\u00edndrome de Down","datePublished":"2012-10-13T13:46:15+00:00","mainEntityOfPage":{"@id":"https:\/\/inclusivenews.com.br\/?p=23634"},"wordCount":864,"commentCount":1,"publisher":{"@id":"https:\/\/inclusivenews.com.br\/#organization"},"image":{"@id":"https:\/\/inclusivenews.com.br\/?p=23634#primaryimage"},"thumbnailUrl":"http:\/\/www.movimentodown.org.br\/sites\/default\/files\/pictures\/congresso_dia2_legenda.jpg","keywords":["S\u00edndrome de Down"],"articleSection":["NOT\u00cdCIAS"],"inLanguage":"pt-PT","potentialAction":[{"@type":"CommentAction","name":"Comment","target":["https:\/\/inclusivenews.com.br\/?p=23634#respond"]}]},{"@type":"WebPage","@id":"https:\/\/inclusivenews.com.br\/?p=23634","url":"https:\/\/inclusivenews.com.br\/?p=23634","name":"Direitos, independ\u00eancia e inclus\u00e3o: saiba tudo sobre o segundo dia do Congresso Brasileiro de S\u00edndrome de Down -","isPartOf":{"@id":"https:\/\/inclusivenews.com.br\/#website"},"primaryImageOfPage":{"@id":"https:\/\/inclusivenews.com.br\/?p=23634#primaryimage"},"image":{"@id":"https:\/\/inclusivenews.com.br\/?p=23634#primaryimage"},"thumbnailUrl":"http:\/\/www.movimentodown.org.br\/sites\/default\/files\/pictures\/congresso_dia2_legenda.jpg","datePublished":"2012-10-13T13:46:15+00:00","breadcrumb":{"@id":"https:\/\/inclusivenews.com.br\/?p=23634#breadcrumb"},"inLanguage":"pt-PT","potentialAction":[{"@type":"ReadAction","target":["https:\/\/inclusivenews.com.br\/?p=23634"]}]},{"@type":"ImageObject","inLanguage":"pt-PT","@id":"https:\/\/inclusivenews.com.br\/?p=23634#primaryimage","url":"http:\/\/www.movimentodown.org.br\/sites\/default\/files\/pictures\/congresso_dia2_legenda.jpg","contentUrl":"http:\/\/www.movimentodown.org.br\/sites\/default\/files\/pictures\/congresso_dia2_legenda.jpg"},{"@type":"BreadcrumbList","@id":"https:\/\/inclusivenews.com.br\/?p=23634#breadcrumb","itemListElement":[{"@type":"ListItem","position":1,"name":"In\u00edcio","item":"https:\/\/inclusivenews.com.br\/"},{"@type":"ListItem","position":2,"name":"Direitos, independ\u00eancia e inclus\u00e3o: saiba tudo sobre o segundo dia do Congresso Brasileiro de S\u00edndrome de Down"}]},{"@type":"WebSite","@id":"https:\/\/inclusivenews.com.br\/#website","url":"https:\/\/inclusivenews.com.br\/","name":"Inclusive News","description":"Inclusive News","publisher":{"@id":"https:\/\/inclusivenews.com.br\/#organization"},"potentialAction":[{"@type":"SearchAction","target":{"@type":"EntryPoint","urlTemplate":"https:\/\/inclusivenews.com.br\/?s={search_term_string}"},"query-input":{"@type":"PropertyValueSpecification","valueRequired":true,"valueName":"search_term_string"}}],"inLanguage":"pt-PT"},{"@type":"Organization","@id":"https:\/\/inclusivenews.com.br\/#organization","name":"Inclusive - inclus\u00e3o e cidadania","url":"https:\/\/inclusivenews.com.br\/","logo":{"@type":"ImageObject","inLanguage":"pt-PT","@id":"https:\/\/inclusivenews.com.br\/#\/schema\/logo\/image\/","url":"https:\/\/inclusivenews.com.br\/wp-content\/uploads\/2024\/03\/@grandesite.png","contentUrl":"https:\/\/inclusivenews.com.br\/wp-content\/uploads\/2024\/03\/@grandesite.png","width":1080,"height":1080,"caption":"Inclusive - inclus\u00e3o e cidadania"},"image":{"@id":"https:\/\/inclusivenews.com.br\/#\/schema\/logo\/image\/"},"sameAs":["https:\/\/www.facebook.com\/agenciainclusive\/","https:\/\/www.instagram.com\/newsinclusive\/"]},{"@type":"Person","@id":"https:\/\/inclusivenews.com.br\/#\/schema\/person\/ae4ec7087559b8692fb33b6fffd2273b","name":"inclusivenews2024","image":{"@type":"ImageObject","inLanguage":"pt-PT","@id":"https:\/\/secure.gravatar.com\/avatar\/c5a7ef84c66fa914f55bc4f7ce26cfa275a3b9a1c5568b907bd184fb4dde7b40?s=96&d=mm&r=g","url":"https:\/\/secure.gravatar.com\/avatar\/c5a7ef84c66fa914f55bc4f7ce26cfa275a3b9a1c5568b907bd184fb4dde7b40?s=96&d=mm&r=g","contentUrl":"https:\/\/secure.gravatar.com\/avatar\/c5a7ef84c66fa914f55bc4f7ce26cfa275a3b9a1c5568b907bd184fb4dde7b40?s=96&d=mm&r=g","caption":"inclusivenews2024"},"sameAs":["https:\/\/inclusivenews.com.br"],"url":"https:\/\/inclusivenews.com.br\/?author=1"}]}},"_links":{"self":[{"href":"https:\/\/inclusivenews.com.br\/index.php?rest_route=\/wp\/v2\/posts\/23634","targetHints":{"allow":["GET"]}}],"collection":[{"href":"https:\/\/inclusivenews.com.br\/index.php?rest_route=\/wp\/v2\/posts"}],"about":[{"href":"https:\/\/inclusivenews.com.br\/index.php?rest_route=\/wp\/v2\/types\/post"}],"author":[{"embeddable":true,"href":"https:\/\/inclusivenews.com.br\/index.php?rest_route=\/wp\/v2\/users\/1"}],"replies":[{"embeddable":true,"href":"https:\/\/inclusivenews.com.br\/index.php?rest_route=%2Fwp%2Fv2%2Fcomments&post=23634"}],"version-history":[{"count":0,"href":"https:\/\/inclusivenews.com.br\/index.php?rest_route=\/wp\/v2\/posts\/23634\/revisions"}],"wp:attachment":[{"href":"https:\/\/inclusivenews.com.br\/index.php?rest_route=%2Fwp%2Fv2%2Fmedia&parent=23634"}],"wp:term":[{"taxonomy":"category","embeddable":true,"href":"https:\/\/inclusivenews.com.br\/index.php?rest_route=%2Fwp%2Fv2%2Fcategories&post=23634"},{"taxonomy":"post_tag","embeddable":true,"href":"https:\/\/inclusivenews.com.br\/index.php?rest_route=%2Fwp%2Fv2%2Ftags&post=23634"}],"curies":[{"name":"wp","href":"https:\/\/api.w.org\/{rel}","templated":true}]}}