{"id":23637,"date":"2012-10-17T09:10:17","date_gmt":"2012-10-17T12:10:17","guid":{"rendered":"http:\/\/www.inclusive.org.br\/?p=23637"},"modified":"2012-10-17T09:10:17","modified_gmt":"2012-10-17T12:10:17","slug":"invisibilidades","status":"publish","type":"post","link":"https:\/\/inclusivenews.com.br\/?p=23637","title":{"rendered":"Invisibilidades"},"content":{"rendered":"<figure id=\"attachment_23572\" aria-describedby=\"caption-attachment-23572\" style=\"width: 300px\" class=\"wp-caption alignleft\"><a href=\"http:\/\/www.inclusivenews.com.br\/wp-content\/uploads\/invisibilidade.jpg\"><img loading=\"lazy\" decoding=\"async\" class=\"size-full wp-image-23572\" title=\"Invisibilidade - o tracejado de uma pessoa invis\u00edvel sentada em um banco de pra\u00e7a\" src=\"http:\/\/inclusivenews.com.br\/wp-content\/uploads\/invisibilidade.jpg\" alt=\"Invisibilidade - o tracejado de uma pessoa invis\u00edvel sentada em um banco de pra\u00e7a\" width=\"300\" height=\"225\" \/><\/a><figcaption id=\"caption-attachment-23572\" class=\"wp-caption-text\"> <\/figcaption><\/figure>\n<p><em>Por Marta Gil *<\/em><\/p>\n<p>A \u201cinvisibilidade\u201d na \u00e1rea da defici\u00eancia j\u00e1 se tornou uma velha conhecida.<\/p>\n<p>As pessoas com defici\u00eancia a sentem na pele, nas mais diversas situa\u00e7\u00f5es; os que est\u00e3o perto delas ou trabalham na \u00e1rea t\u00eam muitas hist\u00f3rias dela para contar.<\/p>\n<p>Para Harry Potter e seus amigos, a invisibilidade trazia vantagens e, portanto, era desej\u00e1vel: com a capa m\u00e1gica, podiam se aventurar, descobrir segredos e identificar vil\u00f5es.<\/p>\n<p>A capa os protegia, dava acesso a informa\u00e7\u00f5es preciosas ou mesmo favorecia escapadelas.<\/p>\n<p>N\u00e3o \u00e9 esse o caso das pessoas com defici\u00eancia. Por\u00e9m, j\u00e1 que repetimos tantas vezes essa afirma\u00e7\u00e3o e at\u00e9 comprovamos sua ocorr\u00eancia, vale a pena refletir sobre isso.<\/p>\n<p>Mas, por que usar o plural? Porque acho que h\u00e1 dois tipos de invisibilidade.<\/p>\n<p>A nossa velha conhecida \u00e9 aquela que ignora as caracter\u00edsticas das pessoas com defici\u00eancia, camuflando-as com frases como \u201cPara mim, todos s\u00e3o iguais\u201d; \u201cO que me interessa s\u00e3o pessoas\u201d; \u201cTrato todos do mesmo jeito\u201d ou varia\u00e7\u00f5es parecidas.<\/p>\n<p>Essas frases, que aparentemente traduzem sentimentos louv\u00e1veis, podem esconder um perigo, embora as inten\u00e7\u00f5es de quem fala sejam as melhores e as mais nobres poss\u00edveis.<\/p>\n<p>Perigo? Como assim?<\/p>\n<p>Ele reside na n\u00e3o considera\u00e7\u00e3o de caracter\u00edsticas que fazem parte da natureza da pessoa com defici\u00eancia.<\/p>\n<p>Se os tra\u00e7os diferenciais s\u00e3o \u201cpasteurizados\u201d em nome desta igualdade que n\u00e3o respeita a diversidade \u2013 ao contr\u00e1rio, passa um trator sobre ela &#8211; ent\u00e3o essas caracter\u00edsticas ficam, sim, \u201cinvis\u00edveis\u201d.<\/p>\n<p>Resultado: escolas (e demais espa\u00e7os sociais) n\u00e3o t\u00eam materiais em braile, em portugu\u00eas simplificado ou com audiodescri\u00e7\u00e3o; surdos n\u00e3o t\u00eam int\u00e9rpretes de Libras; rampas, elevadores, softwares, pisos podot\u00e1teis nem s\u00e3o contemplados em or\u00e7amentos, etc.<\/p>\n<p>Como alerta Reinaldo Bulgarelli:<\/p>\n<p>As pessoas n\u00e3o s\u00e3o \u201calminhas vagando por a\u00ed\u201d; t\u00eam corpos, caracter\u00edsticas, desejos e necessidades, que formam sua identidade.<\/p>\n<p>Quando esta n\u00e3o \u00e9 sequer considerada em nome de uma suposta \u201cigualdade\u201d, elas se tornam \u201cinvis\u00edveis\u201d porque algumas de suas caracter\u00edsticas s\u00e3o solenemente ignoradas.<\/p>\n<p>A\u00ed, a presen\u00e7a nos espa\u00e7os sociais se torna dif\u00edcil ou at\u00e9 mesmo invi\u00e1vel, para muitas. Isso explica porque nem sempre s\u00e3o vistas por n\u00f3s.<\/p>\n<p>Esse tipo de invisibilidade deve ser combatido, sempre.<\/p>\n<p>A Conven\u00e7\u00e3o sobre os Direitos das Pessoas com Defici\u00eancia, que o Brasil ratificou com equival\u00eancia constitucional \u00e9 o instrumento mais potente que dispomos para garantir a visibilidade.<\/p>\n<p>A Conven\u00e7\u00e3o traz um novo olhar, tendo como base os Direitos Humanos.<\/p>\n<p>Um de seus pilares \u00e9 a acessibilidade, em todos os significados do termo. A aus\u00eancia de acessibilidade configura discrimina\u00e7\u00e3o \u2013 e discriminar \u00e9 crime. Simples assim.<\/p>\n<p>Ana Paula Crosara, que tinha uma defici\u00eancia f\u00edsica, costumava dizer que esperava o dia em que entrar e sair de um carro fosse algo corriqueiro, deixando de ser \u201cum espet\u00e1culo\u201d, que atra\u00eda olhares curiosos.<\/p>\n<p>Esse outro tipo de \u201cinvisibilidade\u201d \u00e9 desej\u00e1vel, pois vem da naturalidade: indica que as condi\u00e7\u00f5es para que as pessoas com defici\u00eancia possam participar da sociedade est\u00e3o asseguradas.<\/p>\n<p>Assim, elas podem \u201caparecer\u201d e todos podemos conviver com tranquilidade, seguran\u00e7a e respeito.<\/p>\n<p>A \u201cinvisibilidade desej\u00e1vel\u201d beneficia a todos, porque considera a diversidade funcional de cada um.<\/p>\n<p>Ela cria um c\u00edrculo virtuoso: ao olhar de frente o diferente, a sociedade inventa alternativas e busca solu\u00e7\u00f5es; \u00e0 medida que a acessibilidade aumenta, mais pessoas entram na roda e a diferen\u00e7a passa a ser percebida e celebrada como parte da riqueza da Vida.<\/p>\n<p>Para termos direitos iguais, nossas diferen\u00e7as precisam ser vistas, reconhecidas e aceitas.<\/p>\n<p><em>* Soci\u00f3loga, consultora na \u00e1rea da Defici\u00eancia, coordenadora do Amankay Instituto de Estudos e Pesquisas, Fellow da Ashoka Empreendedores Sociais, colaboradora do SENAI-SP e do Planeta Educa\u00e7\u00e3o.<\/em><\/p>\n","protected":false},"excerpt":{"rendered":"<p>Para Marta Gil, para as pessoas com defici\u00eancia h\u00e1 dois tipos de invisibilidade. Uma velha conhecida, que ignora as caracter\u00edsticas das pessoas e outra, que \u00e9 desej\u00e1vel, significando a naturalidade que vem do reconhecimento e da aceita\u00e7\u00e3o.<\/p>\n","protected":false},"author":1,"featured_media":0,"comment_status":"open","ping_status":"open","sticky":false,"template":"","format":"standard","meta":{"site-container-style":"default","site-container-layout":"default","site-sidebar-layout":"default","disable-article-header":"default","disable-site-header":"default","disable-site-footer":"default","disable-content-area-spacing":"default","footnotes":""},"categories":[38,48,8],"tags":[],"class_list":["post-23637","post","type-post","status-publish","format-standard","hentry","category-deficiencia","category-inclusao","category-textos-e-artigos"],"yoast_head":"<!-- This site is optimized with the Yoast SEO plugin v27.4 - https:\/\/yoast.com\/product\/yoast-seo-wordpress\/ -->\n<title>Invisibilidades -<\/title>\n<meta name=\"robots\" content=\"index, follow, max-snippet:-1, max-image-preview:large, max-video-preview:-1\" \/>\n<link rel=\"canonical\" href=\"https:\/\/inclusivenews.com.br\/?p=23637\" \/>\n<meta property=\"og:locale\" content=\"pt_PT\" \/>\n<meta property=\"og:type\" content=\"article\" \/>\n<meta property=\"og:title\" content=\"Invisibilidades -\" \/>\n<meta property=\"og:description\" content=\"Para Marta Gil, para as pessoas com defici\u00eancia h\u00e1 dois tipos de invisibilidade. Uma velha conhecida, que ignora as caracter\u00edsticas das pessoas e outra, que \u00e9 desej\u00e1vel, significando a naturalidade que vem do reconhecimento e da aceita\u00e7\u00e3o.\" \/>\n<meta property=\"og:url\" content=\"https:\/\/inclusivenews.com.br\/?p=23637\" \/>\n<meta property=\"article:publisher\" content=\"https:\/\/www.facebook.com\/agenciainclusive\/\" \/>\n<meta property=\"article:published_time\" content=\"2012-10-17T12:10:17+00:00\" \/>\n<meta property=\"og:image\" content=\"http:\/\/inclusivenews.com.br\/wp-content\/uploads\/invisibilidade.jpg\" \/>\n<meta name=\"author\" content=\"inclusivenews2024\" \/>\n<meta name=\"twitter:card\" content=\"summary_large_image\" \/>\n<meta name=\"twitter:label1\" content=\"Escrito por\" \/>\n\t<meta name=\"twitter:data1\" content=\"inclusivenews2024\" \/>\n\t<meta name=\"twitter:label2\" content=\"Tempo estimado de leitura\" \/>\n\t<meta name=\"twitter:data2\" content=\"3 minutos\" \/>\n<script type=\"application\/ld+json\" class=\"yoast-schema-graph\">{\"@context\":\"https:\\\/\\\/schema.org\",\"@graph\":[{\"@type\":\"Article\",\"@id\":\"https:\\\/\\\/inclusivenews.com.br\\\/?p=23637#article\",\"isPartOf\":{\"@id\":\"https:\\\/\\\/inclusivenews.com.br\\\/?p=23637\"},\"author\":{\"name\":\"inclusivenews2024\",\"@id\":\"https:\\\/\\\/inclusivenews.com.br\\\/#\\\/schema\\\/person\\\/ae4ec7087559b8692fb33b6fffd2273b\"},\"headline\":\"Invisibilidades\",\"datePublished\":\"2012-10-17T12:10:17+00:00\",\"mainEntityOfPage\":{\"@id\":\"https:\\\/\\\/inclusivenews.com.br\\\/?p=23637\"},\"wordCount\":662,\"commentCount\":0,\"publisher\":{\"@id\":\"https:\\\/\\\/inclusivenews.com.br\\\/#organization\"},\"image\":{\"@id\":\"https:\\\/\\\/inclusivenews.com.br\\\/?p=23637#primaryimage\"},\"thumbnailUrl\":\"http:\\\/\\\/inclusivenews.com.br\\\/wp-content\\\/uploads\\\/invisibilidade.jpg\",\"articleSection\":[\"Defici\u00eancia\",\"INCLUS\u00c3O SOCIAL\",\"OPINI\u00c3O\"],\"inLanguage\":\"pt-PT\",\"potentialAction\":[{\"@type\":\"CommentAction\",\"name\":\"Comment\",\"target\":[\"https:\\\/\\\/inclusivenews.com.br\\\/?p=23637#respond\"]}]},{\"@type\":\"WebPage\",\"@id\":\"https:\\\/\\\/inclusivenews.com.br\\\/?p=23637\",\"url\":\"https:\\\/\\\/inclusivenews.com.br\\\/?p=23637\",\"name\":\"Invisibilidades -\",\"isPartOf\":{\"@id\":\"https:\\\/\\\/inclusivenews.com.br\\\/#website\"},\"primaryImageOfPage\":{\"@id\":\"https:\\\/\\\/inclusivenews.com.br\\\/?p=23637#primaryimage\"},\"image\":{\"@id\":\"https:\\\/\\\/inclusivenews.com.br\\\/?p=23637#primaryimage\"},\"thumbnailUrl\":\"http:\\\/\\\/inclusivenews.com.br\\\/wp-content\\\/uploads\\\/invisibilidade.jpg\",\"datePublished\":\"2012-10-17T12:10:17+00:00\",\"breadcrumb\":{\"@id\":\"https:\\\/\\\/inclusivenews.com.br\\\/?p=23637#breadcrumb\"},\"inLanguage\":\"pt-PT\",\"potentialAction\":[{\"@type\":\"ReadAction\",\"target\":[\"https:\\\/\\\/inclusivenews.com.br\\\/?p=23637\"]}]},{\"@type\":\"ImageObject\",\"inLanguage\":\"pt-PT\",\"@id\":\"https:\\\/\\\/inclusivenews.com.br\\\/?p=23637#primaryimage\",\"url\":\"\",\"contentUrl\":\"\"},{\"@type\":\"BreadcrumbList\",\"@id\":\"https:\\\/\\\/inclusivenews.com.br\\\/?p=23637#breadcrumb\",\"itemListElement\":[{\"@type\":\"ListItem\",\"position\":1,\"name\":\"In\u00edcio\",\"item\":\"https:\\\/\\\/inclusivenews.com.br\\\/\"},{\"@type\":\"ListItem\",\"position\":2,\"name\":\"Invisibilidades\"}]},{\"@type\":\"WebSite\",\"@id\":\"https:\\\/\\\/inclusivenews.com.br\\\/#website\",\"url\":\"https:\\\/\\\/inclusivenews.com.br\\\/\",\"name\":\"Inclusive News\",\"description\":\"Inclusive News\",\"publisher\":{\"@id\":\"https:\\\/\\\/inclusivenews.com.br\\\/#organization\"},\"potentialAction\":[{\"@type\":\"SearchAction\",\"target\":{\"@type\":\"EntryPoint\",\"urlTemplate\":\"https:\\\/\\\/inclusivenews.com.br\\\/?s={search_term_string}\"},\"query-input\":{\"@type\":\"PropertyValueSpecification\",\"valueRequired\":true,\"valueName\":\"search_term_string\"}}],\"inLanguage\":\"pt-PT\"},{\"@type\":\"Organization\",\"@id\":\"https:\\\/\\\/inclusivenews.com.br\\\/#organization\",\"name\":\"Inclusive - inclus\u00e3o e cidadania\",\"url\":\"https:\\\/\\\/inclusivenews.com.br\\\/\",\"logo\":{\"@type\":\"ImageObject\",\"inLanguage\":\"pt-PT\",\"@id\":\"https:\\\/\\\/inclusivenews.com.br\\\/#\\\/schema\\\/logo\\\/image\\\/\",\"url\":\"https:\\\/\\\/inclusivenews.com.br\\\/wp-content\\\/uploads\\\/2024\\\/03\\\/@grandesite.png\",\"contentUrl\":\"https:\\\/\\\/inclusivenews.com.br\\\/wp-content\\\/uploads\\\/2024\\\/03\\\/@grandesite.png\",\"width\":1080,\"height\":1080,\"caption\":\"Inclusive - inclus\u00e3o e cidadania\"},\"image\":{\"@id\":\"https:\\\/\\\/inclusivenews.com.br\\\/#\\\/schema\\\/logo\\\/image\\\/\"},\"sameAs\":[\"https:\\\/\\\/www.facebook.com\\\/agenciainclusive\\\/\",\"https:\\\/\\\/www.instagram.com\\\/newsinclusive\\\/\"]},{\"@type\":\"Person\",\"@id\":\"https:\\\/\\\/inclusivenews.com.br\\\/#\\\/schema\\\/person\\\/ae4ec7087559b8692fb33b6fffd2273b\",\"name\":\"inclusivenews2024\",\"image\":{\"@type\":\"ImageObject\",\"inLanguage\":\"pt-PT\",\"@id\":\"https:\\\/\\\/secure.gravatar.com\\\/avatar\\\/c5a7ef84c66fa914f55bc4f7ce26cfa275a3b9a1c5568b907bd184fb4dde7b40?s=96&d=mm&r=g\",\"url\":\"https:\\\/\\\/secure.gravatar.com\\\/avatar\\\/c5a7ef84c66fa914f55bc4f7ce26cfa275a3b9a1c5568b907bd184fb4dde7b40?s=96&d=mm&r=g\",\"contentUrl\":\"https:\\\/\\\/secure.gravatar.com\\\/avatar\\\/c5a7ef84c66fa914f55bc4f7ce26cfa275a3b9a1c5568b907bd184fb4dde7b40?s=96&d=mm&r=g\",\"caption\":\"inclusivenews2024\"},\"sameAs\":[\"https:\\\/\\\/inclusivenews.com.br\"],\"url\":\"https:\\\/\\\/inclusivenews.com.br\\\/?author=1\"}]}<\/script>\n<!-- \/ Yoast SEO plugin. -->","yoast_head_json":{"title":"Invisibilidades -","robots":{"index":"index","follow":"follow","max-snippet":"max-snippet:-1","max-image-preview":"max-image-preview:large","max-video-preview":"max-video-preview:-1"},"canonical":"https:\/\/inclusivenews.com.br\/?p=23637","og_locale":"pt_PT","og_type":"article","og_title":"Invisibilidades -","og_description":"Para Marta Gil, para as pessoas com defici\u00eancia h\u00e1 dois tipos de invisibilidade. Uma velha conhecida, que ignora as caracter\u00edsticas das pessoas e outra, que \u00e9 desej\u00e1vel, significando a naturalidade que vem do reconhecimento e da aceita\u00e7\u00e3o.","og_url":"https:\/\/inclusivenews.com.br\/?p=23637","article_publisher":"https:\/\/www.facebook.com\/agenciainclusive\/","article_published_time":"2012-10-17T12:10:17+00:00","og_image":[{"url":"http:\/\/inclusivenews.com.br\/wp-content\/uploads\/invisibilidade.jpg","type":"","width":"","height":""}],"author":"inclusivenews2024","twitter_card":"summary_large_image","twitter_misc":{"Escrito por":"inclusivenews2024","Tempo estimado de leitura":"3 minutos"},"schema":{"@context":"https:\/\/schema.org","@graph":[{"@type":"Article","@id":"https:\/\/inclusivenews.com.br\/?p=23637#article","isPartOf":{"@id":"https:\/\/inclusivenews.com.br\/?p=23637"},"author":{"name":"inclusivenews2024","@id":"https:\/\/inclusivenews.com.br\/#\/schema\/person\/ae4ec7087559b8692fb33b6fffd2273b"},"headline":"Invisibilidades","datePublished":"2012-10-17T12:10:17+00:00","mainEntityOfPage":{"@id":"https:\/\/inclusivenews.com.br\/?p=23637"},"wordCount":662,"commentCount":0,"publisher":{"@id":"https:\/\/inclusivenews.com.br\/#organization"},"image":{"@id":"https:\/\/inclusivenews.com.br\/?p=23637#primaryimage"},"thumbnailUrl":"http:\/\/inclusivenews.com.br\/wp-content\/uploads\/invisibilidade.jpg","articleSection":["Defici\u00eancia","INCLUS\u00c3O SOCIAL","OPINI\u00c3O"],"inLanguage":"pt-PT","potentialAction":[{"@type":"CommentAction","name":"Comment","target":["https:\/\/inclusivenews.com.br\/?p=23637#respond"]}]},{"@type":"WebPage","@id":"https:\/\/inclusivenews.com.br\/?p=23637","url":"https:\/\/inclusivenews.com.br\/?p=23637","name":"Invisibilidades -","isPartOf":{"@id":"https:\/\/inclusivenews.com.br\/#website"},"primaryImageOfPage":{"@id":"https:\/\/inclusivenews.com.br\/?p=23637#primaryimage"},"image":{"@id":"https:\/\/inclusivenews.com.br\/?p=23637#primaryimage"},"thumbnailUrl":"http:\/\/inclusivenews.com.br\/wp-content\/uploads\/invisibilidade.jpg","datePublished":"2012-10-17T12:10:17+00:00","breadcrumb":{"@id":"https:\/\/inclusivenews.com.br\/?p=23637#breadcrumb"},"inLanguage":"pt-PT","potentialAction":[{"@type":"ReadAction","target":["https:\/\/inclusivenews.com.br\/?p=23637"]}]},{"@type":"ImageObject","inLanguage":"pt-PT","@id":"https:\/\/inclusivenews.com.br\/?p=23637#primaryimage","url":"","contentUrl":""},{"@type":"BreadcrumbList","@id":"https:\/\/inclusivenews.com.br\/?p=23637#breadcrumb","itemListElement":[{"@type":"ListItem","position":1,"name":"In\u00edcio","item":"https:\/\/inclusivenews.com.br\/"},{"@type":"ListItem","position":2,"name":"Invisibilidades"}]},{"@type":"WebSite","@id":"https:\/\/inclusivenews.com.br\/#website","url":"https:\/\/inclusivenews.com.br\/","name":"Inclusive News","description":"Inclusive News","publisher":{"@id":"https:\/\/inclusivenews.com.br\/#organization"},"potentialAction":[{"@type":"SearchAction","target":{"@type":"EntryPoint","urlTemplate":"https:\/\/inclusivenews.com.br\/?s={search_term_string}"},"query-input":{"@type":"PropertyValueSpecification","valueRequired":true,"valueName":"search_term_string"}}],"inLanguage":"pt-PT"},{"@type":"Organization","@id":"https:\/\/inclusivenews.com.br\/#organization","name":"Inclusive - inclus\u00e3o e cidadania","url":"https:\/\/inclusivenews.com.br\/","logo":{"@type":"ImageObject","inLanguage":"pt-PT","@id":"https:\/\/inclusivenews.com.br\/#\/schema\/logo\/image\/","url":"https:\/\/inclusivenews.com.br\/wp-content\/uploads\/2024\/03\/@grandesite.png","contentUrl":"https:\/\/inclusivenews.com.br\/wp-content\/uploads\/2024\/03\/@grandesite.png","width":1080,"height":1080,"caption":"Inclusive - inclus\u00e3o e cidadania"},"image":{"@id":"https:\/\/inclusivenews.com.br\/#\/schema\/logo\/image\/"},"sameAs":["https:\/\/www.facebook.com\/agenciainclusive\/","https:\/\/www.instagram.com\/newsinclusive\/"]},{"@type":"Person","@id":"https:\/\/inclusivenews.com.br\/#\/schema\/person\/ae4ec7087559b8692fb33b6fffd2273b","name":"inclusivenews2024","image":{"@type":"ImageObject","inLanguage":"pt-PT","@id":"https:\/\/secure.gravatar.com\/avatar\/c5a7ef84c66fa914f55bc4f7ce26cfa275a3b9a1c5568b907bd184fb4dde7b40?s=96&d=mm&r=g","url":"https:\/\/secure.gravatar.com\/avatar\/c5a7ef84c66fa914f55bc4f7ce26cfa275a3b9a1c5568b907bd184fb4dde7b40?s=96&d=mm&r=g","contentUrl":"https:\/\/secure.gravatar.com\/avatar\/c5a7ef84c66fa914f55bc4f7ce26cfa275a3b9a1c5568b907bd184fb4dde7b40?s=96&d=mm&r=g","caption":"inclusivenews2024"},"sameAs":["https:\/\/inclusivenews.com.br"],"url":"https:\/\/inclusivenews.com.br\/?author=1"}]}},"_links":{"self":[{"href":"https:\/\/inclusivenews.com.br\/index.php?rest_route=\/wp\/v2\/posts\/23637","targetHints":{"allow":["GET"]}}],"collection":[{"href":"https:\/\/inclusivenews.com.br\/index.php?rest_route=\/wp\/v2\/posts"}],"about":[{"href":"https:\/\/inclusivenews.com.br\/index.php?rest_route=\/wp\/v2\/types\/post"}],"author":[{"embeddable":true,"href":"https:\/\/inclusivenews.com.br\/index.php?rest_route=\/wp\/v2\/users\/1"}],"replies":[{"embeddable":true,"href":"https:\/\/inclusivenews.com.br\/index.php?rest_route=%2Fwp%2Fv2%2Fcomments&post=23637"}],"version-history":[{"count":0,"href":"https:\/\/inclusivenews.com.br\/index.php?rest_route=\/wp\/v2\/posts\/23637\/revisions"}],"wp:attachment":[{"href":"https:\/\/inclusivenews.com.br\/index.php?rest_route=%2Fwp%2Fv2%2Fmedia&parent=23637"}],"wp:term":[{"taxonomy":"category","embeddable":true,"href":"https:\/\/inclusivenews.com.br\/index.php?rest_route=%2Fwp%2Fv2%2Fcategories&post=23637"},{"taxonomy":"post_tag","embeddable":true,"href":"https:\/\/inclusivenews.com.br\/index.php?rest_route=%2Fwp%2Fv2%2Ftags&post=23637"}],"curies":[{"name":"wp","href":"https:\/\/api.w.org\/{rel}","templated":true}]}}