{"id":23653,"date":"2012-10-17T09:08:00","date_gmt":"2012-10-17T12:08:00","guid":{"rendered":"http:\/\/www.inclusive.org.br\/?p=23653"},"modified":"2012-10-17T09:08:00","modified_gmt":"2012-10-17T12:08:00","slug":"rnpi-participa-da-5%c2%aa-semanas-de-valorizacao-da-primeira-infancia-e-cultura-de-paz","status":"publish","type":"post","link":"https:\/\/inclusivenews.com.br\/?p=23653","title":{"rendered":"RNPI participa da 5\u00aa Semana de Valoriza\u00e7\u00e3o da Primeira Inf\u00e2ncia e Cultura de Paz"},"content":{"rendered":"<p><a href=\"http:\/\/www.inclusivenews.com.br\/wp-content\/uploads\/2010\/10\/rnpi_big.jpg\"><img loading=\"lazy\" decoding=\"async\" class=\"alignleft size-full wp-image-17610\" title=\"Rede Nacional Primeira Inf\u00e2ncia - tr\u00eas crian\u00e7as sorriem sentadas em um sorriso\" src=\"http:\/\/inclusivenews.com.br\/wp-content\/uploads\/2010\/10\/rnpi_big.jpg\" alt=\"Rede Nacional Primeira Inf\u00e2ncia - tr\u00eas crian\u00e7as sorriem sentadas em um sorriso\" width=\"122\" height=\"135\" \/><\/a><\/p>\n<p>A Rede Nacional Primeira Inf\u00e2ncia (RNPI) estar\u00e1 presente na  5a Semana de Valoriza\u00e7\u00e3o da Primeira Inf\u00e2ncia e Cultura de Paz, do Senado Federal, nos dias 6 a 8 de novembro. O objetivo \u00e9 sensibilizar e conscientizar autoridades, organiza\u00e7\u00f5es n\u00e3o governamentais e a sociedade para a necessidade de dedicar maior aten\u00e7\u00e3o \u00e0 Primeira Inf\u00e2ncia.<\/p>\n<p>O tema central deste ano \u00e9 o \u201cDesenvolvimento Integral da Crian\u00e7a\u201c, ou seja, as a\u00e7\u00f5es necess\u00e1rias para um desenvolvimento saud\u00e1vel do beb\u00ea at\u00e9 os 6 anos. Em todas as edi\u00e7\u00f5es, a RNPI esteve presente.<\/p>\n<p>Durante os tr\u00eas dias ser\u00e3o debatidas quest\u00f5es para a elabora\u00e7\u00e3o de pol\u00edticas p\u00fablicas voltadas para a Primeira Inf\u00e2ncia, em v\u00e1rios n\u00edveis e setores, como a sa\u00fade, a educa\u00e7\u00e3o, a assist\u00eancia social, a cultura e os direitos da crian\u00e7a.<\/p>\n<p>Como parte da 5a Semanas de Valoriza\u00e7\u00e3o da Primeira Inf\u00e2ncia e Cultura de Paz, confer\u00eancias, paineis e mesa de debates, complementados por oficinas e cursos especializados.  Nesta edi\u00e7\u00e3o, os coordenadores da Secretaria Executiva da RNPI, Maria Thereza Marcilio e Vital Didonet (dia 7), v\u00e3o coordenar, cada um, um tema de debate. Maria Thereza estar\u00e1 no painel: \u201cRedes Estaduais pela Primeira Inf\u00e2ncia\u201d, no dia 8 de novembro e Vital no painel \u201cNovas pol\u00edticas governamentais: o estado da arte\u201d, no dia 7.<\/p>\n<p>Outras organiza\u00e7\u00f5es que comp\u00f5em a RNPI, como o Instituto Ber\u00e7o da Cidadania, o IPA Brasil, a ABEB\u00ca, o Valor Cultural e a a pr\u00f3pria Comiss\u00e3o permanente do Senado Federal de Valoriza\u00e7\u00e3o da Primeira Inf\u00e2ncia e Cultura de Paz, participam em mesas pain\u00e9is ou cursos.<\/p>\n<p>As palestras e debates ocorrer\u00e3o nos audit\u00f3rios Petr\u00f4nio Portella (Senado) e Ant\u00f4nio Carlos Magalh\u00e3es (Interlegis), em Bras\u00edlia, com transmiss\u00e3o via internet. Veja a programa\u00e7\u00e3o completa <a href=\"http:\/\/www.senado.gov.br\/senado\/programas\/infanciaepaz\/eventos\/semana5\/Pdf_programacao\/5semana_InfanciaPaz12.pdf\" target=\"_blank\" rel=\"noopener\">aqui<\/a>.<\/p>\n<p>Informa\u00e7\u00f5es da assessoria da RNPI<\/p>\n","protected":false},"excerpt":{"rendered":"<p>Durante os tr\u00eas dias ser\u00e3o debatidas quest\u00f5es para a elabora\u00e7\u00e3o de pol\u00edticas p\u00fablicas voltadas para a Primeira Inf\u00e2ncia, em v\u00e1rios n\u00edveis e setores, como a sa\u00fade, a educa\u00e7\u00e3o, a assist\u00eancia social, a cultura e os direitos da crian\u00e7a.<\/p>\n","protected":false},"author":1,"featured_media":0,"comment_status":"open","ping_status":"open","sticky":false,"template":"","format":"standard","meta":{"site-container-style":"default","site-container-layout":"default","site-sidebar-layout":"default","disable-article-header":"default","disable-site-header":"default","disable-site-footer":"default","disable-content-area-spacing":"default","footnotes":""},"categories":[11],"tags":[60],"class_list":["post-23653","post","type-post","status-publish","format-standard","hentry","category-direitos-humanos","tag-infancia"],"yoast_head":"<!-- This site is optimized with the Yoast SEO plugin v27.4 - https:\/\/yoast.com\/product\/yoast-seo-wordpress\/ -->\n<title>RNPI participa da 5\u00aa Semana de Valoriza\u00e7\u00e3o da Primeira Inf\u00e2ncia e Cultura de Paz -<\/title>\n<meta name=\"robots\" content=\"index, follow, max-snippet:-1, max-image-preview:large, max-video-preview:-1\" \/>\n<link rel=\"canonical\" href=\"https:\/\/inclusivenews.com.br\/?p=23653\" \/>\n<meta property=\"og:locale\" content=\"pt_PT\" \/>\n<meta property=\"og:type\" content=\"article\" \/>\n<meta property=\"og:title\" content=\"RNPI participa da 5\u00aa Semana de Valoriza\u00e7\u00e3o da Primeira Inf\u00e2ncia e Cultura de Paz -\" \/>\n<meta property=\"og:description\" content=\"Durante os tr\u00eas dias ser\u00e3o debatidas quest\u00f5es para a elabora\u00e7\u00e3o de pol\u00edticas p\u00fablicas voltadas para a Primeira Inf\u00e2ncia, em v\u00e1rios n\u00edveis e setores, como a sa\u00fade, a educa\u00e7\u00e3o, a assist\u00eancia social, a cultura e os direitos da crian\u00e7a.\" \/>\n<meta property=\"og:url\" content=\"https:\/\/inclusivenews.com.br\/?p=23653\" \/>\n<meta property=\"article:publisher\" content=\"https:\/\/www.facebook.com\/agenciainclusive\/\" \/>\n<meta property=\"article:published_time\" content=\"2012-10-17T12:08:00+00:00\" \/>\n<meta property=\"og:image\" content=\"http:\/\/inclusivenews.com.br\/wp-content\/uploads\/2010\/10\/rnpi_big.jpg\" \/>\n<meta name=\"author\" content=\"inclusivenews2024\" \/>\n<meta name=\"twitter:card\" content=\"summary_large_image\" \/>\n<meta name=\"twitter:label1\" content=\"Escrito por\" \/>\n\t<meta name=\"twitter:data1\" content=\"inclusivenews2024\" \/>\n\t<meta name=\"twitter:label2\" content=\"Tempo estimado de leitura\" \/>\n\t<meta name=\"twitter:data2\" content=\"2 minutos\" \/>\n<script type=\"application\/ld+json\" class=\"yoast-schema-graph\">{\"@context\":\"https:\\\/\\\/schema.org\",\"@graph\":[{\"@type\":\"Article\",\"@id\":\"https:\\\/\\\/inclusivenews.com.br\\\/?p=23653#article\",\"isPartOf\":{\"@id\":\"https:\\\/\\\/inclusivenews.com.br\\\/?p=23653\"},\"author\":{\"name\":\"inclusivenews2024\",\"@id\":\"https:\\\/\\\/inclusivenews.com.br\\\/#\\\/schema\\\/person\\\/ae4ec7087559b8692fb33b6fffd2273b\"},\"headline\":\"RNPI participa da 5\u00aa Semana de Valoriza\u00e7\u00e3o da Primeira Inf\u00e2ncia e Cultura de Paz\",\"datePublished\":\"2012-10-17T12:08:00+00:00\",\"mainEntityOfPage\":{\"@id\":\"https:\\\/\\\/inclusivenews.com.br\\\/?p=23653\"},\"wordCount\":335,\"commentCount\":0,\"publisher\":{\"@id\":\"https:\\\/\\\/inclusivenews.com.br\\\/#organization\"},\"image\":{\"@id\":\"https:\\\/\\\/inclusivenews.com.br\\\/?p=23653#primaryimage\"},\"thumbnailUrl\":\"http:\\\/\\\/inclusivenews.com.br\\\/wp-content\\\/uploads\\\/2010\\\/10\\\/rnpi_big.jpg\",\"keywords\":[\"Inf\u00e2ncia\"],\"articleSection\":[\"DIREITOS HUMANOS\"],\"inLanguage\":\"pt-PT\",\"potentialAction\":[{\"@type\":\"CommentAction\",\"name\":\"Comment\",\"target\":[\"https:\\\/\\\/inclusivenews.com.br\\\/?p=23653#respond\"]}]},{\"@type\":\"WebPage\",\"@id\":\"https:\\\/\\\/inclusivenews.com.br\\\/?p=23653\",\"url\":\"https:\\\/\\\/inclusivenews.com.br\\\/?p=23653\",\"name\":\"RNPI participa da 5\u00aa Semana de Valoriza\u00e7\u00e3o da Primeira Inf\u00e2ncia e Cultura de Paz -\",\"isPartOf\":{\"@id\":\"https:\\\/\\\/inclusivenews.com.br\\\/#website\"},\"primaryImageOfPage\":{\"@id\":\"https:\\\/\\\/inclusivenews.com.br\\\/?p=23653#primaryimage\"},\"image\":{\"@id\":\"https:\\\/\\\/inclusivenews.com.br\\\/?p=23653#primaryimage\"},\"thumbnailUrl\":\"http:\\\/\\\/inclusivenews.com.br\\\/wp-content\\\/uploads\\\/2010\\\/10\\\/rnpi_big.jpg\",\"datePublished\":\"2012-10-17T12:08:00+00:00\",\"breadcrumb\":{\"@id\":\"https:\\\/\\\/inclusivenews.com.br\\\/?p=23653#breadcrumb\"},\"inLanguage\":\"pt-PT\",\"potentialAction\":[{\"@type\":\"ReadAction\",\"target\":[\"https:\\\/\\\/inclusivenews.com.br\\\/?p=23653\"]}]},{\"@type\":\"ImageObject\",\"inLanguage\":\"pt-PT\",\"@id\":\"https:\\\/\\\/inclusivenews.com.br\\\/?p=23653#primaryimage\",\"url\":\"\",\"contentUrl\":\"\"},{\"@type\":\"BreadcrumbList\",\"@id\":\"https:\\\/\\\/inclusivenews.com.br\\\/?p=23653#breadcrumb\",\"itemListElement\":[{\"@type\":\"ListItem\",\"position\":1,\"name\":\"In\u00edcio\",\"item\":\"https:\\\/\\\/inclusivenews.com.br\\\/\"},{\"@type\":\"ListItem\",\"position\":2,\"name\":\"RNPI participa da 5\u00aa Semana de Valoriza\u00e7\u00e3o da Primeira Inf\u00e2ncia e Cultura de Paz\"}]},{\"@type\":\"WebSite\",\"@id\":\"https:\\\/\\\/inclusivenews.com.br\\\/#website\",\"url\":\"https:\\\/\\\/inclusivenews.com.br\\\/\",\"name\":\"Inclusive News\",\"description\":\"Inclusive News\",\"publisher\":{\"@id\":\"https:\\\/\\\/inclusivenews.com.br\\\/#organization\"},\"potentialAction\":[{\"@type\":\"SearchAction\",\"target\":{\"@type\":\"EntryPoint\",\"urlTemplate\":\"https:\\\/\\\/inclusivenews.com.br\\\/?s={search_term_string}\"},\"query-input\":{\"@type\":\"PropertyValueSpecification\",\"valueRequired\":true,\"valueName\":\"search_term_string\"}}],\"inLanguage\":\"pt-PT\"},{\"@type\":\"Organization\",\"@id\":\"https:\\\/\\\/inclusivenews.com.br\\\/#organization\",\"name\":\"Inclusive - inclus\u00e3o e cidadania\",\"url\":\"https:\\\/\\\/inclusivenews.com.br\\\/\",\"logo\":{\"@type\":\"ImageObject\",\"inLanguage\":\"pt-PT\",\"@id\":\"https:\\\/\\\/inclusivenews.com.br\\\/#\\\/schema\\\/logo\\\/image\\\/\",\"url\":\"https:\\\/\\\/inclusivenews.com.br\\\/wp-content\\\/uploads\\\/2024\\\/03\\\/@grandesite.png\",\"contentUrl\":\"https:\\\/\\\/inclusivenews.com.br\\\/wp-content\\\/uploads\\\/2024\\\/03\\\/@grandesite.png\",\"width\":1080,\"height\":1080,\"caption\":\"Inclusive - inclus\u00e3o e cidadania\"},\"image\":{\"@id\":\"https:\\\/\\\/inclusivenews.com.br\\\/#\\\/schema\\\/logo\\\/image\\\/\"},\"sameAs\":[\"https:\\\/\\\/www.facebook.com\\\/agenciainclusive\\\/\",\"https:\\\/\\\/www.instagram.com\\\/newsinclusive\\\/\"]},{\"@type\":\"Person\",\"@id\":\"https:\\\/\\\/inclusivenews.com.br\\\/#\\\/schema\\\/person\\\/ae4ec7087559b8692fb33b6fffd2273b\",\"name\":\"inclusivenews2024\",\"image\":{\"@type\":\"ImageObject\",\"inLanguage\":\"pt-PT\",\"@id\":\"https:\\\/\\\/secure.gravatar.com\\\/avatar\\\/c5a7ef84c66fa914f55bc4f7ce26cfa275a3b9a1c5568b907bd184fb4dde7b40?s=96&d=mm&r=g\",\"url\":\"https:\\\/\\\/secure.gravatar.com\\\/avatar\\\/c5a7ef84c66fa914f55bc4f7ce26cfa275a3b9a1c5568b907bd184fb4dde7b40?s=96&d=mm&r=g\",\"contentUrl\":\"https:\\\/\\\/secure.gravatar.com\\\/avatar\\\/c5a7ef84c66fa914f55bc4f7ce26cfa275a3b9a1c5568b907bd184fb4dde7b40?s=96&d=mm&r=g\",\"caption\":\"inclusivenews2024\"},\"sameAs\":[\"https:\\\/\\\/inclusivenews.com.br\"],\"url\":\"https:\\\/\\\/inclusivenews.com.br\\\/?author=1\"}]}<\/script>\n<!-- \/ Yoast SEO plugin. -->","yoast_head_json":{"title":"RNPI participa da 5\u00aa Semana de Valoriza\u00e7\u00e3o da Primeira Inf\u00e2ncia e Cultura de Paz -","robots":{"index":"index","follow":"follow","max-snippet":"max-snippet:-1","max-image-preview":"max-image-preview:large","max-video-preview":"max-video-preview:-1"},"canonical":"https:\/\/inclusivenews.com.br\/?p=23653","og_locale":"pt_PT","og_type":"article","og_title":"RNPI participa da 5\u00aa Semana de Valoriza\u00e7\u00e3o da Primeira Inf\u00e2ncia e Cultura de Paz -","og_description":"Durante os tr\u00eas dias ser\u00e3o debatidas quest\u00f5es para a elabora\u00e7\u00e3o de pol\u00edticas p\u00fablicas voltadas para a Primeira Inf\u00e2ncia, em v\u00e1rios n\u00edveis e setores, como a sa\u00fade, a educa\u00e7\u00e3o, a assist\u00eancia social, a cultura e os direitos da crian\u00e7a.","og_url":"https:\/\/inclusivenews.com.br\/?p=23653","article_publisher":"https:\/\/www.facebook.com\/agenciainclusive\/","article_published_time":"2012-10-17T12:08:00+00:00","og_image":[{"url":"http:\/\/inclusivenews.com.br\/wp-content\/uploads\/2010\/10\/rnpi_big.jpg","type":"","width":"","height":""}],"author":"inclusivenews2024","twitter_card":"summary_large_image","twitter_misc":{"Escrito por":"inclusivenews2024","Tempo estimado de leitura":"2 minutos"},"schema":{"@context":"https:\/\/schema.org","@graph":[{"@type":"Article","@id":"https:\/\/inclusivenews.com.br\/?p=23653#article","isPartOf":{"@id":"https:\/\/inclusivenews.com.br\/?p=23653"},"author":{"name":"inclusivenews2024","@id":"https:\/\/inclusivenews.com.br\/#\/schema\/person\/ae4ec7087559b8692fb33b6fffd2273b"},"headline":"RNPI participa da 5\u00aa Semana de Valoriza\u00e7\u00e3o da Primeira Inf\u00e2ncia e Cultura de Paz","datePublished":"2012-10-17T12:08:00+00:00","mainEntityOfPage":{"@id":"https:\/\/inclusivenews.com.br\/?p=23653"},"wordCount":335,"commentCount":0,"publisher":{"@id":"https:\/\/inclusivenews.com.br\/#organization"},"image":{"@id":"https:\/\/inclusivenews.com.br\/?p=23653#primaryimage"},"thumbnailUrl":"http:\/\/inclusivenews.com.br\/wp-content\/uploads\/2010\/10\/rnpi_big.jpg","keywords":["Inf\u00e2ncia"],"articleSection":["DIREITOS HUMANOS"],"inLanguage":"pt-PT","potentialAction":[{"@type":"CommentAction","name":"Comment","target":["https:\/\/inclusivenews.com.br\/?p=23653#respond"]}]},{"@type":"WebPage","@id":"https:\/\/inclusivenews.com.br\/?p=23653","url":"https:\/\/inclusivenews.com.br\/?p=23653","name":"RNPI participa da 5\u00aa Semana de Valoriza\u00e7\u00e3o da Primeira Inf\u00e2ncia e Cultura de Paz -","isPartOf":{"@id":"https:\/\/inclusivenews.com.br\/#website"},"primaryImageOfPage":{"@id":"https:\/\/inclusivenews.com.br\/?p=23653#primaryimage"},"image":{"@id":"https:\/\/inclusivenews.com.br\/?p=23653#primaryimage"},"thumbnailUrl":"http:\/\/inclusivenews.com.br\/wp-content\/uploads\/2010\/10\/rnpi_big.jpg","datePublished":"2012-10-17T12:08:00+00:00","breadcrumb":{"@id":"https:\/\/inclusivenews.com.br\/?p=23653#breadcrumb"},"inLanguage":"pt-PT","potentialAction":[{"@type":"ReadAction","target":["https:\/\/inclusivenews.com.br\/?p=23653"]}]},{"@type":"ImageObject","inLanguage":"pt-PT","@id":"https:\/\/inclusivenews.com.br\/?p=23653#primaryimage","url":"","contentUrl":""},{"@type":"BreadcrumbList","@id":"https:\/\/inclusivenews.com.br\/?p=23653#breadcrumb","itemListElement":[{"@type":"ListItem","position":1,"name":"In\u00edcio","item":"https:\/\/inclusivenews.com.br\/"},{"@type":"ListItem","position":2,"name":"RNPI participa da 5\u00aa Semana de Valoriza\u00e7\u00e3o da Primeira Inf\u00e2ncia e Cultura de Paz"}]},{"@type":"WebSite","@id":"https:\/\/inclusivenews.com.br\/#website","url":"https:\/\/inclusivenews.com.br\/","name":"Inclusive News","description":"Inclusive News","publisher":{"@id":"https:\/\/inclusivenews.com.br\/#organization"},"potentialAction":[{"@type":"SearchAction","target":{"@type":"EntryPoint","urlTemplate":"https:\/\/inclusivenews.com.br\/?s={search_term_string}"},"query-input":{"@type":"PropertyValueSpecification","valueRequired":true,"valueName":"search_term_string"}}],"inLanguage":"pt-PT"},{"@type":"Organization","@id":"https:\/\/inclusivenews.com.br\/#organization","name":"Inclusive - inclus\u00e3o e cidadania","url":"https:\/\/inclusivenews.com.br\/","logo":{"@type":"ImageObject","inLanguage":"pt-PT","@id":"https:\/\/inclusivenews.com.br\/#\/schema\/logo\/image\/","url":"https:\/\/inclusivenews.com.br\/wp-content\/uploads\/2024\/03\/@grandesite.png","contentUrl":"https:\/\/inclusivenews.com.br\/wp-content\/uploads\/2024\/03\/@grandesite.png","width":1080,"height":1080,"caption":"Inclusive - inclus\u00e3o e cidadania"},"image":{"@id":"https:\/\/inclusivenews.com.br\/#\/schema\/logo\/image\/"},"sameAs":["https:\/\/www.facebook.com\/agenciainclusive\/","https:\/\/www.instagram.com\/newsinclusive\/"]},{"@type":"Person","@id":"https:\/\/inclusivenews.com.br\/#\/schema\/person\/ae4ec7087559b8692fb33b6fffd2273b","name":"inclusivenews2024","image":{"@type":"ImageObject","inLanguage":"pt-PT","@id":"https:\/\/secure.gravatar.com\/avatar\/c5a7ef84c66fa914f55bc4f7ce26cfa275a3b9a1c5568b907bd184fb4dde7b40?s=96&d=mm&r=g","url":"https:\/\/secure.gravatar.com\/avatar\/c5a7ef84c66fa914f55bc4f7ce26cfa275a3b9a1c5568b907bd184fb4dde7b40?s=96&d=mm&r=g","contentUrl":"https:\/\/secure.gravatar.com\/avatar\/c5a7ef84c66fa914f55bc4f7ce26cfa275a3b9a1c5568b907bd184fb4dde7b40?s=96&d=mm&r=g","caption":"inclusivenews2024"},"sameAs":["https:\/\/inclusivenews.com.br"],"url":"https:\/\/inclusivenews.com.br\/?author=1"}]}},"_links":{"self":[{"href":"https:\/\/inclusivenews.com.br\/index.php?rest_route=\/wp\/v2\/posts\/23653","targetHints":{"allow":["GET"]}}],"collection":[{"href":"https:\/\/inclusivenews.com.br\/index.php?rest_route=\/wp\/v2\/posts"}],"about":[{"href":"https:\/\/inclusivenews.com.br\/index.php?rest_route=\/wp\/v2\/types\/post"}],"author":[{"embeddable":true,"href":"https:\/\/inclusivenews.com.br\/index.php?rest_route=\/wp\/v2\/users\/1"}],"replies":[{"embeddable":true,"href":"https:\/\/inclusivenews.com.br\/index.php?rest_route=%2Fwp%2Fv2%2Fcomments&post=23653"}],"version-history":[{"count":0,"href":"https:\/\/inclusivenews.com.br\/index.php?rest_route=\/wp\/v2\/posts\/23653\/revisions"}],"wp:attachment":[{"href":"https:\/\/inclusivenews.com.br\/index.php?rest_route=%2Fwp%2Fv2%2Fmedia&parent=23653"}],"wp:term":[{"taxonomy":"category","embeddable":true,"href":"https:\/\/inclusivenews.com.br\/index.php?rest_route=%2Fwp%2Fv2%2Fcategories&post=23653"},{"taxonomy":"post_tag","embeddable":true,"href":"https:\/\/inclusivenews.com.br\/index.php?rest_route=%2Fwp%2Fv2%2Ftags&post=23653"}],"curies":[{"name":"wp","href":"https:\/\/api.w.org\/{rel}","templated":true}]}}