{"id":23655,"date":"2012-10-17T09:08:17","date_gmt":"2012-10-17T12:08:17","guid":{"rendered":"http:\/\/www.inclusive.org.br\/?p=23655"},"modified":"2012-10-17T09:08:17","modified_gmt":"2012-10-17T12:08:17","slug":"o-caminho-das-pedras","status":"publish","type":"post","link":"https:\/\/inclusivenews.com.br\/?p=23655","title":{"rendered":"O caminho das pedras"},"content":{"rendered":"<figure style=\"width: 270px\" class=\"wp-caption alignleft\"><a href=\"http:\/\/rollingstone.com.br\/media\/images\/medium\/2011\/09\/08\/img-1000572-o-caminho-das-pedras.jpg\"><img loading=\"lazy\" decoding=\"async\" title=\"Viciado em crack fuma seu cachimbo sob a rampa do Planalto\" src=\"http:\/\/rollingstone.com.br\/media\/images\/medium\/2011\/09\/08\/img-1000572-o-caminho-das-pedras.jpg\" alt=\"Viciado em crack fuma seu cachimbo sob a rampa do Planalto\" width=\"270\" height=\"190\" \/><\/a><figcaption class=\"wp-caption-text\"> <\/figcaption><\/figure>\n<p><em>Ap\u00f3s anos batendo cabe\u00e7a, o Governo Federal ainda luta para encontrar alternativas na guerra contra a incontest\u00e1vel epidemia do crack.<\/em><\/p>\n<p><em>Por Cristiano Bastos<br \/>\nna Rolling Stone<\/em><\/p>\n<p>Bras\u00edlia, 19h. No hor\u00e1rio de pico, mais de um milh\u00e3o de pessoas circulam diariamente pela rodovi\u00e1ria da capital federal. A Pra\u00e7a dos Tr\u00eas Poderes repousa metros \u00e0 frente, emoldurada pela vis\u00e3o dos monumentais edif\u00edcios que guardam o Executivo, o Judici\u00e1rio e o Legislativo &#8212; Pal\u00e1cio do Planalto, Supremo Tribunal Federal e Congresso Nacional, respectivamente. Os arredores refugiam, tamb\u00e9m, a cracol\u00e2ndia mais movimentada do Plano Piloto. O conjunto arquitet\u00f4nico projetado por Oscar Niemeyer, Patrim\u00f4nio Cultural da Humanidade, n\u00e3o tombou imune \u00e0 presen\u00e7a deste que hoje \u00e9, possivelmente, o mais agudo dos flagelos sociais brasileiros.<\/p>\n<p>Valdeir Carlos Neves \u00e9 mais uma dessas &#8220;almas qu\u00edmicas&#8221; cujas m\u00e3os brandem um cachimbo nos quatro cantos do Brasil. Na concretista paisagem, o rapaz baiano de 25 anos fuma crack escondido nas reentr\u00e2ncias do Teatro Nacional, cara a cara com o poder. Consome mais de 20 gramas por dia. &#8220;Em qualquer canto &#8216;n\u00f3is&#8217; fuma&#8221;, conta, parecendo atribulado. Ele tem a companhia de Juliana Soares da Silva, 18 anos, que saiu do interior de Goi\u00e1s para perambular por Bras\u00edlia atr\u00e1s da pedra. Ela queima, literalmente, R$ 100 todos os dias, dinheiro que ganha \u00e0 custa de programas, mas diz sonhar com um emprego. &#8220;Quando a gente ocupa a cabe\u00e7a com alguma coisa, n\u00e3o pensa em droga&#8221;, diz. O v\u00edcio, por\u00e9m, tem apelo maior. Inquieta, a jovem avista um traficante e, sem paci\u00eancia para a entrevista, corre ao seu encontro, aos gritos: &#8220;D\u00e1 um oxi a\u00ed! Um real?&#8221;<\/p>\n<p>O flagrante cen\u00e1rio, que n\u00e3o \u00e9 exclusividade de Bras\u00edlia, carrega simbologias preocupantes. A mais marcante delas \u00e9 a inconceb\u00edvel miopia do poder p\u00fablico diante de t\u00e3o gritante problema social. Outra, de ordem econ\u00f4mica, escancara a facilidade de acesso que usu\u00e1rios de todas as idades e classes sociais t\u00eam ao devastador veneno. Correndo paralelo \u00e0 onda de corrup\u00e7\u00e3o que assolou o Brasil nos \u00faltimos meses, o crack tamb\u00e9m \u00e9 uma &#8220;pedra no sapato&#8221; do Governo Federal. E n\u00e3o \u00e9 de hoje. A epidemia vem anunciando-se h\u00e1 mais de duas d\u00e9cadas. Come\u00e7ou no governo de Collor (o primeiro registro oficial de uso da droga no Brasil data de 1989), instalou-se no per\u00edodo de FHC e consolidou-se nos anos Lula.<\/p>\n<p>Cabe lembrar que, nas elei\u00e7\u00f5es presidenciais de 2010, o combate ao crack foi uma das grandes plataformas alardeadas durante a candidatura de Dilma Rousseff. &#8220;Ser\u00e1 uma luta sem quartel&#8221;, a ent\u00e3o candidata garantiu. Em maio do ano passado, a promessa ganhou refor\u00e7o fundamental do presidente Luiz In\u00e1cio Lula da Silva, que, pr\u00f3ximo ao fim de seu mandato, decretou o Plano Integrado para Enfrentamento ao Crack e Outras Drogas. Os R$ 410 milh\u00f5es destinados ao plano foram repartidos entre os minist\u00e9rios da Sa\u00fade, Justi\u00e7a e Desenvolvimento Social e Combate \u00e0 Fome. Interministerial, a a\u00e7\u00e3o coliga tr\u00eas frentes: combate, preven\u00e7\u00e3o e tratamento. Mais de um ano depois, todavia, os resultados ainda s\u00e3o timidamente vis\u00edveis. At\u00e9 o presente momento, para utilizar um jarg\u00e3o do meio, a estrat\u00e9gia n\u00e3o &#8220;decolou&#8221;.<\/p>\n<p>(&#8230;)<\/p>\n<p>Leia a \u00edntegra da reportagem na revista Rolling Stone. <a href=\"http:\/\/www.rollingstone.com.br\/edicao\/60\/o-caminho-das-pedras\">http:\/\/www.rollingstone.com.br\/edicao\/60\/o-caminho-das-pedras<\/a><\/p>\n","protected":false},"excerpt":{"rendered":"<p>Ap\u00f3s anos batendo cabe\u00e7a, o Governo Federal ainda luta para encontrar alternativas na guerra contra a incontest\u00e1vel epidemia do crack. Reportagem est\u00e1 na revista Rolling Stone.<\/p>\n","protected":false},"author":1,"featured_media":0,"comment_status":"open","ping_status":"open","sticky":false,"template":"","format":"standard","meta":{"site-container-style":"default","site-container-layout":"default","site-sidebar-layout":"default","disable-article-header":"default","disable-site-header":"default","disable-site-footer":"default","disable-content-area-spacing":"default","footnotes":""},"categories":[33,37],"tags":[],"class_list":["post-23655","post","type-post","status-publish","format-standard","hentry","category-reportagem","category-saude"],"yoast_head":"<!-- This site is optimized with the Yoast SEO plugin v27.4 - https:\/\/yoast.com\/product\/yoast-seo-wordpress\/ -->\n<title>O caminho das pedras -<\/title>\n<meta name=\"robots\" content=\"index, follow, max-snippet:-1, max-image-preview:large, max-video-preview:-1\" \/>\n<link rel=\"canonical\" href=\"https:\/\/inclusivenews.com.br\/?p=23655\" \/>\n<meta property=\"og:locale\" content=\"pt_PT\" \/>\n<meta property=\"og:type\" content=\"article\" \/>\n<meta property=\"og:title\" content=\"O caminho das pedras -\" \/>\n<meta property=\"og:description\" content=\"Ap\u00f3s anos batendo cabe\u00e7a, o Governo Federal ainda luta para encontrar alternativas na guerra contra a incontest\u00e1vel epidemia do crack. Reportagem est\u00e1 na revista Rolling Stone.\" \/>\n<meta property=\"og:url\" content=\"https:\/\/inclusivenews.com.br\/?p=23655\" \/>\n<meta property=\"article:publisher\" content=\"https:\/\/www.facebook.com\/agenciainclusive\/\" \/>\n<meta property=\"article:published_time\" content=\"2012-10-17T12:08:17+00:00\" \/>\n<meta property=\"og:image\" content=\"http:\/\/rollingstone.com.br\/media\/images\/medium\/2011\/09\/08\/img-1000572-o-caminho-das-pedras.jpg\" \/>\n<meta name=\"author\" content=\"inclusivenews2024\" \/>\n<meta name=\"twitter:card\" content=\"summary_large_image\" \/>\n<meta name=\"twitter:label1\" content=\"Escrito por\" \/>\n\t<meta name=\"twitter:data1\" content=\"inclusivenews2024\" \/>\n\t<meta name=\"twitter:label2\" content=\"Tempo estimado de leitura\" \/>\n\t<meta name=\"twitter:data2\" content=\"3 minutos\" \/>\n<script type=\"application\/ld+json\" class=\"yoast-schema-graph\">{\"@context\":\"https:\\\/\\\/schema.org\",\"@graph\":[{\"@type\":\"Article\",\"@id\":\"https:\\\/\\\/inclusivenews.com.br\\\/?p=23655#article\",\"isPartOf\":{\"@id\":\"https:\\\/\\\/inclusivenews.com.br\\\/?p=23655\"},\"author\":{\"name\":\"inclusivenews2024\",\"@id\":\"https:\\\/\\\/inclusivenews.com.br\\\/#\\\/schema\\\/person\\\/ae4ec7087559b8692fb33b6fffd2273b\"},\"headline\":\"O caminho das pedras\",\"datePublished\":\"2012-10-17T12:08:17+00:00\",\"mainEntityOfPage\":{\"@id\":\"https:\\\/\\\/inclusivenews.com.br\\\/?p=23655\"},\"wordCount\":580,\"commentCount\":0,\"publisher\":{\"@id\":\"https:\\\/\\\/inclusivenews.com.br\\\/#organization\"},\"image\":{\"@id\":\"https:\\\/\\\/inclusivenews.com.br\\\/?p=23655#primaryimage\"},\"thumbnailUrl\":\"http:\\\/\\\/rollingstone.com.br\\\/media\\\/images\\\/medium\\\/2011\\\/09\\\/08\\\/img-1000572-o-caminho-das-pedras.jpg\",\"articleSection\":[\"Reportagem\",\"Sa\u00fade\"],\"inLanguage\":\"pt-PT\",\"potentialAction\":[{\"@type\":\"CommentAction\",\"name\":\"Comment\",\"target\":[\"https:\\\/\\\/inclusivenews.com.br\\\/?p=23655#respond\"]}]},{\"@type\":\"WebPage\",\"@id\":\"https:\\\/\\\/inclusivenews.com.br\\\/?p=23655\",\"url\":\"https:\\\/\\\/inclusivenews.com.br\\\/?p=23655\",\"name\":\"O caminho das pedras -\",\"isPartOf\":{\"@id\":\"https:\\\/\\\/inclusivenews.com.br\\\/#website\"},\"primaryImageOfPage\":{\"@id\":\"https:\\\/\\\/inclusivenews.com.br\\\/?p=23655#primaryimage\"},\"image\":{\"@id\":\"https:\\\/\\\/inclusivenews.com.br\\\/?p=23655#primaryimage\"},\"thumbnailUrl\":\"http:\\\/\\\/rollingstone.com.br\\\/media\\\/images\\\/medium\\\/2011\\\/09\\\/08\\\/img-1000572-o-caminho-das-pedras.jpg\",\"datePublished\":\"2012-10-17T12:08:17+00:00\",\"breadcrumb\":{\"@id\":\"https:\\\/\\\/inclusivenews.com.br\\\/?p=23655#breadcrumb\"},\"inLanguage\":\"pt-PT\",\"potentialAction\":[{\"@type\":\"ReadAction\",\"target\":[\"https:\\\/\\\/inclusivenews.com.br\\\/?p=23655\"]}]},{\"@type\":\"ImageObject\",\"inLanguage\":\"pt-PT\",\"@id\":\"https:\\\/\\\/inclusivenews.com.br\\\/?p=23655#primaryimage\",\"url\":\"http:\\\/\\\/rollingstone.com.br\\\/media\\\/images\\\/medium\\\/2011\\\/09\\\/08\\\/img-1000572-o-caminho-das-pedras.jpg\",\"contentUrl\":\"http:\\\/\\\/rollingstone.com.br\\\/media\\\/images\\\/medium\\\/2011\\\/09\\\/08\\\/img-1000572-o-caminho-das-pedras.jpg\"},{\"@type\":\"BreadcrumbList\",\"@id\":\"https:\\\/\\\/inclusivenews.com.br\\\/?p=23655#breadcrumb\",\"itemListElement\":[{\"@type\":\"ListItem\",\"position\":1,\"name\":\"In\u00edcio\",\"item\":\"https:\\\/\\\/inclusivenews.com.br\\\/\"},{\"@type\":\"ListItem\",\"position\":2,\"name\":\"O caminho das pedras\"}]},{\"@type\":\"WebSite\",\"@id\":\"https:\\\/\\\/inclusivenews.com.br\\\/#website\",\"url\":\"https:\\\/\\\/inclusivenews.com.br\\\/\",\"name\":\"Inclusive News\",\"description\":\"Inclusive News\",\"publisher\":{\"@id\":\"https:\\\/\\\/inclusivenews.com.br\\\/#organization\"},\"potentialAction\":[{\"@type\":\"SearchAction\",\"target\":{\"@type\":\"EntryPoint\",\"urlTemplate\":\"https:\\\/\\\/inclusivenews.com.br\\\/?s={search_term_string}\"},\"query-input\":{\"@type\":\"PropertyValueSpecification\",\"valueRequired\":true,\"valueName\":\"search_term_string\"}}],\"inLanguage\":\"pt-PT\"},{\"@type\":\"Organization\",\"@id\":\"https:\\\/\\\/inclusivenews.com.br\\\/#organization\",\"name\":\"Inclusive - inclus\u00e3o e cidadania\",\"url\":\"https:\\\/\\\/inclusivenews.com.br\\\/\",\"logo\":{\"@type\":\"ImageObject\",\"inLanguage\":\"pt-PT\",\"@id\":\"https:\\\/\\\/inclusivenews.com.br\\\/#\\\/schema\\\/logo\\\/image\\\/\",\"url\":\"https:\\\/\\\/inclusivenews.com.br\\\/wp-content\\\/uploads\\\/2024\\\/03\\\/@grandesite.png\",\"contentUrl\":\"https:\\\/\\\/inclusivenews.com.br\\\/wp-content\\\/uploads\\\/2024\\\/03\\\/@grandesite.png\",\"width\":1080,\"height\":1080,\"caption\":\"Inclusive - inclus\u00e3o e cidadania\"},\"image\":{\"@id\":\"https:\\\/\\\/inclusivenews.com.br\\\/#\\\/schema\\\/logo\\\/image\\\/\"},\"sameAs\":[\"https:\\\/\\\/www.facebook.com\\\/agenciainclusive\\\/\",\"https:\\\/\\\/www.instagram.com\\\/newsinclusive\\\/\"]},{\"@type\":\"Person\",\"@id\":\"https:\\\/\\\/inclusivenews.com.br\\\/#\\\/schema\\\/person\\\/ae4ec7087559b8692fb33b6fffd2273b\",\"name\":\"inclusivenews2024\",\"image\":{\"@type\":\"ImageObject\",\"inLanguage\":\"pt-PT\",\"@id\":\"https:\\\/\\\/secure.gravatar.com\\\/avatar\\\/c5a7ef84c66fa914f55bc4f7ce26cfa275a3b9a1c5568b907bd184fb4dde7b40?s=96&d=mm&r=g\",\"url\":\"https:\\\/\\\/secure.gravatar.com\\\/avatar\\\/c5a7ef84c66fa914f55bc4f7ce26cfa275a3b9a1c5568b907bd184fb4dde7b40?s=96&d=mm&r=g\",\"contentUrl\":\"https:\\\/\\\/secure.gravatar.com\\\/avatar\\\/c5a7ef84c66fa914f55bc4f7ce26cfa275a3b9a1c5568b907bd184fb4dde7b40?s=96&d=mm&r=g\",\"caption\":\"inclusivenews2024\"},\"sameAs\":[\"https:\\\/\\\/inclusivenews.com.br\"],\"url\":\"https:\\\/\\\/inclusivenews.com.br\\\/?author=1\"}]}<\/script>\n<!-- \/ Yoast SEO plugin. -->","yoast_head_json":{"title":"O caminho das pedras -","robots":{"index":"index","follow":"follow","max-snippet":"max-snippet:-1","max-image-preview":"max-image-preview:large","max-video-preview":"max-video-preview:-1"},"canonical":"https:\/\/inclusivenews.com.br\/?p=23655","og_locale":"pt_PT","og_type":"article","og_title":"O caminho das pedras -","og_description":"Ap\u00f3s anos batendo cabe\u00e7a, o Governo Federal ainda luta para encontrar alternativas na guerra contra a incontest\u00e1vel epidemia do crack. Reportagem est\u00e1 na revista Rolling Stone.","og_url":"https:\/\/inclusivenews.com.br\/?p=23655","article_publisher":"https:\/\/www.facebook.com\/agenciainclusive\/","article_published_time":"2012-10-17T12:08:17+00:00","og_image":[{"url":"http:\/\/rollingstone.com.br\/media\/images\/medium\/2011\/09\/08\/img-1000572-o-caminho-das-pedras.jpg","type":"","width":"","height":""}],"author":"inclusivenews2024","twitter_card":"summary_large_image","twitter_misc":{"Escrito por":"inclusivenews2024","Tempo estimado de leitura":"3 minutos"},"schema":{"@context":"https:\/\/schema.org","@graph":[{"@type":"Article","@id":"https:\/\/inclusivenews.com.br\/?p=23655#article","isPartOf":{"@id":"https:\/\/inclusivenews.com.br\/?p=23655"},"author":{"name":"inclusivenews2024","@id":"https:\/\/inclusivenews.com.br\/#\/schema\/person\/ae4ec7087559b8692fb33b6fffd2273b"},"headline":"O caminho das pedras","datePublished":"2012-10-17T12:08:17+00:00","mainEntityOfPage":{"@id":"https:\/\/inclusivenews.com.br\/?p=23655"},"wordCount":580,"commentCount":0,"publisher":{"@id":"https:\/\/inclusivenews.com.br\/#organization"},"image":{"@id":"https:\/\/inclusivenews.com.br\/?p=23655#primaryimage"},"thumbnailUrl":"http:\/\/rollingstone.com.br\/media\/images\/medium\/2011\/09\/08\/img-1000572-o-caminho-das-pedras.jpg","articleSection":["Reportagem","Sa\u00fade"],"inLanguage":"pt-PT","potentialAction":[{"@type":"CommentAction","name":"Comment","target":["https:\/\/inclusivenews.com.br\/?p=23655#respond"]}]},{"@type":"WebPage","@id":"https:\/\/inclusivenews.com.br\/?p=23655","url":"https:\/\/inclusivenews.com.br\/?p=23655","name":"O caminho das pedras -","isPartOf":{"@id":"https:\/\/inclusivenews.com.br\/#website"},"primaryImageOfPage":{"@id":"https:\/\/inclusivenews.com.br\/?p=23655#primaryimage"},"image":{"@id":"https:\/\/inclusivenews.com.br\/?p=23655#primaryimage"},"thumbnailUrl":"http:\/\/rollingstone.com.br\/media\/images\/medium\/2011\/09\/08\/img-1000572-o-caminho-das-pedras.jpg","datePublished":"2012-10-17T12:08:17+00:00","breadcrumb":{"@id":"https:\/\/inclusivenews.com.br\/?p=23655#breadcrumb"},"inLanguage":"pt-PT","potentialAction":[{"@type":"ReadAction","target":["https:\/\/inclusivenews.com.br\/?p=23655"]}]},{"@type":"ImageObject","inLanguage":"pt-PT","@id":"https:\/\/inclusivenews.com.br\/?p=23655#primaryimage","url":"http:\/\/rollingstone.com.br\/media\/images\/medium\/2011\/09\/08\/img-1000572-o-caminho-das-pedras.jpg","contentUrl":"http:\/\/rollingstone.com.br\/media\/images\/medium\/2011\/09\/08\/img-1000572-o-caminho-das-pedras.jpg"},{"@type":"BreadcrumbList","@id":"https:\/\/inclusivenews.com.br\/?p=23655#breadcrumb","itemListElement":[{"@type":"ListItem","position":1,"name":"In\u00edcio","item":"https:\/\/inclusivenews.com.br\/"},{"@type":"ListItem","position":2,"name":"O caminho das pedras"}]},{"@type":"WebSite","@id":"https:\/\/inclusivenews.com.br\/#website","url":"https:\/\/inclusivenews.com.br\/","name":"Inclusive News","description":"Inclusive News","publisher":{"@id":"https:\/\/inclusivenews.com.br\/#organization"},"potentialAction":[{"@type":"SearchAction","target":{"@type":"EntryPoint","urlTemplate":"https:\/\/inclusivenews.com.br\/?s={search_term_string}"},"query-input":{"@type":"PropertyValueSpecification","valueRequired":true,"valueName":"search_term_string"}}],"inLanguage":"pt-PT"},{"@type":"Organization","@id":"https:\/\/inclusivenews.com.br\/#organization","name":"Inclusive - inclus\u00e3o e cidadania","url":"https:\/\/inclusivenews.com.br\/","logo":{"@type":"ImageObject","inLanguage":"pt-PT","@id":"https:\/\/inclusivenews.com.br\/#\/schema\/logo\/image\/","url":"https:\/\/inclusivenews.com.br\/wp-content\/uploads\/2024\/03\/@grandesite.png","contentUrl":"https:\/\/inclusivenews.com.br\/wp-content\/uploads\/2024\/03\/@grandesite.png","width":1080,"height":1080,"caption":"Inclusive - inclus\u00e3o e cidadania"},"image":{"@id":"https:\/\/inclusivenews.com.br\/#\/schema\/logo\/image\/"},"sameAs":["https:\/\/www.facebook.com\/agenciainclusive\/","https:\/\/www.instagram.com\/newsinclusive\/"]},{"@type":"Person","@id":"https:\/\/inclusivenews.com.br\/#\/schema\/person\/ae4ec7087559b8692fb33b6fffd2273b","name":"inclusivenews2024","image":{"@type":"ImageObject","inLanguage":"pt-PT","@id":"https:\/\/secure.gravatar.com\/avatar\/c5a7ef84c66fa914f55bc4f7ce26cfa275a3b9a1c5568b907bd184fb4dde7b40?s=96&d=mm&r=g","url":"https:\/\/secure.gravatar.com\/avatar\/c5a7ef84c66fa914f55bc4f7ce26cfa275a3b9a1c5568b907bd184fb4dde7b40?s=96&d=mm&r=g","contentUrl":"https:\/\/secure.gravatar.com\/avatar\/c5a7ef84c66fa914f55bc4f7ce26cfa275a3b9a1c5568b907bd184fb4dde7b40?s=96&d=mm&r=g","caption":"inclusivenews2024"},"sameAs":["https:\/\/inclusivenews.com.br"],"url":"https:\/\/inclusivenews.com.br\/?author=1"}]}},"_links":{"self":[{"href":"https:\/\/inclusivenews.com.br\/index.php?rest_route=\/wp\/v2\/posts\/23655","targetHints":{"allow":["GET"]}}],"collection":[{"href":"https:\/\/inclusivenews.com.br\/index.php?rest_route=\/wp\/v2\/posts"}],"about":[{"href":"https:\/\/inclusivenews.com.br\/index.php?rest_route=\/wp\/v2\/types\/post"}],"author":[{"embeddable":true,"href":"https:\/\/inclusivenews.com.br\/index.php?rest_route=\/wp\/v2\/users\/1"}],"replies":[{"embeddable":true,"href":"https:\/\/inclusivenews.com.br\/index.php?rest_route=%2Fwp%2Fv2%2Fcomments&post=23655"}],"version-history":[{"count":0,"href":"https:\/\/inclusivenews.com.br\/index.php?rest_route=\/wp\/v2\/posts\/23655\/revisions"}],"wp:attachment":[{"href":"https:\/\/inclusivenews.com.br\/index.php?rest_route=%2Fwp%2Fv2%2Fmedia&parent=23655"}],"wp:term":[{"taxonomy":"category","embeddable":true,"href":"https:\/\/inclusivenews.com.br\/index.php?rest_route=%2Fwp%2Fv2%2Fcategories&post=23655"},{"taxonomy":"post_tag","embeddable":true,"href":"https:\/\/inclusivenews.com.br\/index.php?rest_route=%2Fwp%2Fv2%2Ftags&post=23655"}],"curies":[{"name":"wp","href":"https:\/\/api.w.org\/{rel}","templated":true}]}}