{"id":23658,"date":"2012-10-17T09:10:34","date_gmt":"2012-10-17T12:10:34","guid":{"rendered":"http:\/\/www.inclusive.org.br\/?p=23658"},"modified":"2012-10-17T09:10:34","modified_gmt":"2012-10-17T12:10:34","slug":"3%c2%aa-conferencia-nacional-dos-direitos-da-pessoa-com-deficiencia-2","status":"publish","type":"post","link":"https:\/\/inclusivenews.com.br\/?p=23658","title":{"rendered":"3\u00aa Confer\u00eancia Nacional dos Direitos da Pessoa com Defici\u00eancia"},"content":{"rendered":"<figure id=\"attachment_23672\" aria-describedby=\"caption-attachment-23672\" style=\"width: 300px\" class=\"wp-caption alignleft\"><a href=\"http:\/\/www.inclusivenews.com.br\/wp-content\/uploads\/confnac.png\"><img loading=\"lazy\" decoding=\"async\" class=\"size-medium wp-image-23672\" title=\"3\u00aa Confer\u00eancia Nacional dos Direitos da Pessoa com Defici\u00eancia\" src=\"http:\/\/inclusivenews.com.br\/wp-content\/uploads\/confnac-300x156.png\" alt=\"3\u00aa Confer\u00eancia Nacional dos Direitos da Pessoa com Defici\u00eancia\" width=\"300\" height=\"156\" \/><\/a><figcaption id=\"caption-attachment-23672\" class=\"wp-caption-text\"> <\/figcaption><\/figure>\n<p>Entre os dias 3 e 6 de dezembro ser\u00e1 realizada a 3\u00aa Confer\u00eancia Nacional dos Direitos da Pessoa com Defici\u00eancia, em Bras\u00edlia. Com o tema: &#8220;Um olhar atrav\u00e9s da Conven\u00e7\u00e3o sobre os Direitos da Pessoa com Defici\u00eancia, da ONU: novas perspectivas e desafios&#8221;, as preparat\u00f3rias municipais, estaduais e distrital v\u00e3o debater, em quatro eixos tem\u00e1ticos, assuntos relativos \u00e0s pessoas com defici\u00eancia.<\/p>\n<p>S\u00e3o eles:<\/p>\n<p>1. Educa\u00e7\u00e3o, esporte, trabalho e reabilita\u00e7\u00e3o profissional;<\/p>\n<p>2. Acessibilidade, comunica\u00e7\u00e3o, transporte e moradia;<\/p>\n<p>3. Sa\u00fade, preven\u00e7\u00e3o, reabilita\u00e7\u00e3o, \u00f3rteses e pr\u00f3teses;<\/p>\n<p>4. Seguran\u00e7a, acesso \u00e0 justi\u00e7a, padr\u00e3o de vida e prote\u00e7\u00e3o social adequados.<\/p>\n<p>As etapas regionais tiveram in\u00edcio em novembro de 2011 e foram at\u00e9 setembro deste ano.<\/p>\n<p>Cada conselho municipal, estadual e distrital apresentou at\u00e9 40 propostas, dez de cada tem\u00e1tica para etapa nacional. Os resultados dessas atividades no Brasil ser\u00e3o levantados na 3\u00aa Confer\u00eancia Nacional dos Direitos da Pessoa com Defici\u00eancia.<\/p>\n<p>Veja a programa\u00e7\u00e3o preliminar da <a href=\"http:\/\/www.pessoacomdeficiencia.gov.br\/app\/conferencia\/programacao-preliminar\" target=\"_blank\" rel=\"noopener\">Confer\u00eancia<\/a>.<\/p>\n<p>Fa\u00e7a download do <a href=\"http:\/\/www.pessoacomdeficiencia.gov.br\/app\/sites\/default\/files\/arquivos\/%5Bfield_generico_imagens-filefield-description%5D_4.pdf e do texto orientador http:\/\/www.pessoacomdeficiencia.gov.br\/app\/sites\/default\/files\/arquivos\/%5Bfield_generico_imagens-filefield-description%5D_5.pdf\" target=\"_blank\" rel=\"noopener\">texto-base<\/a>.<\/p>\n","protected":false},"excerpt":{"rendered":"<p>Entre os dias 3 e 6 de dezembro ser\u00e1 realizada a 3\u00aa Confer\u00eancia Nacional dos Direitos da Pessoa com Defici\u00eancia, em Bras\u00edlia. Com o tema: &#8220;Um olhar atrav\u00e9s da Conven\u00e7\u00e3o sobre os Direitos da Pessoa com Defici\u00eancia, da ONU: novas perspectivas e desafios&#8221;, as preparat\u00f3rias municipais, estaduais e distrital v\u00e3o debater, em quatro eixos tem\u00e1ticos, assuntos relativos \u00e0s pessoas com defici\u00eancia.<\/p>\n","protected":false},"author":1,"featured_media":0,"comment_status":"open","ping_status":"open","sticky":false,"template":"","format":"standard","meta":{"site-container-style":"default","site-container-layout":"default","site-sidebar-layout":"default","disable-article-header":"default","disable-site-header":"default","disable-site-footer":"default","disable-content-area-spacing":"default","footnotes":""},"categories":[4],"tags":[],"class_list":["post-23658","post","type-post","status-publish","format-standard","hentry","category-noticias"],"yoast_head":"<!-- This site is optimized with the Yoast SEO plugin v27.4 - https:\/\/yoast.com\/product\/yoast-seo-wordpress\/ -->\n<title>3\u00aa Confer\u00eancia Nacional dos Direitos da Pessoa com Defici\u00eancia -<\/title>\n<meta name=\"robots\" content=\"index, follow, max-snippet:-1, max-image-preview:large, max-video-preview:-1\" \/>\n<link rel=\"canonical\" href=\"https:\/\/inclusivenews.com.br\/?p=23658\" \/>\n<meta property=\"og:locale\" content=\"pt_PT\" \/>\n<meta property=\"og:type\" content=\"article\" \/>\n<meta property=\"og:title\" content=\"3\u00aa Confer\u00eancia Nacional dos Direitos da Pessoa com Defici\u00eancia -\" \/>\n<meta property=\"og:description\" content=\"Entre os dias 3 e 6 de dezembro ser\u00e1 realizada a 3\u00aa Confer\u00eancia Nacional dos Direitos da Pessoa com Defici\u00eancia, em Bras\u00edlia. Com o tema: &quot;Um olhar atrav\u00e9s da Conven\u00e7\u00e3o sobre os Direitos da Pessoa com Defici\u00eancia, da ONU: novas perspectivas e desafios&quot;, as preparat\u00f3rias municipais, estaduais e distrital v\u00e3o debater, em quatro eixos tem\u00e1ticos, assuntos relativos \u00e0s pessoas com defici\u00eancia.\" \/>\n<meta property=\"og:url\" content=\"https:\/\/inclusivenews.com.br\/?p=23658\" \/>\n<meta property=\"article:publisher\" content=\"https:\/\/www.facebook.com\/agenciainclusive\/\" \/>\n<meta property=\"article:published_time\" content=\"2012-10-17T12:10:34+00:00\" \/>\n<meta property=\"og:image\" content=\"http:\/\/inclusivenews.com.br\/wp-content\/uploads\/confnac-300x156.png\" \/>\n<meta name=\"author\" content=\"inclusivenews2024\" \/>\n<meta name=\"twitter:card\" content=\"summary_large_image\" \/>\n<meta name=\"twitter:label1\" content=\"Escrito por\" \/>\n\t<meta name=\"twitter:data1\" content=\"inclusivenews2024\" \/>\n\t<meta name=\"twitter:label2\" content=\"Tempo estimado de leitura\" \/>\n\t<meta name=\"twitter:data2\" content=\"1 minuto\" \/>\n<script type=\"application\/ld+json\" class=\"yoast-schema-graph\">{\"@context\":\"https:\\\/\\\/schema.org\",\"@graph\":[{\"@type\":\"Article\",\"@id\":\"https:\\\/\\\/inclusivenews.com.br\\\/?p=23658#article\",\"isPartOf\":{\"@id\":\"https:\\\/\\\/inclusivenews.com.br\\\/?p=23658\"},\"author\":{\"name\":\"inclusivenews2024\",\"@id\":\"https:\\\/\\\/inclusivenews.com.br\\\/#\\\/schema\\\/person\\\/ae4ec7087559b8692fb33b6fffd2273b\"},\"headline\":\"3\u00aa Confer\u00eancia Nacional dos Direitos da Pessoa com Defici\u00eancia\",\"datePublished\":\"2012-10-17T12:10:34+00:00\",\"mainEntityOfPage\":{\"@id\":\"https:\\\/\\\/inclusivenews.com.br\\\/?p=23658\"},\"wordCount\":192,\"commentCount\":2,\"publisher\":{\"@id\":\"https:\\\/\\\/inclusivenews.com.br\\\/#organization\"},\"image\":{\"@id\":\"https:\\\/\\\/inclusivenews.com.br\\\/?p=23658#primaryimage\"},\"thumbnailUrl\":\"http:\\\/\\\/inclusivenews.com.br\\\/wp-content\\\/uploads\\\/confnac-300x156.png\",\"articleSection\":[\"NOT\u00cdCIAS\"],\"inLanguage\":\"pt-PT\",\"potentialAction\":[{\"@type\":\"CommentAction\",\"name\":\"Comment\",\"target\":[\"https:\\\/\\\/inclusivenews.com.br\\\/?p=23658#respond\"]}]},{\"@type\":\"WebPage\",\"@id\":\"https:\\\/\\\/inclusivenews.com.br\\\/?p=23658\",\"url\":\"https:\\\/\\\/inclusivenews.com.br\\\/?p=23658\",\"name\":\"3\u00aa Confer\u00eancia Nacional dos Direitos da Pessoa com Defici\u00eancia -\",\"isPartOf\":{\"@id\":\"https:\\\/\\\/inclusivenews.com.br\\\/#website\"},\"primaryImageOfPage\":{\"@id\":\"https:\\\/\\\/inclusivenews.com.br\\\/?p=23658#primaryimage\"},\"image\":{\"@id\":\"https:\\\/\\\/inclusivenews.com.br\\\/?p=23658#primaryimage\"},\"thumbnailUrl\":\"http:\\\/\\\/inclusivenews.com.br\\\/wp-content\\\/uploads\\\/confnac-300x156.png\",\"datePublished\":\"2012-10-17T12:10:34+00:00\",\"breadcrumb\":{\"@id\":\"https:\\\/\\\/inclusivenews.com.br\\\/?p=23658#breadcrumb\"},\"inLanguage\":\"pt-PT\",\"potentialAction\":[{\"@type\":\"ReadAction\",\"target\":[\"https:\\\/\\\/inclusivenews.com.br\\\/?p=23658\"]}]},{\"@type\":\"ImageObject\",\"inLanguage\":\"pt-PT\",\"@id\":\"https:\\\/\\\/inclusivenews.com.br\\\/?p=23658#primaryimage\",\"url\":\"\",\"contentUrl\":\"\"},{\"@type\":\"BreadcrumbList\",\"@id\":\"https:\\\/\\\/inclusivenews.com.br\\\/?p=23658#breadcrumb\",\"itemListElement\":[{\"@type\":\"ListItem\",\"position\":1,\"name\":\"In\u00edcio\",\"item\":\"https:\\\/\\\/inclusivenews.com.br\\\/\"},{\"@type\":\"ListItem\",\"position\":2,\"name\":\"3\u00aa Confer\u00eancia Nacional dos Direitos da Pessoa com Defici\u00eancia\"}]},{\"@type\":\"WebSite\",\"@id\":\"https:\\\/\\\/inclusivenews.com.br\\\/#website\",\"url\":\"https:\\\/\\\/inclusivenews.com.br\\\/\",\"name\":\"Inclusive News\",\"description\":\"Inclusive News\",\"publisher\":{\"@id\":\"https:\\\/\\\/inclusivenews.com.br\\\/#organization\"},\"potentialAction\":[{\"@type\":\"SearchAction\",\"target\":{\"@type\":\"EntryPoint\",\"urlTemplate\":\"https:\\\/\\\/inclusivenews.com.br\\\/?s={search_term_string}\"},\"query-input\":{\"@type\":\"PropertyValueSpecification\",\"valueRequired\":true,\"valueName\":\"search_term_string\"}}],\"inLanguage\":\"pt-PT\"},{\"@type\":\"Organization\",\"@id\":\"https:\\\/\\\/inclusivenews.com.br\\\/#organization\",\"name\":\"Inclusive - inclus\u00e3o e cidadania\",\"url\":\"https:\\\/\\\/inclusivenews.com.br\\\/\",\"logo\":{\"@type\":\"ImageObject\",\"inLanguage\":\"pt-PT\",\"@id\":\"https:\\\/\\\/inclusivenews.com.br\\\/#\\\/schema\\\/logo\\\/image\\\/\",\"url\":\"https:\\\/\\\/inclusivenews.com.br\\\/wp-content\\\/uploads\\\/2024\\\/03\\\/@grandesite.png\",\"contentUrl\":\"https:\\\/\\\/inclusivenews.com.br\\\/wp-content\\\/uploads\\\/2024\\\/03\\\/@grandesite.png\",\"width\":1080,\"height\":1080,\"caption\":\"Inclusive - inclus\u00e3o e cidadania\"},\"image\":{\"@id\":\"https:\\\/\\\/inclusivenews.com.br\\\/#\\\/schema\\\/logo\\\/image\\\/\"},\"sameAs\":[\"https:\\\/\\\/www.facebook.com\\\/agenciainclusive\\\/\",\"https:\\\/\\\/www.instagram.com\\\/newsinclusive\\\/\"]},{\"@type\":\"Person\",\"@id\":\"https:\\\/\\\/inclusivenews.com.br\\\/#\\\/schema\\\/person\\\/ae4ec7087559b8692fb33b6fffd2273b\",\"name\":\"inclusivenews2024\",\"image\":{\"@type\":\"ImageObject\",\"inLanguage\":\"pt-PT\",\"@id\":\"https:\\\/\\\/secure.gravatar.com\\\/avatar\\\/c5a7ef84c66fa914f55bc4f7ce26cfa275a3b9a1c5568b907bd184fb4dde7b40?s=96&d=mm&r=g\",\"url\":\"https:\\\/\\\/secure.gravatar.com\\\/avatar\\\/c5a7ef84c66fa914f55bc4f7ce26cfa275a3b9a1c5568b907bd184fb4dde7b40?s=96&d=mm&r=g\",\"contentUrl\":\"https:\\\/\\\/secure.gravatar.com\\\/avatar\\\/c5a7ef84c66fa914f55bc4f7ce26cfa275a3b9a1c5568b907bd184fb4dde7b40?s=96&d=mm&r=g\",\"caption\":\"inclusivenews2024\"},\"sameAs\":[\"https:\\\/\\\/inclusivenews.com.br\"],\"url\":\"https:\\\/\\\/inclusivenews.com.br\\\/?author=1\"}]}<\/script>\n<!-- \/ Yoast SEO plugin. -->","yoast_head_json":{"title":"3\u00aa Confer\u00eancia Nacional dos Direitos da Pessoa com Defici\u00eancia -","robots":{"index":"index","follow":"follow","max-snippet":"max-snippet:-1","max-image-preview":"max-image-preview:large","max-video-preview":"max-video-preview:-1"},"canonical":"https:\/\/inclusivenews.com.br\/?p=23658","og_locale":"pt_PT","og_type":"article","og_title":"3\u00aa Confer\u00eancia Nacional dos Direitos da Pessoa com Defici\u00eancia -","og_description":"Entre os dias 3 e 6 de dezembro ser\u00e1 realizada a 3\u00aa Confer\u00eancia Nacional dos Direitos da Pessoa com Defici\u00eancia, em Bras\u00edlia. Com o tema: \"Um olhar atrav\u00e9s da Conven\u00e7\u00e3o sobre os Direitos da Pessoa com Defici\u00eancia, da ONU: novas perspectivas e desafios\", as preparat\u00f3rias municipais, estaduais e distrital v\u00e3o debater, em quatro eixos tem\u00e1ticos, assuntos relativos \u00e0s pessoas com defici\u00eancia.","og_url":"https:\/\/inclusivenews.com.br\/?p=23658","article_publisher":"https:\/\/www.facebook.com\/agenciainclusive\/","article_published_time":"2012-10-17T12:10:34+00:00","og_image":[{"url":"http:\/\/inclusivenews.com.br\/wp-content\/uploads\/confnac-300x156.png","type":"","width":"","height":""}],"author":"inclusivenews2024","twitter_card":"summary_large_image","twitter_misc":{"Escrito por":"inclusivenews2024","Tempo estimado de leitura":"1 minuto"},"schema":{"@context":"https:\/\/schema.org","@graph":[{"@type":"Article","@id":"https:\/\/inclusivenews.com.br\/?p=23658#article","isPartOf":{"@id":"https:\/\/inclusivenews.com.br\/?p=23658"},"author":{"name":"inclusivenews2024","@id":"https:\/\/inclusivenews.com.br\/#\/schema\/person\/ae4ec7087559b8692fb33b6fffd2273b"},"headline":"3\u00aa Confer\u00eancia Nacional dos Direitos da Pessoa com Defici\u00eancia","datePublished":"2012-10-17T12:10:34+00:00","mainEntityOfPage":{"@id":"https:\/\/inclusivenews.com.br\/?p=23658"},"wordCount":192,"commentCount":2,"publisher":{"@id":"https:\/\/inclusivenews.com.br\/#organization"},"image":{"@id":"https:\/\/inclusivenews.com.br\/?p=23658#primaryimage"},"thumbnailUrl":"http:\/\/inclusivenews.com.br\/wp-content\/uploads\/confnac-300x156.png","articleSection":["NOT\u00cdCIAS"],"inLanguage":"pt-PT","potentialAction":[{"@type":"CommentAction","name":"Comment","target":["https:\/\/inclusivenews.com.br\/?p=23658#respond"]}]},{"@type":"WebPage","@id":"https:\/\/inclusivenews.com.br\/?p=23658","url":"https:\/\/inclusivenews.com.br\/?p=23658","name":"3\u00aa Confer\u00eancia Nacional dos Direitos da Pessoa com Defici\u00eancia -","isPartOf":{"@id":"https:\/\/inclusivenews.com.br\/#website"},"primaryImageOfPage":{"@id":"https:\/\/inclusivenews.com.br\/?p=23658#primaryimage"},"image":{"@id":"https:\/\/inclusivenews.com.br\/?p=23658#primaryimage"},"thumbnailUrl":"http:\/\/inclusivenews.com.br\/wp-content\/uploads\/confnac-300x156.png","datePublished":"2012-10-17T12:10:34+00:00","breadcrumb":{"@id":"https:\/\/inclusivenews.com.br\/?p=23658#breadcrumb"},"inLanguage":"pt-PT","potentialAction":[{"@type":"ReadAction","target":["https:\/\/inclusivenews.com.br\/?p=23658"]}]},{"@type":"ImageObject","inLanguage":"pt-PT","@id":"https:\/\/inclusivenews.com.br\/?p=23658#primaryimage","url":"","contentUrl":""},{"@type":"BreadcrumbList","@id":"https:\/\/inclusivenews.com.br\/?p=23658#breadcrumb","itemListElement":[{"@type":"ListItem","position":1,"name":"In\u00edcio","item":"https:\/\/inclusivenews.com.br\/"},{"@type":"ListItem","position":2,"name":"3\u00aa Confer\u00eancia Nacional dos Direitos da Pessoa com Defici\u00eancia"}]},{"@type":"WebSite","@id":"https:\/\/inclusivenews.com.br\/#website","url":"https:\/\/inclusivenews.com.br\/","name":"Inclusive News","description":"Inclusive News","publisher":{"@id":"https:\/\/inclusivenews.com.br\/#organization"},"potentialAction":[{"@type":"SearchAction","target":{"@type":"EntryPoint","urlTemplate":"https:\/\/inclusivenews.com.br\/?s={search_term_string}"},"query-input":{"@type":"PropertyValueSpecification","valueRequired":true,"valueName":"search_term_string"}}],"inLanguage":"pt-PT"},{"@type":"Organization","@id":"https:\/\/inclusivenews.com.br\/#organization","name":"Inclusive - inclus\u00e3o e cidadania","url":"https:\/\/inclusivenews.com.br\/","logo":{"@type":"ImageObject","inLanguage":"pt-PT","@id":"https:\/\/inclusivenews.com.br\/#\/schema\/logo\/image\/","url":"https:\/\/inclusivenews.com.br\/wp-content\/uploads\/2024\/03\/@grandesite.png","contentUrl":"https:\/\/inclusivenews.com.br\/wp-content\/uploads\/2024\/03\/@grandesite.png","width":1080,"height":1080,"caption":"Inclusive - inclus\u00e3o e cidadania"},"image":{"@id":"https:\/\/inclusivenews.com.br\/#\/schema\/logo\/image\/"},"sameAs":["https:\/\/www.facebook.com\/agenciainclusive\/","https:\/\/www.instagram.com\/newsinclusive\/"]},{"@type":"Person","@id":"https:\/\/inclusivenews.com.br\/#\/schema\/person\/ae4ec7087559b8692fb33b6fffd2273b","name":"inclusivenews2024","image":{"@type":"ImageObject","inLanguage":"pt-PT","@id":"https:\/\/secure.gravatar.com\/avatar\/c5a7ef84c66fa914f55bc4f7ce26cfa275a3b9a1c5568b907bd184fb4dde7b40?s=96&d=mm&r=g","url":"https:\/\/secure.gravatar.com\/avatar\/c5a7ef84c66fa914f55bc4f7ce26cfa275a3b9a1c5568b907bd184fb4dde7b40?s=96&d=mm&r=g","contentUrl":"https:\/\/secure.gravatar.com\/avatar\/c5a7ef84c66fa914f55bc4f7ce26cfa275a3b9a1c5568b907bd184fb4dde7b40?s=96&d=mm&r=g","caption":"inclusivenews2024"},"sameAs":["https:\/\/inclusivenews.com.br"],"url":"https:\/\/inclusivenews.com.br\/?author=1"}]}},"_links":{"self":[{"href":"https:\/\/inclusivenews.com.br\/index.php?rest_route=\/wp\/v2\/posts\/23658","targetHints":{"allow":["GET"]}}],"collection":[{"href":"https:\/\/inclusivenews.com.br\/index.php?rest_route=\/wp\/v2\/posts"}],"about":[{"href":"https:\/\/inclusivenews.com.br\/index.php?rest_route=\/wp\/v2\/types\/post"}],"author":[{"embeddable":true,"href":"https:\/\/inclusivenews.com.br\/index.php?rest_route=\/wp\/v2\/users\/1"}],"replies":[{"embeddable":true,"href":"https:\/\/inclusivenews.com.br\/index.php?rest_route=%2Fwp%2Fv2%2Fcomments&post=23658"}],"version-history":[{"count":0,"href":"https:\/\/inclusivenews.com.br\/index.php?rest_route=\/wp\/v2\/posts\/23658\/revisions"}],"wp:attachment":[{"href":"https:\/\/inclusivenews.com.br\/index.php?rest_route=%2Fwp%2Fv2%2Fmedia&parent=23658"}],"wp:term":[{"taxonomy":"category","embeddable":true,"href":"https:\/\/inclusivenews.com.br\/index.php?rest_route=%2Fwp%2Fv2%2Fcategories&post=23658"},{"taxonomy":"post_tag","embeddable":true,"href":"https:\/\/inclusivenews.com.br\/index.php?rest_route=%2Fwp%2Fv2%2Ftags&post=23658"}],"curies":[{"name":"wp","href":"https:\/\/api.w.org\/{rel}","templated":true}]}}