{"id":23691,"date":"2012-10-24T15:02:57","date_gmt":"2012-10-24T18:02:57","guid":{"rendered":"http:\/\/www.inclusive.org.br\/?p=23691"},"modified":"2012-10-24T15:02:57","modified_gmt":"2012-10-24T18:02:57","slug":"campanha-quer-zerar-deficit-de-bibliotecas-no-brasil","status":"publish","type":"post","link":"https:\/\/inclusivenews.com.br\/?p=23691","title":{"rendered":"Campanha quer zerar d\u00e9ficit de bibliotecas no Brasil"},"content":{"rendered":"<p><img loading=\"lazy\" decoding=\"async\" class=\"alignleft size-medium wp-image-18345\" title=\"Livros na vertical e horizontal, em bico de pena\" src=\"http:\/\/inclusivenews.com.br\/wp-content\/uploads\/2011\/01\/livrospbjpg-300x150.jpg\" alt=\"Livros na vertical e horizontal, em bico de pena\" width=\"300\" height=\"150\" \/><\/p>\n<p>Imagine se 24 bibliotecas fossem instaladas diariamente no pa\u00eds at\u00e9 os pr\u00f3ximos oito anos. O que seria considerado um sonho para as institui\u00e7\u00f5es de ensino \u00e9, na verdade, a conta que precisaria ser feita para atender \u00e0 lei 12.244, sancionada h\u00e1 dois anos, que obriga todas as escolas p\u00fablicas e privadas a implantarem bibliotecas at\u00e9 2020. Para dar luz ao tema, o Instituto EcoFuturo em parceria com empresas privadas e organiza\u00e7\u00f5es civis lan\u00e7ou recentemente a campanha <a href=\"http:\/\/www.euquerominhabiblioteca.org.br\/\" target=\"_blank\" rel=\"noopener\">Eu Quero Minha Biblioteca<\/a>. A ideia \u00e9 sensibilizar os candidatos e prefeitos eleitos pelas elei\u00e7\u00f5es municipais e, principalmente, mobilizar a popula\u00e7\u00e3o para exigir a efetividade deste direito.<\/p>\n<p>No ar at\u00e9 2020, a campanha mantem um portal onde as pessoas podem encontrar informa\u00e7\u00f5es sobre a lei,  detalhes sobre os projetos de lei em tramita\u00e7\u00e3o que abordem temas relativos \u00e0s bibliotecas, audi\u00eancias p\u00fablicas agendadas, informa\u00e7\u00f5es sobre como montar essas bibliotecas, quais escolas j\u00e1 criaram as suas e ainda um mapa, em tempo real, que mostra a ades\u00e3o da popula\u00e7\u00e3o e de candidatos ao movimento.<\/p>\n<p>Ao aderir \u00e0 campanha, os participantes passam a ser informados sobre estrat\u00e9gias que podem e devem ser implementadas no \u00e2mbito da pol\u00edtica p\u00fablica local. A ideia \u00e9 articular uma rede ativa de mobilizadores, promovendo o mesmo impacto social do projeto Ficha Limpa (projeto de lei que teve origem na sociedade e que ganhou espa\u00e7o na c\u00e2mara legislativa depois de uma mobiliza\u00e7\u00e3o em massa e foi efetivado). At\u00e9 agora, mais 800 pessoas em 379 munic\u00edpios de todos os estados do pa\u00eds j\u00e1 apoiaram a campanha, que tamb\u00e9m conta com a ades\u00e3o de mais de 20 parlamentares e 74 institui\u00e7\u00f5es.<\/p>\n<p>Segundo Christine Fontelles, diretora de educa\u00e7\u00e3o e cultura do Instituto EcoFuturo e uma das principais idealizadoras da campanha, a implanta\u00e7\u00e3o das bibliotecas \u00e9 apenas um dos eixos do grande tema que \u00e9 a educa\u00e7\u00e3o para a leitura no Brasil. &#8220;Ter o espa\u00e7o \u00e9 fundamental mas paralelamente \u00e9 necess\u00e1rio discutir esse recheio. \u00c9 preciso assegurar tanto uma arquitetura confort\u00e1vel como profissionais dentro dessas bibliotecas e acervos que conversem com o projeto pedag\u00f3gico&#8221;, afirma.<\/p>\n<p>Ainda de acordo com Christine, a preocupa\u00e7\u00e3o com a leitura no Brasil entrou em pauta h\u00e1 cerca de uma d\u00e9cada e vem, pouco a pouco, ganhando uma proje\u00e7\u00e3o maior, ainda que n\u00e3o seja tratada de uma forma muito adequada para a efetividade da pol\u00edtica p\u00fablica. &#8220;Em muitas regi\u00f5es, surgem &#8216;jegue-livro&#8217;, &#8216;carro-livro&#8217;, &#8216;balsa-livro&#8217; ou &#8216;bicicleta-livro&#8217; buscando dar conta desse d\u00e9ficit&#8221;, diz.<\/p>\n<p>Cartilha<\/p>\n<p>Outra a\u00e7\u00e3o da campanha \u00e9 distribui\u00e7\u00e3o de uma cartilha que orienta gestores p\u00fablicos sobre como acessar recursos para implementar e manter bibliotecas. A publica\u00e7\u00e3o traz, por meio de uma linguagem bem simplificada, informa\u00e7\u00f5es relacionadas a espa\u00e7o e infraestrutura &#8212; com livros em braile e audiolivros &#8211;, equipe e atendimento. &#8220;Descobrimos que os gestores, muitas vezes, desconhecem as pol\u00edticas existentes e n\u00e3o fazem sinapses dos  recursos de educa\u00e7\u00e3o voltados para as bibliotecas&#8221;, afirma Christine.<\/p>\n<p>A publica\u00e7\u00e3o j\u00e1 foi enviada a governadores, secret\u00e1rios estaduais de educa\u00e7\u00e3o, parlamentares da comiss\u00e3o de educa\u00e7\u00e3o, imprensa e organiza\u00e7\u00f5es que fazem parte da coaliz\u00e3o que organiza a campanha. Em 2013, o material ser\u00e1 distribu\u00eddo a todos os prefeitos e secret\u00e1rios municipais de educa\u00e7\u00e3o.<\/p>\n<p>Bibliotecas-parque<\/p>\n<p>Um das inspira\u00e7\u00f5es da campanha \u00e9 o modelo realizado pelo pa\u00eds vizinho. Na Col\u00f4mbia, todas as escolas t\u00eam biblioteca e o processo de implementa\u00e7\u00e3o dessas fez parte de um esfor\u00e7o maior para ampliar a cultura de leitura da popula\u00e7\u00e3o. A proposta integrou um programa nacional de redu\u00e7\u00e3o da viol\u00eancia, que teve in\u00edcio em Medel\u00edn e expandiu para outras cidades como Bogot\u00e1 (considerada a Capital Mundial do Livro pela Unesco em 2007). &#8221; Essas cidades oferecem um servi\u00e7o p\u00fablico de refer\u00eancia, mant\u00eam uma infraestrutura de qualidade e s\u00e3o vocacionadas para promover leitura em todas as faixas et\u00e1rias&#8221;, diz Christine.<\/p>\n<p>No Brasil, um modelo similar, tamb\u00e9m inspirado na iniciativa colombina, \u00e9 realizado h\u00e1 dois anos no Rio de Janeiro. A Biblioteca-Parque, considerada a primeira no Brasil, tem 3.300 metros quadrados e beneficia moradores de 16 favelas de Manguinhos, uma das \u00e1reas mais pobres da cidade. Ainda no estado, a Biblioteca P\u00fablica de Niter\u00f3i \u00e9 a segunda biblioteca-parque, reinaugurada em julho deste ano. A pr\u00f3xima a adotar o modelo ser\u00e1 a favela da Rocinha.<\/p>\n<p>Fonte: <a href=\"http:\/\/porvir.org\/porpensar\/campanha-quer-zerar-deficit-de-bibliotecas-brasil\/20121018\" target=\"_blank\" rel=\"noopener\">Porvir<\/a><\/p>\n","protected":false},"excerpt":{"rendered":"<p>Imagine se 24 bibliotecas fossem instaladas diariamente no pa\u00eds at\u00e9 os pr\u00f3ximos oito anos. O que seria considerado um sonho para as institui\u00e7\u00f5es de ensino \u00e9, na verdade, a conta que precisaria ser feita para atender \u00e0 lei 12.244, sancionada h\u00e1 dois anos, que obriga todas as escolas p\u00fablicas e privadas a implantarem bibliotecas at\u00e9 2020. <\/p>\n","protected":false},"author":1,"featured_media":0,"comment_status":"open","ping_status":"open","sticky":false,"template":"","format":"standard","meta":{"site-container-style":"default","site-container-layout":"default","site-sidebar-layout":"default","disable-article-header":"default","disable-site-header":"default","disable-site-footer":"default","disable-content-area-spacing":"default","footnotes":""},"categories":[4],"tags":[],"class_list":["post-23691","post","type-post","status-publish","format-standard","hentry","category-noticias"],"yoast_head":"<!-- This site is optimized with the Yoast SEO plugin v27.4 - https:\/\/yoast.com\/product\/yoast-seo-wordpress\/ -->\n<title>Campanha quer zerar d\u00e9ficit de bibliotecas no Brasil -<\/title>\n<meta name=\"robots\" content=\"index, follow, max-snippet:-1, max-image-preview:large, max-video-preview:-1\" \/>\n<link rel=\"canonical\" href=\"https:\/\/inclusivenews.com.br\/?p=23691\" \/>\n<meta property=\"og:locale\" content=\"pt_PT\" \/>\n<meta property=\"og:type\" content=\"article\" \/>\n<meta property=\"og:title\" content=\"Campanha quer zerar d\u00e9ficit de bibliotecas no Brasil -\" \/>\n<meta property=\"og:description\" content=\"Imagine se 24 bibliotecas fossem instaladas diariamente no pa\u00eds at\u00e9 os pr\u00f3ximos oito anos. O que seria considerado um sonho para as institui\u00e7\u00f5es de ensino \u00e9, na verdade, a conta que precisaria ser feita para atender \u00e0 lei 12.244, sancionada h\u00e1 dois anos, que obriga todas as escolas p\u00fablicas e privadas a implantarem bibliotecas at\u00e9 2020.\" \/>\n<meta property=\"og:url\" content=\"https:\/\/inclusivenews.com.br\/?p=23691\" \/>\n<meta property=\"article:publisher\" content=\"https:\/\/www.facebook.com\/agenciainclusive\/\" \/>\n<meta property=\"article:published_time\" content=\"2012-10-24T18:02:57+00:00\" \/>\n<meta property=\"og:image\" content=\"http:\/\/inclusivenews.com.br\/wp-content\/uploads\/2011\/01\/livrospbjpg-300x150.jpg\" \/>\n<meta name=\"author\" content=\"inclusivenews2024\" \/>\n<meta name=\"twitter:card\" content=\"summary_large_image\" \/>\n<meta name=\"twitter:label1\" content=\"Escrito por\" \/>\n\t<meta name=\"twitter:data1\" content=\"inclusivenews2024\" \/>\n\t<meta name=\"twitter:label2\" content=\"Tempo estimado de leitura\" \/>\n\t<meta name=\"twitter:data2\" content=\"4 minutos\" \/>\n<script type=\"application\/ld+json\" class=\"yoast-schema-graph\">{\"@context\":\"https:\\\/\\\/schema.org\",\"@graph\":[{\"@type\":\"Article\",\"@id\":\"https:\\\/\\\/inclusivenews.com.br\\\/?p=23691#article\",\"isPartOf\":{\"@id\":\"https:\\\/\\\/inclusivenews.com.br\\\/?p=23691\"},\"author\":{\"name\":\"inclusivenews2024\",\"@id\":\"https:\\\/\\\/inclusivenews.com.br\\\/#\\\/schema\\\/person\\\/ae4ec7087559b8692fb33b6fffd2273b\"},\"headline\":\"Campanha quer zerar d\u00e9ficit de bibliotecas no Brasil\",\"datePublished\":\"2012-10-24T18:02:57+00:00\",\"mainEntityOfPage\":{\"@id\":\"https:\\\/\\\/inclusivenews.com.br\\\/?p=23691\"},\"wordCount\":752,\"commentCount\":0,\"publisher\":{\"@id\":\"https:\\\/\\\/inclusivenews.com.br\\\/#organization\"},\"image\":{\"@id\":\"https:\\\/\\\/inclusivenews.com.br\\\/?p=23691#primaryimage\"},\"thumbnailUrl\":\"http:\\\/\\\/inclusivenews.com.br\\\/wp-content\\\/uploads\\\/2011\\\/01\\\/livrospbjpg-300x150.jpg\",\"articleSection\":[\"NOT\u00cdCIAS\"],\"inLanguage\":\"pt-PT\",\"potentialAction\":[{\"@type\":\"CommentAction\",\"name\":\"Comment\",\"target\":[\"https:\\\/\\\/inclusivenews.com.br\\\/?p=23691#respond\"]}]},{\"@type\":\"WebPage\",\"@id\":\"https:\\\/\\\/inclusivenews.com.br\\\/?p=23691\",\"url\":\"https:\\\/\\\/inclusivenews.com.br\\\/?p=23691\",\"name\":\"Campanha quer zerar d\u00e9ficit de bibliotecas no Brasil -\",\"isPartOf\":{\"@id\":\"https:\\\/\\\/inclusivenews.com.br\\\/#website\"},\"primaryImageOfPage\":{\"@id\":\"https:\\\/\\\/inclusivenews.com.br\\\/?p=23691#primaryimage\"},\"image\":{\"@id\":\"https:\\\/\\\/inclusivenews.com.br\\\/?p=23691#primaryimage\"},\"thumbnailUrl\":\"http:\\\/\\\/inclusivenews.com.br\\\/wp-content\\\/uploads\\\/2011\\\/01\\\/livrospbjpg-300x150.jpg\",\"datePublished\":\"2012-10-24T18:02:57+00:00\",\"breadcrumb\":{\"@id\":\"https:\\\/\\\/inclusivenews.com.br\\\/?p=23691#breadcrumb\"},\"inLanguage\":\"pt-PT\",\"potentialAction\":[{\"@type\":\"ReadAction\",\"target\":[\"https:\\\/\\\/inclusivenews.com.br\\\/?p=23691\"]}]},{\"@type\":\"ImageObject\",\"inLanguage\":\"pt-PT\",\"@id\":\"https:\\\/\\\/inclusivenews.com.br\\\/?p=23691#primaryimage\",\"url\":\"\",\"contentUrl\":\"\"},{\"@type\":\"BreadcrumbList\",\"@id\":\"https:\\\/\\\/inclusivenews.com.br\\\/?p=23691#breadcrumb\",\"itemListElement\":[{\"@type\":\"ListItem\",\"position\":1,\"name\":\"In\u00edcio\",\"item\":\"https:\\\/\\\/inclusivenews.com.br\\\/\"},{\"@type\":\"ListItem\",\"position\":2,\"name\":\"Campanha quer zerar d\u00e9ficit de bibliotecas no Brasil\"}]},{\"@type\":\"WebSite\",\"@id\":\"https:\\\/\\\/inclusivenews.com.br\\\/#website\",\"url\":\"https:\\\/\\\/inclusivenews.com.br\\\/\",\"name\":\"Inclusive News\",\"description\":\"Inclusive News\",\"publisher\":{\"@id\":\"https:\\\/\\\/inclusivenews.com.br\\\/#organization\"},\"potentialAction\":[{\"@type\":\"SearchAction\",\"target\":{\"@type\":\"EntryPoint\",\"urlTemplate\":\"https:\\\/\\\/inclusivenews.com.br\\\/?s={search_term_string}\"},\"query-input\":{\"@type\":\"PropertyValueSpecification\",\"valueRequired\":true,\"valueName\":\"search_term_string\"}}],\"inLanguage\":\"pt-PT\"},{\"@type\":\"Organization\",\"@id\":\"https:\\\/\\\/inclusivenews.com.br\\\/#organization\",\"name\":\"Inclusive - inclus\u00e3o e cidadania\",\"url\":\"https:\\\/\\\/inclusivenews.com.br\\\/\",\"logo\":{\"@type\":\"ImageObject\",\"inLanguage\":\"pt-PT\",\"@id\":\"https:\\\/\\\/inclusivenews.com.br\\\/#\\\/schema\\\/logo\\\/image\\\/\",\"url\":\"https:\\\/\\\/inclusivenews.com.br\\\/wp-content\\\/uploads\\\/2024\\\/03\\\/@grandesite.png\",\"contentUrl\":\"https:\\\/\\\/inclusivenews.com.br\\\/wp-content\\\/uploads\\\/2024\\\/03\\\/@grandesite.png\",\"width\":1080,\"height\":1080,\"caption\":\"Inclusive - inclus\u00e3o e cidadania\"},\"image\":{\"@id\":\"https:\\\/\\\/inclusivenews.com.br\\\/#\\\/schema\\\/logo\\\/image\\\/\"},\"sameAs\":[\"https:\\\/\\\/www.facebook.com\\\/agenciainclusive\\\/\",\"https:\\\/\\\/www.instagram.com\\\/newsinclusive\\\/\"]},{\"@type\":\"Person\",\"@id\":\"https:\\\/\\\/inclusivenews.com.br\\\/#\\\/schema\\\/person\\\/ae4ec7087559b8692fb33b6fffd2273b\",\"name\":\"inclusivenews2024\",\"image\":{\"@type\":\"ImageObject\",\"inLanguage\":\"pt-PT\",\"@id\":\"https:\\\/\\\/secure.gravatar.com\\\/avatar\\\/c5a7ef84c66fa914f55bc4f7ce26cfa275a3b9a1c5568b907bd184fb4dde7b40?s=96&d=mm&r=g\",\"url\":\"https:\\\/\\\/secure.gravatar.com\\\/avatar\\\/c5a7ef84c66fa914f55bc4f7ce26cfa275a3b9a1c5568b907bd184fb4dde7b40?s=96&d=mm&r=g\",\"contentUrl\":\"https:\\\/\\\/secure.gravatar.com\\\/avatar\\\/c5a7ef84c66fa914f55bc4f7ce26cfa275a3b9a1c5568b907bd184fb4dde7b40?s=96&d=mm&r=g\",\"caption\":\"inclusivenews2024\"},\"sameAs\":[\"https:\\\/\\\/inclusivenews.com.br\"],\"url\":\"https:\\\/\\\/inclusivenews.com.br\\\/?author=1\"}]}<\/script>\n<!-- \/ Yoast SEO plugin. -->","yoast_head_json":{"title":"Campanha quer zerar d\u00e9ficit de bibliotecas no Brasil -","robots":{"index":"index","follow":"follow","max-snippet":"max-snippet:-1","max-image-preview":"max-image-preview:large","max-video-preview":"max-video-preview:-1"},"canonical":"https:\/\/inclusivenews.com.br\/?p=23691","og_locale":"pt_PT","og_type":"article","og_title":"Campanha quer zerar d\u00e9ficit de bibliotecas no Brasil -","og_description":"Imagine se 24 bibliotecas fossem instaladas diariamente no pa\u00eds at\u00e9 os pr\u00f3ximos oito anos. O que seria considerado um sonho para as institui\u00e7\u00f5es de ensino \u00e9, na verdade, a conta que precisaria ser feita para atender \u00e0 lei 12.244, sancionada h\u00e1 dois anos, que obriga todas as escolas p\u00fablicas e privadas a implantarem bibliotecas at\u00e9 2020.","og_url":"https:\/\/inclusivenews.com.br\/?p=23691","article_publisher":"https:\/\/www.facebook.com\/agenciainclusive\/","article_published_time":"2012-10-24T18:02:57+00:00","og_image":[{"url":"http:\/\/inclusivenews.com.br\/wp-content\/uploads\/2011\/01\/livrospbjpg-300x150.jpg","type":"","width":"","height":""}],"author":"inclusivenews2024","twitter_card":"summary_large_image","twitter_misc":{"Escrito por":"inclusivenews2024","Tempo estimado de leitura":"4 minutos"},"schema":{"@context":"https:\/\/schema.org","@graph":[{"@type":"Article","@id":"https:\/\/inclusivenews.com.br\/?p=23691#article","isPartOf":{"@id":"https:\/\/inclusivenews.com.br\/?p=23691"},"author":{"name":"inclusivenews2024","@id":"https:\/\/inclusivenews.com.br\/#\/schema\/person\/ae4ec7087559b8692fb33b6fffd2273b"},"headline":"Campanha quer zerar d\u00e9ficit de bibliotecas no Brasil","datePublished":"2012-10-24T18:02:57+00:00","mainEntityOfPage":{"@id":"https:\/\/inclusivenews.com.br\/?p=23691"},"wordCount":752,"commentCount":0,"publisher":{"@id":"https:\/\/inclusivenews.com.br\/#organization"},"image":{"@id":"https:\/\/inclusivenews.com.br\/?p=23691#primaryimage"},"thumbnailUrl":"http:\/\/inclusivenews.com.br\/wp-content\/uploads\/2011\/01\/livrospbjpg-300x150.jpg","articleSection":["NOT\u00cdCIAS"],"inLanguage":"pt-PT","potentialAction":[{"@type":"CommentAction","name":"Comment","target":["https:\/\/inclusivenews.com.br\/?p=23691#respond"]}]},{"@type":"WebPage","@id":"https:\/\/inclusivenews.com.br\/?p=23691","url":"https:\/\/inclusivenews.com.br\/?p=23691","name":"Campanha quer zerar d\u00e9ficit de bibliotecas no Brasil -","isPartOf":{"@id":"https:\/\/inclusivenews.com.br\/#website"},"primaryImageOfPage":{"@id":"https:\/\/inclusivenews.com.br\/?p=23691#primaryimage"},"image":{"@id":"https:\/\/inclusivenews.com.br\/?p=23691#primaryimage"},"thumbnailUrl":"http:\/\/inclusivenews.com.br\/wp-content\/uploads\/2011\/01\/livrospbjpg-300x150.jpg","datePublished":"2012-10-24T18:02:57+00:00","breadcrumb":{"@id":"https:\/\/inclusivenews.com.br\/?p=23691#breadcrumb"},"inLanguage":"pt-PT","potentialAction":[{"@type":"ReadAction","target":["https:\/\/inclusivenews.com.br\/?p=23691"]}]},{"@type":"ImageObject","inLanguage":"pt-PT","@id":"https:\/\/inclusivenews.com.br\/?p=23691#primaryimage","url":"","contentUrl":""},{"@type":"BreadcrumbList","@id":"https:\/\/inclusivenews.com.br\/?p=23691#breadcrumb","itemListElement":[{"@type":"ListItem","position":1,"name":"In\u00edcio","item":"https:\/\/inclusivenews.com.br\/"},{"@type":"ListItem","position":2,"name":"Campanha quer zerar d\u00e9ficit de bibliotecas no Brasil"}]},{"@type":"WebSite","@id":"https:\/\/inclusivenews.com.br\/#website","url":"https:\/\/inclusivenews.com.br\/","name":"Inclusive News","description":"Inclusive News","publisher":{"@id":"https:\/\/inclusivenews.com.br\/#organization"},"potentialAction":[{"@type":"SearchAction","target":{"@type":"EntryPoint","urlTemplate":"https:\/\/inclusivenews.com.br\/?s={search_term_string}"},"query-input":{"@type":"PropertyValueSpecification","valueRequired":true,"valueName":"search_term_string"}}],"inLanguage":"pt-PT"},{"@type":"Organization","@id":"https:\/\/inclusivenews.com.br\/#organization","name":"Inclusive - inclus\u00e3o e cidadania","url":"https:\/\/inclusivenews.com.br\/","logo":{"@type":"ImageObject","inLanguage":"pt-PT","@id":"https:\/\/inclusivenews.com.br\/#\/schema\/logo\/image\/","url":"https:\/\/inclusivenews.com.br\/wp-content\/uploads\/2024\/03\/@grandesite.png","contentUrl":"https:\/\/inclusivenews.com.br\/wp-content\/uploads\/2024\/03\/@grandesite.png","width":1080,"height":1080,"caption":"Inclusive - inclus\u00e3o e cidadania"},"image":{"@id":"https:\/\/inclusivenews.com.br\/#\/schema\/logo\/image\/"},"sameAs":["https:\/\/www.facebook.com\/agenciainclusive\/","https:\/\/www.instagram.com\/newsinclusive\/"]},{"@type":"Person","@id":"https:\/\/inclusivenews.com.br\/#\/schema\/person\/ae4ec7087559b8692fb33b6fffd2273b","name":"inclusivenews2024","image":{"@type":"ImageObject","inLanguage":"pt-PT","@id":"https:\/\/secure.gravatar.com\/avatar\/c5a7ef84c66fa914f55bc4f7ce26cfa275a3b9a1c5568b907bd184fb4dde7b40?s=96&d=mm&r=g","url":"https:\/\/secure.gravatar.com\/avatar\/c5a7ef84c66fa914f55bc4f7ce26cfa275a3b9a1c5568b907bd184fb4dde7b40?s=96&d=mm&r=g","contentUrl":"https:\/\/secure.gravatar.com\/avatar\/c5a7ef84c66fa914f55bc4f7ce26cfa275a3b9a1c5568b907bd184fb4dde7b40?s=96&d=mm&r=g","caption":"inclusivenews2024"},"sameAs":["https:\/\/inclusivenews.com.br"],"url":"https:\/\/inclusivenews.com.br\/?author=1"}]}},"_links":{"self":[{"href":"https:\/\/inclusivenews.com.br\/index.php?rest_route=\/wp\/v2\/posts\/23691","targetHints":{"allow":["GET"]}}],"collection":[{"href":"https:\/\/inclusivenews.com.br\/index.php?rest_route=\/wp\/v2\/posts"}],"about":[{"href":"https:\/\/inclusivenews.com.br\/index.php?rest_route=\/wp\/v2\/types\/post"}],"author":[{"embeddable":true,"href":"https:\/\/inclusivenews.com.br\/index.php?rest_route=\/wp\/v2\/users\/1"}],"replies":[{"embeddable":true,"href":"https:\/\/inclusivenews.com.br\/index.php?rest_route=%2Fwp%2Fv2%2Fcomments&post=23691"}],"version-history":[{"count":0,"href":"https:\/\/inclusivenews.com.br\/index.php?rest_route=\/wp\/v2\/posts\/23691\/revisions"}],"wp:attachment":[{"href":"https:\/\/inclusivenews.com.br\/index.php?rest_route=%2Fwp%2Fv2%2Fmedia&parent=23691"}],"wp:term":[{"taxonomy":"category","embeddable":true,"href":"https:\/\/inclusivenews.com.br\/index.php?rest_route=%2Fwp%2Fv2%2Fcategories&post=23691"},{"taxonomy":"post_tag","embeddable":true,"href":"https:\/\/inclusivenews.com.br\/index.php?rest_route=%2Fwp%2Fv2%2Ftags&post=23691"}],"curies":[{"name":"wp","href":"https:\/\/api.w.org\/{rel}","templated":true}]}}