{"id":23701,"date":"2012-10-23T16:22:29","date_gmt":"2012-10-23T19:22:29","guid":{"rendered":"http:\/\/www.inclusive.org.br\/?p=23701"},"modified":"2012-10-23T16:22:29","modified_gmt":"2012-10-23T19:22:29","slug":"brasil-em-mente-lanca-o-primeiro-documentario-sobre-a-lingua-portuguesa-falada-no-exterior","status":"publish","type":"post","link":"https:\/\/inclusivenews.com.br\/?p=23701","title":{"rendered":"Brasil em Mente lan\u00e7a o primeiro document\u00e1rio sobre a l\u00edngua portuguesa falada no exterior"},"content":{"rendered":"<p><a href=\"http:\/\/www.inclusivenews.com.br\/wp-content\/uploads\/BrasilemMente_BrasilMais-240.png\"><img loading=\"lazy\" decoding=\"async\" src=\"http:\/\/inclusivenews.com.br\/wp-content\/uploads\/BrasilemMente_BrasilMais-240.png\" alt=\"Logotipo da Brasil em Mente - em fundo amarelo, cresce uma plantinha,.\" title=\"BrasilemMente_BrasilMais-240\" width=\"240\" height=\"130\" class=\"alignleft size-full wp-image-23702\" \/><\/a>Organiza\u00e7\u00e3o que tem como miss\u00e3o resgatar e valorizar a l\u00edngua portuguesa entre as<br \/>\nfam\u00edlias multiculturais que moram fora do Brasil, a Brasil em<br \/>\nMente inaugurou o seu espa\u00e7o em Nova York e est\u00e1 de portas<br \/>\nabertas para a comunidade brasileira, trabalhando desde 2009.<br \/>\nSeguindo seu objetivo de promover e incentivar a l\u00edngua<br \/>\nportuguesa, a organiza\u00e7\u00e3o lan\u00e7ar\u00e1 em Novembro o document\u00e1rio<br \/>\nBraZil com S \u2013 a l\u00edngua portuguesa no exterior. Concebido e<br \/>\nproduzido pela Felicia Jennings-Winterle e Patricia Almeida, filmado<br \/>\ne dirigido pela equipe da ag\u00eancia B2 Conte\u00fado dos exapresentadores<br \/>\ndo programa Planeta Brasil, Luciana De Michelli e<br \/>\nC\u00e9sar Augusto, o document\u00e1rio destaca a import\u00e2ncia e a<br \/>\nnecessidade de se manter o Portugu\u00eas como l\u00edngua de heran\u00e7a.<br \/>\nO document\u00e1rio \u00e9 uma iniciativa da organiza\u00e7\u00e3o, com apoio<br \/>\nfinanceiro e institucional do Consulado Geral do Brasil em NY,<br \/>\ndentro do Programa de Difus\u00e3o da L\u00edngua e Cultura (PDLC).<br \/>\nOs entrevistados s\u00e3o personalidades, pais, av\u00f3s e professores que<br \/>\nse preocupam com o tema. Entre eles, Bela Gil, Carlos Saldanha,<br \/>\nLucas Mendes, Luiz Ribeiro, embaixador Luis Felipe de Seixas<br \/>\nCorr\u00eaa, Vinicius D\u00f4nola, Roberta Salomone, Francesca Damato, Ana<br \/>\nMaria Machado e Sandra Peres e Paulo Tatit, do grupo Palavra<br \/>\nCantada.<\/p>\n<p>O document\u00e1rio explora a import\u00e2ncia da fam\u00edlia no processo de<br \/>\nmanuten\u00e7\u00e3o da l\u00edngua, e como este investimento \u00e9 muito<br \/>\nimportante para o futuro dos brasileirinhos<br \/>\nA Brasil em Mente cont\u00e9m tamb\u00e9m propostas de educa\u00e7\u00e3o infantil<br \/>\natrav\u00e9s da Escola Ciranda Cirandinhas, que oferece aulas para<br \/>\ncrian\u00e7as de seis meses a 12 anos. Na \u00e1rea de Cultura e Educa\u00e7\u00e3o,<br \/>\npromove orienta\u00e7\u00e3o e discuss\u00e3o sobre educa\u00e7\u00e3o bil\u00edngue e<br \/>\nmulticultural atrav\u00e9s de encontros, palestras e do Blog<br \/>\nBrasileirinhos, com mais de 800 acessos di\u00e1rios do mundo inteiro.<br \/>\nAl\u00e9m disso, mant\u00e9m a \u00fanica Biblioteca Infanto-Juvenil Brasileira de<br \/>\nNY com mais de 600 volumes entre livros e DVDs, aberta \u00e0 toda a<br \/>\ncomunidade. Tendo em vista o envolvimento da fam\u00edlia e da<br \/>\ncomunidade, a BEM oferece dias de leitura e atividades todo<br \/>\nprimeiro domingo do m\u00eas, assim como eventos culturais brasileiros<br \/>\ntrimestrais sempre com o Brasil, em Mente.<\/p>\n<p>Evento:<br \/>\nLan\u00e7amento do document\u00e1rio BraZil com S \u2013 a l\u00edngua<br \/>\nportuguesa no exterior<br \/>\nQuando? 9 de Novembro de 2012, \u00e0s 17:00 horas<br \/>\nOnde? Consulado Geral do Brasil em NY<br \/>\nMais informa\u00e7\u00f5es:<br \/>\nFelicia Jennings-Winterle<br \/>\nTel.: 1 347 893-9634<br \/>\nE-mail: info@brasilemmente.org<br \/>\nFacebook: www.facebook.com\/brasilemmente<br \/>\nTwitter: www.twitter.com\/brasilemmente<br \/>\nSite: www.brasilemmente.org<\/p>\n<p>Brasil em Mente releases the first documentary<br \/>\nabout the Portuguese language spoken outside of<br \/>\nBrazil<\/p>\n<p>Brasil em Mente is a cultural<br \/>\norganization whose mission is to redeem and to value the<br \/>\nPortuguese language within the multicultural families of<br \/>\nBrazilian heritage. Brasil em Mente has been working in<br \/>\nNYC with the Brazilian community since 2009 and in 2010<br \/>\ninaugurated its headquarters in Midtown, Manhattan.<br \/>\nFollowing its goal of promoting and incentivizing the<br \/>\nPortuguese language, BEM will release the documentary<br \/>\nBrazil com S \u2013 a l\u00edngua portuguesa no exterior (Brazil with<br \/>\nS \u2013 the Portuguese language outside of Brazil). This<br \/>\ndocumentary was conceived of and produced by Felicia<br \/>\nJennings-Winterle and Patricia Almeida, filmed and<br \/>\ndirected by the team at B2 Conte\u00fado (Luciana De<br \/>\nMichelli and C\u00e9sar Augusto, the former presenters of the<br \/>\nshow Planeta Brasil of Globo TV). It highlights the<br \/>\nimportance and necessity of maintaining the Portuguese<br \/>\nlanguage as an inheritance.<\/p>\n<p>The documentary is an initiative of the organization, with<br \/>\nfinancial and institutional support from the General<br \/>\nConsulate of Brazil in NY within the Program of Diffusion<br \/>\nof Language and Culture (PDLC). The interviewees are<br \/>\nBrazilian personalities, parents, grandparents and<br \/>\neducators that are concerned with the topic. They are Bela<br \/>\nGil, Carlos Saldanha, Lucas Mendes, Luiz Ribeiro,<br \/>\nembaixador Luis Felipe de Seixas Corr\u00eaa, Vinicius D\u00f4nola,<br \/>\nRoberta Salomone, Francesca Damato, Ana Maria<br \/>\nMachado and Sandra Peres and Paulo Tatit, of the musical<br \/>\ngroup Palavra Cantada.<br \/>\nThe documentary explores the importance of the family in<br \/>\nthe process of maintaining the language, and how<br \/>\nvaluable this investment will be to the future of little<br \/>\nBrazilians.<\/p>\n<p>Brasil em Mente incorporates educational practices<br \/>\nthrough the school Ciranda Cirandinhas, which offers<br \/>\nvarious classes for children 6 months to 12 years of age.<br \/>\nIn the area of culture and education, it promotes<br \/>\norientation and discussion about bilingual and<br \/>\nmulticultural education through meetings, lectures and<br \/>\nthe blog Brasileirinhos, with more than 800 daily views<br \/>\nfrom around the world. Moreover, BEM features the only<br \/>\nBrazilian Children\u2019s Library of NY with more than 600<br \/>\nitems consisting of books and DVDs, which is open as a<br \/>\ncomplimentary service to the community. Building on<br \/>\nfamily and community, BEM hosts monthly family reading<br \/>\ndays at the library, as well as quarterly cultural events<br \/>\nrelevant to Brazil.<\/p>\n<p>Event:<br \/>\nRelease of the documentary Brazil com S \u2013 a l\u00edngua<br \/>\nportuguesa no exterior<br \/>\nWhen? November 9th 2012, 5pm &#8211; 7pm<br \/>\nWhere? General Consulate of Brazil in NY<br \/>\nFor more information:<br \/>\nFelicia Jennings-Winterle<br \/>\nTel.: (347) 893-9634<br \/>\nE-mail: info@brasilemmente.org<br \/>\nFacebook: www.facebook.com\/brasilemmente<br \/>\nTwitter: www.twitter.com\/brasilemmente<br \/>\nSite: www.brasilemmente.org<\/p>\n","protected":false},"excerpt":{"rendered":"<p>O document\u00e1rio BraZil com S \u2013 a l\u00edngua portuguesa no exterior, destaca a import\u00e2ncia e a necessidade de se manter o portugu\u00eas como l\u00edngua de heran\u00e7a entre fam\u00edlias multiculturais.<\/p>\n","protected":false},"author":1,"featured_media":0,"comment_status":"open","ping_status":"open","sticky":false,"template":"","format":"standard","meta":{"site-container-style":"default","site-container-layout":"default","site-sidebar-layout":"default","disable-article-header":"default","disable-site-header":"default","disable-site-footer":"default","disable-content-area-spacing":"default","footnotes":""},"categories":[57,50],"tags":[],"class_list":["post-23701","post","type-post","status-publish","format-standard","hentry","category-filmes-e-midias","category-lancamentos"],"yoast_head":"<!-- This site is optimized with the Yoast SEO plugin v27.4 - https:\/\/yoast.com\/product\/yoast-seo-wordpress\/ -->\n<title>Brasil em Mente lan\u00e7a o primeiro document\u00e1rio sobre a l\u00edngua portuguesa falada no exterior -<\/title>\n<meta name=\"robots\" content=\"index, follow, max-snippet:-1, max-image-preview:large, max-video-preview:-1\" \/>\n<link rel=\"canonical\" href=\"https:\/\/inclusivenews.com.br\/?p=23701\" \/>\n<meta property=\"og:locale\" content=\"pt_PT\" \/>\n<meta property=\"og:type\" content=\"article\" \/>\n<meta property=\"og:title\" content=\"Brasil em Mente lan\u00e7a o primeiro document\u00e1rio sobre a l\u00edngua portuguesa falada no exterior -\" \/>\n<meta property=\"og:description\" content=\"O document\u00e1rio BraZil com S \u2013 a l\u00edngua portuguesa no exterior, destaca a import\u00e2ncia e a necessidade de se manter o portugu\u00eas como l\u00edngua de heran\u00e7a entre fam\u00edlias multiculturais.\" \/>\n<meta property=\"og:url\" content=\"https:\/\/inclusivenews.com.br\/?p=23701\" \/>\n<meta property=\"article:publisher\" content=\"https:\/\/www.facebook.com\/agenciainclusive\/\" \/>\n<meta property=\"article:published_time\" content=\"2012-10-23T19:22:29+00:00\" \/>\n<meta property=\"og:image\" content=\"http:\/\/inclusivenews.com.br\/wp-content\/uploads\/BrasilemMente_BrasilMais-240.png\" \/>\n<meta name=\"author\" content=\"inclusivenews2024\" \/>\n<meta name=\"twitter:card\" content=\"summary_large_image\" \/>\n<meta name=\"twitter:label1\" content=\"Escrito por\" \/>\n\t<meta name=\"twitter:data1\" content=\"inclusivenews2024\" \/>\n\t<meta name=\"twitter:label2\" content=\"Tempo estimado de leitura\" \/>\n\t<meta name=\"twitter:data2\" content=\"4 minutos\" \/>\n<script type=\"application\/ld+json\" class=\"yoast-schema-graph\">{\"@context\":\"https:\\\/\\\/schema.org\",\"@graph\":[{\"@type\":\"Article\",\"@id\":\"https:\\\/\\\/inclusivenews.com.br\\\/?p=23701#article\",\"isPartOf\":{\"@id\":\"https:\\\/\\\/inclusivenews.com.br\\\/?p=23701\"},\"author\":{\"name\":\"inclusivenews2024\",\"@id\":\"https:\\\/\\\/inclusivenews.com.br\\\/#\\\/schema\\\/person\\\/ae4ec7087559b8692fb33b6fffd2273b\"},\"headline\":\"Brasil em Mente lan\u00e7a o primeiro document\u00e1rio sobre a l\u00edngua portuguesa falada no exterior\",\"datePublished\":\"2012-10-23T19:22:29+00:00\",\"mainEntityOfPage\":{\"@id\":\"https:\\\/\\\/inclusivenews.com.br\\\/?p=23701\"},\"wordCount\":867,\"commentCount\":0,\"publisher\":{\"@id\":\"https:\\\/\\\/inclusivenews.com.br\\\/#organization\"},\"image\":{\"@id\":\"https:\\\/\\\/inclusivenews.com.br\\\/?p=23701#primaryimage\"},\"thumbnailUrl\":\"http:\\\/\\\/inclusivenews.com.br\\\/wp-content\\\/uploads\\\/BrasilemMente_BrasilMais-240.png\",\"articleSection\":[\"Filmes e m\u00eddias\",\"Lan\u00e7amentos\"],\"inLanguage\":\"pt-PT\",\"potentialAction\":[{\"@type\":\"CommentAction\",\"name\":\"Comment\",\"target\":[\"https:\\\/\\\/inclusivenews.com.br\\\/?p=23701#respond\"]}]},{\"@type\":\"WebPage\",\"@id\":\"https:\\\/\\\/inclusivenews.com.br\\\/?p=23701\",\"url\":\"https:\\\/\\\/inclusivenews.com.br\\\/?p=23701\",\"name\":\"Brasil em Mente lan\u00e7a o primeiro document\u00e1rio sobre a l\u00edngua portuguesa falada no exterior -\",\"isPartOf\":{\"@id\":\"https:\\\/\\\/inclusivenews.com.br\\\/#website\"},\"primaryImageOfPage\":{\"@id\":\"https:\\\/\\\/inclusivenews.com.br\\\/?p=23701#primaryimage\"},\"image\":{\"@id\":\"https:\\\/\\\/inclusivenews.com.br\\\/?p=23701#primaryimage\"},\"thumbnailUrl\":\"http:\\\/\\\/inclusivenews.com.br\\\/wp-content\\\/uploads\\\/BrasilemMente_BrasilMais-240.png\",\"datePublished\":\"2012-10-23T19:22:29+00:00\",\"breadcrumb\":{\"@id\":\"https:\\\/\\\/inclusivenews.com.br\\\/?p=23701#breadcrumb\"},\"inLanguage\":\"pt-PT\",\"potentialAction\":[{\"@type\":\"ReadAction\",\"target\":[\"https:\\\/\\\/inclusivenews.com.br\\\/?p=23701\"]}]},{\"@type\":\"ImageObject\",\"inLanguage\":\"pt-PT\",\"@id\":\"https:\\\/\\\/inclusivenews.com.br\\\/?p=23701#primaryimage\",\"url\":\"\",\"contentUrl\":\"\"},{\"@type\":\"BreadcrumbList\",\"@id\":\"https:\\\/\\\/inclusivenews.com.br\\\/?p=23701#breadcrumb\",\"itemListElement\":[{\"@type\":\"ListItem\",\"position\":1,\"name\":\"In\u00edcio\",\"item\":\"https:\\\/\\\/inclusivenews.com.br\\\/\"},{\"@type\":\"ListItem\",\"position\":2,\"name\":\"Brasil em Mente lan\u00e7a o primeiro document\u00e1rio sobre a l\u00edngua portuguesa falada no exterior\"}]},{\"@type\":\"WebSite\",\"@id\":\"https:\\\/\\\/inclusivenews.com.br\\\/#website\",\"url\":\"https:\\\/\\\/inclusivenews.com.br\\\/\",\"name\":\"Inclusive News\",\"description\":\"Inclusive News\",\"publisher\":{\"@id\":\"https:\\\/\\\/inclusivenews.com.br\\\/#organization\"},\"potentialAction\":[{\"@type\":\"SearchAction\",\"target\":{\"@type\":\"EntryPoint\",\"urlTemplate\":\"https:\\\/\\\/inclusivenews.com.br\\\/?s={search_term_string}\"},\"query-input\":{\"@type\":\"PropertyValueSpecification\",\"valueRequired\":true,\"valueName\":\"search_term_string\"}}],\"inLanguage\":\"pt-PT\"},{\"@type\":\"Organization\",\"@id\":\"https:\\\/\\\/inclusivenews.com.br\\\/#organization\",\"name\":\"Inclusive - inclus\u00e3o e cidadania\",\"url\":\"https:\\\/\\\/inclusivenews.com.br\\\/\",\"logo\":{\"@type\":\"ImageObject\",\"inLanguage\":\"pt-PT\",\"@id\":\"https:\\\/\\\/inclusivenews.com.br\\\/#\\\/schema\\\/logo\\\/image\\\/\",\"url\":\"https:\\\/\\\/inclusivenews.com.br\\\/wp-content\\\/uploads\\\/2024\\\/03\\\/@grandesite.png\",\"contentUrl\":\"https:\\\/\\\/inclusivenews.com.br\\\/wp-content\\\/uploads\\\/2024\\\/03\\\/@grandesite.png\",\"width\":1080,\"height\":1080,\"caption\":\"Inclusive - inclus\u00e3o e cidadania\"},\"image\":{\"@id\":\"https:\\\/\\\/inclusivenews.com.br\\\/#\\\/schema\\\/logo\\\/image\\\/\"},\"sameAs\":[\"https:\\\/\\\/www.facebook.com\\\/agenciainclusive\\\/\",\"https:\\\/\\\/www.instagram.com\\\/newsinclusive\\\/\"]},{\"@type\":\"Person\",\"@id\":\"https:\\\/\\\/inclusivenews.com.br\\\/#\\\/schema\\\/person\\\/ae4ec7087559b8692fb33b6fffd2273b\",\"name\":\"inclusivenews2024\",\"image\":{\"@type\":\"ImageObject\",\"inLanguage\":\"pt-PT\",\"@id\":\"https:\\\/\\\/secure.gravatar.com\\\/avatar\\\/c5a7ef84c66fa914f55bc4f7ce26cfa275a3b9a1c5568b907bd184fb4dde7b40?s=96&d=mm&r=g\",\"url\":\"https:\\\/\\\/secure.gravatar.com\\\/avatar\\\/c5a7ef84c66fa914f55bc4f7ce26cfa275a3b9a1c5568b907bd184fb4dde7b40?s=96&d=mm&r=g\",\"contentUrl\":\"https:\\\/\\\/secure.gravatar.com\\\/avatar\\\/c5a7ef84c66fa914f55bc4f7ce26cfa275a3b9a1c5568b907bd184fb4dde7b40?s=96&d=mm&r=g\",\"caption\":\"inclusivenews2024\"},\"sameAs\":[\"https:\\\/\\\/inclusivenews.com.br\"],\"url\":\"https:\\\/\\\/inclusivenews.com.br\\\/?author=1\"}]}<\/script>\n<!-- \/ Yoast SEO plugin. -->","yoast_head_json":{"title":"Brasil em Mente lan\u00e7a o primeiro document\u00e1rio sobre a l\u00edngua portuguesa falada no exterior -","robots":{"index":"index","follow":"follow","max-snippet":"max-snippet:-1","max-image-preview":"max-image-preview:large","max-video-preview":"max-video-preview:-1"},"canonical":"https:\/\/inclusivenews.com.br\/?p=23701","og_locale":"pt_PT","og_type":"article","og_title":"Brasil em Mente lan\u00e7a o primeiro document\u00e1rio sobre a l\u00edngua portuguesa falada no exterior -","og_description":"O document\u00e1rio BraZil com S \u2013 a l\u00edngua portuguesa no exterior, destaca a import\u00e2ncia e a necessidade de se manter o portugu\u00eas como l\u00edngua de heran\u00e7a entre fam\u00edlias multiculturais.","og_url":"https:\/\/inclusivenews.com.br\/?p=23701","article_publisher":"https:\/\/www.facebook.com\/agenciainclusive\/","article_published_time":"2012-10-23T19:22:29+00:00","og_image":[{"url":"http:\/\/inclusivenews.com.br\/wp-content\/uploads\/BrasilemMente_BrasilMais-240.png","type":"","width":"","height":""}],"author":"inclusivenews2024","twitter_card":"summary_large_image","twitter_misc":{"Escrito por":"inclusivenews2024","Tempo estimado de leitura":"4 minutos"},"schema":{"@context":"https:\/\/schema.org","@graph":[{"@type":"Article","@id":"https:\/\/inclusivenews.com.br\/?p=23701#article","isPartOf":{"@id":"https:\/\/inclusivenews.com.br\/?p=23701"},"author":{"name":"inclusivenews2024","@id":"https:\/\/inclusivenews.com.br\/#\/schema\/person\/ae4ec7087559b8692fb33b6fffd2273b"},"headline":"Brasil em Mente lan\u00e7a o primeiro document\u00e1rio sobre a l\u00edngua portuguesa falada no exterior","datePublished":"2012-10-23T19:22:29+00:00","mainEntityOfPage":{"@id":"https:\/\/inclusivenews.com.br\/?p=23701"},"wordCount":867,"commentCount":0,"publisher":{"@id":"https:\/\/inclusivenews.com.br\/#organization"},"image":{"@id":"https:\/\/inclusivenews.com.br\/?p=23701#primaryimage"},"thumbnailUrl":"http:\/\/inclusivenews.com.br\/wp-content\/uploads\/BrasilemMente_BrasilMais-240.png","articleSection":["Filmes e m\u00eddias","Lan\u00e7amentos"],"inLanguage":"pt-PT","potentialAction":[{"@type":"CommentAction","name":"Comment","target":["https:\/\/inclusivenews.com.br\/?p=23701#respond"]}]},{"@type":"WebPage","@id":"https:\/\/inclusivenews.com.br\/?p=23701","url":"https:\/\/inclusivenews.com.br\/?p=23701","name":"Brasil em Mente lan\u00e7a o primeiro document\u00e1rio sobre a l\u00edngua portuguesa falada no exterior -","isPartOf":{"@id":"https:\/\/inclusivenews.com.br\/#website"},"primaryImageOfPage":{"@id":"https:\/\/inclusivenews.com.br\/?p=23701#primaryimage"},"image":{"@id":"https:\/\/inclusivenews.com.br\/?p=23701#primaryimage"},"thumbnailUrl":"http:\/\/inclusivenews.com.br\/wp-content\/uploads\/BrasilemMente_BrasilMais-240.png","datePublished":"2012-10-23T19:22:29+00:00","breadcrumb":{"@id":"https:\/\/inclusivenews.com.br\/?p=23701#breadcrumb"},"inLanguage":"pt-PT","potentialAction":[{"@type":"ReadAction","target":["https:\/\/inclusivenews.com.br\/?p=23701"]}]},{"@type":"ImageObject","inLanguage":"pt-PT","@id":"https:\/\/inclusivenews.com.br\/?p=23701#primaryimage","url":"","contentUrl":""},{"@type":"BreadcrumbList","@id":"https:\/\/inclusivenews.com.br\/?p=23701#breadcrumb","itemListElement":[{"@type":"ListItem","position":1,"name":"In\u00edcio","item":"https:\/\/inclusivenews.com.br\/"},{"@type":"ListItem","position":2,"name":"Brasil em Mente lan\u00e7a o primeiro document\u00e1rio sobre a l\u00edngua portuguesa falada no exterior"}]},{"@type":"WebSite","@id":"https:\/\/inclusivenews.com.br\/#website","url":"https:\/\/inclusivenews.com.br\/","name":"Inclusive News","description":"Inclusive News","publisher":{"@id":"https:\/\/inclusivenews.com.br\/#organization"},"potentialAction":[{"@type":"SearchAction","target":{"@type":"EntryPoint","urlTemplate":"https:\/\/inclusivenews.com.br\/?s={search_term_string}"},"query-input":{"@type":"PropertyValueSpecification","valueRequired":true,"valueName":"search_term_string"}}],"inLanguage":"pt-PT"},{"@type":"Organization","@id":"https:\/\/inclusivenews.com.br\/#organization","name":"Inclusive - inclus\u00e3o e cidadania","url":"https:\/\/inclusivenews.com.br\/","logo":{"@type":"ImageObject","inLanguage":"pt-PT","@id":"https:\/\/inclusivenews.com.br\/#\/schema\/logo\/image\/","url":"https:\/\/inclusivenews.com.br\/wp-content\/uploads\/2024\/03\/@grandesite.png","contentUrl":"https:\/\/inclusivenews.com.br\/wp-content\/uploads\/2024\/03\/@grandesite.png","width":1080,"height":1080,"caption":"Inclusive - inclus\u00e3o e cidadania"},"image":{"@id":"https:\/\/inclusivenews.com.br\/#\/schema\/logo\/image\/"},"sameAs":["https:\/\/www.facebook.com\/agenciainclusive\/","https:\/\/www.instagram.com\/newsinclusive\/"]},{"@type":"Person","@id":"https:\/\/inclusivenews.com.br\/#\/schema\/person\/ae4ec7087559b8692fb33b6fffd2273b","name":"inclusivenews2024","image":{"@type":"ImageObject","inLanguage":"pt-PT","@id":"https:\/\/secure.gravatar.com\/avatar\/c5a7ef84c66fa914f55bc4f7ce26cfa275a3b9a1c5568b907bd184fb4dde7b40?s=96&d=mm&r=g","url":"https:\/\/secure.gravatar.com\/avatar\/c5a7ef84c66fa914f55bc4f7ce26cfa275a3b9a1c5568b907bd184fb4dde7b40?s=96&d=mm&r=g","contentUrl":"https:\/\/secure.gravatar.com\/avatar\/c5a7ef84c66fa914f55bc4f7ce26cfa275a3b9a1c5568b907bd184fb4dde7b40?s=96&d=mm&r=g","caption":"inclusivenews2024"},"sameAs":["https:\/\/inclusivenews.com.br"],"url":"https:\/\/inclusivenews.com.br\/?author=1"}]}},"_links":{"self":[{"href":"https:\/\/inclusivenews.com.br\/index.php?rest_route=\/wp\/v2\/posts\/23701","targetHints":{"allow":["GET"]}}],"collection":[{"href":"https:\/\/inclusivenews.com.br\/index.php?rest_route=\/wp\/v2\/posts"}],"about":[{"href":"https:\/\/inclusivenews.com.br\/index.php?rest_route=\/wp\/v2\/types\/post"}],"author":[{"embeddable":true,"href":"https:\/\/inclusivenews.com.br\/index.php?rest_route=\/wp\/v2\/users\/1"}],"replies":[{"embeddable":true,"href":"https:\/\/inclusivenews.com.br\/index.php?rest_route=%2Fwp%2Fv2%2Fcomments&post=23701"}],"version-history":[{"count":0,"href":"https:\/\/inclusivenews.com.br\/index.php?rest_route=\/wp\/v2\/posts\/23701\/revisions"}],"wp:attachment":[{"href":"https:\/\/inclusivenews.com.br\/index.php?rest_route=%2Fwp%2Fv2%2Fmedia&parent=23701"}],"wp:term":[{"taxonomy":"category","embeddable":true,"href":"https:\/\/inclusivenews.com.br\/index.php?rest_route=%2Fwp%2Fv2%2Fcategories&post=23701"},{"taxonomy":"post_tag","embeddable":true,"href":"https:\/\/inclusivenews.com.br\/index.php?rest_route=%2Fwp%2Fv2%2Ftags&post=23701"}],"curies":[{"name":"wp","href":"https:\/\/api.w.org\/{rel}","templated":true}]}}