{"id":23770,"date":"2012-11-07T14:12:15","date_gmt":"2012-11-07T17:12:15","guid":{"rendered":"http:\/\/www.inclusive.org.br\/?p=23770"},"modified":"2012-11-07T14:12:15","modified_gmt":"2012-11-07T17:12:15","slug":"relator-especial-da-onu-critica-aplicacao-a-la-carte-dos-direitos-humanos","status":"publish","type":"post","link":"https:\/\/inclusivenews.com.br\/?p=23770","title":{"rendered":"Relator Especial da ONU critica aplica\u00e7\u00e3o \u2018\u00e0 la carte\u2019 dos direitos humanos"},"content":{"rendered":"<p><img loading=\"lazy\" decoding=\"async\" class=\"alignleft size-medium wp-image-14562\" title=\"Inclusive - direitos humanos - um planeta cercado por figuras humanas.\" src=\"http:\/\/inclusivenews.com.br\/wp-content\/uploads\/2010\/03\/Inclusive_direitos_humanos_2-300x300.jpg\" alt=\"Inclusive - direitos humanos - um planeta cercado por figuras humanas.\" width=\"300\" height=\"300\" \/><\/p>\n<p>Especialista Independente da ONU sobre a promo\u00e7\u00e3o de uma ordem internacional democr\u00e1tica e justa, Alfred de Zayas, cobrou dos governos e da sociedade civil garantias de que os direitos humanos n\u00e3o sejam reduzidos a interesses espec\u00edficos, quer nacionalmente ou na ordem internacional.<\/p>\n<p>Zayas chamou de \u201cdireitos humanos \u00e0 la carte\u201d as pr\u00e1ticas de governos que d\u00e3o prefer\u00eancia a doadores e lobistas em vez das necessidades reais da popula\u00e7\u00e3o. \u201cDireitos humanos n\u00e3o est\u00e3o \u2018ao sabor do m\u00eas\u2019, s\u00e3o a reafirma\u00e7\u00e3o di\u00e1ria da dignidade humana\u201d, advertiu, pedindo a governos e \u00e0 sociedade civil que se supere a ret\u00f3rica, se ajuste \u00e0s prioridades e humanize os or\u00e7amentos nacionais.<\/p>\n<p>\u201cN\u00e3o obstante \u00e0 mis\u00e9ria global, assistimos a exorbitantes gastos militares, negociantes do medo e amea\u00e7as militares. A credibilidade do direito internacional e da ONU \u00e9 prejudicada quando alguns Estados violam a Carta [das Na\u00e7\u00f5es Unidas] com impunidade ou aplicam o direito internacional \u2018\u00e0 la carte\u2019\u201d, afirmou.<\/p>\n<p>Ele tamb\u00e9m pediu que os tratados internacionais sejam observados com boa f\u00e9, \u201csem inventar brechas e levando vantagens predat\u00f3rias a curto prazo\u201d e demonstrou frustra\u00e7\u00e3o de que importantes resolu\u00e7\u00f5es aprovadas pela Assembleia Geral n\u00e3o sejam implementadas por n\u00e3o serem vinculativas. Zayas criticou o Conselho de Seguran\u00e7a pelo que considera paralisa\u00e7\u00f5es derivadas do abuso do poder de veto, motivo que acaba enfraquecendo a autoridade do \u00f3rg\u00e3o, gerando inclusive padr\u00f5es duplos de comportamento.<\/p>\n<p>Democracia<\/p>\n<p>O Relator Especial tamb\u00e9m esclareceu que a regra da maioria simples n\u00e3o \u00e9 suficiente para configurar uma democracia internacional, que s\u00f3 pode ser alcan\u00e7ada de fato atrav\u00e9s de \u201cum di\u00e1logo genu\u00edno por todos e um renovado compromisso com os princ\u00edpios de governan\u00e7a democr\u00e1tica internamente, em que o povo participe do processo pol\u00edtico e o Estado de Direito assegure a igualdade na forma e no conte\u00fado.<\/p>\n<p>Al\u00e9m disso, De Zayas criticou a gest\u00e3o da crise financeira mundial e a pr\u00e1tica indiscriminada da privatiza\u00e7\u00e3o. Ele defendeu que mais pesquisas antes de se aplicar as medidas atuais e pediu que governos revejas suas prioridades, criticando os gastos militares excessivos. \u201cA guerra e o militarismo constituem um grande obst\u00e1culo para a realiza\u00e7\u00e3o de uma ordem internacional humanizada\u201d.<\/p>\n<p>Nesta quarta-feira (13) estava prevista a apresenta\u00e7\u00e3o do Relat\u00f3rio produzido por Zayas sobre o tema para a Assembleia Geral, mas o evento foi adiado em face do furac\u00e3o Sandy.<\/p>\n<p><a href=\"http:\/\/www.ohchr.org\/Documents\/HRBodies\/HRCouncil\/RegularSession\/Session21\/A-HRC-21-45_en.pdf\" target=\"_blank\" rel=\"noopener\">Acesse aqui o Relat\u00f3rio completo<\/a>.<\/p>\n<p>Fonte: ONU<\/p>\n","protected":false},"excerpt":{"rendered":"<p>Zayas chamou de \u201cdireitos humanos \u00e0 la carte\u201d as pr\u00e1ticas de governos que d\u00e3o prefer\u00eancia a doadores e lobistas em vez das necessidades reais da popula\u00e7\u00e3o.<\/p>\n","protected":false},"author":1,"featured_media":0,"comment_status":"open","ping_status":"open","sticky":false,"template":"","format":"standard","meta":{"site-container-style":"default","site-container-layout":"default","site-sidebar-layout":"default","disable-article-header":"default","disable-site-header":"default","disable-site-footer":"default","disable-content-area-spacing":"default","footnotes":""},"categories":[11,4],"tags":[],"class_list":["post-23770","post","type-post","status-publish","format-standard","hentry","category-direitos-humanos","category-noticias"],"yoast_head":"<!-- This site is optimized with the Yoast SEO plugin v27.4 - https:\/\/yoast.com\/product\/yoast-seo-wordpress\/ -->\n<title>Relator Especial da ONU critica aplica\u00e7\u00e3o \u2018\u00e0 la carte\u2019 dos direitos humanos -<\/title>\n<meta name=\"robots\" content=\"index, follow, max-snippet:-1, max-image-preview:large, max-video-preview:-1\" \/>\n<link rel=\"canonical\" href=\"https:\/\/inclusivenews.com.br\/?p=23770\" \/>\n<meta property=\"og:locale\" content=\"pt_PT\" \/>\n<meta property=\"og:type\" content=\"article\" \/>\n<meta property=\"og:title\" content=\"Relator Especial da ONU critica aplica\u00e7\u00e3o \u2018\u00e0 la carte\u2019 dos direitos humanos -\" \/>\n<meta property=\"og:description\" content=\"Zayas chamou de \u201cdireitos humanos \u00e0 la carte\u201d as pr\u00e1ticas de governos que d\u00e3o prefer\u00eancia a doadores e lobistas em vez das necessidades reais da popula\u00e7\u00e3o.\" \/>\n<meta property=\"og:url\" content=\"https:\/\/inclusivenews.com.br\/?p=23770\" \/>\n<meta property=\"article:publisher\" content=\"https:\/\/www.facebook.com\/agenciainclusive\/\" \/>\n<meta property=\"article:published_time\" content=\"2012-11-07T17:12:15+00:00\" \/>\n<meta property=\"og:image\" content=\"http:\/\/inclusivenews.com.br\/wp-content\/uploads\/2010\/03\/Inclusive_direitos_humanos_2-300x300.jpg\" \/>\n<meta name=\"author\" content=\"inclusivenews2024\" \/>\n<meta name=\"twitter:card\" content=\"summary_large_image\" \/>\n<meta name=\"twitter:label1\" content=\"Escrito por\" \/>\n\t<meta name=\"twitter:data1\" content=\"inclusivenews2024\" \/>\n\t<meta name=\"twitter:label2\" content=\"Tempo estimado de leitura\" \/>\n\t<meta name=\"twitter:data2\" content=\"2 minutos\" \/>\n<script type=\"application\/ld+json\" class=\"yoast-schema-graph\">{\"@context\":\"https:\\\/\\\/schema.org\",\"@graph\":[{\"@type\":\"Article\",\"@id\":\"https:\\\/\\\/inclusivenews.com.br\\\/?p=23770#article\",\"isPartOf\":{\"@id\":\"https:\\\/\\\/inclusivenews.com.br\\\/?p=23770\"},\"author\":{\"name\":\"inclusivenews2024\",\"@id\":\"https:\\\/\\\/inclusivenews.com.br\\\/#\\\/schema\\\/person\\\/ae4ec7087559b8692fb33b6fffd2273b\"},\"headline\":\"Relator Especial da ONU critica aplica\u00e7\u00e3o \u2018\u00e0 la carte\u2019 dos direitos humanos\",\"datePublished\":\"2012-11-07T17:12:15+00:00\",\"mainEntityOfPage\":{\"@id\":\"https:\\\/\\\/inclusivenews.com.br\\\/?p=23770\"},\"wordCount\":438,\"commentCount\":0,\"publisher\":{\"@id\":\"https:\\\/\\\/inclusivenews.com.br\\\/#organization\"},\"image\":{\"@id\":\"https:\\\/\\\/inclusivenews.com.br\\\/?p=23770#primaryimage\"},\"thumbnailUrl\":\"http:\\\/\\\/inclusivenews.com.br\\\/wp-content\\\/uploads\\\/2010\\\/03\\\/Inclusive_direitos_humanos_2-300x300.jpg\",\"articleSection\":[\"DIREITOS HUMANOS\",\"NOT\u00cdCIAS\"],\"inLanguage\":\"pt-PT\",\"potentialAction\":[{\"@type\":\"CommentAction\",\"name\":\"Comment\",\"target\":[\"https:\\\/\\\/inclusivenews.com.br\\\/?p=23770#respond\"]}]},{\"@type\":\"WebPage\",\"@id\":\"https:\\\/\\\/inclusivenews.com.br\\\/?p=23770\",\"url\":\"https:\\\/\\\/inclusivenews.com.br\\\/?p=23770\",\"name\":\"Relator Especial da ONU critica aplica\u00e7\u00e3o \u2018\u00e0 la carte\u2019 dos direitos humanos -\",\"isPartOf\":{\"@id\":\"https:\\\/\\\/inclusivenews.com.br\\\/#website\"},\"primaryImageOfPage\":{\"@id\":\"https:\\\/\\\/inclusivenews.com.br\\\/?p=23770#primaryimage\"},\"image\":{\"@id\":\"https:\\\/\\\/inclusivenews.com.br\\\/?p=23770#primaryimage\"},\"thumbnailUrl\":\"http:\\\/\\\/inclusivenews.com.br\\\/wp-content\\\/uploads\\\/2010\\\/03\\\/Inclusive_direitos_humanos_2-300x300.jpg\",\"datePublished\":\"2012-11-07T17:12:15+00:00\",\"breadcrumb\":{\"@id\":\"https:\\\/\\\/inclusivenews.com.br\\\/?p=23770#breadcrumb\"},\"inLanguage\":\"pt-PT\",\"potentialAction\":[{\"@type\":\"ReadAction\",\"target\":[\"https:\\\/\\\/inclusivenews.com.br\\\/?p=23770\"]}]},{\"@type\":\"ImageObject\",\"inLanguage\":\"pt-PT\",\"@id\":\"https:\\\/\\\/inclusivenews.com.br\\\/?p=23770#primaryimage\",\"url\":\"\",\"contentUrl\":\"\"},{\"@type\":\"BreadcrumbList\",\"@id\":\"https:\\\/\\\/inclusivenews.com.br\\\/?p=23770#breadcrumb\",\"itemListElement\":[{\"@type\":\"ListItem\",\"position\":1,\"name\":\"In\u00edcio\",\"item\":\"https:\\\/\\\/inclusivenews.com.br\\\/\"},{\"@type\":\"ListItem\",\"position\":2,\"name\":\"Relator Especial da ONU critica aplica\u00e7\u00e3o \u2018\u00e0 la carte\u2019 dos direitos humanos\"}]},{\"@type\":\"WebSite\",\"@id\":\"https:\\\/\\\/inclusivenews.com.br\\\/#website\",\"url\":\"https:\\\/\\\/inclusivenews.com.br\\\/\",\"name\":\"Inclusive News\",\"description\":\"Inclusive News\",\"publisher\":{\"@id\":\"https:\\\/\\\/inclusivenews.com.br\\\/#organization\"},\"potentialAction\":[{\"@type\":\"SearchAction\",\"target\":{\"@type\":\"EntryPoint\",\"urlTemplate\":\"https:\\\/\\\/inclusivenews.com.br\\\/?s={search_term_string}\"},\"query-input\":{\"@type\":\"PropertyValueSpecification\",\"valueRequired\":true,\"valueName\":\"search_term_string\"}}],\"inLanguage\":\"pt-PT\"},{\"@type\":\"Organization\",\"@id\":\"https:\\\/\\\/inclusivenews.com.br\\\/#organization\",\"name\":\"Inclusive - inclus\u00e3o e cidadania\",\"url\":\"https:\\\/\\\/inclusivenews.com.br\\\/\",\"logo\":{\"@type\":\"ImageObject\",\"inLanguage\":\"pt-PT\",\"@id\":\"https:\\\/\\\/inclusivenews.com.br\\\/#\\\/schema\\\/logo\\\/image\\\/\",\"url\":\"https:\\\/\\\/inclusivenews.com.br\\\/wp-content\\\/uploads\\\/2024\\\/03\\\/@grandesite.png\",\"contentUrl\":\"https:\\\/\\\/inclusivenews.com.br\\\/wp-content\\\/uploads\\\/2024\\\/03\\\/@grandesite.png\",\"width\":1080,\"height\":1080,\"caption\":\"Inclusive - inclus\u00e3o e cidadania\"},\"image\":{\"@id\":\"https:\\\/\\\/inclusivenews.com.br\\\/#\\\/schema\\\/logo\\\/image\\\/\"},\"sameAs\":[\"https:\\\/\\\/www.facebook.com\\\/agenciainclusive\\\/\",\"https:\\\/\\\/www.instagram.com\\\/newsinclusive\\\/\"]},{\"@type\":\"Person\",\"@id\":\"https:\\\/\\\/inclusivenews.com.br\\\/#\\\/schema\\\/person\\\/ae4ec7087559b8692fb33b6fffd2273b\",\"name\":\"inclusivenews2024\",\"image\":{\"@type\":\"ImageObject\",\"inLanguage\":\"pt-PT\",\"@id\":\"https:\\\/\\\/secure.gravatar.com\\\/avatar\\\/c5a7ef84c66fa914f55bc4f7ce26cfa275a3b9a1c5568b907bd184fb4dde7b40?s=96&d=mm&r=g\",\"url\":\"https:\\\/\\\/secure.gravatar.com\\\/avatar\\\/c5a7ef84c66fa914f55bc4f7ce26cfa275a3b9a1c5568b907bd184fb4dde7b40?s=96&d=mm&r=g\",\"contentUrl\":\"https:\\\/\\\/secure.gravatar.com\\\/avatar\\\/c5a7ef84c66fa914f55bc4f7ce26cfa275a3b9a1c5568b907bd184fb4dde7b40?s=96&d=mm&r=g\",\"caption\":\"inclusivenews2024\"},\"sameAs\":[\"https:\\\/\\\/inclusivenews.com.br\"],\"url\":\"https:\\\/\\\/inclusivenews.com.br\\\/?author=1\"}]}<\/script>\n<!-- \/ Yoast SEO plugin. -->","yoast_head_json":{"title":"Relator Especial da ONU critica aplica\u00e7\u00e3o \u2018\u00e0 la carte\u2019 dos direitos humanos -","robots":{"index":"index","follow":"follow","max-snippet":"max-snippet:-1","max-image-preview":"max-image-preview:large","max-video-preview":"max-video-preview:-1"},"canonical":"https:\/\/inclusivenews.com.br\/?p=23770","og_locale":"pt_PT","og_type":"article","og_title":"Relator Especial da ONU critica aplica\u00e7\u00e3o \u2018\u00e0 la carte\u2019 dos direitos humanos -","og_description":"Zayas chamou de \u201cdireitos humanos \u00e0 la carte\u201d as pr\u00e1ticas de governos que d\u00e3o prefer\u00eancia a doadores e lobistas em vez das necessidades reais da popula\u00e7\u00e3o.","og_url":"https:\/\/inclusivenews.com.br\/?p=23770","article_publisher":"https:\/\/www.facebook.com\/agenciainclusive\/","article_published_time":"2012-11-07T17:12:15+00:00","og_image":[{"url":"http:\/\/inclusivenews.com.br\/wp-content\/uploads\/2010\/03\/Inclusive_direitos_humanos_2-300x300.jpg","type":"","width":"","height":""}],"author":"inclusivenews2024","twitter_card":"summary_large_image","twitter_misc":{"Escrito por":"inclusivenews2024","Tempo estimado de leitura":"2 minutos"},"schema":{"@context":"https:\/\/schema.org","@graph":[{"@type":"Article","@id":"https:\/\/inclusivenews.com.br\/?p=23770#article","isPartOf":{"@id":"https:\/\/inclusivenews.com.br\/?p=23770"},"author":{"name":"inclusivenews2024","@id":"https:\/\/inclusivenews.com.br\/#\/schema\/person\/ae4ec7087559b8692fb33b6fffd2273b"},"headline":"Relator Especial da ONU critica aplica\u00e7\u00e3o \u2018\u00e0 la carte\u2019 dos direitos humanos","datePublished":"2012-11-07T17:12:15+00:00","mainEntityOfPage":{"@id":"https:\/\/inclusivenews.com.br\/?p=23770"},"wordCount":438,"commentCount":0,"publisher":{"@id":"https:\/\/inclusivenews.com.br\/#organization"},"image":{"@id":"https:\/\/inclusivenews.com.br\/?p=23770#primaryimage"},"thumbnailUrl":"http:\/\/inclusivenews.com.br\/wp-content\/uploads\/2010\/03\/Inclusive_direitos_humanos_2-300x300.jpg","articleSection":["DIREITOS HUMANOS","NOT\u00cdCIAS"],"inLanguage":"pt-PT","potentialAction":[{"@type":"CommentAction","name":"Comment","target":["https:\/\/inclusivenews.com.br\/?p=23770#respond"]}]},{"@type":"WebPage","@id":"https:\/\/inclusivenews.com.br\/?p=23770","url":"https:\/\/inclusivenews.com.br\/?p=23770","name":"Relator Especial da ONU critica aplica\u00e7\u00e3o \u2018\u00e0 la carte\u2019 dos direitos humanos -","isPartOf":{"@id":"https:\/\/inclusivenews.com.br\/#website"},"primaryImageOfPage":{"@id":"https:\/\/inclusivenews.com.br\/?p=23770#primaryimage"},"image":{"@id":"https:\/\/inclusivenews.com.br\/?p=23770#primaryimage"},"thumbnailUrl":"http:\/\/inclusivenews.com.br\/wp-content\/uploads\/2010\/03\/Inclusive_direitos_humanos_2-300x300.jpg","datePublished":"2012-11-07T17:12:15+00:00","breadcrumb":{"@id":"https:\/\/inclusivenews.com.br\/?p=23770#breadcrumb"},"inLanguage":"pt-PT","potentialAction":[{"@type":"ReadAction","target":["https:\/\/inclusivenews.com.br\/?p=23770"]}]},{"@type":"ImageObject","inLanguage":"pt-PT","@id":"https:\/\/inclusivenews.com.br\/?p=23770#primaryimage","url":"","contentUrl":""},{"@type":"BreadcrumbList","@id":"https:\/\/inclusivenews.com.br\/?p=23770#breadcrumb","itemListElement":[{"@type":"ListItem","position":1,"name":"In\u00edcio","item":"https:\/\/inclusivenews.com.br\/"},{"@type":"ListItem","position":2,"name":"Relator Especial da ONU critica aplica\u00e7\u00e3o \u2018\u00e0 la carte\u2019 dos direitos humanos"}]},{"@type":"WebSite","@id":"https:\/\/inclusivenews.com.br\/#website","url":"https:\/\/inclusivenews.com.br\/","name":"Inclusive News","description":"Inclusive News","publisher":{"@id":"https:\/\/inclusivenews.com.br\/#organization"},"potentialAction":[{"@type":"SearchAction","target":{"@type":"EntryPoint","urlTemplate":"https:\/\/inclusivenews.com.br\/?s={search_term_string}"},"query-input":{"@type":"PropertyValueSpecification","valueRequired":true,"valueName":"search_term_string"}}],"inLanguage":"pt-PT"},{"@type":"Organization","@id":"https:\/\/inclusivenews.com.br\/#organization","name":"Inclusive - inclus\u00e3o e cidadania","url":"https:\/\/inclusivenews.com.br\/","logo":{"@type":"ImageObject","inLanguage":"pt-PT","@id":"https:\/\/inclusivenews.com.br\/#\/schema\/logo\/image\/","url":"https:\/\/inclusivenews.com.br\/wp-content\/uploads\/2024\/03\/@grandesite.png","contentUrl":"https:\/\/inclusivenews.com.br\/wp-content\/uploads\/2024\/03\/@grandesite.png","width":1080,"height":1080,"caption":"Inclusive - inclus\u00e3o e cidadania"},"image":{"@id":"https:\/\/inclusivenews.com.br\/#\/schema\/logo\/image\/"},"sameAs":["https:\/\/www.facebook.com\/agenciainclusive\/","https:\/\/www.instagram.com\/newsinclusive\/"]},{"@type":"Person","@id":"https:\/\/inclusivenews.com.br\/#\/schema\/person\/ae4ec7087559b8692fb33b6fffd2273b","name":"inclusivenews2024","image":{"@type":"ImageObject","inLanguage":"pt-PT","@id":"https:\/\/secure.gravatar.com\/avatar\/c5a7ef84c66fa914f55bc4f7ce26cfa275a3b9a1c5568b907bd184fb4dde7b40?s=96&d=mm&r=g","url":"https:\/\/secure.gravatar.com\/avatar\/c5a7ef84c66fa914f55bc4f7ce26cfa275a3b9a1c5568b907bd184fb4dde7b40?s=96&d=mm&r=g","contentUrl":"https:\/\/secure.gravatar.com\/avatar\/c5a7ef84c66fa914f55bc4f7ce26cfa275a3b9a1c5568b907bd184fb4dde7b40?s=96&d=mm&r=g","caption":"inclusivenews2024"},"sameAs":["https:\/\/inclusivenews.com.br"],"url":"https:\/\/inclusivenews.com.br\/?author=1"}]}},"_links":{"self":[{"href":"https:\/\/inclusivenews.com.br\/index.php?rest_route=\/wp\/v2\/posts\/23770","targetHints":{"allow":["GET"]}}],"collection":[{"href":"https:\/\/inclusivenews.com.br\/index.php?rest_route=\/wp\/v2\/posts"}],"about":[{"href":"https:\/\/inclusivenews.com.br\/index.php?rest_route=\/wp\/v2\/types\/post"}],"author":[{"embeddable":true,"href":"https:\/\/inclusivenews.com.br\/index.php?rest_route=\/wp\/v2\/users\/1"}],"replies":[{"embeddable":true,"href":"https:\/\/inclusivenews.com.br\/index.php?rest_route=%2Fwp%2Fv2%2Fcomments&post=23770"}],"version-history":[{"count":0,"href":"https:\/\/inclusivenews.com.br\/index.php?rest_route=\/wp\/v2\/posts\/23770\/revisions"}],"wp:attachment":[{"href":"https:\/\/inclusivenews.com.br\/index.php?rest_route=%2Fwp%2Fv2%2Fmedia&parent=23770"}],"wp:term":[{"taxonomy":"category","embeddable":true,"href":"https:\/\/inclusivenews.com.br\/index.php?rest_route=%2Fwp%2Fv2%2Fcategories&post=23770"},{"taxonomy":"post_tag","embeddable":true,"href":"https:\/\/inclusivenews.com.br\/index.php?rest_route=%2Fwp%2Fv2%2Ftags&post=23770"}],"curies":[{"name":"wp","href":"https:\/\/api.w.org\/{rel}","templated":true}]}}