{"id":23794,"date":"2012-11-07T14:11:17","date_gmt":"2012-11-07T17:11:17","guid":{"rendered":"http:\/\/www.inclusive.org.br\/?p=23794"},"modified":"2012-11-07T14:11:17","modified_gmt":"2012-11-07T17:11:17","slug":"rede-de-atendimento-a-mulher-vitima-de-violencia-e-precaria-em-todo-o-pais","status":"publish","type":"post","link":"https:\/\/inclusivenews.com.br\/?p=23794","title":{"rendered":"Rede de atendimento \u00e0 mulher v\u00edtima de viol\u00eancia \u00e9 prec\u00e1ria em todo o pa\u00eds"},"content":{"rendered":"<figure id=\"attachment_20056\" aria-describedby=\"caption-attachment-20056\" style=\"width: 272px\" class=\"wp-caption alignleft\"><img loading=\"lazy\" decoding=\"async\" class=\"size-medium wp-image-20056 \" title=\"Viol\u00eancia - Em fundo preto, impress\u00e3o de palma da m\u00e3o espalmada com tinta branca.\" src=\"http:\/\/inclusivenews.com.br\/wp-content\/uploads\/no-violencia-272x300.jpg\" alt=\"Viol\u00eancia - Em fundo preto, impress\u00e3o de palma da m\u00e3o espalmada com tinta branca.\" width=\"272\" height=\"300\" \/><figcaption id=\"caption-attachment-20056\" class=\"wp-caption-text\"> <\/figcaption><\/figure>\n<p>A precariedade no servi\u00e7o de atendimento \u00e0s mulheres v\u00edtimas de viol\u00eancia \u00e9 generalizada, afirmou nesta segunda-feira a senadora Ana Rita (PT-ES) que est\u00e1 no Rio de Janeiro at\u00e9 quinta-feira para participar de dilig\u00eancias e audi\u00eancia p\u00fablica da Comiss\u00e3o Parlamentar Mista de Inqu\u00e9rito (CPMI) que investiga a viol\u00eancia contra a mulher.<\/p>\n<p>O Rio de Janeiro \u00e9 o 12\u00ba estado visitado pela comiss\u00e3o, que tem como objetivo investigar a situa\u00e7\u00e3o da viol\u00eancia contra a mulher no Brasil e apurar den\u00fancias de omiss\u00e3o do Poder P\u00fablico. Relatora da comiss\u00e3o, a senadora disse que o balan\u00e7o feito at\u00e9 o momento sobre o atendimento \u00e0 mulher \u00e9 desanimador.<\/p>\n<p>&#8211; Em alguns lugares as defici\u00eancias est\u00e3o concentradas no Executivo: delegacias especializadas, centros de refer\u00eancia, casas abrigo. Em outros, os problemas est\u00e3o mais concentrados no sistema de Justi\u00e7a: varas especializadas e defensorias p\u00fablicas que n\u00e3o funcionam adequadamente, o Minist\u00e9rio P\u00fablico que n\u00e3o est\u00e1 cumprindo seu papel &#8212; exemplificou a senadora ressaltando que, em alguns lugares, ainda n\u00e3o h\u00e1 Defensoria P\u00fablica. &#8220;\u00c9 preciso que essa rede de atendimento funcione de forma integrada e articulada para que a mulher seja realmente protegida.&#8221;<\/p>\n<p>Na ter\u00e7a-feira, a comiss\u00e3o promover\u00e1 uma audi\u00eancia p\u00fablica na Assembleia do Estado do Rio de Janeiro (Alerj) para ouvir gestores p\u00fablicos, representantes do Judici\u00e1rio, Minist\u00e9rio P\u00fablico, Defensoria P\u00fablica, movimentos sociais e sociedade civil organizada.<\/p>\n<p>Para a titular da Delegacia Especializada de Atendimento \u00e0 Mulher do centro do Rio, Celia Silva Rosa, o maior desafio \u00e9 tornar o servi\u00e7o \u00e0s v\u00edtimas mais \u00e1gil e eficaz. &#8220;O tr\u00e2mite sai da delegacia, vai para o Minist\u00e9rio P\u00fablico, \u00e0s vezes volta porque falta alguma coisa e at\u00e9 chegar ao Judici\u00e1rio demora. O ideal \u00e9 que haja mais promotorias e juizados para esse assunto e que os servi\u00e7os sejam mais concentrados para que a mulher n\u00e3o tenha que repetir sua hist\u00f3ria e viver novamente aquela viol\u00eancia.&#8221;<\/p>\n<p>A delegada sugeriu ainda a exist\u00eancia de um m\u00e9dico-legista em cada delegacia especializada para fazer o exame da v\u00edtima, que hoje precisa ir ao Instituto M\u00e9dico-Legal (IML).<\/p>\n<p>Celia contou que h\u00e1 pedidos de medida protetiva (para impedir o acusado de se aproximar da v\u00edtima ou de entrar em contato com ela e seus familiares) que demoram meses para serem concedidos pela Justi\u00e7a.<\/p>\n<p>No Rio, a taxa de homic\u00eddios de mulheres est\u00e1 em 5,2 assassinatos para cada grupo de 100 mil, acima da m\u00e9dia nacional, que \u00e9 4,4. A capital fluminense ocupa a 19\u00aa coloca\u00e7\u00e3o no ranking de viol\u00eancia contra o sexo feminino. Porto Velho, Rio Branco, Manaus est\u00e3o nos primeiros lugares, com \u00edndices acima de dez homic\u00eddios para cada 100 mil mulheres. Os dados fazem parte do Mapa da Viol\u00eancia 2012, elaborado pelo Instituto Sangari e pelo Minist\u00e9rio da Justi\u00e7a.<\/p>\n<p>Dados da Organiza\u00e7\u00e3o Mundial da Sa\u00fade (OMS) de 2010 apontam que o Brasil \u00e9 o 7\u00ba pa\u00eds com maior n\u00famero de mulheres assassinadas no mundo. Nos \u00faltimos 30 anos foram assassinadas mais de 92 mil mulheres, 43,7 mil s\u00f3 na \u00faltima d\u00e9cada. Al\u00e9m disso, segundo os dados, 68,8% dos homic\u00eddios ocorrem dentro de casa e s\u00e3o praticados por maridos ou companheiros.<\/p>\n<p>Al\u00e9m da senadora, a CPMI \u00e9 composta pela deputada federal J\u00f4 Moraes (PCdoB-MG), que a preside, e a deputada Keiko Ota (PSB-SP). A comiss\u00e3o j\u00e1 esteve no Distrito Federal, em Pernambuco, em Minas Gerais, em Santa Catarina, no Rio Grande do Sul, no Esp\u00edrito Santo, em Alagoas, no Paran\u00e1, em S\u00e3o Paulo, na Bahia, na Para\u00edba e em Goi\u00e1s. As pr\u00f3ximas audi\u00eancias e dilig\u00eancias ser\u00e3o realizadas nos dias 12 e 13 de novembro, em Mato Grosso do Sul, e nos dias 22 e 23 de novembro, no Amazonas. O relat\u00f3rio, que deve ser conclu\u00eddo em dezembro, vai apresentar o diagn\u00f3stico da realidade sobre o atendimento das mulheres v\u00edtimas de viol\u00eancia dom\u00e9stica, com a sugest\u00e3o de medidas para superar esses problemas no Brasil.<\/p>\n<p>Fonte: <a href=\"http:\/\/correiodobrasil.com.br\/rede-de-atendimento-a-mulher-vitima-de-violencia-e-precaria-em-todo-o-pais\/540510\/#.UJkE38WZn4s\" target=\"_blank\" rel=\"noopener\">Correio do Brasil<\/a><\/p>\n","protected":false},"excerpt":{"rendered":"<p>A precariedade no servi\u00e7o de atendimento \u00e0s mulheres v\u00edtimas de viol\u00eancia \u00e9 generalizada, afirmou nesta segunda-feira a senadora Ana Rita (PT-ES). Do Correio do Brasil.<\/p>\n","protected":false},"author":1,"featured_media":0,"comment_status":"open","ping_status":"open","sticky":false,"template":"","format":"standard","meta":{"site-container-style":"default","site-container-layout":"default","site-sidebar-layout":"default","disable-article-header":"default","disable-site-header":"default","disable-site-footer":"default","disable-content-area-spacing":"default","footnotes":""},"categories":[11,4],"tags":[],"class_list":["post-23794","post","type-post","status-publish","format-standard","hentry","category-direitos-humanos","category-noticias"],"yoast_head":"<!-- This site is optimized with the Yoast SEO plugin v27.4 - https:\/\/yoast.com\/product\/yoast-seo-wordpress\/ -->\n<title>Rede de atendimento \u00e0 mulher v\u00edtima de viol\u00eancia \u00e9 prec\u00e1ria em todo o pa\u00eds -<\/title>\n<meta name=\"robots\" content=\"index, follow, max-snippet:-1, max-image-preview:large, max-video-preview:-1\" \/>\n<link rel=\"canonical\" href=\"https:\/\/inclusivenews.com.br\/?p=23794\" \/>\n<meta property=\"og:locale\" content=\"pt_PT\" \/>\n<meta property=\"og:type\" content=\"article\" \/>\n<meta property=\"og:title\" content=\"Rede de atendimento \u00e0 mulher v\u00edtima de viol\u00eancia \u00e9 prec\u00e1ria em todo o pa\u00eds -\" \/>\n<meta property=\"og:description\" content=\"A precariedade no servi\u00e7o de atendimento \u00e0s mulheres v\u00edtimas de viol\u00eancia \u00e9 generalizada, afirmou nesta segunda-feira a senadora Ana Rita (PT-ES). Do Correio do Brasil.\" \/>\n<meta property=\"og:url\" content=\"https:\/\/inclusivenews.com.br\/?p=23794\" \/>\n<meta property=\"article:publisher\" content=\"https:\/\/www.facebook.com\/agenciainclusive\/\" \/>\n<meta property=\"article:published_time\" content=\"2012-11-07T17:11:17+00:00\" \/>\n<meta property=\"og:image\" content=\"http:\/\/inclusivenews.com.br\/wp-content\/uploads\/no-violencia-272x300.jpg\" \/>\n<meta name=\"author\" content=\"inclusivenews2024\" \/>\n<meta name=\"twitter:card\" content=\"summary_large_image\" \/>\n<meta name=\"twitter:label1\" content=\"Escrito por\" \/>\n\t<meta name=\"twitter:data1\" content=\"inclusivenews2024\" \/>\n\t<meta name=\"twitter:label2\" content=\"Tempo estimado de leitura\" \/>\n\t<meta name=\"twitter:data2\" content=\"3 minutos\" \/>\n<script type=\"application\/ld+json\" class=\"yoast-schema-graph\">{\"@context\":\"https:\\\/\\\/schema.org\",\"@graph\":[{\"@type\":\"Article\",\"@id\":\"https:\\\/\\\/inclusivenews.com.br\\\/?p=23794#article\",\"isPartOf\":{\"@id\":\"https:\\\/\\\/inclusivenews.com.br\\\/?p=23794\"},\"author\":{\"name\":\"inclusivenews2024\",\"@id\":\"https:\\\/\\\/inclusivenews.com.br\\\/#\\\/schema\\\/person\\\/ae4ec7087559b8692fb33b6fffd2273b\"},\"headline\":\"Rede de atendimento \u00e0 mulher v\u00edtima de viol\u00eancia \u00e9 prec\u00e1ria em todo o pa\u00eds\",\"datePublished\":\"2012-11-07T17:11:17+00:00\",\"mainEntityOfPage\":{\"@id\":\"https:\\\/\\\/inclusivenews.com.br\\\/?p=23794\"},\"wordCount\":715,\"commentCount\":0,\"publisher\":{\"@id\":\"https:\\\/\\\/inclusivenews.com.br\\\/#organization\"},\"image\":{\"@id\":\"https:\\\/\\\/inclusivenews.com.br\\\/?p=23794#primaryimage\"},\"thumbnailUrl\":\"http:\\\/\\\/inclusivenews.com.br\\\/wp-content\\\/uploads\\\/no-violencia-272x300.jpg\",\"articleSection\":[\"DIREITOS HUMANOS\",\"NOT\u00cdCIAS\"],\"inLanguage\":\"pt-PT\",\"potentialAction\":[{\"@type\":\"CommentAction\",\"name\":\"Comment\",\"target\":[\"https:\\\/\\\/inclusivenews.com.br\\\/?p=23794#respond\"]}]},{\"@type\":\"WebPage\",\"@id\":\"https:\\\/\\\/inclusivenews.com.br\\\/?p=23794\",\"url\":\"https:\\\/\\\/inclusivenews.com.br\\\/?p=23794\",\"name\":\"Rede de atendimento \u00e0 mulher v\u00edtima de viol\u00eancia \u00e9 prec\u00e1ria em todo o pa\u00eds -\",\"isPartOf\":{\"@id\":\"https:\\\/\\\/inclusivenews.com.br\\\/#website\"},\"primaryImageOfPage\":{\"@id\":\"https:\\\/\\\/inclusivenews.com.br\\\/?p=23794#primaryimage\"},\"image\":{\"@id\":\"https:\\\/\\\/inclusivenews.com.br\\\/?p=23794#primaryimage\"},\"thumbnailUrl\":\"http:\\\/\\\/inclusivenews.com.br\\\/wp-content\\\/uploads\\\/no-violencia-272x300.jpg\",\"datePublished\":\"2012-11-07T17:11:17+00:00\",\"breadcrumb\":{\"@id\":\"https:\\\/\\\/inclusivenews.com.br\\\/?p=23794#breadcrumb\"},\"inLanguage\":\"pt-PT\",\"potentialAction\":[{\"@type\":\"ReadAction\",\"target\":[\"https:\\\/\\\/inclusivenews.com.br\\\/?p=23794\"]}]},{\"@type\":\"ImageObject\",\"inLanguage\":\"pt-PT\",\"@id\":\"https:\\\/\\\/inclusivenews.com.br\\\/?p=23794#primaryimage\",\"url\":\"\",\"contentUrl\":\"\"},{\"@type\":\"BreadcrumbList\",\"@id\":\"https:\\\/\\\/inclusivenews.com.br\\\/?p=23794#breadcrumb\",\"itemListElement\":[{\"@type\":\"ListItem\",\"position\":1,\"name\":\"In\u00edcio\",\"item\":\"https:\\\/\\\/inclusivenews.com.br\\\/\"},{\"@type\":\"ListItem\",\"position\":2,\"name\":\"Rede de atendimento \u00e0 mulher v\u00edtima de viol\u00eancia \u00e9 prec\u00e1ria em todo o pa\u00eds\"}]},{\"@type\":\"WebSite\",\"@id\":\"https:\\\/\\\/inclusivenews.com.br\\\/#website\",\"url\":\"https:\\\/\\\/inclusivenews.com.br\\\/\",\"name\":\"Inclusive News\",\"description\":\"Inclusive News\",\"publisher\":{\"@id\":\"https:\\\/\\\/inclusivenews.com.br\\\/#organization\"},\"potentialAction\":[{\"@type\":\"SearchAction\",\"target\":{\"@type\":\"EntryPoint\",\"urlTemplate\":\"https:\\\/\\\/inclusivenews.com.br\\\/?s={search_term_string}\"},\"query-input\":{\"@type\":\"PropertyValueSpecification\",\"valueRequired\":true,\"valueName\":\"search_term_string\"}}],\"inLanguage\":\"pt-PT\"},{\"@type\":\"Organization\",\"@id\":\"https:\\\/\\\/inclusivenews.com.br\\\/#organization\",\"name\":\"Inclusive - inclus\u00e3o e cidadania\",\"url\":\"https:\\\/\\\/inclusivenews.com.br\\\/\",\"logo\":{\"@type\":\"ImageObject\",\"inLanguage\":\"pt-PT\",\"@id\":\"https:\\\/\\\/inclusivenews.com.br\\\/#\\\/schema\\\/logo\\\/image\\\/\",\"url\":\"https:\\\/\\\/inclusivenews.com.br\\\/wp-content\\\/uploads\\\/2024\\\/03\\\/@grandesite.png\",\"contentUrl\":\"https:\\\/\\\/inclusivenews.com.br\\\/wp-content\\\/uploads\\\/2024\\\/03\\\/@grandesite.png\",\"width\":1080,\"height\":1080,\"caption\":\"Inclusive - inclus\u00e3o e cidadania\"},\"image\":{\"@id\":\"https:\\\/\\\/inclusivenews.com.br\\\/#\\\/schema\\\/logo\\\/image\\\/\"},\"sameAs\":[\"https:\\\/\\\/www.facebook.com\\\/agenciainclusive\\\/\",\"https:\\\/\\\/www.instagram.com\\\/newsinclusive\\\/\"]},{\"@type\":\"Person\",\"@id\":\"https:\\\/\\\/inclusivenews.com.br\\\/#\\\/schema\\\/person\\\/ae4ec7087559b8692fb33b6fffd2273b\",\"name\":\"inclusivenews2024\",\"image\":{\"@type\":\"ImageObject\",\"inLanguage\":\"pt-PT\",\"@id\":\"https:\\\/\\\/secure.gravatar.com\\\/avatar\\\/c5a7ef84c66fa914f55bc4f7ce26cfa275a3b9a1c5568b907bd184fb4dde7b40?s=96&d=mm&r=g\",\"url\":\"https:\\\/\\\/secure.gravatar.com\\\/avatar\\\/c5a7ef84c66fa914f55bc4f7ce26cfa275a3b9a1c5568b907bd184fb4dde7b40?s=96&d=mm&r=g\",\"contentUrl\":\"https:\\\/\\\/secure.gravatar.com\\\/avatar\\\/c5a7ef84c66fa914f55bc4f7ce26cfa275a3b9a1c5568b907bd184fb4dde7b40?s=96&d=mm&r=g\",\"caption\":\"inclusivenews2024\"},\"sameAs\":[\"https:\\\/\\\/inclusivenews.com.br\"],\"url\":\"https:\\\/\\\/inclusivenews.com.br\\\/?author=1\"}]}<\/script>\n<!-- \/ Yoast SEO plugin. -->","yoast_head_json":{"title":"Rede de atendimento \u00e0 mulher v\u00edtima de viol\u00eancia \u00e9 prec\u00e1ria em todo o pa\u00eds -","robots":{"index":"index","follow":"follow","max-snippet":"max-snippet:-1","max-image-preview":"max-image-preview:large","max-video-preview":"max-video-preview:-1"},"canonical":"https:\/\/inclusivenews.com.br\/?p=23794","og_locale":"pt_PT","og_type":"article","og_title":"Rede de atendimento \u00e0 mulher v\u00edtima de viol\u00eancia \u00e9 prec\u00e1ria em todo o pa\u00eds -","og_description":"A precariedade no servi\u00e7o de atendimento \u00e0s mulheres v\u00edtimas de viol\u00eancia \u00e9 generalizada, afirmou nesta segunda-feira a senadora Ana Rita (PT-ES). Do Correio do Brasil.","og_url":"https:\/\/inclusivenews.com.br\/?p=23794","article_publisher":"https:\/\/www.facebook.com\/agenciainclusive\/","article_published_time":"2012-11-07T17:11:17+00:00","og_image":[{"url":"http:\/\/inclusivenews.com.br\/wp-content\/uploads\/no-violencia-272x300.jpg","type":"","width":"","height":""}],"author":"inclusivenews2024","twitter_card":"summary_large_image","twitter_misc":{"Escrito por":"inclusivenews2024","Tempo estimado de leitura":"3 minutos"},"schema":{"@context":"https:\/\/schema.org","@graph":[{"@type":"Article","@id":"https:\/\/inclusivenews.com.br\/?p=23794#article","isPartOf":{"@id":"https:\/\/inclusivenews.com.br\/?p=23794"},"author":{"name":"inclusivenews2024","@id":"https:\/\/inclusivenews.com.br\/#\/schema\/person\/ae4ec7087559b8692fb33b6fffd2273b"},"headline":"Rede de atendimento \u00e0 mulher v\u00edtima de viol\u00eancia \u00e9 prec\u00e1ria em todo o pa\u00eds","datePublished":"2012-11-07T17:11:17+00:00","mainEntityOfPage":{"@id":"https:\/\/inclusivenews.com.br\/?p=23794"},"wordCount":715,"commentCount":0,"publisher":{"@id":"https:\/\/inclusivenews.com.br\/#organization"},"image":{"@id":"https:\/\/inclusivenews.com.br\/?p=23794#primaryimage"},"thumbnailUrl":"http:\/\/inclusivenews.com.br\/wp-content\/uploads\/no-violencia-272x300.jpg","articleSection":["DIREITOS HUMANOS","NOT\u00cdCIAS"],"inLanguage":"pt-PT","potentialAction":[{"@type":"CommentAction","name":"Comment","target":["https:\/\/inclusivenews.com.br\/?p=23794#respond"]}]},{"@type":"WebPage","@id":"https:\/\/inclusivenews.com.br\/?p=23794","url":"https:\/\/inclusivenews.com.br\/?p=23794","name":"Rede de atendimento \u00e0 mulher v\u00edtima de viol\u00eancia \u00e9 prec\u00e1ria em todo o pa\u00eds -","isPartOf":{"@id":"https:\/\/inclusivenews.com.br\/#website"},"primaryImageOfPage":{"@id":"https:\/\/inclusivenews.com.br\/?p=23794#primaryimage"},"image":{"@id":"https:\/\/inclusivenews.com.br\/?p=23794#primaryimage"},"thumbnailUrl":"http:\/\/inclusivenews.com.br\/wp-content\/uploads\/no-violencia-272x300.jpg","datePublished":"2012-11-07T17:11:17+00:00","breadcrumb":{"@id":"https:\/\/inclusivenews.com.br\/?p=23794#breadcrumb"},"inLanguage":"pt-PT","potentialAction":[{"@type":"ReadAction","target":["https:\/\/inclusivenews.com.br\/?p=23794"]}]},{"@type":"ImageObject","inLanguage":"pt-PT","@id":"https:\/\/inclusivenews.com.br\/?p=23794#primaryimage","url":"","contentUrl":""},{"@type":"BreadcrumbList","@id":"https:\/\/inclusivenews.com.br\/?p=23794#breadcrumb","itemListElement":[{"@type":"ListItem","position":1,"name":"In\u00edcio","item":"https:\/\/inclusivenews.com.br\/"},{"@type":"ListItem","position":2,"name":"Rede de atendimento \u00e0 mulher v\u00edtima de viol\u00eancia \u00e9 prec\u00e1ria em todo o pa\u00eds"}]},{"@type":"WebSite","@id":"https:\/\/inclusivenews.com.br\/#website","url":"https:\/\/inclusivenews.com.br\/","name":"Inclusive News","description":"Inclusive News","publisher":{"@id":"https:\/\/inclusivenews.com.br\/#organization"},"potentialAction":[{"@type":"SearchAction","target":{"@type":"EntryPoint","urlTemplate":"https:\/\/inclusivenews.com.br\/?s={search_term_string}"},"query-input":{"@type":"PropertyValueSpecification","valueRequired":true,"valueName":"search_term_string"}}],"inLanguage":"pt-PT"},{"@type":"Organization","@id":"https:\/\/inclusivenews.com.br\/#organization","name":"Inclusive - inclus\u00e3o e cidadania","url":"https:\/\/inclusivenews.com.br\/","logo":{"@type":"ImageObject","inLanguage":"pt-PT","@id":"https:\/\/inclusivenews.com.br\/#\/schema\/logo\/image\/","url":"https:\/\/inclusivenews.com.br\/wp-content\/uploads\/2024\/03\/@grandesite.png","contentUrl":"https:\/\/inclusivenews.com.br\/wp-content\/uploads\/2024\/03\/@grandesite.png","width":1080,"height":1080,"caption":"Inclusive - inclus\u00e3o e cidadania"},"image":{"@id":"https:\/\/inclusivenews.com.br\/#\/schema\/logo\/image\/"},"sameAs":["https:\/\/www.facebook.com\/agenciainclusive\/","https:\/\/www.instagram.com\/newsinclusive\/"]},{"@type":"Person","@id":"https:\/\/inclusivenews.com.br\/#\/schema\/person\/ae4ec7087559b8692fb33b6fffd2273b","name":"inclusivenews2024","image":{"@type":"ImageObject","inLanguage":"pt-PT","@id":"https:\/\/secure.gravatar.com\/avatar\/c5a7ef84c66fa914f55bc4f7ce26cfa275a3b9a1c5568b907bd184fb4dde7b40?s=96&d=mm&r=g","url":"https:\/\/secure.gravatar.com\/avatar\/c5a7ef84c66fa914f55bc4f7ce26cfa275a3b9a1c5568b907bd184fb4dde7b40?s=96&d=mm&r=g","contentUrl":"https:\/\/secure.gravatar.com\/avatar\/c5a7ef84c66fa914f55bc4f7ce26cfa275a3b9a1c5568b907bd184fb4dde7b40?s=96&d=mm&r=g","caption":"inclusivenews2024"},"sameAs":["https:\/\/inclusivenews.com.br"],"url":"https:\/\/inclusivenews.com.br\/?author=1"}]}},"_links":{"self":[{"href":"https:\/\/inclusivenews.com.br\/index.php?rest_route=\/wp\/v2\/posts\/23794","targetHints":{"allow":["GET"]}}],"collection":[{"href":"https:\/\/inclusivenews.com.br\/index.php?rest_route=\/wp\/v2\/posts"}],"about":[{"href":"https:\/\/inclusivenews.com.br\/index.php?rest_route=\/wp\/v2\/types\/post"}],"author":[{"embeddable":true,"href":"https:\/\/inclusivenews.com.br\/index.php?rest_route=\/wp\/v2\/users\/1"}],"replies":[{"embeddable":true,"href":"https:\/\/inclusivenews.com.br\/index.php?rest_route=%2Fwp%2Fv2%2Fcomments&post=23794"}],"version-history":[{"count":0,"href":"https:\/\/inclusivenews.com.br\/index.php?rest_route=\/wp\/v2\/posts\/23794\/revisions"}],"wp:attachment":[{"href":"https:\/\/inclusivenews.com.br\/index.php?rest_route=%2Fwp%2Fv2%2Fmedia&parent=23794"}],"wp:term":[{"taxonomy":"category","embeddable":true,"href":"https:\/\/inclusivenews.com.br\/index.php?rest_route=%2Fwp%2Fv2%2Fcategories&post=23794"},{"taxonomy":"post_tag","embeddable":true,"href":"https:\/\/inclusivenews.com.br\/index.php?rest_route=%2Fwp%2Fv2%2Ftags&post=23794"}],"curies":[{"name":"wp","href":"https:\/\/api.w.org\/{rel}","templated":true}]}}