{"id":23808,"date":"2012-11-07T14:14:24","date_gmt":"2012-11-07T17:14:24","guid":{"rendered":"http:\/\/www.inclusive.org.br\/?p=23808"},"modified":"2012-11-07T14:14:24","modified_gmt":"2012-11-07T17:14:24","slug":"atribuicao-de-responsabilidade-da-atual-situacao-do-indio-e-o-preconceito-contra-os-povos-indigenas-brasileiros","status":"publish","type":"post","link":"https:\/\/inclusivenews.com.br\/?p=23808","title":{"rendered":"Atribui\u00e7\u00e3o de responsabilidade da atual situa\u00e7\u00e3o do \u00edndio e o preconceito contra os povos ind\u00edgenas brasileiros"},"content":{"rendered":"<p><img loading=\"lazy\" decoding=\"async\" class=\"size-medium wp-image-21515 alignnone\" title=\"Ind\u00edgenas kaiapos pintados para a guerra\" src=\"http:\/\/inclusivenews.com.br\/wp-content\/uploads\/indigenas_pintados_para_a_guerra-300x226.jpg\" alt=\"Ind\u00edgenas kaiapos pintados para a guerra\" width=\"300\" height=\"226\" \/><\/p>\n<p>Atribui\u00e7\u00e3o de responsabilidade da atual situa\u00e7\u00e3o do \u00edndio e o preconceito contra os povos ind\u00edgenas brasileiros, por Rosely Pereira Barbosa Pimenta. UCG. 2009.<\/p>\n<p><a href=\"http:\/\/tede.biblioteca.ucg.br\/tde_busca\/arquivo.php?codArquivo=678\" target=\"_blank\" rel=\"noopener\">Link para download.<\/a><\/p>\n<p><strong>RESUMO\/ABSTRACT<\/strong><\/p>\n<p>Este estudo investigou, em uma amostra de 823 estudantes do ensino m\u00e9dio de escolas p\u00fablicas, as rela\u00e7\u00f5es entre as diferentes atribui\u00e7\u00f5es de responsabilidade pela situa\u00e7\u00e3o atual dos ind\u00edgenas brasileiros, os n\u00edveis de identifica\u00e7\u00e3o com a na\u00e7\u00e3o brasileira e o preconceito. Os resultados indicam que o preconceito de n\u00e3o-ind\u00edgenas contra os ind\u00edgenas \u00e9 alto e que existe uma correla\u00e7\u00e3o positiva entre responsabilizar os pr\u00f3prios \u00edndios por sua situa\u00e7\u00e3o e o preconceito. Por outro lado, existe uma correla\u00e7\u00e3o negativa entre a responsabiliza\u00e7\u00e3o dos brasileiros, a identifica\u00e7\u00e3o com a na\u00e7\u00e3o brasileira e o preconceito. Esses resultados s\u00e3o discutidos ressaltando tanto a relev\u00e2ncia social deste trabalho como suas implica\u00e7\u00f5es para as rela\u00e7\u00f5es entre ind\u00edgenas e n\u00e3o-ind\u00edgenas no Brasil.<\/p>\n","protected":false},"excerpt":{"rendered":"<p>Este estudo investigou, em uma amostra de 823 estudantes do ensino m\u00e9dio de escolas p\u00fablicas, as rela\u00e7\u00f5es entre as diferentes atribui\u00e7\u00f5es de responsabilidade pela situa\u00e7\u00e3o atual dos ind\u00edgenas brasileiros (produ\u00e7\u00e3o acad\u00eamica).<\/p>\n","protected":false},"author":1,"featured_media":0,"comment_status":"open","ping_status":"open","sticky":false,"template":"","format":"standard","meta":{"site-container-style":"default","site-container-layout":"default","site-sidebar-layout":"default","disable-article-header":"default","disable-site-header":"default","disable-site-footer":"default","disable-content-area-spacing":"default","footnotes":""},"categories":[24],"tags":[],"class_list":["post-23808","post","type-post","status-publish","format-standard","hentry","category-producao-academica"],"yoast_head":"<!-- This site is optimized with the Yoast SEO plugin v27.4 - https:\/\/yoast.com\/product\/yoast-seo-wordpress\/ -->\n<title>Atribui\u00e7\u00e3o de responsabilidade da atual situa\u00e7\u00e3o do \u00edndio e o preconceito contra os povos ind\u00edgenas brasileiros -<\/title>\n<meta name=\"robots\" content=\"index, follow, max-snippet:-1, max-image-preview:large, max-video-preview:-1\" \/>\n<link rel=\"canonical\" href=\"https:\/\/inclusivenews.com.br\/?p=23808\" \/>\n<meta property=\"og:locale\" content=\"pt_PT\" \/>\n<meta property=\"og:type\" content=\"article\" \/>\n<meta property=\"og:title\" content=\"Atribui\u00e7\u00e3o de responsabilidade da atual situa\u00e7\u00e3o do \u00edndio e o preconceito contra os povos ind\u00edgenas brasileiros -\" \/>\n<meta property=\"og:description\" content=\"Este estudo investigou, em uma amostra de 823 estudantes do ensino m\u00e9dio de escolas p\u00fablicas, as rela\u00e7\u00f5es entre as diferentes atribui\u00e7\u00f5es de responsabilidade pela situa\u00e7\u00e3o atual dos ind\u00edgenas brasileiros (produ\u00e7\u00e3o acad\u00eamica).\" \/>\n<meta property=\"og:url\" content=\"https:\/\/inclusivenews.com.br\/?p=23808\" \/>\n<meta property=\"article:publisher\" content=\"https:\/\/www.facebook.com\/agenciainclusive\/\" \/>\n<meta property=\"article:published_time\" content=\"2012-11-07T17:14:24+00:00\" \/>\n<meta property=\"og:image\" content=\"http:\/\/inclusivenews.com.br\/wp-content\/uploads\/indigenas_pintados_para_a_guerra-300x226.jpg\" \/>\n<meta name=\"author\" content=\"inclusivenews2024\" \/>\n<meta name=\"twitter:card\" content=\"summary_large_image\" \/>\n<meta name=\"twitter:label1\" content=\"Escrito por\" \/>\n\t<meta name=\"twitter:data1\" content=\"inclusivenews2024\" \/>\n\t<meta name=\"twitter:label2\" content=\"Tempo estimado de leitura\" \/>\n\t<meta name=\"twitter:data2\" content=\"1 minuto\" \/>\n<script type=\"application\/ld+json\" class=\"yoast-schema-graph\">{\"@context\":\"https:\\\/\\\/schema.org\",\"@graph\":[{\"@type\":\"Article\",\"@id\":\"https:\\\/\\\/inclusivenews.com.br\\\/?p=23808#article\",\"isPartOf\":{\"@id\":\"https:\\\/\\\/inclusivenews.com.br\\\/?p=23808\"},\"author\":{\"name\":\"inclusivenews2024\",\"@id\":\"https:\\\/\\\/inclusivenews.com.br\\\/#\\\/schema\\\/person\\\/ae4ec7087559b8692fb33b6fffd2273b\"},\"headline\":\"Atribui\u00e7\u00e3o de responsabilidade da atual situa\u00e7\u00e3o do \u00edndio e o preconceito contra os povos ind\u00edgenas brasileiros\",\"datePublished\":\"2012-11-07T17:14:24+00:00\",\"mainEntityOfPage\":{\"@id\":\"https:\\\/\\\/inclusivenews.com.br\\\/?p=23808\"},\"wordCount\":187,\"commentCount\":0,\"publisher\":{\"@id\":\"https:\\\/\\\/inclusivenews.com.br\\\/#organization\"},\"image\":{\"@id\":\"https:\\\/\\\/inclusivenews.com.br\\\/?p=23808#primaryimage\"},\"thumbnailUrl\":\"http:\\\/\\\/inclusivenews.com.br\\\/wp-content\\\/uploads\\\/indigenas_pintados_para_a_guerra-300x226.jpg\",\"articleSection\":[\"Produ\u00e7\u00e3o acad\u00eamica\"],\"inLanguage\":\"pt-PT\",\"potentialAction\":[{\"@type\":\"CommentAction\",\"name\":\"Comment\",\"target\":[\"https:\\\/\\\/inclusivenews.com.br\\\/?p=23808#respond\"]}]},{\"@type\":\"WebPage\",\"@id\":\"https:\\\/\\\/inclusivenews.com.br\\\/?p=23808\",\"url\":\"https:\\\/\\\/inclusivenews.com.br\\\/?p=23808\",\"name\":\"Atribui\u00e7\u00e3o de responsabilidade da atual situa\u00e7\u00e3o do \u00edndio e o preconceito contra os povos ind\u00edgenas brasileiros -\",\"isPartOf\":{\"@id\":\"https:\\\/\\\/inclusivenews.com.br\\\/#website\"},\"primaryImageOfPage\":{\"@id\":\"https:\\\/\\\/inclusivenews.com.br\\\/?p=23808#primaryimage\"},\"image\":{\"@id\":\"https:\\\/\\\/inclusivenews.com.br\\\/?p=23808#primaryimage\"},\"thumbnailUrl\":\"http:\\\/\\\/inclusivenews.com.br\\\/wp-content\\\/uploads\\\/indigenas_pintados_para_a_guerra-300x226.jpg\",\"datePublished\":\"2012-11-07T17:14:24+00:00\",\"breadcrumb\":{\"@id\":\"https:\\\/\\\/inclusivenews.com.br\\\/?p=23808#breadcrumb\"},\"inLanguage\":\"pt-PT\",\"potentialAction\":[{\"@type\":\"ReadAction\",\"target\":[\"https:\\\/\\\/inclusivenews.com.br\\\/?p=23808\"]}]},{\"@type\":\"ImageObject\",\"inLanguage\":\"pt-PT\",\"@id\":\"https:\\\/\\\/inclusivenews.com.br\\\/?p=23808#primaryimage\",\"url\":\"\",\"contentUrl\":\"\"},{\"@type\":\"BreadcrumbList\",\"@id\":\"https:\\\/\\\/inclusivenews.com.br\\\/?p=23808#breadcrumb\",\"itemListElement\":[{\"@type\":\"ListItem\",\"position\":1,\"name\":\"In\u00edcio\",\"item\":\"https:\\\/\\\/inclusivenews.com.br\\\/\"},{\"@type\":\"ListItem\",\"position\":2,\"name\":\"Atribui\u00e7\u00e3o de responsabilidade da atual situa\u00e7\u00e3o do \u00edndio e o preconceito contra os povos ind\u00edgenas brasileiros\"}]},{\"@type\":\"WebSite\",\"@id\":\"https:\\\/\\\/inclusivenews.com.br\\\/#website\",\"url\":\"https:\\\/\\\/inclusivenews.com.br\\\/\",\"name\":\"Inclusive News\",\"description\":\"Inclusive News\",\"publisher\":{\"@id\":\"https:\\\/\\\/inclusivenews.com.br\\\/#organization\"},\"potentialAction\":[{\"@type\":\"SearchAction\",\"target\":{\"@type\":\"EntryPoint\",\"urlTemplate\":\"https:\\\/\\\/inclusivenews.com.br\\\/?s={search_term_string}\"},\"query-input\":{\"@type\":\"PropertyValueSpecification\",\"valueRequired\":true,\"valueName\":\"search_term_string\"}}],\"inLanguage\":\"pt-PT\"},{\"@type\":\"Organization\",\"@id\":\"https:\\\/\\\/inclusivenews.com.br\\\/#organization\",\"name\":\"Inclusive - inclus\u00e3o e cidadania\",\"url\":\"https:\\\/\\\/inclusivenews.com.br\\\/\",\"logo\":{\"@type\":\"ImageObject\",\"inLanguage\":\"pt-PT\",\"@id\":\"https:\\\/\\\/inclusivenews.com.br\\\/#\\\/schema\\\/logo\\\/image\\\/\",\"url\":\"https:\\\/\\\/inclusivenews.com.br\\\/wp-content\\\/uploads\\\/2024\\\/03\\\/@grandesite.png\",\"contentUrl\":\"https:\\\/\\\/inclusivenews.com.br\\\/wp-content\\\/uploads\\\/2024\\\/03\\\/@grandesite.png\",\"width\":1080,\"height\":1080,\"caption\":\"Inclusive - inclus\u00e3o e cidadania\"},\"image\":{\"@id\":\"https:\\\/\\\/inclusivenews.com.br\\\/#\\\/schema\\\/logo\\\/image\\\/\"},\"sameAs\":[\"https:\\\/\\\/www.facebook.com\\\/agenciainclusive\\\/\",\"https:\\\/\\\/www.instagram.com\\\/newsinclusive\\\/\"]},{\"@type\":\"Person\",\"@id\":\"https:\\\/\\\/inclusivenews.com.br\\\/#\\\/schema\\\/person\\\/ae4ec7087559b8692fb33b6fffd2273b\",\"name\":\"inclusivenews2024\",\"image\":{\"@type\":\"ImageObject\",\"inLanguage\":\"pt-PT\",\"@id\":\"https:\\\/\\\/secure.gravatar.com\\\/avatar\\\/c5a7ef84c66fa914f55bc4f7ce26cfa275a3b9a1c5568b907bd184fb4dde7b40?s=96&d=mm&r=g\",\"url\":\"https:\\\/\\\/secure.gravatar.com\\\/avatar\\\/c5a7ef84c66fa914f55bc4f7ce26cfa275a3b9a1c5568b907bd184fb4dde7b40?s=96&d=mm&r=g\",\"contentUrl\":\"https:\\\/\\\/secure.gravatar.com\\\/avatar\\\/c5a7ef84c66fa914f55bc4f7ce26cfa275a3b9a1c5568b907bd184fb4dde7b40?s=96&d=mm&r=g\",\"caption\":\"inclusivenews2024\"},\"sameAs\":[\"https:\\\/\\\/inclusivenews.com.br\"],\"url\":\"https:\\\/\\\/inclusivenews.com.br\\\/?author=1\"}]}<\/script>\n<!-- \/ Yoast SEO plugin. -->","yoast_head_json":{"title":"Atribui\u00e7\u00e3o de responsabilidade da atual situa\u00e7\u00e3o do \u00edndio e o preconceito contra os povos ind\u00edgenas brasileiros -","robots":{"index":"index","follow":"follow","max-snippet":"max-snippet:-1","max-image-preview":"max-image-preview:large","max-video-preview":"max-video-preview:-1"},"canonical":"https:\/\/inclusivenews.com.br\/?p=23808","og_locale":"pt_PT","og_type":"article","og_title":"Atribui\u00e7\u00e3o de responsabilidade da atual situa\u00e7\u00e3o do \u00edndio e o preconceito contra os povos ind\u00edgenas brasileiros -","og_description":"Este estudo investigou, em uma amostra de 823 estudantes do ensino m\u00e9dio de escolas p\u00fablicas, as rela\u00e7\u00f5es entre as diferentes atribui\u00e7\u00f5es de responsabilidade pela situa\u00e7\u00e3o atual dos ind\u00edgenas brasileiros (produ\u00e7\u00e3o acad\u00eamica).","og_url":"https:\/\/inclusivenews.com.br\/?p=23808","article_publisher":"https:\/\/www.facebook.com\/agenciainclusive\/","article_published_time":"2012-11-07T17:14:24+00:00","og_image":[{"url":"http:\/\/inclusivenews.com.br\/wp-content\/uploads\/indigenas_pintados_para_a_guerra-300x226.jpg","type":"","width":"","height":""}],"author":"inclusivenews2024","twitter_card":"summary_large_image","twitter_misc":{"Escrito por":"inclusivenews2024","Tempo estimado de leitura":"1 minuto"},"schema":{"@context":"https:\/\/schema.org","@graph":[{"@type":"Article","@id":"https:\/\/inclusivenews.com.br\/?p=23808#article","isPartOf":{"@id":"https:\/\/inclusivenews.com.br\/?p=23808"},"author":{"name":"inclusivenews2024","@id":"https:\/\/inclusivenews.com.br\/#\/schema\/person\/ae4ec7087559b8692fb33b6fffd2273b"},"headline":"Atribui\u00e7\u00e3o de responsabilidade da atual situa\u00e7\u00e3o do \u00edndio e o preconceito contra os povos ind\u00edgenas brasileiros","datePublished":"2012-11-07T17:14:24+00:00","mainEntityOfPage":{"@id":"https:\/\/inclusivenews.com.br\/?p=23808"},"wordCount":187,"commentCount":0,"publisher":{"@id":"https:\/\/inclusivenews.com.br\/#organization"},"image":{"@id":"https:\/\/inclusivenews.com.br\/?p=23808#primaryimage"},"thumbnailUrl":"http:\/\/inclusivenews.com.br\/wp-content\/uploads\/indigenas_pintados_para_a_guerra-300x226.jpg","articleSection":["Produ\u00e7\u00e3o acad\u00eamica"],"inLanguage":"pt-PT","potentialAction":[{"@type":"CommentAction","name":"Comment","target":["https:\/\/inclusivenews.com.br\/?p=23808#respond"]}]},{"@type":"WebPage","@id":"https:\/\/inclusivenews.com.br\/?p=23808","url":"https:\/\/inclusivenews.com.br\/?p=23808","name":"Atribui\u00e7\u00e3o de responsabilidade da atual situa\u00e7\u00e3o do \u00edndio e o preconceito contra os povos ind\u00edgenas brasileiros -","isPartOf":{"@id":"https:\/\/inclusivenews.com.br\/#website"},"primaryImageOfPage":{"@id":"https:\/\/inclusivenews.com.br\/?p=23808#primaryimage"},"image":{"@id":"https:\/\/inclusivenews.com.br\/?p=23808#primaryimage"},"thumbnailUrl":"http:\/\/inclusivenews.com.br\/wp-content\/uploads\/indigenas_pintados_para_a_guerra-300x226.jpg","datePublished":"2012-11-07T17:14:24+00:00","breadcrumb":{"@id":"https:\/\/inclusivenews.com.br\/?p=23808#breadcrumb"},"inLanguage":"pt-PT","potentialAction":[{"@type":"ReadAction","target":["https:\/\/inclusivenews.com.br\/?p=23808"]}]},{"@type":"ImageObject","inLanguage":"pt-PT","@id":"https:\/\/inclusivenews.com.br\/?p=23808#primaryimage","url":"","contentUrl":""},{"@type":"BreadcrumbList","@id":"https:\/\/inclusivenews.com.br\/?p=23808#breadcrumb","itemListElement":[{"@type":"ListItem","position":1,"name":"In\u00edcio","item":"https:\/\/inclusivenews.com.br\/"},{"@type":"ListItem","position":2,"name":"Atribui\u00e7\u00e3o de responsabilidade da atual situa\u00e7\u00e3o do \u00edndio e o preconceito contra os povos ind\u00edgenas brasileiros"}]},{"@type":"WebSite","@id":"https:\/\/inclusivenews.com.br\/#website","url":"https:\/\/inclusivenews.com.br\/","name":"Inclusive News","description":"Inclusive News","publisher":{"@id":"https:\/\/inclusivenews.com.br\/#organization"},"potentialAction":[{"@type":"SearchAction","target":{"@type":"EntryPoint","urlTemplate":"https:\/\/inclusivenews.com.br\/?s={search_term_string}"},"query-input":{"@type":"PropertyValueSpecification","valueRequired":true,"valueName":"search_term_string"}}],"inLanguage":"pt-PT"},{"@type":"Organization","@id":"https:\/\/inclusivenews.com.br\/#organization","name":"Inclusive - inclus\u00e3o e cidadania","url":"https:\/\/inclusivenews.com.br\/","logo":{"@type":"ImageObject","inLanguage":"pt-PT","@id":"https:\/\/inclusivenews.com.br\/#\/schema\/logo\/image\/","url":"https:\/\/inclusivenews.com.br\/wp-content\/uploads\/2024\/03\/@grandesite.png","contentUrl":"https:\/\/inclusivenews.com.br\/wp-content\/uploads\/2024\/03\/@grandesite.png","width":1080,"height":1080,"caption":"Inclusive - inclus\u00e3o e cidadania"},"image":{"@id":"https:\/\/inclusivenews.com.br\/#\/schema\/logo\/image\/"},"sameAs":["https:\/\/www.facebook.com\/agenciainclusive\/","https:\/\/www.instagram.com\/newsinclusive\/"]},{"@type":"Person","@id":"https:\/\/inclusivenews.com.br\/#\/schema\/person\/ae4ec7087559b8692fb33b6fffd2273b","name":"inclusivenews2024","image":{"@type":"ImageObject","inLanguage":"pt-PT","@id":"https:\/\/secure.gravatar.com\/avatar\/c5a7ef84c66fa914f55bc4f7ce26cfa275a3b9a1c5568b907bd184fb4dde7b40?s=96&d=mm&r=g","url":"https:\/\/secure.gravatar.com\/avatar\/c5a7ef84c66fa914f55bc4f7ce26cfa275a3b9a1c5568b907bd184fb4dde7b40?s=96&d=mm&r=g","contentUrl":"https:\/\/secure.gravatar.com\/avatar\/c5a7ef84c66fa914f55bc4f7ce26cfa275a3b9a1c5568b907bd184fb4dde7b40?s=96&d=mm&r=g","caption":"inclusivenews2024"},"sameAs":["https:\/\/inclusivenews.com.br"],"url":"https:\/\/inclusivenews.com.br\/?author=1"}]}},"_links":{"self":[{"href":"https:\/\/inclusivenews.com.br\/index.php?rest_route=\/wp\/v2\/posts\/23808","targetHints":{"allow":["GET"]}}],"collection":[{"href":"https:\/\/inclusivenews.com.br\/index.php?rest_route=\/wp\/v2\/posts"}],"about":[{"href":"https:\/\/inclusivenews.com.br\/index.php?rest_route=\/wp\/v2\/types\/post"}],"author":[{"embeddable":true,"href":"https:\/\/inclusivenews.com.br\/index.php?rest_route=\/wp\/v2\/users\/1"}],"replies":[{"embeddable":true,"href":"https:\/\/inclusivenews.com.br\/index.php?rest_route=%2Fwp%2Fv2%2Fcomments&post=23808"}],"version-history":[{"count":0,"href":"https:\/\/inclusivenews.com.br\/index.php?rest_route=\/wp\/v2\/posts\/23808\/revisions"}],"wp:attachment":[{"href":"https:\/\/inclusivenews.com.br\/index.php?rest_route=%2Fwp%2Fv2%2Fmedia&parent=23808"}],"wp:term":[{"taxonomy":"category","embeddable":true,"href":"https:\/\/inclusivenews.com.br\/index.php?rest_route=%2Fwp%2Fv2%2Fcategories&post=23808"},{"taxonomy":"post_tag","embeddable":true,"href":"https:\/\/inclusivenews.com.br\/index.php?rest_route=%2Fwp%2Fv2%2Ftags&post=23808"}],"curies":[{"name":"wp","href":"https:\/\/api.w.org\/{rel}","templated":true}]}}